{"id":41284,"date":"2023-12-15T12:16:16","date_gmt":"2023-12-15T12:16:16","guid":{"rendered":"https:\/\/blogin.al\/?p=41284"},"modified":"2023-12-15T12:16:17","modified_gmt":"2023-12-15T12:16:17","slug":"i-fejuar-e-ia-fut-duart-tjetres-linda-debaton-ashper-me-bucin","status":"publish","type":"post","link":"https:\/\/blogin.al\/?p=41284","title":{"rendered":"\u201cI fejuar e ia fut duart tjetr\u00ebs\u201d, Linda debaton ashp\u00ebr me Bucin"},"content":{"rendered":"\n<p><strong>Tensionet kan\u00eb kapur kulmin n\u00eb sht\u00ebpin\u00eb e \u201cBig Brother VIP Kosova\u201d, ku Linda dhe Buci jan\u00eb p\u00ebrfshir\u00eb n\u00eb nj\u00eb debat t\u00eb ashp\u00ebr dhe t\u00eb mbushur me akuza.<\/strong><\/p>\n\n\n\n<p>Dinamika e sht\u00ebpis\u00eb ka marr\u00eb nj\u00eb kthes\u00eb dramatike me p\u00ebrplasjen e tyre, ku n\u00eb mes t\u00eb diskutimeve, Buci ka b\u00ebr\u00eb nj\u00eb koment ofendues q\u00eb e ka shkaktuar polemik\u00eb t\u00eb madhe brenda dhe jasht\u00eb sht\u00ebpis\u00eb.<\/p>\n\n\n\n<p>Gj\u00ebrat jan\u00eb p\u00ebrshkall\u00ebzuar kur Buci, n\u00eb p\u00ebrpjekje p\u00ebr t\u00eb ilustruar nj\u00eb pik\u00eb gjat\u00eb nj\u00eb bisede, ka krahasuar Lind\u00ebn dhe Shqipen me \u201cdy lop\u00eb\u201d, duke p\u00ebrdorur nj\u00eb shembull t\u00eb pap\u00ebrshtatsh\u00ebm rreth kafsh\u00ebve.<\/p>\n\n\n\n<p>Ky koment ka nxitur reagime t\u00eb menj\u00ebhershme dhe t\u00eb ashpra nga t\u00eb dyja banoret, t\u00eb cilat nuk e kan\u00eb pritur mir\u00eb k\u00ebt\u00eb krahasim dhe kan\u00eb shprehur menj\u00ebher\u00eb pak\u00ebnaq\u00ebsin\u00eb e tyre.<\/p>\n\n\n\n<figure class=\"wp-block-embed is-type-video is-provider-youtube wp-block-embed-youtube wp-embed-aspect-16-9 wp-has-aspect-ratio\"><div class=\"wp-block-embed__wrapper\">\n<iframe title=\"&quot;Si dy lop n\u00eb rrug\u00eb&quot; - Buci krahason Shqipen dhe Lind\u00ebn\" width=\"696\" height=\"392\" src=\"https:\/\/www.youtube.com\/embed\/cGjHGn2-AR8?feature=oembed\" frameborder=\"0\" allow=\"accelerometer; autoplay; clipboard-write; encrypted-media; gyroscope; picture-in-picture; web-share\" allowfullscreen><\/iframe>\n<\/div><\/figure>\n","protected":false},"excerpt":{"rendered":"<p>Tensionet kan\u00eb kapur kulmin n\u00eb sht\u00ebpin\u00eb e \u201cBig Brother VIP Kosova\u201d, ku Linda dhe Buci jan\u00eb p\u00ebrfshir\u00eb n\u00eb nj\u00eb debat t\u00eb ashp\u00ebr dhe t\u00eb mbushur me akuza. Dinamika e sht\u00ebpis\u00eb ka marr\u00eb nj\u00eb kthes\u00eb dramatike me p\u00ebrplasjen e tyre, ku n\u00eb mes t\u00eb diskutimeve, Buci ka b\u00ebr\u00eb nj\u00eb koment ofendues q\u00eb e ka shkaktuar polemik\u00eb [&hellip;]<\/p>\n","protected":false},"author":2,"featured_media":38084,"comment_status":"open","ping_status":"open","sticky":false,"template":"","format":"standard","meta":{"footnotes":""},"categories":[33],"tags":[],"class_list":{"0":"post-41284","1":"post","2":"type-post","3":"status-publish","4":"format-standard","5":"has-post-thumbnail","7":"category-showbiz"},"yoast_head":"<!-- This site is optimized with the Yoast SEO plugin v27.5 - https:\/\/yoast.com\/product\/yoast-seo-wordpress\/ -->\n<title>\u201cI fejuar e ia fut duart tjetr\u00ebs\u201d, Linda debaton ashp\u00ebr me Bucin - blogin.al<\/title>\n<meta name=\"robots\" content=\"index, follow, max-snippet:-1, max-image-preview:large, max-video-preview:-1\" \/>\n<link rel=\"canonical\" href=\"https:\/\/blogin.al\/?p=41284\" \/>\n<meta property=\"og:locale\" content=\"en_US\" \/>\n<meta property=\"og:type\" content=\"article\" \/>\n<meta property=\"og:title\" content=\"\u201cI fejuar e ia fut duart tjetr\u00ebs\u201d, Linda debaton ashp\u00ebr me Bucin - blogin.al\" \/>\n<meta property=\"og:description\" content=\"Tensionet kan\u00eb kapur kulmin n\u00eb sht\u00ebpin\u00eb e \u201cBig Brother VIP Kosova\u201d, ku Linda dhe Buci jan\u00eb p\u00ebrfshir\u00eb n\u00eb nj\u00eb debat t\u00eb ashp\u00ebr dhe t\u00eb mbushur me akuza. Dinamika e sht\u00ebpis\u00eb ka marr\u00eb nj\u00eb kthes\u00eb dramatike me p\u00ebrplasjen e tyre, ku n\u00eb mes t\u00eb diskutimeve, Buci ka b\u00ebr\u00eb nj\u00eb koment ofendues q\u00eb e ka shkaktuar polemik\u00eb [&hellip;]\" \/>\n<meta property=\"og:url\" content=\"https:\/\/blogin.al\/?p=41284\" \/>\n<meta property=\"og:site_name\" content=\"blogin.al\" \/>\n<meta property=\"article:published_time\" content=\"2023-12-15T12:16:16+00:00\" \/>\n<meta property=\"article:modified_time\" content=\"2023-12-15T12:16:17+00:00\" \/>\n<meta property=\"og:image\" content=\"https:\/\/blogin.al\/wp-content\/uploads\/2023\/10\/image-9-1002x1024.png\" \/>\n\t<meta property=\"og:image:width\" content=\"1002\" \/>\n\t<meta property=\"og:image:height\" content=\"1024\" \/>\n\t<meta property=\"og:image:type\" content=\"image\/png\" \/>\n<meta name=\"author\" content=\"Blogin al\" \/>\n<meta name=\"twitter:card\" content=\"summary_large_image\" \/>\n<meta name=\"twitter:label1\" content=\"Written by\" \/>\n\t<meta name=\"twitter:data1\" content=\"Blogin al\" \/>\n\t<meta name=\"twitter:label2\" content=\"Est. reading time\" \/>\n\t<meta name=\"twitter:data2\" content=\"1 minute\" \/>\n<script type=\"application\/ld+json\" class=\"yoast-schema-graph\">{\"@context\":\"https:\\\/\\\/schema.org\",\"@graph\":[{\"@type\":\"Article\",\"@id\":\"https:\\\/\\\/blogin.al\\\/?p=41284#article\",\"isPartOf\":{\"@id\":\"https:\\\/\\\/blogin.al\\\/?p=41284\"},\"author\":{\"name\":\"Blogin al\",\"@id\":\"https:\\\/\\\/blogin.al\\\/#\\\/schema\\\/person\\\/abdd56bc912cd511db877b852b115399\"},\"headline\":\"\u201cI fejuar e ia fut duart tjetr\u00ebs\u201d, Linda debaton ashp\u00ebr me Bucin\",\"datePublished\":\"2023-12-15T12:16:16+00:00\",\"dateModified\":\"2023-12-15T12:16:17+00:00\",\"mainEntityOfPage\":{\"@id\":\"https:\\\/\\\/blogin.al\\\/?p=41284\"},\"wordCount\":166,\"commentCount\":0,\"publisher\":{\"@id\":\"https:\\\/\\\/blogin.al\\\/#organization\"},\"image\":{\"@id\":\"https:\\\/\\\/blogin.al\\\/?p=41284#primaryimage\"},\"thumbnailUrl\":\"https:\\\/\\\/blogin.al\\\/wp-content\\\/uploads\\\/2023\\\/10\\\/image-9.png\",\"articleSection\":[\"SHOWBIZ\"],\"inLanguage\":\"en-US\",\"potentialAction\":[{\"@type\":\"CommentAction\",\"name\":\"Comment\",\"target\":[\"https:\\\/\\\/blogin.al\\\/?p=41284#respond\"]}]},{\"@type\":\"WebPage\",\"@id\":\"https:\\\/\\\/blogin.al\\\/?p=41284\",\"url\":\"https:\\\/\\\/blogin.al\\\/?p=41284\",\"name\":\"\u201cI fejuar e ia fut duart tjetr\u00ebs\u201d, Linda debaton ashp\u00ebr me Bucin - blogin.al\",\"isPartOf\":{\"@id\":\"https:\\\/\\\/blogin.al\\\/#website\"},\"primaryImageOfPage\":{\"@id\":\"https:\\\/\\\/blogin.al\\\/?p=41284#primaryimage\"},\"image\":{\"@id\":\"https:\\\/\\\/blogin.al\\\/?p=41284#primaryimage\"},\"thumbnailUrl\":\"https:\\\/\\\/blogin.al\\\/wp-content\\\/uploads\\\/2023\\\/10\\\/image-9.png\",\"datePublished\":\"2023-12-15T12:16:16+00:00\",\"dateModified\":\"2023-12-15T12:16:17+00:00\",\"breadcrumb\":{\"@id\":\"https:\\\/\\\/blogin.al\\\/?p=41284#breadcrumb\"},\"inLanguage\":\"en-US\",\"potentialAction\":[{\"@type\":\"ReadAction\",\"target\":[\"https:\\\/\\\/blogin.al\\\/?p=41284\"]}]},{\"@type\":\"ImageObject\",\"inLanguage\":\"en-US\",\"@id\":\"https:\\\/\\\/blogin.al\\\/?p=41284#primaryimage\",\"url\":\"https:\\\/\\\/blogin.al\\\/wp-content\\\/uploads\\\/2023\\\/10\\\/image-9.png\",\"contentUrl\":\"https:\\\/\\\/blogin.al\\\/wp-content\\\/uploads\\\/2023\\\/10\\\/image-9.png\",\"width\":1080,\"height\":1104},{\"@type\":\"BreadcrumbList\",\"@id\":\"https:\\\/\\\/blogin.al\\\/?p=41284#breadcrumb\",\"itemListElement\":[{\"@type\":\"ListItem\",\"position\":1,\"name\":\"Home\",\"item\":\"https:\\\/\\\/blogin.al\\\/\"},{\"@type\":\"ListItem\",\"position\":2,\"name\":\"\u201cI fejuar e ia fut duart tjetr\u00ebs\u201d, Linda debaton ashp\u00ebr me Bucin\"}]},{\"@type\":\"WebSite\",\"@id\":\"https:\\\/\\\/blogin.al\\\/#website\",\"url\":\"https:\\\/\\\/blogin.al\\\/\",\"name\":\"blogin.al\",\"description\":\"\",\"publisher\":{\"@id\":\"https:\\\/\\\/blogin.al\\\/#organization\"},\"potentialAction\":[{\"@type\":\"SearchAction\",\"target\":{\"@type\":\"EntryPoint\",\"urlTemplate\":\"https:\\\/\\\/blogin.al\\\/?s={search_term_string}\"},\"query-input\":{\"@type\":\"PropertyValueSpecification\",\"valueRequired\":true,\"valueName\":\"search_term_string\"}}],\"inLanguage\":\"en-US\"},{\"@type\":\"Organization\",\"@id\":\"https:\\\/\\\/blogin.al\\\/#organization\",\"name\":\"BLOGIN.al\",\"url\":\"https:\\\/\\\/blogin.al\\\/\",\"logo\":{\"@type\":\"ImageObject\",\"inLanguage\":\"en-US\",\"@id\":\"https:\\\/\\\/blogin.al\\\/#\\\/schema\\\/logo\\\/image\\\/\",\"url\":\"https:\\\/\\\/blogin.al\\\/wp-content\\\/uploads\\\/2022\\\/05\\\/Untitled-2-01-e1652084456514.png\",\"contentUrl\":\"https:\\\/\\\/blogin.al\\\/wp-content\\\/uploads\\\/2022\\\/05\\\/Untitled-2-01-e1652084456514.png\",\"width\":3723,\"height\":1698,\"caption\":\"BLOGIN.al\"},\"image\":{\"@id\":\"https:\\\/\\\/blogin.al\\\/#\\\/schema\\\/logo\\\/image\\\/\"},\"sameAs\":[\"https:\\\/\\\/instagram.com\\\/blogin.al\\\/\"]},{\"@type\":\"Person\",\"@id\":\"https:\\\/\\\/blogin.al\\\/#\\\/schema\\\/person\\\/abdd56bc912cd511db877b852b115399\",\"name\":\"Blogin al\",\"image\":{\"@type\":\"ImageObject\",\"inLanguage\":\"en-US\",\"@id\":\"https:\\\/\\\/secure.gravatar.com\\\/avatar\\\/60d5661aee6e835fb13dc75d2204cd0c1d61bef2efd137c0083e59ef831e235e?s=96&d=mm&r=g\",\"url\":\"https:\\\/\\\/secure.gravatar.com\\\/avatar\\\/60d5661aee6e835fb13dc75d2204cd0c1d61bef2efd137c0083e59ef831e235e?s=96&d=mm&r=g\",\"contentUrl\":\"https:\\\/\\\/secure.gravatar.com\\\/avatar\\\/60d5661aee6e835fb13dc75d2204cd0c1d61bef2efd137c0083e59ef831e235e?s=96&d=mm&r=g\",\"caption\":\"Blogin al\"},\"sameAs\":[\"https:\\\/\\\/blogin.al\"],\"url\":\"https:\\\/\\\/blogin.al\\\/?author=2\"}]}<\/script>\n<!-- \/ Yoast SEO plugin. -->","yoast_head_json":{"title":"\u201cI fejuar e ia fut duart tjetr\u00ebs\u201d, Linda debaton ashp\u00ebr me Bucin - blogin.al","robots":{"index":"index","follow":"follow","max-snippet":"max-snippet:-1","max-image-preview":"max-image-preview:large","max-video-preview":"max-video-preview:-1"},"canonical":"https:\/\/blogin.al\/?p=41284","og_locale":"en_US","og_type":"article","og_title":"\u201cI fejuar e ia fut duart tjetr\u00ebs\u201d, Linda debaton ashp\u00ebr me Bucin - blogin.al","og_description":"Tensionet kan\u00eb kapur kulmin n\u00eb sht\u00ebpin\u00eb e \u201cBig Brother VIP Kosova\u201d, ku Linda dhe Buci jan\u00eb p\u00ebrfshir\u00eb n\u00eb nj\u00eb debat t\u00eb ashp\u00ebr dhe t\u00eb mbushur me akuza. Dinamika e sht\u00ebpis\u00eb ka marr\u00eb nj\u00eb kthes\u00eb dramatike me p\u00ebrplasjen e tyre, ku n\u00eb mes t\u00eb diskutimeve, Buci ka b\u00ebr\u00eb nj\u00eb koment ofendues q\u00eb e ka shkaktuar polemik\u00eb [&hellip;]","og_url":"https:\/\/blogin.al\/?p=41284","og_site_name":"blogin.al","article_published_time":"2023-12-15T12:16:16+00:00","article_modified_time":"2023-12-15T12:16:17+00:00","og_image":[{"width":1002,"height":1024,"url":"https:\/\/blogin.al\/wp-content\/uploads\/2023\/10\/image-9-1002x1024.png","type":"image\/png"}],"author":"Blogin al","twitter_card":"summary_large_image","twitter_misc":{"Written by":"Blogin al","Est. reading time":"1 minute"},"schema":{"@context":"https:\/\/schema.org","@graph":[{"@type":"Article","@id":"https:\/\/blogin.al\/?p=41284#article","isPartOf":{"@id":"https:\/\/blogin.al\/?p=41284"},"author":{"name":"Blogin al","@id":"https:\/\/blogin.al\/#\/schema\/person\/abdd56bc912cd511db877b852b115399"},"headline":"\u201cI fejuar e ia fut duart tjetr\u00ebs\u201d, Linda debaton ashp\u00ebr me Bucin","datePublished":"2023-12-15T12:16:16+00:00","dateModified":"2023-12-15T12:16:17+00:00","mainEntityOfPage":{"@id":"https:\/\/blogin.al\/?p=41284"},"wordCount":166,"commentCount":0,"publisher":{"@id":"https:\/\/blogin.al\/#organization"},"image":{"@id":"https:\/\/blogin.al\/?p=41284#primaryimage"},"thumbnailUrl":"https:\/\/blogin.al\/wp-content\/uploads\/2023\/10\/image-9.png","articleSection":["SHOWBIZ"],"inLanguage":"en-US","potentialAction":[{"@type":"CommentAction","name":"Comment","target":["https:\/\/blogin.al\/?p=41284#respond"]}]},{"@type":"WebPage","@id":"https:\/\/blogin.al\/?p=41284","url":"https:\/\/blogin.al\/?p=41284","name":"\u201cI fejuar e ia fut duart tjetr\u00ebs\u201d, Linda debaton ashp\u00ebr me Bucin - blogin.al","isPartOf":{"@id":"https:\/\/blogin.al\/#website"},"primaryImageOfPage":{"@id":"https:\/\/blogin.al\/?p=41284#primaryimage"},"image":{"@id":"https:\/\/blogin.al\/?p=41284#primaryimage"},"thumbnailUrl":"https:\/\/blogin.al\/wp-content\/uploads\/2023\/10\/image-9.png","datePublished":"2023-12-15T12:16:16+00:00","dateModified":"2023-12-15T12:16:17+00:00","breadcrumb":{"@id":"https:\/\/blogin.al\/?p=41284#breadcrumb"},"inLanguage":"en-US","potentialAction":[{"@type":"ReadAction","target":["https:\/\/blogin.al\/?p=41284"]}]},{"@type":"ImageObject","inLanguage":"en-US","@id":"https:\/\/blogin.al\/?p=41284#primaryimage","url":"https:\/\/blogin.al\/wp-content\/uploads\/2023\/10\/image-9.png","contentUrl":"https:\/\/blogin.al\/wp-content\/uploads\/2023\/10\/image-9.png","width":1080,"height":1104},{"@type":"BreadcrumbList","@id":"https:\/\/blogin.al\/?p=41284#breadcrumb","itemListElement":[{"@type":"ListItem","position":1,"name":"Home","item":"https:\/\/blogin.al\/"},{"@type":"ListItem","position":2,"name":"\u201cI fejuar e ia fut duart tjetr\u00ebs\u201d, Linda debaton ashp\u00ebr me Bucin"}]},{"@type":"WebSite","@id":"https:\/\/blogin.al\/#website","url":"https:\/\/blogin.al\/","name":"blogin.al","description":"","publisher":{"@id":"https:\/\/blogin.al\/#organization"},"potentialAction":[{"@type":"SearchAction","target":{"@type":"EntryPoint","urlTemplate":"https:\/\/blogin.al\/?s={search_term_string}"},"query-input":{"@type":"PropertyValueSpecification","valueRequired":true,"valueName":"search_term_string"}}],"inLanguage":"en-US"},{"@type":"Organization","@id":"https:\/\/blogin.al\/#organization","name":"BLOGIN.al","url":"https:\/\/blogin.al\/","logo":{"@type":"ImageObject","inLanguage":"en-US","@id":"https:\/\/blogin.al\/#\/schema\/logo\/image\/","url":"https:\/\/blogin.al\/wp-content\/uploads\/2022\/05\/Untitled-2-01-e1652084456514.png","contentUrl":"https:\/\/blogin.al\/wp-content\/uploads\/2022\/05\/Untitled-2-01-e1652084456514.png","width":3723,"height":1698,"caption":"BLOGIN.al"},"image":{"@id":"https:\/\/blogin.al\/#\/schema\/logo\/image\/"},"sameAs":["https:\/\/instagram.com\/blogin.al\/"]},{"@type":"Person","@id":"https:\/\/blogin.al\/#\/schema\/person\/abdd56bc912cd511db877b852b115399","name":"Blogin al","image":{"@type":"ImageObject","inLanguage":"en-US","@id":"https:\/\/secure.gravatar.com\/avatar\/60d5661aee6e835fb13dc75d2204cd0c1d61bef2efd137c0083e59ef831e235e?s=96&d=mm&r=g","url":"https:\/\/secure.gravatar.com\/avatar\/60d5661aee6e835fb13dc75d2204cd0c1d61bef2efd137c0083e59ef831e235e?s=96&d=mm&r=g","contentUrl":"https:\/\/secure.gravatar.com\/avatar\/60d5661aee6e835fb13dc75d2204cd0c1d61bef2efd137c0083e59ef831e235e?s=96&d=mm&r=g","caption":"Blogin al"},"sameAs":["https:\/\/blogin.al"],"url":"https:\/\/blogin.al\/?author=2"}]}},"_links":{"self":[{"href":"https:\/\/blogin.al\/index.php?rest_route=\/wp\/v2\/posts\/41284","targetHints":{"allow":["GET"]}}],"collection":[{"href":"https:\/\/blogin.al\/index.php?rest_route=\/wp\/v2\/posts"}],"about":[{"href":"https:\/\/blogin.al\/index.php?rest_route=\/wp\/v2\/types\/post"}],"author":[{"embeddable":true,"href":"https:\/\/blogin.al\/index.php?rest_route=\/wp\/v2\/users\/2"}],"replies":[{"embeddable":true,"href":"https:\/\/blogin.al\/index.php?rest_route=%2Fwp%2Fv2%2Fcomments&post=41284"}],"version-history":[{"count":1,"href":"https:\/\/blogin.al\/index.php?rest_route=\/wp\/v2\/posts\/41284\/revisions"}],"predecessor-version":[{"id":41286,"href":"https:\/\/blogin.al\/index.php?rest_route=\/wp\/v2\/posts\/41284\/revisions\/41286"}],"wp:featuredmedia":[{"embeddable":true,"href":"https:\/\/blogin.al\/index.php?rest_route=\/wp\/v2\/media\/38084"}],"wp:attachment":[{"href":"https:\/\/blogin.al\/index.php?rest_route=%2Fwp%2Fv2%2Fmedia&parent=41284"}],"wp:term":[{"taxonomy":"category","embeddable":true,"href":"https:\/\/blogin.al\/index.php?rest_route=%2Fwp%2Fv2%2Fcategories&post=41284"},{"taxonomy":"post_tag","embeddable":true,"href":"https:\/\/blogin.al\/index.php?rest_route=%2Fwp%2Fv2%2Ftags&post=41284"}],"curies":[{"name":"wp","href":"https:\/\/api.w.org\/{rel}","templated":true}]}}