{"id":41289,"date":"2023-12-15T13:03:26","date_gmt":"2023-12-15T13:03:26","guid":{"rendered":"https:\/\/blogin.al\/?p=41289"},"modified":"2023-12-15T13:03:27","modified_gmt":"2023-12-15T13:03:27","slug":"rita-ora-rrefen-sakrificat-qe-kaloi-per-tu-bere-kengetare","status":"publish","type":"post","link":"https:\/\/blogin.al\/?p=41289","title":{"rendered":"Rita Ora rr\u00ebfen sakrificat q\u00eb kaloi p\u00ebr t\u2019u b\u00ebr\u00eb k\u00ebng\u00ebtare"},"content":{"rendered":"\n<p>K\u00ebng\u00ebtarja e shqiptare me fam\u00eb bot\u00ebrore, Rita Ora, ka dh\u00ebn\u00eb s\u00eb fundmi nj\u00eb intervist\u00eb p\u00ebr revist\u00ebn \u201cES Magazine\u201d, ku ka folur rreth karrier\u00ebs s\u00eb saj muzikor.<\/p>\n\n\n\n<p>Artistja preku \u00e7\u00ebshtjen e emigrant\u00ebve n\u00eb Mbret\u00ebrin\u00eb e Bashkuar, teksa tregoi historin\u00eb e saj dhe sakrificat q\u00eb ajo duhet t\u00eb kalonte n\u00eb k\u00ebt\u00eb shtet p\u00ebr t\u00eb arritur aty ku \u00ebsht\u00eb sot.<\/p>\n\n\n\n<p>\u201cUn\u00eb duhej t\u00eb luftoja shum\u00eb, edhe n\u00eb shkoll\u00eb, p\u00ebr t\u00eb mos u gjykuar, t\u00eb merresha seriozisht dhe t\u00eb mos shihesha si dikush ndryshe nga t\u00eb tjer\u00ebt. Un\u00eb kam qen\u00eb shum\u00eb e z\u00ebshme gjat\u00eb viteve p\u00ebr r\u00ebnd\u00ebsin\u00eb q\u00eb t\u00eb gjith\u00ebve t\u2019u jepet nj\u00eb shans. Un\u00eb nuk jam politikane, por ajo q\u00eb mund t\u00eb b\u00ebj \u00ebsht\u00eb vet\u00ebm t\u00eb provoj dhe t\u00eb v\u00eb pak drit\u00eb aty ku duhet\u201d, tha Rita.<\/p>\n\n\n\n<figure class=\"wp-block-image is-style-default\"><img decoding=\"async\" src=\"https:\/\/gsh.top-media.al\/media10\/Rita-Ora-1-480x720.jpg\" alt=\"\" class=\"wp-image-407908\"\/><\/figure>\n\n\n\n<figure class=\"wp-block-image is-style-default\"><img decoding=\"async\" src=\"https:\/\/gsh.top-media.al\/media10\/Rita-Ora-2-480x720.jpg\" alt=\"\" class=\"wp-image-407909\"\/><\/figure>\n\n\n\n<figure class=\"wp-block-image is-style-default\"><img decoding=\"async\" src=\"https:\/\/gsh.top-media.al\/media10\/Rita-Ora-478x720.jpg\" alt=\"\" class=\"wp-image-407910\"\/><\/figure>\n\n\n\n<p>Ora u shpreh se keqkuptohen shum\u00eb njer\u00ebzit q\u00eb shkojn\u00eb n\u00eb at\u00eb shtet p\u00ebr t\u2019u edukuar, arsimuar dhe p\u00ebr t\u00eb marr\u00eb m\u00eb t\u00eb mir\u00ebn, duke i krahasuar ata me veten e cila gjithashtu ishte vajza e nj\u00eb \u00e7ifti q\u00eb emigruan drejt Mbret\u00ebrin\u00eb e Bashkuar p\u00ebr nj\u00eb jet\u00eb m\u00eb t\u00eb mir\u00eb.<\/p>\n\n\n\n<p>\u201cKa nj\u00eb keqkuptim t\u00eb njer\u00ebzve q\u00eb thjesht vijn\u00eb n\u00eb k\u00ebt\u00eb vend p\u00ebr t\u2019u p\u00ebrpjekur t\u00eb marrin nj\u00eb jet\u00eb m\u00eb t\u00eb mir\u00eb. Dikush q\u00eb ka p\u00ebrdorur arsimin e mahnitsh\u00ebm dhe mund\u00ebsit\u00eb q\u00eb vijn\u00eb me t\u2019u shp\u00ebrngulur k\u00ebtu. P\u00ebr shkak t\u00eb k\u00ebsaj, po b\u00ebj pun\u00ebn e \u00ebndrrave t\u00eb mia dhe jam shum\u00eb krenare p\u00ebr k\u00ebt\u00eb nuk dua as t\u00eb mendoj se si do t\u00eb kishte qen\u00eb ndryshe\u201d, u shpreh k\u00ebng\u00ebtarja duke treguar se \u00ebsht\u00eb n\u00eb mbrojtje t\u00eb emigrant\u00ebve q\u00eb shkojn\u00eb n\u00eb nj\u00eb shtet tjet\u00ebr p\u00ebr nj\u00eb jet\u00eb m\u00eb t\u00eb mir\u00eb\u201d, tha ylli i muzik\u00ebs.<\/p>\n","protected":false},"excerpt":{"rendered":"<p>K\u00ebng\u00ebtarja e shqiptare me fam\u00eb bot\u00ebrore, Rita Ora, ka dh\u00ebn\u00eb s\u00eb fundmi nj\u00eb intervist\u00eb p\u00ebr revist\u00ebn \u201cES Magazine\u201d, ku ka folur rreth karrier\u00ebs s\u00eb saj muzikor. Artistja preku \u00e7\u00ebshtjen e emigrant\u00ebve n\u00eb Mbret\u00ebrin\u00eb e Bashkuar, teksa tregoi historin\u00eb e saj dhe sakrificat q\u00eb ajo duhet t\u00eb kalonte n\u00eb k\u00ebt\u00eb shtet p\u00ebr t\u00eb arritur aty ku [&hellip;]<\/p>\n","protected":false},"author":2,"featured_media":34677,"comment_status":"open","ping_status":"open","sticky":false,"template":"","format":"standard","meta":{"footnotes":""},"categories":[33],"tags":[],"class_list":{"0":"post-41289","1":"post","2":"type-post","3":"status-publish","4":"format-standard","5":"has-post-thumbnail","7":"category-showbiz"},"yoast_head":"<!-- This site is optimized with the Yoast SEO plugin v27.5 - https:\/\/yoast.com\/product\/yoast-seo-wordpress\/ -->\n<title>Rita Ora rr\u00ebfen sakrificat q\u00eb kaloi p\u00ebr t\u2019u b\u00ebr\u00eb k\u00ebng\u00ebtare - blogin.al<\/title>\n<meta name=\"robots\" content=\"index, follow, max-snippet:-1, max-image-preview:large, max-video-preview:-1\" \/>\n<link rel=\"canonical\" href=\"https:\/\/blogin.al\/?p=41289\" \/>\n<meta property=\"og:locale\" content=\"en_US\" \/>\n<meta property=\"og:type\" content=\"article\" \/>\n<meta property=\"og:title\" content=\"Rita Ora rr\u00ebfen sakrificat q\u00eb kaloi p\u00ebr t\u2019u b\u00ebr\u00eb k\u00ebng\u00ebtare - blogin.al\" \/>\n<meta property=\"og:description\" content=\"K\u00ebng\u00ebtarja e shqiptare me fam\u00eb bot\u00ebrore, Rita Ora, ka dh\u00ebn\u00eb s\u00eb fundmi nj\u00eb intervist\u00eb p\u00ebr revist\u00ebn \u201cES Magazine\u201d, ku ka folur rreth karrier\u00ebs s\u00eb saj muzikor. Artistja preku \u00e7\u00ebshtjen e emigrant\u00ebve n\u00eb Mbret\u00ebrin\u00eb e Bashkuar, teksa tregoi historin\u00eb e saj dhe sakrificat q\u00eb ajo duhet t\u00eb kalonte n\u00eb k\u00ebt\u00eb shtet p\u00ebr t\u00eb arritur aty ku [&hellip;]\" \/>\n<meta property=\"og:url\" content=\"https:\/\/blogin.al\/?p=41289\" \/>\n<meta property=\"og:site_name\" content=\"blogin.al\" \/>\n<meta property=\"article:published_time\" content=\"2023-12-15T13:03:26+00:00\" \/>\n<meta property=\"article:modified_time\" content=\"2023-12-15T13:03:27+00:00\" \/>\n<meta property=\"og:image\" content=\"https:\/\/blogin.al\/wp-content\/uploads\/2023\/07\/Rita20Ora-1.jpg\" \/>\n\t<meta property=\"og:image:width\" content=\"1200\" \/>\n\t<meta property=\"og:image:height\" content=\"1200\" \/>\n\t<meta property=\"og:image:type\" content=\"image\/jpeg\" \/>\n<meta name=\"author\" content=\"Blogin al\" \/>\n<meta name=\"twitter:card\" content=\"summary_large_image\" \/>\n<meta name=\"twitter:label1\" content=\"Written by\" \/>\n\t<meta name=\"twitter:data1\" content=\"Blogin al\" \/>\n\t<meta name=\"twitter:label2\" content=\"Est. reading time\" \/>\n\t<meta name=\"twitter:data2\" content=\"2 minutes\" \/>\n<script type=\"application\/ld+json\" class=\"yoast-schema-graph\">{\"@context\":\"https:\\\/\\\/schema.org\",\"@graph\":[{\"@type\":\"Article\",\"@id\":\"https:\\\/\\\/blogin.al\\\/?p=41289#article\",\"isPartOf\":{\"@id\":\"https:\\\/\\\/blogin.al\\\/?p=41289\"},\"author\":{\"name\":\"Blogin al\",\"@id\":\"https:\\\/\\\/blogin.al\\\/#\\\/schema\\\/person\\\/abdd56bc912cd511db877b852b115399\"},\"headline\":\"Rita Ora rr\u00ebfen sakrificat q\u00eb kaloi p\u00ebr t\u2019u b\u00ebr\u00eb k\u00ebng\u00ebtare\",\"datePublished\":\"2023-12-15T13:03:26+00:00\",\"dateModified\":\"2023-12-15T13:03:27+00:00\",\"mainEntityOfPage\":{\"@id\":\"https:\\\/\\\/blogin.al\\\/?p=41289\"},\"wordCount\":332,\"commentCount\":0,\"publisher\":{\"@id\":\"https:\\\/\\\/blogin.al\\\/#organization\"},\"image\":{\"@id\":\"https:\\\/\\\/blogin.al\\\/?p=41289#primaryimage\"},\"thumbnailUrl\":\"https:\\\/\\\/blogin.al\\\/wp-content\\\/uploads\\\/2023\\\/07\\\/Rita20Ora-1.jpg\",\"articleSection\":[\"SHOWBIZ\"],\"inLanguage\":\"en-US\",\"potentialAction\":[{\"@type\":\"CommentAction\",\"name\":\"Comment\",\"target\":[\"https:\\\/\\\/blogin.al\\\/?p=41289#respond\"]}]},{\"@type\":\"WebPage\",\"@id\":\"https:\\\/\\\/blogin.al\\\/?p=41289\",\"url\":\"https:\\\/\\\/blogin.al\\\/?p=41289\",\"name\":\"Rita Ora rr\u00ebfen sakrificat q\u00eb kaloi p\u00ebr t\u2019u b\u00ebr\u00eb k\u00ebng\u00ebtare - blogin.al\",\"isPartOf\":{\"@id\":\"https:\\\/\\\/blogin.al\\\/#website\"},\"primaryImageOfPage\":{\"@id\":\"https:\\\/\\\/blogin.al\\\/?p=41289#primaryimage\"},\"image\":{\"@id\":\"https:\\\/\\\/blogin.al\\\/?p=41289#primaryimage\"},\"thumbnailUrl\":\"https:\\\/\\\/blogin.al\\\/wp-content\\\/uploads\\\/2023\\\/07\\\/Rita20Ora-1.jpg\",\"datePublished\":\"2023-12-15T13:03:26+00:00\",\"dateModified\":\"2023-12-15T13:03:27+00:00\",\"breadcrumb\":{\"@id\":\"https:\\\/\\\/blogin.al\\\/?p=41289#breadcrumb\"},\"inLanguage\":\"en-US\",\"potentialAction\":[{\"@type\":\"ReadAction\",\"target\":[\"https:\\\/\\\/blogin.al\\\/?p=41289\"]}]},{\"@type\":\"ImageObject\",\"inLanguage\":\"en-US\",\"@id\":\"https:\\\/\\\/blogin.al\\\/?p=41289#primaryimage\",\"url\":\"https:\\\/\\\/blogin.al\\\/wp-content\\\/uploads\\\/2023\\\/07\\\/Rita20Ora-1.jpg\",\"contentUrl\":\"https:\\\/\\\/blogin.al\\\/wp-content\\\/uploads\\\/2023\\\/07\\\/Rita20Ora-1.jpg\",\"width\":1200,\"height\":1200},{\"@type\":\"BreadcrumbList\",\"@id\":\"https:\\\/\\\/blogin.al\\\/?p=41289#breadcrumb\",\"itemListElement\":[{\"@type\":\"ListItem\",\"position\":1,\"name\":\"Home\",\"item\":\"https:\\\/\\\/blogin.al\\\/\"},{\"@type\":\"ListItem\",\"position\":2,\"name\":\"Rita Ora rr\u00ebfen sakrificat q\u00eb kaloi p\u00ebr t\u2019u b\u00ebr\u00eb k\u00ebng\u00ebtare\"}]},{\"@type\":\"WebSite\",\"@id\":\"https:\\\/\\\/blogin.al\\\/#website\",\"url\":\"https:\\\/\\\/blogin.al\\\/\",\"name\":\"blogin.al\",\"description\":\"\",\"publisher\":{\"@id\":\"https:\\\/\\\/blogin.al\\\/#organization\"},\"potentialAction\":[{\"@type\":\"SearchAction\",\"target\":{\"@type\":\"EntryPoint\",\"urlTemplate\":\"https:\\\/\\\/blogin.al\\\/?s={search_term_string}\"},\"query-input\":{\"@type\":\"PropertyValueSpecification\",\"valueRequired\":true,\"valueName\":\"search_term_string\"}}],\"inLanguage\":\"en-US\"},{\"@type\":\"Organization\",\"@id\":\"https:\\\/\\\/blogin.al\\\/#organization\",\"name\":\"BLOGIN.al\",\"url\":\"https:\\\/\\\/blogin.al\\\/\",\"logo\":{\"@type\":\"ImageObject\",\"inLanguage\":\"en-US\",\"@id\":\"https:\\\/\\\/blogin.al\\\/#\\\/schema\\\/logo\\\/image\\\/\",\"url\":\"https:\\\/\\\/blogin.al\\\/wp-content\\\/uploads\\\/2022\\\/05\\\/Untitled-2-01-e1652084456514.png\",\"contentUrl\":\"https:\\\/\\\/blogin.al\\\/wp-content\\\/uploads\\\/2022\\\/05\\\/Untitled-2-01-e1652084456514.png\",\"width\":3723,\"height\":1698,\"caption\":\"BLOGIN.al\"},\"image\":{\"@id\":\"https:\\\/\\\/blogin.al\\\/#\\\/schema\\\/logo\\\/image\\\/\"},\"sameAs\":[\"https:\\\/\\\/instagram.com\\\/blogin.al\\\/\"]},{\"@type\":\"Person\",\"@id\":\"https:\\\/\\\/blogin.al\\\/#\\\/schema\\\/person\\\/abdd56bc912cd511db877b852b115399\",\"name\":\"Blogin al\",\"image\":{\"@type\":\"ImageObject\",\"inLanguage\":\"en-US\",\"@id\":\"https:\\\/\\\/secure.gravatar.com\\\/avatar\\\/60d5661aee6e835fb13dc75d2204cd0c1d61bef2efd137c0083e59ef831e235e?s=96&d=mm&r=g\",\"url\":\"https:\\\/\\\/secure.gravatar.com\\\/avatar\\\/60d5661aee6e835fb13dc75d2204cd0c1d61bef2efd137c0083e59ef831e235e?s=96&d=mm&r=g\",\"contentUrl\":\"https:\\\/\\\/secure.gravatar.com\\\/avatar\\\/60d5661aee6e835fb13dc75d2204cd0c1d61bef2efd137c0083e59ef831e235e?s=96&d=mm&r=g\",\"caption\":\"Blogin al\"},\"sameAs\":[\"https:\\\/\\\/blogin.al\"],\"url\":\"https:\\\/\\\/blogin.al\\\/?author=2\"}]}<\/script>\n<!-- \/ Yoast SEO plugin. -->","yoast_head_json":{"title":"Rita Ora rr\u00ebfen sakrificat q\u00eb kaloi p\u00ebr t\u2019u b\u00ebr\u00eb k\u00ebng\u00ebtare - blogin.al","robots":{"index":"index","follow":"follow","max-snippet":"max-snippet:-1","max-image-preview":"max-image-preview:large","max-video-preview":"max-video-preview:-1"},"canonical":"https:\/\/blogin.al\/?p=41289","og_locale":"en_US","og_type":"article","og_title":"Rita Ora rr\u00ebfen sakrificat q\u00eb kaloi p\u00ebr t\u2019u b\u00ebr\u00eb k\u00ebng\u00ebtare - blogin.al","og_description":"K\u00ebng\u00ebtarja e shqiptare me fam\u00eb bot\u00ebrore, Rita Ora, ka dh\u00ebn\u00eb s\u00eb fundmi nj\u00eb intervist\u00eb p\u00ebr revist\u00ebn \u201cES Magazine\u201d, ku ka folur rreth karrier\u00ebs s\u00eb saj muzikor. Artistja preku \u00e7\u00ebshtjen e emigrant\u00ebve n\u00eb Mbret\u00ebrin\u00eb e Bashkuar, teksa tregoi historin\u00eb e saj dhe sakrificat q\u00eb ajo duhet t\u00eb kalonte n\u00eb k\u00ebt\u00eb shtet p\u00ebr t\u00eb arritur aty ku [&hellip;]","og_url":"https:\/\/blogin.al\/?p=41289","og_site_name":"blogin.al","article_published_time":"2023-12-15T13:03:26+00:00","article_modified_time":"2023-12-15T13:03:27+00:00","og_image":[{"width":1200,"height":1200,"url":"https:\/\/blogin.al\/wp-content\/uploads\/2023\/07\/Rita20Ora-1.jpg","type":"image\/jpeg"}],"author":"Blogin al","twitter_card":"summary_large_image","twitter_misc":{"Written by":"Blogin al","Est. reading time":"2 minutes"},"schema":{"@context":"https:\/\/schema.org","@graph":[{"@type":"Article","@id":"https:\/\/blogin.al\/?p=41289#article","isPartOf":{"@id":"https:\/\/blogin.al\/?p=41289"},"author":{"name":"Blogin al","@id":"https:\/\/blogin.al\/#\/schema\/person\/abdd56bc912cd511db877b852b115399"},"headline":"Rita Ora rr\u00ebfen sakrificat q\u00eb kaloi p\u00ebr t\u2019u b\u00ebr\u00eb k\u00ebng\u00ebtare","datePublished":"2023-12-15T13:03:26+00:00","dateModified":"2023-12-15T13:03:27+00:00","mainEntityOfPage":{"@id":"https:\/\/blogin.al\/?p=41289"},"wordCount":332,"commentCount":0,"publisher":{"@id":"https:\/\/blogin.al\/#organization"},"image":{"@id":"https:\/\/blogin.al\/?p=41289#primaryimage"},"thumbnailUrl":"https:\/\/blogin.al\/wp-content\/uploads\/2023\/07\/Rita20Ora-1.jpg","articleSection":["SHOWBIZ"],"inLanguage":"en-US","potentialAction":[{"@type":"CommentAction","name":"Comment","target":["https:\/\/blogin.al\/?p=41289#respond"]}]},{"@type":"WebPage","@id":"https:\/\/blogin.al\/?p=41289","url":"https:\/\/blogin.al\/?p=41289","name":"Rita Ora rr\u00ebfen sakrificat q\u00eb kaloi p\u00ebr t\u2019u b\u00ebr\u00eb k\u00ebng\u00ebtare - blogin.al","isPartOf":{"@id":"https:\/\/blogin.al\/#website"},"primaryImageOfPage":{"@id":"https:\/\/blogin.al\/?p=41289#primaryimage"},"image":{"@id":"https:\/\/blogin.al\/?p=41289#primaryimage"},"thumbnailUrl":"https:\/\/blogin.al\/wp-content\/uploads\/2023\/07\/Rita20Ora-1.jpg","datePublished":"2023-12-15T13:03:26+00:00","dateModified":"2023-12-15T13:03:27+00:00","breadcrumb":{"@id":"https:\/\/blogin.al\/?p=41289#breadcrumb"},"inLanguage":"en-US","potentialAction":[{"@type":"ReadAction","target":["https:\/\/blogin.al\/?p=41289"]}]},{"@type":"ImageObject","inLanguage":"en-US","@id":"https:\/\/blogin.al\/?p=41289#primaryimage","url":"https:\/\/blogin.al\/wp-content\/uploads\/2023\/07\/Rita20Ora-1.jpg","contentUrl":"https:\/\/blogin.al\/wp-content\/uploads\/2023\/07\/Rita20Ora-1.jpg","width":1200,"height":1200},{"@type":"BreadcrumbList","@id":"https:\/\/blogin.al\/?p=41289#breadcrumb","itemListElement":[{"@type":"ListItem","position":1,"name":"Home","item":"https:\/\/blogin.al\/"},{"@type":"ListItem","position":2,"name":"Rita Ora rr\u00ebfen sakrificat q\u00eb kaloi p\u00ebr t\u2019u b\u00ebr\u00eb k\u00ebng\u00ebtare"}]},{"@type":"WebSite","@id":"https:\/\/blogin.al\/#website","url":"https:\/\/blogin.al\/","name":"blogin.al","description":"","publisher":{"@id":"https:\/\/blogin.al\/#organization"},"potentialAction":[{"@type":"SearchAction","target":{"@type":"EntryPoint","urlTemplate":"https:\/\/blogin.al\/?s={search_term_string}"},"query-input":{"@type":"PropertyValueSpecification","valueRequired":true,"valueName":"search_term_string"}}],"inLanguage":"en-US"},{"@type":"Organization","@id":"https:\/\/blogin.al\/#organization","name":"BLOGIN.al","url":"https:\/\/blogin.al\/","logo":{"@type":"ImageObject","inLanguage":"en-US","@id":"https:\/\/blogin.al\/#\/schema\/logo\/image\/","url":"https:\/\/blogin.al\/wp-content\/uploads\/2022\/05\/Untitled-2-01-e1652084456514.png","contentUrl":"https:\/\/blogin.al\/wp-content\/uploads\/2022\/05\/Untitled-2-01-e1652084456514.png","width":3723,"height":1698,"caption":"BLOGIN.al"},"image":{"@id":"https:\/\/blogin.al\/#\/schema\/logo\/image\/"},"sameAs":["https:\/\/instagram.com\/blogin.al\/"]},{"@type":"Person","@id":"https:\/\/blogin.al\/#\/schema\/person\/abdd56bc912cd511db877b852b115399","name":"Blogin al","image":{"@type":"ImageObject","inLanguage":"en-US","@id":"https:\/\/secure.gravatar.com\/avatar\/60d5661aee6e835fb13dc75d2204cd0c1d61bef2efd137c0083e59ef831e235e?s=96&d=mm&r=g","url":"https:\/\/secure.gravatar.com\/avatar\/60d5661aee6e835fb13dc75d2204cd0c1d61bef2efd137c0083e59ef831e235e?s=96&d=mm&r=g","contentUrl":"https:\/\/secure.gravatar.com\/avatar\/60d5661aee6e835fb13dc75d2204cd0c1d61bef2efd137c0083e59ef831e235e?s=96&d=mm&r=g","caption":"Blogin al"},"sameAs":["https:\/\/blogin.al"],"url":"https:\/\/blogin.al\/?author=2"}]}},"_links":{"self":[{"href":"https:\/\/blogin.al\/index.php?rest_route=\/wp\/v2\/posts\/41289","targetHints":{"allow":["GET"]}}],"collection":[{"href":"https:\/\/blogin.al\/index.php?rest_route=\/wp\/v2\/posts"}],"about":[{"href":"https:\/\/blogin.al\/index.php?rest_route=\/wp\/v2\/types\/post"}],"author":[{"embeddable":true,"href":"https:\/\/blogin.al\/index.php?rest_route=\/wp\/v2\/users\/2"}],"replies":[{"embeddable":true,"href":"https:\/\/blogin.al\/index.php?rest_route=%2Fwp%2Fv2%2Fcomments&post=41289"}],"version-history":[{"count":1,"href":"https:\/\/blogin.al\/index.php?rest_route=\/wp\/v2\/posts\/41289\/revisions"}],"predecessor-version":[{"id":41290,"href":"https:\/\/blogin.al\/index.php?rest_route=\/wp\/v2\/posts\/41289\/revisions\/41290"}],"wp:featuredmedia":[{"embeddable":true,"href":"https:\/\/blogin.al\/index.php?rest_route=\/wp\/v2\/media\/34677"}],"wp:attachment":[{"href":"https:\/\/blogin.al\/index.php?rest_route=%2Fwp%2Fv2%2Fmedia&parent=41289"}],"wp:term":[{"taxonomy":"category","embeddable":true,"href":"https:\/\/blogin.al\/index.php?rest_route=%2Fwp%2Fv2%2Fcategories&post=41289"},{"taxonomy":"post_tag","embeddable":true,"href":"https:\/\/blogin.al\/index.php?rest_route=%2Fwp%2Fv2%2Ftags&post=41289"}],"curies":[{"name":"wp","href":"https:\/\/api.w.org\/{rel}","templated":true}]}}