{"id":41299,"date":"2023-12-15T14:02:56","date_gmt":"2023-12-15T14:02:56","guid":{"rendered":"https:\/\/blogin.al\/?p=41299"},"modified":"2023-12-15T14:02:57","modified_gmt":"2023-12-15T14:02:57","slug":"pyetje-shume-e-rende-per-cfare-hezitoi-te-pergjigjej-kaderi","status":"publish","type":"post","link":"https:\/\/blogin.al\/?p=41299","title":{"rendered":"\u201cPyetje shum\u00eb e r\u00ebnd\u00eb\u201d \u2013 p\u00ebr \u00e7far\u00eb hezitoi t\u00eb p\u00ebrgjigjej Kaderi?"},"content":{"rendered":"\n<p>N\u00eb \u2018Dark\u00ebn e t\u00eb Nominuarve\u2019 nj\u00eb pyetje e sikletshme iu b\u00eb banores, Kader Kicajt.<\/p>\n\n\n\n<p>Ishte Blero ai q\u00eb e pyeti se k\u00eb nga konkurrent\u00ebt, Albyn apo Lumin do t\u00eb shp\u00ebtonte, n\u00eb nj\u00eb rast t\u00eb caktuar.<\/p>\n\n\n\n<p>\u201cN\u00eb mes t\u00eb Albyt dhe Lumit, k\u00eb do ta shp\u00ebtoje po t\u00eb kishe rastin p\u00ebr ta vazhduar loj\u00ebn?\u201d, ishte pyetja q\u00eb iu b\u00eb.<\/p>\n\n\n\n<p><em>\u201cT\u00eb lutem, a ka mund\u00ebsi se \u00ebsht\u00eb nj\u00eb pyetje shum\u00eb e r\u00ebnd\u00eb p\u00ebr mua, un\u00eb Albyn e dua shum\u00eb edhe Lumin e dua shum\u00eb\u201d, u shpreh ajo.<\/em><\/p>\n\n\n\n<p><em>Ajo shtoi: \u201cShoqja \u00ebsht\u00eb shoqe, p\u00ebr nj\u00eb mashkull as shoqen nuk kam qejf me e humb. Edhe n\u00ebse Lumi kish me qen\u00eb fati i jet\u00ebs time, un\u00eb as fatin e jet\u00ebs tem nuk e humbi p\u00ebr nj\u00eb shoqe. Nuk e di a mundem me u p\u00ebrgjigj p\u00ebr k\u00ebt\u00eb pyetje\u201d.<\/em><\/p>\n\n\n\n<p>Kujtojm\u00eb q\u00eb Lumbardhi ka shprehur nj\u00eb p\u00eblqim haptazi p\u00ebr Kaderin dhe kjo e fundit duket se ndjen t\u00eb nj\u00ebjt\u00ebn gj\u00eb.<\/p>\n","protected":false},"excerpt":{"rendered":"<p>N\u00eb \u2018Dark\u00ebn e t\u00eb Nominuarve\u2019 nj\u00eb pyetje e sikletshme iu b\u00eb banores, Kader Kicajt. Ishte Blero ai q\u00eb e pyeti se k\u00eb nga konkurrent\u00ebt, Albyn apo Lumin do t\u00eb shp\u00ebtonte, n\u00eb nj\u00eb rast t\u00eb caktuar. \u201cN\u00eb mes t\u00eb Albyt dhe Lumit, k\u00eb do ta shp\u00ebtoje po t\u00eb kishe rastin p\u00ebr ta vazhduar loj\u00ebn?\u201d, ishte pyetja [&hellip;]<\/p>\n","protected":false},"author":2,"featured_media":41300,"comment_status":"open","ping_status":"open","sticky":false,"template":"","format":"standard","meta":{"footnotes":""},"categories":[33],"tags":[],"class_list":{"0":"post-41299","1":"post","2":"type-post","3":"status-publish","4":"format-standard","5":"has-post-thumbnail","7":"category-showbiz"},"yoast_head":"<!-- This site is optimized with the Yoast SEO plugin v27.5 - https:\/\/yoast.com\/product\/yoast-seo-wordpress\/ -->\n<title>\u201cPyetje shum\u00eb e r\u00ebnd\u00eb\u201d \u2013 p\u00ebr \u00e7far\u00eb hezitoi t\u00eb p\u00ebrgjigjej Kaderi? - blogin.al<\/title>\n<meta name=\"robots\" content=\"index, follow, max-snippet:-1, max-image-preview:large, max-video-preview:-1\" \/>\n<link rel=\"canonical\" href=\"https:\/\/blogin.al\/?p=41299\" \/>\n<meta property=\"og:locale\" content=\"en_US\" \/>\n<meta property=\"og:type\" content=\"article\" \/>\n<meta property=\"og:title\" content=\"\u201cPyetje shum\u00eb e r\u00ebnd\u00eb\u201d \u2013 p\u00ebr \u00e7far\u00eb hezitoi t\u00eb p\u00ebrgjigjej Kaderi? - blogin.al\" \/>\n<meta property=\"og:description\" content=\"N\u00eb \u2018Dark\u00ebn e t\u00eb Nominuarve\u2019 nj\u00eb pyetje e sikletshme iu b\u00eb banores, Kader Kicajt. Ishte Blero ai q\u00eb e pyeti se k\u00eb nga konkurrent\u00ebt, Albyn apo Lumin do t\u00eb shp\u00ebtonte, n\u00eb nj\u00eb rast t\u00eb caktuar. \u201cN\u00eb mes t\u00eb Albyt dhe Lumit, k\u00eb do ta shp\u00ebtoje po t\u00eb kishe rastin p\u00ebr ta vazhduar loj\u00ebn?\u201d, ishte pyetja [&hellip;]\" \/>\n<meta property=\"og:url\" content=\"https:\/\/blogin.al\/?p=41299\" \/>\n<meta property=\"og:site_name\" content=\"blogin.al\" \/>\n<meta property=\"article:published_time\" content=\"2023-12-15T14:02:56+00:00\" \/>\n<meta property=\"article:modified_time\" content=\"2023-12-15T14:02:57+00:00\" \/>\n<meta property=\"og:image\" content=\"https:\/\/blogin.al\/wp-content\/uploads\/2023\/12\/image-108.png\" \/>\n\t<meta property=\"og:image:width\" content=\"750\" \/>\n\t<meta property=\"og:image:height\" content=\"421\" \/>\n\t<meta property=\"og:image:type\" content=\"image\/png\" \/>\n<meta name=\"author\" content=\"Blogin al\" \/>\n<meta name=\"twitter:card\" content=\"summary_large_image\" \/>\n<meta name=\"twitter:label1\" content=\"Written by\" \/>\n\t<meta name=\"twitter:data1\" content=\"Blogin al\" \/>\n\t<meta name=\"twitter:label2\" content=\"Est. reading time\" \/>\n\t<meta name=\"twitter:data2\" content=\"1 minute\" \/>\n<script type=\"application\/ld+json\" class=\"yoast-schema-graph\">{\"@context\":\"https:\\\/\\\/schema.org\",\"@graph\":[{\"@type\":\"Article\",\"@id\":\"https:\\\/\\\/blogin.al\\\/?p=41299#article\",\"isPartOf\":{\"@id\":\"https:\\\/\\\/blogin.al\\\/?p=41299\"},\"author\":{\"name\":\"Blogin al\",\"@id\":\"https:\\\/\\\/blogin.al\\\/#\\\/schema\\\/person\\\/abdd56bc912cd511db877b852b115399\"},\"headline\":\"\u201cPyetje shum\u00eb e r\u00ebnd\u00eb\u201d \u2013 p\u00ebr \u00e7far\u00eb hezitoi t\u00eb p\u00ebrgjigjej Kaderi?\",\"datePublished\":\"2023-12-15T14:02:56+00:00\",\"dateModified\":\"2023-12-15T14:02:57+00:00\",\"mainEntityOfPage\":{\"@id\":\"https:\\\/\\\/blogin.al\\\/?p=41299\"},\"wordCount\":188,\"commentCount\":0,\"publisher\":{\"@id\":\"https:\\\/\\\/blogin.al\\\/#organization\"},\"image\":{\"@id\":\"https:\\\/\\\/blogin.al\\\/?p=41299#primaryimage\"},\"thumbnailUrl\":\"https:\\\/\\\/blogin.al\\\/wp-content\\\/uploads\\\/2023\\\/12\\\/image-108.png\",\"articleSection\":[\"SHOWBIZ\"],\"inLanguage\":\"en-US\",\"potentialAction\":[{\"@type\":\"CommentAction\",\"name\":\"Comment\",\"target\":[\"https:\\\/\\\/blogin.al\\\/?p=41299#respond\"]}]},{\"@type\":\"WebPage\",\"@id\":\"https:\\\/\\\/blogin.al\\\/?p=41299\",\"url\":\"https:\\\/\\\/blogin.al\\\/?p=41299\",\"name\":\"\u201cPyetje shum\u00eb e r\u00ebnd\u00eb\u201d \u2013 p\u00ebr \u00e7far\u00eb hezitoi t\u00eb p\u00ebrgjigjej Kaderi? - blogin.al\",\"isPartOf\":{\"@id\":\"https:\\\/\\\/blogin.al\\\/#website\"},\"primaryImageOfPage\":{\"@id\":\"https:\\\/\\\/blogin.al\\\/?p=41299#primaryimage\"},\"image\":{\"@id\":\"https:\\\/\\\/blogin.al\\\/?p=41299#primaryimage\"},\"thumbnailUrl\":\"https:\\\/\\\/blogin.al\\\/wp-content\\\/uploads\\\/2023\\\/12\\\/image-108.png\",\"datePublished\":\"2023-12-15T14:02:56+00:00\",\"dateModified\":\"2023-12-15T14:02:57+00:00\",\"breadcrumb\":{\"@id\":\"https:\\\/\\\/blogin.al\\\/?p=41299#breadcrumb\"},\"inLanguage\":\"en-US\",\"potentialAction\":[{\"@type\":\"ReadAction\",\"target\":[\"https:\\\/\\\/blogin.al\\\/?p=41299\"]}]},{\"@type\":\"ImageObject\",\"inLanguage\":\"en-US\",\"@id\":\"https:\\\/\\\/blogin.al\\\/?p=41299#primaryimage\",\"url\":\"https:\\\/\\\/blogin.al\\\/wp-content\\\/uploads\\\/2023\\\/12\\\/image-108.png\",\"contentUrl\":\"https:\\\/\\\/blogin.al\\\/wp-content\\\/uploads\\\/2023\\\/12\\\/image-108.png\",\"width\":750,\"height\":421},{\"@type\":\"BreadcrumbList\",\"@id\":\"https:\\\/\\\/blogin.al\\\/?p=41299#breadcrumb\",\"itemListElement\":[{\"@type\":\"ListItem\",\"position\":1,\"name\":\"Home\",\"item\":\"https:\\\/\\\/blogin.al\\\/\"},{\"@type\":\"ListItem\",\"position\":2,\"name\":\"\u201cPyetje shum\u00eb e r\u00ebnd\u00eb\u201d \u2013 p\u00ebr \u00e7far\u00eb hezitoi t\u00eb p\u00ebrgjigjej Kaderi?\"}]},{\"@type\":\"WebSite\",\"@id\":\"https:\\\/\\\/blogin.al\\\/#website\",\"url\":\"https:\\\/\\\/blogin.al\\\/\",\"name\":\"blogin.al\",\"description\":\"\",\"publisher\":{\"@id\":\"https:\\\/\\\/blogin.al\\\/#organization\"},\"potentialAction\":[{\"@type\":\"SearchAction\",\"target\":{\"@type\":\"EntryPoint\",\"urlTemplate\":\"https:\\\/\\\/blogin.al\\\/?s={search_term_string}\"},\"query-input\":{\"@type\":\"PropertyValueSpecification\",\"valueRequired\":true,\"valueName\":\"search_term_string\"}}],\"inLanguage\":\"en-US\"},{\"@type\":\"Organization\",\"@id\":\"https:\\\/\\\/blogin.al\\\/#organization\",\"name\":\"BLOGIN.al\",\"url\":\"https:\\\/\\\/blogin.al\\\/\",\"logo\":{\"@type\":\"ImageObject\",\"inLanguage\":\"en-US\",\"@id\":\"https:\\\/\\\/blogin.al\\\/#\\\/schema\\\/logo\\\/image\\\/\",\"url\":\"https:\\\/\\\/blogin.al\\\/wp-content\\\/uploads\\\/2022\\\/05\\\/Untitled-2-01-e1652084456514.png\",\"contentUrl\":\"https:\\\/\\\/blogin.al\\\/wp-content\\\/uploads\\\/2022\\\/05\\\/Untitled-2-01-e1652084456514.png\",\"width\":3723,\"height\":1698,\"caption\":\"BLOGIN.al\"},\"image\":{\"@id\":\"https:\\\/\\\/blogin.al\\\/#\\\/schema\\\/logo\\\/image\\\/\"},\"sameAs\":[\"https:\\\/\\\/instagram.com\\\/blogin.al\\\/\"]},{\"@type\":\"Person\",\"@id\":\"https:\\\/\\\/blogin.al\\\/#\\\/schema\\\/person\\\/abdd56bc912cd511db877b852b115399\",\"name\":\"Blogin al\",\"image\":{\"@type\":\"ImageObject\",\"inLanguage\":\"en-US\",\"@id\":\"https:\\\/\\\/secure.gravatar.com\\\/avatar\\\/60d5661aee6e835fb13dc75d2204cd0c1d61bef2efd137c0083e59ef831e235e?s=96&d=mm&r=g\",\"url\":\"https:\\\/\\\/secure.gravatar.com\\\/avatar\\\/60d5661aee6e835fb13dc75d2204cd0c1d61bef2efd137c0083e59ef831e235e?s=96&d=mm&r=g\",\"contentUrl\":\"https:\\\/\\\/secure.gravatar.com\\\/avatar\\\/60d5661aee6e835fb13dc75d2204cd0c1d61bef2efd137c0083e59ef831e235e?s=96&d=mm&r=g\",\"caption\":\"Blogin al\"},\"sameAs\":[\"https:\\\/\\\/blogin.al\"],\"url\":\"https:\\\/\\\/blogin.al\\\/?author=2\"}]}<\/script>\n<!-- \/ Yoast SEO plugin. -->","yoast_head_json":{"title":"\u201cPyetje shum\u00eb e r\u00ebnd\u00eb\u201d \u2013 p\u00ebr \u00e7far\u00eb hezitoi t\u00eb p\u00ebrgjigjej Kaderi? - blogin.al","robots":{"index":"index","follow":"follow","max-snippet":"max-snippet:-1","max-image-preview":"max-image-preview:large","max-video-preview":"max-video-preview:-1"},"canonical":"https:\/\/blogin.al\/?p=41299","og_locale":"en_US","og_type":"article","og_title":"\u201cPyetje shum\u00eb e r\u00ebnd\u00eb\u201d \u2013 p\u00ebr \u00e7far\u00eb hezitoi t\u00eb p\u00ebrgjigjej Kaderi? - blogin.al","og_description":"N\u00eb \u2018Dark\u00ebn e t\u00eb Nominuarve\u2019 nj\u00eb pyetje e sikletshme iu b\u00eb banores, Kader Kicajt. Ishte Blero ai q\u00eb e pyeti se k\u00eb nga konkurrent\u00ebt, Albyn apo Lumin do t\u00eb shp\u00ebtonte, n\u00eb nj\u00eb rast t\u00eb caktuar. \u201cN\u00eb mes t\u00eb Albyt dhe Lumit, k\u00eb do ta shp\u00ebtoje po t\u00eb kishe rastin p\u00ebr ta vazhduar loj\u00ebn?\u201d, ishte pyetja [&hellip;]","og_url":"https:\/\/blogin.al\/?p=41299","og_site_name":"blogin.al","article_published_time":"2023-12-15T14:02:56+00:00","article_modified_time":"2023-12-15T14:02:57+00:00","og_image":[{"width":750,"height":421,"url":"https:\/\/blogin.al\/wp-content\/uploads\/2023\/12\/image-108.png","type":"image\/png"}],"author":"Blogin al","twitter_card":"summary_large_image","twitter_misc":{"Written by":"Blogin al","Est. reading time":"1 minute"},"schema":{"@context":"https:\/\/schema.org","@graph":[{"@type":"Article","@id":"https:\/\/blogin.al\/?p=41299#article","isPartOf":{"@id":"https:\/\/blogin.al\/?p=41299"},"author":{"name":"Blogin al","@id":"https:\/\/blogin.al\/#\/schema\/person\/abdd56bc912cd511db877b852b115399"},"headline":"\u201cPyetje shum\u00eb e r\u00ebnd\u00eb\u201d \u2013 p\u00ebr \u00e7far\u00eb hezitoi t\u00eb p\u00ebrgjigjej Kaderi?","datePublished":"2023-12-15T14:02:56+00:00","dateModified":"2023-12-15T14:02:57+00:00","mainEntityOfPage":{"@id":"https:\/\/blogin.al\/?p=41299"},"wordCount":188,"commentCount":0,"publisher":{"@id":"https:\/\/blogin.al\/#organization"},"image":{"@id":"https:\/\/blogin.al\/?p=41299#primaryimage"},"thumbnailUrl":"https:\/\/blogin.al\/wp-content\/uploads\/2023\/12\/image-108.png","articleSection":["SHOWBIZ"],"inLanguage":"en-US","potentialAction":[{"@type":"CommentAction","name":"Comment","target":["https:\/\/blogin.al\/?p=41299#respond"]}]},{"@type":"WebPage","@id":"https:\/\/blogin.al\/?p=41299","url":"https:\/\/blogin.al\/?p=41299","name":"\u201cPyetje shum\u00eb e r\u00ebnd\u00eb\u201d \u2013 p\u00ebr \u00e7far\u00eb hezitoi t\u00eb p\u00ebrgjigjej Kaderi? - blogin.al","isPartOf":{"@id":"https:\/\/blogin.al\/#website"},"primaryImageOfPage":{"@id":"https:\/\/blogin.al\/?p=41299#primaryimage"},"image":{"@id":"https:\/\/blogin.al\/?p=41299#primaryimage"},"thumbnailUrl":"https:\/\/blogin.al\/wp-content\/uploads\/2023\/12\/image-108.png","datePublished":"2023-12-15T14:02:56+00:00","dateModified":"2023-12-15T14:02:57+00:00","breadcrumb":{"@id":"https:\/\/blogin.al\/?p=41299#breadcrumb"},"inLanguage":"en-US","potentialAction":[{"@type":"ReadAction","target":["https:\/\/blogin.al\/?p=41299"]}]},{"@type":"ImageObject","inLanguage":"en-US","@id":"https:\/\/blogin.al\/?p=41299#primaryimage","url":"https:\/\/blogin.al\/wp-content\/uploads\/2023\/12\/image-108.png","contentUrl":"https:\/\/blogin.al\/wp-content\/uploads\/2023\/12\/image-108.png","width":750,"height":421},{"@type":"BreadcrumbList","@id":"https:\/\/blogin.al\/?p=41299#breadcrumb","itemListElement":[{"@type":"ListItem","position":1,"name":"Home","item":"https:\/\/blogin.al\/"},{"@type":"ListItem","position":2,"name":"\u201cPyetje shum\u00eb e r\u00ebnd\u00eb\u201d \u2013 p\u00ebr \u00e7far\u00eb hezitoi t\u00eb p\u00ebrgjigjej Kaderi?"}]},{"@type":"WebSite","@id":"https:\/\/blogin.al\/#website","url":"https:\/\/blogin.al\/","name":"blogin.al","description":"","publisher":{"@id":"https:\/\/blogin.al\/#organization"},"potentialAction":[{"@type":"SearchAction","target":{"@type":"EntryPoint","urlTemplate":"https:\/\/blogin.al\/?s={search_term_string}"},"query-input":{"@type":"PropertyValueSpecification","valueRequired":true,"valueName":"search_term_string"}}],"inLanguage":"en-US"},{"@type":"Organization","@id":"https:\/\/blogin.al\/#organization","name":"BLOGIN.al","url":"https:\/\/blogin.al\/","logo":{"@type":"ImageObject","inLanguage":"en-US","@id":"https:\/\/blogin.al\/#\/schema\/logo\/image\/","url":"https:\/\/blogin.al\/wp-content\/uploads\/2022\/05\/Untitled-2-01-e1652084456514.png","contentUrl":"https:\/\/blogin.al\/wp-content\/uploads\/2022\/05\/Untitled-2-01-e1652084456514.png","width":3723,"height":1698,"caption":"BLOGIN.al"},"image":{"@id":"https:\/\/blogin.al\/#\/schema\/logo\/image\/"},"sameAs":["https:\/\/instagram.com\/blogin.al\/"]},{"@type":"Person","@id":"https:\/\/blogin.al\/#\/schema\/person\/abdd56bc912cd511db877b852b115399","name":"Blogin al","image":{"@type":"ImageObject","inLanguage":"en-US","@id":"https:\/\/secure.gravatar.com\/avatar\/60d5661aee6e835fb13dc75d2204cd0c1d61bef2efd137c0083e59ef831e235e?s=96&d=mm&r=g","url":"https:\/\/secure.gravatar.com\/avatar\/60d5661aee6e835fb13dc75d2204cd0c1d61bef2efd137c0083e59ef831e235e?s=96&d=mm&r=g","contentUrl":"https:\/\/secure.gravatar.com\/avatar\/60d5661aee6e835fb13dc75d2204cd0c1d61bef2efd137c0083e59ef831e235e?s=96&d=mm&r=g","caption":"Blogin al"},"sameAs":["https:\/\/blogin.al"],"url":"https:\/\/blogin.al\/?author=2"}]}},"_links":{"self":[{"href":"https:\/\/blogin.al\/index.php?rest_route=\/wp\/v2\/posts\/41299","targetHints":{"allow":["GET"]}}],"collection":[{"href":"https:\/\/blogin.al\/index.php?rest_route=\/wp\/v2\/posts"}],"about":[{"href":"https:\/\/blogin.al\/index.php?rest_route=\/wp\/v2\/types\/post"}],"author":[{"embeddable":true,"href":"https:\/\/blogin.al\/index.php?rest_route=\/wp\/v2\/users\/2"}],"replies":[{"embeddable":true,"href":"https:\/\/blogin.al\/index.php?rest_route=%2Fwp%2Fv2%2Fcomments&post=41299"}],"version-history":[{"count":1,"href":"https:\/\/blogin.al\/index.php?rest_route=\/wp\/v2\/posts\/41299\/revisions"}],"predecessor-version":[{"id":41301,"href":"https:\/\/blogin.al\/index.php?rest_route=\/wp\/v2\/posts\/41299\/revisions\/41301"}],"wp:featuredmedia":[{"embeddable":true,"href":"https:\/\/blogin.al\/index.php?rest_route=\/wp\/v2\/media\/41300"}],"wp:attachment":[{"href":"https:\/\/blogin.al\/index.php?rest_route=%2Fwp%2Fv2%2Fmedia&parent=41299"}],"wp:term":[{"taxonomy":"category","embeddable":true,"href":"https:\/\/blogin.al\/index.php?rest_route=%2Fwp%2Fv2%2Fcategories&post=41299"},{"taxonomy":"post_tag","embeddable":true,"href":"https:\/\/blogin.al\/index.php?rest_route=%2Fwp%2Fv2%2Ftags&post=41299"}],"curies":[{"name":"wp","href":"https:\/\/api.w.org\/{rel}","templated":true}]}}