{"id":41323,"date":"2023-12-16T08:55:24","date_gmt":"2023-12-16T08:55:24","guid":{"rendered":"https:\/\/blogin.al\/?p=41323"},"modified":"2023-12-16T08:55:25","modified_gmt":"2023-12-16T08:55:25","slug":"sardi-dhe-semi-me-shume-se-miq-olta-gixhari-i-ngacmon-hapur","status":"publish","type":"post","link":"https:\/\/blogin.al\/?p=41323","title":{"rendered":"Sardi dhe Semi m\u00eb shum\u00eb se miq? Olta Gixhari i ngacmon hapur"},"content":{"rendered":"\n<p>Si\u00e7 tham\u00eb, n\u00eb premier\u00ebn e filmit \u20185 Her\u00eb Jo\u2019, pati surpriza jo vet\u00ebm nga protagonist\u00ebt, Bora dhe Donaldi por edhe t\u00eb ftuarit.<\/p>\n\n\n\n<p>Nj\u00eb prej tyre ishte gjithashtu edhe nj\u00eb moment mes artist\u00ebve Sardi dhe Semi t\u00eb cil\u00ebt u shfaq\u00ebn t\u00eb kapur p\u00ebr dore dhe n\u00eb asnj\u00eb moment nuk i pam\u00eb t\u00eb ndar\u00eb.<\/p>\n\n\n\n<p>Kaq mjaftoi q\u00eb n\u00eb rrjet t\u00eb ngriheshin pik\u00ebpyetjet? Jan\u00eb apo jo bashk\u00eb? E nj\u00ebjta pyetje me \u2018stil\u2019 \u00ebsht\u00eb b\u00ebr\u00eb edhe nga Olta sot n\u00eb \u2018Dancing With The Stars\u2019, ku Sardi zgjodhi t\u00eb ndante pist\u00ebn e k\u00ebrcimit pik\u00ebrisht me Semin, t\u00eb cil\u00ebn e prezantoi si nj\u00eb nga mikeshat e tij m\u00eb t\u00eb mira.<\/p>\n\n\n\n<p>Megjithat\u00eb Olta gjeti rastin t\u00eb provokonte duke th\u00ebn\u00eb se mes dy miqsh nuk ka kaq shum\u00eb kimi, t\u00eb cil\u00ebn dyshja e treguan me performanc\u00ebn e tyre. P\u00ebrgjigja e Semit ishte se ata n\u00eb fakt do t\u00eb vijn\u00eb me projekte t\u00eb reja n\u00eb muzik\u00eb.<\/p>\n\n\n\n<p><strong>Olta:<\/strong>&nbsp;M\u00eb p\u00eblqen shum\u00eb q\u00eb e nis\u00ebm me k\u00ebt\u00eb k\u00ebrcim miqsh, q\u00eb vet\u00ebm k\u00ebrcim miqsh nuk mu duk. Tani ma sqaroni pak k\u00ebt\u00eb, shkoni n\u00eb premier\u00eb p\u00ebrdore, vini k\u00ebtu, keni nj\u00eb kimi t\u00eb papar\u00eb bashk\u00eb. Se di un\u00eb me shok\u00ebt e mi nuk kam k\u00ebt\u00eb marr\u00ebdh\u00ebnie. M\u00eb tregoni pak ju lutem<\/p>\n\n\n\n<p><strong>Semi<\/strong>: Kemi disa projekte bashk\u00eb, n\u00eb lidhje me muzik\u00ebn<\/p>\n","protected":false},"excerpt":{"rendered":"<p>Si\u00e7 tham\u00eb, n\u00eb premier\u00ebn e filmit \u20185 Her\u00eb Jo\u2019, pati surpriza jo vet\u00ebm nga protagonist\u00ebt, Bora dhe Donaldi por edhe t\u00eb ftuarit. Nj\u00eb prej tyre ishte gjithashtu edhe nj\u00eb moment mes artist\u00ebve Sardi dhe Semi t\u00eb cil\u00ebt u shfaq\u00ebn t\u00eb kapur p\u00ebr dore dhe n\u00eb asnj\u00eb moment nuk i pam\u00eb t\u00eb ndar\u00eb. Kaq mjaftoi q\u00eb [&hellip;]<\/p>\n","protected":false},"author":2,"featured_media":41324,"comment_status":"open","ping_status":"open","sticky":false,"template":"","format":"standard","meta":{"footnotes":""},"categories":[33],"tags":[],"class_list":{"0":"post-41323","1":"post","2":"type-post","3":"status-publish","4":"format-standard","5":"has-post-thumbnail","7":"category-showbiz"},"yoast_head":"<!-- This site is optimized with the Yoast SEO plugin v27.5 - https:\/\/yoast.com\/product\/yoast-seo-wordpress\/ -->\n<title>Sardi dhe Semi m\u00eb shum\u00eb se miq? Olta Gixhari i ngacmon hapur - blogin.al<\/title>\n<meta name=\"robots\" content=\"index, follow, max-snippet:-1, max-image-preview:large, max-video-preview:-1\" \/>\n<link rel=\"canonical\" href=\"https:\/\/blogin.al\/?p=41323\" \/>\n<meta property=\"og:locale\" content=\"en_US\" \/>\n<meta property=\"og:type\" content=\"article\" \/>\n<meta property=\"og:title\" content=\"Sardi dhe Semi m\u00eb shum\u00eb se miq? Olta Gixhari i ngacmon hapur - blogin.al\" \/>\n<meta property=\"og:description\" content=\"Si\u00e7 tham\u00eb, n\u00eb premier\u00ebn e filmit \u20185 Her\u00eb Jo\u2019, pati surpriza jo vet\u00ebm nga protagonist\u00ebt, Bora dhe Donaldi por edhe t\u00eb ftuarit. Nj\u00eb prej tyre ishte gjithashtu edhe nj\u00eb moment mes artist\u00ebve Sardi dhe Semi t\u00eb cil\u00ebt u shfaq\u00ebn t\u00eb kapur p\u00ebr dore dhe n\u00eb asnj\u00eb moment nuk i pam\u00eb t\u00eb ndar\u00eb. Kaq mjaftoi q\u00eb [&hellip;]\" \/>\n<meta property=\"og:url\" content=\"https:\/\/blogin.al\/?p=41323\" \/>\n<meta property=\"og:site_name\" content=\"blogin.al\" \/>\n<meta property=\"article:published_time\" content=\"2023-12-16T08:55:24+00:00\" \/>\n<meta property=\"article:modified_time\" content=\"2023-12-16T08:55:25+00:00\" \/>\n<meta property=\"og:image\" content=\"https:\/\/blogin.al\/wp-content\/uploads\/2023\/12\/image-113.png\" \/>\n\t<meta property=\"og:image:width\" content=\"750\" \/>\n\t<meta property=\"og:image:height\" content=\"389\" \/>\n\t<meta property=\"og:image:type\" content=\"image\/png\" \/>\n<meta name=\"author\" content=\"Blogin al\" \/>\n<meta name=\"twitter:card\" content=\"summary_large_image\" \/>\n<meta name=\"twitter:label1\" content=\"Written by\" \/>\n\t<meta name=\"twitter:data1\" content=\"Blogin al\" \/>\n\t<meta name=\"twitter:label2\" content=\"Est. reading time\" \/>\n\t<meta name=\"twitter:data2\" content=\"2 minutes\" \/>\n<script type=\"application\/ld+json\" class=\"yoast-schema-graph\">{\"@context\":\"https:\\\/\\\/schema.org\",\"@graph\":[{\"@type\":\"Article\",\"@id\":\"https:\\\/\\\/blogin.al\\\/?p=41323#article\",\"isPartOf\":{\"@id\":\"https:\\\/\\\/blogin.al\\\/?p=41323\"},\"author\":{\"name\":\"Blogin al\",\"@id\":\"https:\\\/\\\/blogin.al\\\/#\\\/schema\\\/person\\\/abdd56bc912cd511db877b852b115399\"},\"headline\":\"Sardi dhe Semi m\u00eb shum\u00eb se miq? Olta Gixhari i ngacmon hapur\",\"datePublished\":\"2023-12-16T08:55:24+00:00\",\"dateModified\":\"2023-12-16T08:55:25+00:00\",\"mainEntityOfPage\":{\"@id\":\"https:\\\/\\\/blogin.al\\\/?p=41323\"},\"wordCount\":251,\"commentCount\":0,\"publisher\":{\"@id\":\"https:\\\/\\\/blogin.al\\\/#organization\"},\"image\":{\"@id\":\"https:\\\/\\\/blogin.al\\\/?p=41323#primaryimage\"},\"thumbnailUrl\":\"https:\\\/\\\/blogin.al\\\/wp-content\\\/uploads\\\/2023\\\/12\\\/image-113.png\",\"articleSection\":[\"SHOWBIZ\"],\"inLanguage\":\"en-US\",\"potentialAction\":[{\"@type\":\"CommentAction\",\"name\":\"Comment\",\"target\":[\"https:\\\/\\\/blogin.al\\\/?p=41323#respond\"]}]},{\"@type\":\"WebPage\",\"@id\":\"https:\\\/\\\/blogin.al\\\/?p=41323\",\"url\":\"https:\\\/\\\/blogin.al\\\/?p=41323\",\"name\":\"Sardi dhe Semi m\u00eb shum\u00eb se miq? Olta Gixhari i ngacmon hapur - blogin.al\",\"isPartOf\":{\"@id\":\"https:\\\/\\\/blogin.al\\\/#website\"},\"primaryImageOfPage\":{\"@id\":\"https:\\\/\\\/blogin.al\\\/?p=41323#primaryimage\"},\"image\":{\"@id\":\"https:\\\/\\\/blogin.al\\\/?p=41323#primaryimage\"},\"thumbnailUrl\":\"https:\\\/\\\/blogin.al\\\/wp-content\\\/uploads\\\/2023\\\/12\\\/image-113.png\",\"datePublished\":\"2023-12-16T08:55:24+00:00\",\"dateModified\":\"2023-12-16T08:55:25+00:00\",\"breadcrumb\":{\"@id\":\"https:\\\/\\\/blogin.al\\\/?p=41323#breadcrumb\"},\"inLanguage\":\"en-US\",\"potentialAction\":[{\"@type\":\"ReadAction\",\"target\":[\"https:\\\/\\\/blogin.al\\\/?p=41323\"]}]},{\"@type\":\"ImageObject\",\"inLanguage\":\"en-US\",\"@id\":\"https:\\\/\\\/blogin.al\\\/?p=41323#primaryimage\",\"url\":\"https:\\\/\\\/blogin.al\\\/wp-content\\\/uploads\\\/2023\\\/12\\\/image-113.png\",\"contentUrl\":\"https:\\\/\\\/blogin.al\\\/wp-content\\\/uploads\\\/2023\\\/12\\\/image-113.png\",\"width\":750,\"height\":389},{\"@type\":\"BreadcrumbList\",\"@id\":\"https:\\\/\\\/blogin.al\\\/?p=41323#breadcrumb\",\"itemListElement\":[{\"@type\":\"ListItem\",\"position\":1,\"name\":\"Home\",\"item\":\"https:\\\/\\\/blogin.al\\\/\"},{\"@type\":\"ListItem\",\"position\":2,\"name\":\"Sardi dhe Semi m\u00eb shum\u00eb se miq? Olta Gixhari i ngacmon hapur\"}]},{\"@type\":\"WebSite\",\"@id\":\"https:\\\/\\\/blogin.al\\\/#website\",\"url\":\"https:\\\/\\\/blogin.al\\\/\",\"name\":\"blogin.al\",\"description\":\"\",\"publisher\":{\"@id\":\"https:\\\/\\\/blogin.al\\\/#organization\"},\"potentialAction\":[{\"@type\":\"SearchAction\",\"target\":{\"@type\":\"EntryPoint\",\"urlTemplate\":\"https:\\\/\\\/blogin.al\\\/?s={search_term_string}\"},\"query-input\":{\"@type\":\"PropertyValueSpecification\",\"valueRequired\":true,\"valueName\":\"search_term_string\"}}],\"inLanguage\":\"en-US\"},{\"@type\":\"Organization\",\"@id\":\"https:\\\/\\\/blogin.al\\\/#organization\",\"name\":\"BLOGIN.al\",\"url\":\"https:\\\/\\\/blogin.al\\\/\",\"logo\":{\"@type\":\"ImageObject\",\"inLanguage\":\"en-US\",\"@id\":\"https:\\\/\\\/blogin.al\\\/#\\\/schema\\\/logo\\\/image\\\/\",\"url\":\"https:\\\/\\\/blogin.al\\\/wp-content\\\/uploads\\\/2022\\\/05\\\/Untitled-2-01-e1652084456514.png\",\"contentUrl\":\"https:\\\/\\\/blogin.al\\\/wp-content\\\/uploads\\\/2022\\\/05\\\/Untitled-2-01-e1652084456514.png\",\"width\":3723,\"height\":1698,\"caption\":\"BLOGIN.al\"},\"image\":{\"@id\":\"https:\\\/\\\/blogin.al\\\/#\\\/schema\\\/logo\\\/image\\\/\"},\"sameAs\":[\"https:\\\/\\\/instagram.com\\\/blogin.al\\\/\"]},{\"@type\":\"Person\",\"@id\":\"https:\\\/\\\/blogin.al\\\/#\\\/schema\\\/person\\\/abdd56bc912cd511db877b852b115399\",\"name\":\"Blogin al\",\"image\":{\"@type\":\"ImageObject\",\"inLanguage\":\"en-US\",\"@id\":\"https:\\\/\\\/secure.gravatar.com\\\/avatar\\\/60d5661aee6e835fb13dc75d2204cd0c1d61bef2efd137c0083e59ef831e235e?s=96&d=mm&r=g\",\"url\":\"https:\\\/\\\/secure.gravatar.com\\\/avatar\\\/60d5661aee6e835fb13dc75d2204cd0c1d61bef2efd137c0083e59ef831e235e?s=96&d=mm&r=g\",\"contentUrl\":\"https:\\\/\\\/secure.gravatar.com\\\/avatar\\\/60d5661aee6e835fb13dc75d2204cd0c1d61bef2efd137c0083e59ef831e235e?s=96&d=mm&r=g\",\"caption\":\"Blogin al\"},\"sameAs\":[\"https:\\\/\\\/blogin.al\"],\"url\":\"https:\\\/\\\/blogin.al\\\/?author=2\"}]}<\/script>\n<!-- \/ Yoast SEO plugin. -->","yoast_head_json":{"title":"Sardi dhe Semi m\u00eb shum\u00eb se miq? Olta Gixhari i ngacmon hapur - blogin.al","robots":{"index":"index","follow":"follow","max-snippet":"max-snippet:-1","max-image-preview":"max-image-preview:large","max-video-preview":"max-video-preview:-1"},"canonical":"https:\/\/blogin.al\/?p=41323","og_locale":"en_US","og_type":"article","og_title":"Sardi dhe Semi m\u00eb shum\u00eb se miq? Olta Gixhari i ngacmon hapur - blogin.al","og_description":"Si\u00e7 tham\u00eb, n\u00eb premier\u00ebn e filmit \u20185 Her\u00eb Jo\u2019, pati surpriza jo vet\u00ebm nga protagonist\u00ebt, Bora dhe Donaldi por edhe t\u00eb ftuarit. Nj\u00eb prej tyre ishte gjithashtu edhe nj\u00eb moment mes artist\u00ebve Sardi dhe Semi t\u00eb cil\u00ebt u shfaq\u00ebn t\u00eb kapur p\u00ebr dore dhe n\u00eb asnj\u00eb moment nuk i pam\u00eb t\u00eb ndar\u00eb. Kaq mjaftoi q\u00eb [&hellip;]","og_url":"https:\/\/blogin.al\/?p=41323","og_site_name":"blogin.al","article_published_time":"2023-12-16T08:55:24+00:00","article_modified_time":"2023-12-16T08:55:25+00:00","og_image":[{"width":750,"height":389,"url":"https:\/\/blogin.al\/wp-content\/uploads\/2023\/12\/image-113.png","type":"image\/png"}],"author":"Blogin al","twitter_card":"summary_large_image","twitter_misc":{"Written by":"Blogin al","Est. reading time":"2 minutes"},"schema":{"@context":"https:\/\/schema.org","@graph":[{"@type":"Article","@id":"https:\/\/blogin.al\/?p=41323#article","isPartOf":{"@id":"https:\/\/blogin.al\/?p=41323"},"author":{"name":"Blogin al","@id":"https:\/\/blogin.al\/#\/schema\/person\/abdd56bc912cd511db877b852b115399"},"headline":"Sardi dhe Semi m\u00eb shum\u00eb se miq? Olta Gixhari i ngacmon hapur","datePublished":"2023-12-16T08:55:24+00:00","dateModified":"2023-12-16T08:55:25+00:00","mainEntityOfPage":{"@id":"https:\/\/blogin.al\/?p=41323"},"wordCount":251,"commentCount":0,"publisher":{"@id":"https:\/\/blogin.al\/#organization"},"image":{"@id":"https:\/\/blogin.al\/?p=41323#primaryimage"},"thumbnailUrl":"https:\/\/blogin.al\/wp-content\/uploads\/2023\/12\/image-113.png","articleSection":["SHOWBIZ"],"inLanguage":"en-US","potentialAction":[{"@type":"CommentAction","name":"Comment","target":["https:\/\/blogin.al\/?p=41323#respond"]}]},{"@type":"WebPage","@id":"https:\/\/blogin.al\/?p=41323","url":"https:\/\/blogin.al\/?p=41323","name":"Sardi dhe Semi m\u00eb shum\u00eb se miq? Olta Gixhari i ngacmon hapur - blogin.al","isPartOf":{"@id":"https:\/\/blogin.al\/#website"},"primaryImageOfPage":{"@id":"https:\/\/blogin.al\/?p=41323#primaryimage"},"image":{"@id":"https:\/\/blogin.al\/?p=41323#primaryimage"},"thumbnailUrl":"https:\/\/blogin.al\/wp-content\/uploads\/2023\/12\/image-113.png","datePublished":"2023-12-16T08:55:24+00:00","dateModified":"2023-12-16T08:55:25+00:00","breadcrumb":{"@id":"https:\/\/blogin.al\/?p=41323#breadcrumb"},"inLanguage":"en-US","potentialAction":[{"@type":"ReadAction","target":["https:\/\/blogin.al\/?p=41323"]}]},{"@type":"ImageObject","inLanguage":"en-US","@id":"https:\/\/blogin.al\/?p=41323#primaryimage","url":"https:\/\/blogin.al\/wp-content\/uploads\/2023\/12\/image-113.png","contentUrl":"https:\/\/blogin.al\/wp-content\/uploads\/2023\/12\/image-113.png","width":750,"height":389},{"@type":"BreadcrumbList","@id":"https:\/\/blogin.al\/?p=41323#breadcrumb","itemListElement":[{"@type":"ListItem","position":1,"name":"Home","item":"https:\/\/blogin.al\/"},{"@type":"ListItem","position":2,"name":"Sardi dhe Semi m\u00eb shum\u00eb se miq? Olta Gixhari i ngacmon hapur"}]},{"@type":"WebSite","@id":"https:\/\/blogin.al\/#website","url":"https:\/\/blogin.al\/","name":"blogin.al","description":"","publisher":{"@id":"https:\/\/blogin.al\/#organization"},"potentialAction":[{"@type":"SearchAction","target":{"@type":"EntryPoint","urlTemplate":"https:\/\/blogin.al\/?s={search_term_string}"},"query-input":{"@type":"PropertyValueSpecification","valueRequired":true,"valueName":"search_term_string"}}],"inLanguage":"en-US"},{"@type":"Organization","@id":"https:\/\/blogin.al\/#organization","name":"BLOGIN.al","url":"https:\/\/blogin.al\/","logo":{"@type":"ImageObject","inLanguage":"en-US","@id":"https:\/\/blogin.al\/#\/schema\/logo\/image\/","url":"https:\/\/blogin.al\/wp-content\/uploads\/2022\/05\/Untitled-2-01-e1652084456514.png","contentUrl":"https:\/\/blogin.al\/wp-content\/uploads\/2022\/05\/Untitled-2-01-e1652084456514.png","width":3723,"height":1698,"caption":"BLOGIN.al"},"image":{"@id":"https:\/\/blogin.al\/#\/schema\/logo\/image\/"},"sameAs":["https:\/\/instagram.com\/blogin.al\/"]},{"@type":"Person","@id":"https:\/\/blogin.al\/#\/schema\/person\/abdd56bc912cd511db877b852b115399","name":"Blogin al","image":{"@type":"ImageObject","inLanguage":"en-US","@id":"https:\/\/secure.gravatar.com\/avatar\/60d5661aee6e835fb13dc75d2204cd0c1d61bef2efd137c0083e59ef831e235e?s=96&d=mm&r=g","url":"https:\/\/secure.gravatar.com\/avatar\/60d5661aee6e835fb13dc75d2204cd0c1d61bef2efd137c0083e59ef831e235e?s=96&d=mm&r=g","contentUrl":"https:\/\/secure.gravatar.com\/avatar\/60d5661aee6e835fb13dc75d2204cd0c1d61bef2efd137c0083e59ef831e235e?s=96&d=mm&r=g","caption":"Blogin al"},"sameAs":["https:\/\/blogin.al"],"url":"https:\/\/blogin.al\/?author=2"}]}},"_links":{"self":[{"href":"https:\/\/blogin.al\/index.php?rest_route=\/wp\/v2\/posts\/41323","targetHints":{"allow":["GET"]}}],"collection":[{"href":"https:\/\/blogin.al\/index.php?rest_route=\/wp\/v2\/posts"}],"about":[{"href":"https:\/\/blogin.al\/index.php?rest_route=\/wp\/v2\/types\/post"}],"author":[{"embeddable":true,"href":"https:\/\/blogin.al\/index.php?rest_route=\/wp\/v2\/users\/2"}],"replies":[{"embeddable":true,"href":"https:\/\/blogin.al\/index.php?rest_route=%2Fwp%2Fv2%2Fcomments&post=41323"}],"version-history":[{"count":1,"href":"https:\/\/blogin.al\/index.php?rest_route=\/wp\/v2\/posts\/41323\/revisions"}],"predecessor-version":[{"id":41325,"href":"https:\/\/blogin.al\/index.php?rest_route=\/wp\/v2\/posts\/41323\/revisions\/41325"}],"wp:featuredmedia":[{"embeddable":true,"href":"https:\/\/blogin.al\/index.php?rest_route=\/wp\/v2\/media\/41324"}],"wp:attachment":[{"href":"https:\/\/blogin.al\/index.php?rest_route=%2Fwp%2Fv2%2Fmedia&parent=41323"}],"wp:term":[{"taxonomy":"category","embeddable":true,"href":"https:\/\/blogin.al\/index.php?rest_route=%2Fwp%2Fv2%2Fcategories&post=41323"},{"taxonomy":"post_tag","embeddable":true,"href":"https:\/\/blogin.al\/index.php?rest_route=%2Fwp%2Fv2%2Ftags&post=41323"}],"curies":[{"name":"wp","href":"https:\/\/api.w.org\/{rel}","templated":true}]}}