{"id":41326,"date":"2023-12-16T09:01:00","date_gmt":"2023-12-16T09:01:00","guid":{"rendered":"https:\/\/blogin.al\/?p=41326"},"modified":"2023-12-16T09:01:01","modified_gmt":"2023-12-16T09:01:01","slug":"nuk-eshte-donaldi-kush-eshte-mashkulli-qe-zgjodhi-unazen-e-fejeses-bora-zemanit","status":"publish","type":"post","link":"https:\/\/blogin.al\/?p=41326","title":{"rendered":"Nuk \u00ebsht\u00eb Donaldi, kush \u00ebsht\u00eb mashkulli q\u00eb zgjodhi unaz\u00ebn e fejes\u00ebs Bora Zemanit?"},"content":{"rendered":"\n<p>Moderatori i njohur Romeo Veshaj mbr\u00ebmjen e djeshme ka k\u00ebrcyer me Fifin n\u00eb \u201cDancing with the Stars\u201d, teksa rr\u00ebmbyen pik\u00ebt maksimale nga juria.<\/p>\n\n\n\n<p>Pas performanc\u00ebs n\u00eb sken\u00ebn e konkursit t\u00eb k\u00ebrcimit, ai ka zbuluar detaje t\u00eb reja p\u00ebr Donaldin dhe Bora Zemanin t\u00eb cil\u00ebt u fejuan disa dit\u00eb m\u00eb par\u00eb gjat\u00eb premier\u00ebs s\u00eb filmit t\u00eb tyre \u201c5 Her\u00eb JO\u201d.<\/p>\n\n\n\n<p>Romeo tregoi se e ka zgjedhur ai unaz\u00ebn q\u00eb v\u00ebllai i tij i propozoi moderatores p\u00ebr martes\u00eb, pasi n\u00ebse Donaldi do t\u00eb futej n\u00eb argjendari do ta kuptonin.<\/p>\n\n\n\n<p>\u201cUnaz\u00ebn ja mora un\u00eb nuk e zgjodhi Donaldi. E kam provuar n\u00eb gishtin tim, prandaj \u00ebsht\u00eb e madhe.&nbsp; Donaldi tha nuk mund te futem n\u00eb argjendari se do kuptohet. E i thash shkon v\u00ebllai, atje m\u00eb than\u00eb: bravo Donaldi sa ke ndryshuar, do martohesh. Pastaj m\u00eb than\u00eb m\u00eb trego vajz\u00ebn, ma p\u00ebrshkruaj. Dhe ju thash ajo ka syt\u00eb m\u00eb t\u00eb bukur n\u00eb bot\u00eb\u201d, ja treguar Romeo duke qeshur.<\/p>\n","protected":false},"excerpt":{"rendered":"<p>Moderatori i njohur Romeo Veshaj mbr\u00ebmjen e djeshme ka k\u00ebrcyer me Fifin n\u00eb \u201cDancing with the Stars\u201d, teksa rr\u00ebmbyen pik\u00ebt maksimale nga juria. Pas performanc\u00ebs n\u00eb sken\u00ebn e konkursit t\u00eb k\u00ebrcimit, ai ka zbuluar detaje t\u00eb reja p\u00ebr Donaldin dhe Bora Zemanin t\u00eb cil\u00ebt u fejuan disa dit\u00eb m\u00eb par\u00eb gjat\u00eb premier\u00ebs s\u00eb filmit t\u00eb [&hellip;]<\/p>\n","protected":false},"author":2,"featured_media":41327,"comment_status":"open","ping_status":"open","sticky":false,"template":"","format":"standard","meta":{"footnotes":""},"categories":[33],"tags":[],"class_list":{"0":"post-41326","1":"post","2":"type-post","3":"status-publish","4":"format-standard","5":"has-post-thumbnail","7":"category-showbiz"},"yoast_head":"<!-- This site is optimized with the Yoast SEO plugin v27.5 - https:\/\/yoast.com\/product\/yoast-seo-wordpress\/ -->\n<title>Nuk \u00ebsht\u00eb Donaldi, kush \u00ebsht\u00eb mashkulli q\u00eb zgjodhi unaz\u00ebn e fejes\u00ebs Bora Zemanit? - blogin.al<\/title>\n<meta name=\"robots\" content=\"index, follow, max-snippet:-1, max-image-preview:large, max-video-preview:-1\" \/>\n<link rel=\"canonical\" href=\"https:\/\/blogin.al\/?p=41326\" \/>\n<meta property=\"og:locale\" content=\"en_US\" \/>\n<meta property=\"og:type\" content=\"article\" \/>\n<meta property=\"og:title\" content=\"Nuk \u00ebsht\u00eb Donaldi, kush \u00ebsht\u00eb mashkulli q\u00eb zgjodhi unaz\u00ebn e fejes\u00ebs Bora Zemanit? - blogin.al\" \/>\n<meta property=\"og:description\" content=\"Moderatori i njohur Romeo Veshaj mbr\u00ebmjen e djeshme ka k\u00ebrcyer me Fifin n\u00eb \u201cDancing with the Stars\u201d, teksa rr\u00ebmbyen pik\u00ebt maksimale nga juria. Pas performanc\u00ebs n\u00eb sken\u00ebn e konkursit t\u00eb k\u00ebrcimit, ai ka zbuluar detaje t\u00eb reja p\u00ebr Donaldin dhe Bora Zemanin t\u00eb cil\u00ebt u fejuan disa dit\u00eb m\u00eb par\u00eb gjat\u00eb premier\u00ebs s\u00eb filmit t\u00eb [&hellip;]\" \/>\n<meta property=\"og:url\" content=\"https:\/\/blogin.al\/?p=41326\" \/>\n<meta property=\"og:site_name\" content=\"blogin.al\" \/>\n<meta property=\"article:published_time\" content=\"2023-12-16T09:01:00+00:00\" \/>\n<meta property=\"article:modified_time\" content=\"2023-12-16T09:01:01+00:00\" \/>\n<meta property=\"og:image\" content=\"https:\/\/blogin.al\/wp-content\/uploads\/2023\/12\/image-114.png\" \/>\n\t<meta property=\"og:image:width\" content=\"828\" \/>\n\t<meta property=\"og:image:height\" content=\"776\" \/>\n\t<meta property=\"og:image:type\" content=\"image\/png\" \/>\n<meta name=\"author\" content=\"Blogin al\" \/>\n<meta name=\"twitter:card\" content=\"summary_large_image\" \/>\n<meta name=\"twitter:label1\" content=\"Written by\" \/>\n\t<meta name=\"twitter:data1\" content=\"Blogin al\" \/>\n\t<meta name=\"twitter:label2\" content=\"Est. reading time\" \/>\n\t<meta name=\"twitter:data2\" content=\"1 minute\" \/>\n<script type=\"application\/ld+json\" class=\"yoast-schema-graph\">{\"@context\":\"https:\\\/\\\/schema.org\",\"@graph\":[{\"@type\":\"Article\",\"@id\":\"https:\\\/\\\/blogin.al\\\/?p=41326#article\",\"isPartOf\":{\"@id\":\"https:\\\/\\\/blogin.al\\\/?p=41326\"},\"author\":{\"name\":\"Blogin al\",\"@id\":\"https:\\\/\\\/blogin.al\\\/#\\\/schema\\\/person\\\/abdd56bc912cd511db877b852b115399\"},\"headline\":\"Nuk \u00ebsht\u00eb Donaldi, kush \u00ebsht\u00eb mashkulli q\u00eb zgjodhi unaz\u00ebn e fejes\u00ebs Bora Zemanit?\",\"datePublished\":\"2023-12-16T09:01:00+00:00\",\"dateModified\":\"2023-12-16T09:01:01+00:00\",\"mainEntityOfPage\":{\"@id\":\"https:\\\/\\\/blogin.al\\\/?p=41326\"},\"wordCount\":188,\"commentCount\":0,\"publisher\":{\"@id\":\"https:\\\/\\\/blogin.al\\\/#organization\"},\"image\":{\"@id\":\"https:\\\/\\\/blogin.al\\\/?p=41326#primaryimage\"},\"thumbnailUrl\":\"https:\\\/\\\/blogin.al\\\/wp-content\\\/uploads\\\/2023\\\/12\\\/image-114.png\",\"articleSection\":[\"SHOWBIZ\"],\"inLanguage\":\"en-US\",\"potentialAction\":[{\"@type\":\"CommentAction\",\"name\":\"Comment\",\"target\":[\"https:\\\/\\\/blogin.al\\\/?p=41326#respond\"]}]},{\"@type\":\"WebPage\",\"@id\":\"https:\\\/\\\/blogin.al\\\/?p=41326\",\"url\":\"https:\\\/\\\/blogin.al\\\/?p=41326\",\"name\":\"Nuk \u00ebsht\u00eb Donaldi, kush \u00ebsht\u00eb mashkulli q\u00eb zgjodhi unaz\u00ebn e fejes\u00ebs Bora Zemanit? - blogin.al\",\"isPartOf\":{\"@id\":\"https:\\\/\\\/blogin.al\\\/#website\"},\"primaryImageOfPage\":{\"@id\":\"https:\\\/\\\/blogin.al\\\/?p=41326#primaryimage\"},\"image\":{\"@id\":\"https:\\\/\\\/blogin.al\\\/?p=41326#primaryimage\"},\"thumbnailUrl\":\"https:\\\/\\\/blogin.al\\\/wp-content\\\/uploads\\\/2023\\\/12\\\/image-114.png\",\"datePublished\":\"2023-12-16T09:01:00+00:00\",\"dateModified\":\"2023-12-16T09:01:01+00:00\",\"breadcrumb\":{\"@id\":\"https:\\\/\\\/blogin.al\\\/?p=41326#breadcrumb\"},\"inLanguage\":\"en-US\",\"potentialAction\":[{\"@type\":\"ReadAction\",\"target\":[\"https:\\\/\\\/blogin.al\\\/?p=41326\"]}]},{\"@type\":\"ImageObject\",\"inLanguage\":\"en-US\",\"@id\":\"https:\\\/\\\/blogin.al\\\/?p=41326#primaryimage\",\"url\":\"https:\\\/\\\/blogin.al\\\/wp-content\\\/uploads\\\/2023\\\/12\\\/image-114.png\",\"contentUrl\":\"https:\\\/\\\/blogin.al\\\/wp-content\\\/uploads\\\/2023\\\/12\\\/image-114.png\",\"width\":828,\"height\":776},{\"@type\":\"BreadcrumbList\",\"@id\":\"https:\\\/\\\/blogin.al\\\/?p=41326#breadcrumb\",\"itemListElement\":[{\"@type\":\"ListItem\",\"position\":1,\"name\":\"Home\",\"item\":\"https:\\\/\\\/blogin.al\\\/\"},{\"@type\":\"ListItem\",\"position\":2,\"name\":\"Nuk \u00ebsht\u00eb Donaldi, kush \u00ebsht\u00eb mashkulli q\u00eb zgjodhi unaz\u00ebn e fejes\u00ebs Bora Zemanit?\"}]},{\"@type\":\"WebSite\",\"@id\":\"https:\\\/\\\/blogin.al\\\/#website\",\"url\":\"https:\\\/\\\/blogin.al\\\/\",\"name\":\"blogin.al\",\"description\":\"\",\"publisher\":{\"@id\":\"https:\\\/\\\/blogin.al\\\/#organization\"},\"potentialAction\":[{\"@type\":\"SearchAction\",\"target\":{\"@type\":\"EntryPoint\",\"urlTemplate\":\"https:\\\/\\\/blogin.al\\\/?s={search_term_string}\"},\"query-input\":{\"@type\":\"PropertyValueSpecification\",\"valueRequired\":true,\"valueName\":\"search_term_string\"}}],\"inLanguage\":\"en-US\"},{\"@type\":\"Organization\",\"@id\":\"https:\\\/\\\/blogin.al\\\/#organization\",\"name\":\"BLOGIN.al\",\"url\":\"https:\\\/\\\/blogin.al\\\/\",\"logo\":{\"@type\":\"ImageObject\",\"inLanguage\":\"en-US\",\"@id\":\"https:\\\/\\\/blogin.al\\\/#\\\/schema\\\/logo\\\/image\\\/\",\"url\":\"https:\\\/\\\/blogin.al\\\/wp-content\\\/uploads\\\/2022\\\/05\\\/Untitled-2-01-e1652084456514.png\",\"contentUrl\":\"https:\\\/\\\/blogin.al\\\/wp-content\\\/uploads\\\/2022\\\/05\\\/Untitled-2-01-e1652084456514.png\",\"width\":3723,\"height\":1698,\"caption\":\"BLOGIN.al\"},\"image\":{\"@id\":\"https:\\\/\\\/blogin.al\\\/#\\\/schema\\\/logo\\\/image\\\/\"},\"sameAs\":[\"https:\\\/\\\/instagram.com\\\/blogin.al\\\/\"]},{\"@type\":\"Person\",\"@id\":\"https:\\\/\\\/blogin.al\\\/#\\\/schema\\\/person\\\/abdd56bc912cd511db877b852b115399\",\"name\":\"Blogin al\",\"image\":{\"@type\":\"ImageObject\",\"inLanguage\":\"en-US\",\"@id\":\"https:\\\/\\\/secure.gravatar.com\\\/avatar\\\/60d5661aee6e835fb13dc75d2204cd0c1d61bef2efd137c0083e59ef831e235e?s=96&d=mm&r=g\",\"url\":\"https:\\\/\\\/secure.gravatar.com\\\/avatar\\\/60d5661aee6e835fb13dc75d2204cd0c1d61bef2efd137c0083e59ef831e235e?s=96&d=mm&r=g\",\"contentUrl\":\"https:\\\/\\\/secure.gravatar.com\\\/avatar\\\/60d5661aee6e835fb13dc75d2204cd0c1d61bef2efd137c0083e59ef831e235e?s=96&d=mm&r=g\",\"caption\":\"Blogin al\"},\"sameAs\":[\"https:\\\/\\\/blogin.al\"],\"url\":\"https:\\\/\\\/blogin.al\\\/?author=2\"}]}<\/script>\n<!-- \/ Yoast SEO plugin. -->","yoast_head_json":{"title":"Nuk \u00ebsht\u00eb Donaldi, kush \u00ebsht\u00eb mashkulli q\u00eb zgjodhi unaz\u00ebn e fejes\u00ebs Bora Zemanit? - blogin.al","robots":{"index":"index","follow":"follow","max-snippet":"max-snippet:-1","max-image-preview":"max-image-preview:large","max-video-preview":"max-video-preview:-1"},"canonical":"https:\/\/blogin.al\/?p=41326","og_locale":"en_US","og_type":"article","og_title":"Nuk \u00ebsht\u00eb Donaldi, kush \u00ebsht\u00eb mashkulli q\u00eb zgjodhi unaz\u00ebn e fejes\u00ebs Bora Zemanit? - blogin.al","og_description":"Moderatori i njohur Romeo Veshaj mbr\u00ebmjen e djeshme ka k\u00ebrcyer me Fifin n\u00eb \u201cDancing with the Stars\u201d, teksa rr\u00ebmbyen pik\u00ebt maksimale nga juria. Pas performanc\u00ebs n\u00eb sken\u00ebn e konkursit t\u00eb k\u00ebrcimit, ai ka zbuluar detaje t\u00eb reja p\u00ebr Donaldin dhe Bora Zemanin t\u00eb cil\u00ebt u fejuan disa dit\u00eb m\u00eb par\u00eb gjat\u00eb premier\u00ebs s\u00eb filmit t\u00eb [&hellip;]","og_url":"https:\/\/blogin.al\/?p=41326","og_site_name":"blogin.al","article_published_time":"2023-12-16T09:01:00+00:00","article_modified_time":"2023-12-16T09:01:01+00:00","og_image":[{"width":828,"height":776,"url":"https:\/\/blogin.al\/wp-content\/uploads\/2023\/12\/image-114.png","type":"image\/png"}],"author":"Blogin al","twitter_card":"summary_large_image","twitter_misc":{"Written by":"Blogin al","Est. reading time":"1 minute"},"schema":{"@context":"https:\/\/schema.org","@graph":[{"@type":"Article","@id":"https:\/\/blogin.al\/?p=41326#article","isPartOf":{"@id":"https:\/\/blogin.al\/?p=41326"},"author":{"name":"Blogin al","@id":"https:\/\/blogin.al\/#\/schema\/person\/abdd56bc912cd511db877b852b115399"},"headline":"Nuk \u00ebsht\u00eb Donaldi, kush \u00ebsht\u00eb mashkulli q\u00eb zgjodhi unaz\u00ebn e fejes\u00ebs Bora Zemanit?","datePublished":"2023-12-16T09:01:00+00:00","dateModified":"2023-12-16T09:01:01+00:00","mainEntityOfPage":{"@id":"https:\/\/blogin.al\/?p=41326"},"wordCount":188,"commentCount":0,"publisher":{"@id":"https:\/\/blogin.al\/#organization"},"image":{"@id":"https:\/\/blogin.al\/?p=41326#primaryimage"},"thumbnailUrl":"https:\/\/blogin.al\/wp-content\/uploads\/2023\/12\/image-114.png","articleSection":["SHOWBIZ"],"inLanguage":"en-US","potentialAction":[{"@type":"CommentAction","name":"Comment","target":["https:\/\/blogin.al\/?p=41326#respond"]}]},{"@type":"WebPage","@id":"https:\/\/blogin.al\/?p=41326","url":"https:\/\/blogin.al\/?p=41326","name":"Nuk \u00ebsht\u00eb Donaldi, kush \u00ebsht\u00eb mashkulli q\u00eb zgjodhi unaz\u00ebn e fejes\u00ebs Bora Zemanit? - blogin.al","isPartOf":{"@id":"https:\/\/blogin.al\/#website"},"primaryImageOfPage":{"@id":"https:\/\/blogin.al\/?p=41326#primaryimage"},"image":{"@id":"https:\/\/blogin.al\/?p=41326#primaryimage"},"thumbnailUrl":"https:\/\/blogin.al\/wp-content\/uploads\/2023\/12\/image-114.png","datePublished":"2023-12-16T09:01:00+00:00","dateModified":"2023-12-16T09:01:01+00:00","breadcrumb":{"@id":"https:\/\/blogin.al\/?p=41326#breadcrumb"},"inLanguage":"en-US","potentialAction":[{"@type":"ReadAction","target":["https:\/\/blogin.al\/?p=41326"]}]},{"@type":"ImageObject","inLanguage":"en-US","@id":"https:\/\/blogin.al\/?p=41326#primaryimage","url":"https:\/\/blogin.al\/wp-content\/uploads\/2023\/12\/image-114.png","contentUrl":"https:\/\/blogin.al\/wp-content\/uploads\/2023\/12\/image-114.png","width":828,"height":776},{"@type":"BreadcrumbList","@id":"https:\/\/blogin.al\/?p=41326#breadcrumb","itemListElement":[{"@type":"ListItem","position":1,"name":"Home","item":"https:\/\/blogin.al\/"},{"@type":"ListItem","position":2,"name":"Nuk \u00ebsht\u00eb Donaldi, kush \u00ebsht\u00eb mashkulli q\u00eb zgjodhi unaz\u00ebn e fejes\u00ebs Bora Zemanit?"}]},{"@type":"WebSite","@id":"https:\/\/blogin.al\/#website","url":"https:\/\/blogin.al\/","name":"blogin.al","description":"","publisher":{"@id":"https:\/\/blogin.al\/#organization"},"potentialAction":[{"@type":"SearchAction","target":{"@type":"EntryPoint","urlTemplate":"https:\/\/blogin.al\/?s={search_term_string}"},"query-input":{"@type":"PropertyValueSpecification","valueRequired":true,"valueName":"search_term_string"}}],"inLanguage":"en-US"},{"@type":"Organization","@id":"https:\/\/blogin.al\/#organization","name":"BLOGIN.al","url":"https:\/\/blogin.al\/","logo":{"@type":"ImageObject","inLanguage":"en-US","@id":"https:\/\/blogin.al\/#\/schema\/logo\/image\/","url":"https:\/\/blogin.al\/wp-content\/uploads\/2022\/05\/Untitled-2-01-e1652084456514.png","contentUrl":"https:\/\/blogin.al\/wp-content\/uploads\/2022\/05\/Untitled-2-01-e1652084456514.png","width":3723,"height":1698,"caption":"BLOGIN.al"},"image":{"@id":"https:\/\/blogin.al\/#\/schema\/logo\/image\/"},"sameAs":["https:\/\/instagram.com\/blogin.al\/"]},{"@type":"Person","@id":"https:\/\/blogin.al\/#\/schema\/person\/abdd56bc912cd511db877b852b115399","name":"Blogin al","image":{"@type":"ImageObject","inLanguage":"en-US","@id":"https:\/\/secure.gravatar.com\/avatar\/60d5661aee6e835fb13dc75d2204cd0c1d61bef2efd137c0083e59ef831e235e?s=96&d=mm&r=g","url":"https:\/\/secure.gravatar.com\/avatar\/60d5661aee6e835fb13dc75d2204cd0c1d61bef2efd137c0083e59ef831e235e?s=96&d=mm&r=g","contentUrl":"https:\/\/secure.gravatar.com\/avatar\/60d5661aee6e835fb13dc75d2204cd0c1d61bef2efd137c0083e59ef831e235e?s=96&d=mm&r=g","caption":"Blogin al"},"sameAs":["https:\/\/blogin.al"],"url":"https:\/\/blogin.al\/?author=2"}]}},"_links":{"self":[{"href":"https:\/\/blogin.al\/index.php?rest_route=\/wp\/v2\/posts\/41326","targetHints":{"allow":["GET"]}}],"collection":[{"href":"https:\/\/blogin.al\/index.php?rest_route=\/wp\/v2\/posts"}],"about":[{"href":"https:\/\/blogin.al\/index.php?rest_route=\/wp\/v2\/types\/post"}],"author":[{"embeddable":true,"href":"https:\/\/blogin.al\/index.php?rest_route=\/wp\/v2\/users\/2"}],"replies":[{"embeddable":true,"href":"https:\/\/blogin.al\/index.php?rest_route=%2Fwp%2Fv2%2Fcomments&post=41326"}],"version-history":[{"count":1,"href":"https:\/\/blogin.al\/index.php?rest_route=\/wp\/v2\/posts\/41326\/revisions"}],"predecessor-version":[{"id":41328,"href":"https:\/\/blogin.al\/index.php?rest_route=\/wp\/v2\/posts\/41326\/revisions\/41328"}],"wp:featuredmedia":[{"embeddable":true,"href":"https:\/\/blogin.al\/index.php?rest_route=\/wp\/v2\/media\/41327"}],"wp:attachment":[{"href":"https:\/\/blogin.al\/index.php?rest_route=%2Fwp%2Fv2%2Fmedia&parent=41326"}],"wp:term":[{"taxonomy":"category","embeddable":true,"href":"https:\/\/blogin.al\/index.php?rest_route=%2Fwp%2Fv2%2Fcategories&post=41326"},{"taxonomy":"post_tag","embeddable":true,"href":"https:\/\/blogin.al\/index.php?rest_route=%2Fwp%2Fv2%2Ftags&post=41326"}],"curies":[{"name":"wp","href":"https:\/\/api.w.org\/{rel}","templated":true}]}}