{"id":41339,"date":"2023-12-16T10:52:15","date_gmt":"2023-12-16T10:52:15","guid":{"rendered":"https:\/\/blogin.al\/?p=41339"},"modified":"2023-12-16T10:52:17","modified_gmt":"2023-12-16T10:52:17","slug":"lumi-i-afert-me-kaderin-dhe-alby-n-banorja-i-shpreh-hapur-pelqimin","status":"publish","type":"post","link":"https:\/\/blogin.al\/?p=41339","title":{"rendered":"Lumi i af\u00ebrt me Kaderin dhe Alby-n, banorja i shpreh hapur p\u00eblqimin"},"content":{"rendered":"\n<p>Gjat\u00eb spektaklit t\u00eb \u201cBig Brother VIP Kosova\u201d \u00ebsht\u00eb transmetuar nj\u00eb video ku protagonist ishin tre banor\u00ebt, Lumbardhi, Kaderi dhe Alby. Pas pamjeve, Kaderi ka shprehur publikisht p\u00eblqimin p\u00ebr Lumbardhin, nd\u00ebrsa ka komentuar raportin me Albyn.<\/p>\n\n\n\n<p><em>\u201cE pash\u00eb q\u00eb Lumi i ka b\u00ebr\u00eb gjestet e nj\u00ebjta edhe me mu edhe me Albyn, ama fjal\u00ebt si ka b\u00eb. Sepse fjal\u00ebt kan\u00eb qen\u00eb krejt ndryshe me Albyn se kam qen\u00eb t\u00ebr\u00eb koh\u00ebn me ta bashk\u00eb. Thjesht Lumi m\u00eb tha \u2018po m\u00eb p\u00eblqen\u2019 edhe i thash \u2018edhe ti po m\u00eb p\u00eblqen\u2019 dhe ia nisi situata me rrjedh\u00eb\u201d, k<\/em>a th\u00ebn\u00eb Kaderi pos tjerash.<\/p>\n\n\n\n<figure class=\"wp-block-embed is-type-video is-provider-youtube wp-block-embed-youtube wp-embed-aspect-16-9 wp-has-aspect-ratio\"><div class=\"wp-block-embed__wrapper\">\n<iframe title=\"Kader shpreh p\u00eblqimin publikisht p\u00ebr Lumbardhin\" width=\"696\" height=\"392\" src=\"https:\/\/www.youtube.com\/embed\/1WPDwCX1xX8?feature=oembed\" frameborder=\"0\" allow=\"accelerometer; autoplay; clipboard-write; encrypted-media; gyroscope; picture-in-picture; web-share\" allowfullscreen><\/iframe>\n<\/div><\/figure>\n","protected":false},"excerpt":{"rendered":"<p>Gjat\u00eb spektaklit t\u00eb \u201cBig Brother VIP Kosova\u201d \u00ebsht\u00eb transmetuar nj\u00eb video ku protagonist ishin tre banor\u00ebt, Lumbardhi, Kaderi dhe Alby. Pas pamjeve, Kaderi ka shprehur publikisht p\u00eblqimin p\u00ebr Lumbardhin, nd\u00ebrsa ka komentuar raportin me Albyn. \u201cE pash\u00eb q\u00eb Lumi i ka b\u00ebr\u00eb gjestet e nj\u00ebjta edhe me mu edhe me Albyn, ama fjal\u00ebt si ka [&hellip;]<\/p>\n","protected":false},"author":2,"featured_media":41340,"comment_status":"open","ping_status":"open","sticky":false,"template":"","format":"standard","meta":{"footnotes":""},"categories":[33],"tags":[],"class_list":{"0":"post-41339","1":"post","2":"type-post","3":"status-publish","4":"format-standard","5":"has-post-thumbnail","7":"category-showbiz"},"yoast_head":"<!-- This site is optimized with the Yoast SEO plugin v27.5 - https:\/\/yoast.com\/product\/yoast-seo-wordpress\/ -->\n<title>Lumi i af\u00ebrt me Kaderin dhe Alby-n, banorja i shpreh hapur p\u00eblqimin - blogin.al<\/title>\n<meta name=\"robots\" content=\"index, follow, max-snippet:-1, max-image-preview:large, max-video-preview:-1\" \/>\n<link rel=\"canonical\" href=\"https:\/\/blogin.al\/?p=41339\" \/>\n<meta property=\"og:locale\" content=\"en_US\" \/>\n<meta property=\"og:type\" content=\"article\" \/>\n<meta property=\"og:title\" content=\"Lumi i af\u00ebrt me Kaderin dhe Alby-n, banorja i shpreh hapur p\u00eblqimin - blogin.al\" \/>\n<meta property=\"og:description\" content=\"Gjat\u00eb spektaklit t\u00eb \u201cBig Brother VIP Kosova\u201d \u00ebsht\u00eb transmetuar nj\u00eb video ku protagonist ishin tre banor\u00ebt, Lumbardhi, Kaderi dhe Alby. Pas pamjeve, Kaderi ka shprehur publikisht p\u00eblqimin p\u00ebr Lumbardhin, nd\u00ebrsa ka komentuar raportin me Albyn. \u201cE pash\u00eb q\u00eb Lumi i ka b\u00ebr\u00eb gjestet e nj\u00ebjta edhe me mu edhe me Albyn, ama fjal\u00ebt si ka [&hellip;]\" \/>\n<meta property=\"og:url\" content=\"https:\/\/blogin.al\/?p=41339\" \/>\n<meta property=\"og:site_name\" content=\"blogin.al\" \/>\n<meta property=\"article:published_time\" content=\"2023-12-16T10:52:15+00:00\" \/>\n<meta property=\"article:modified_time\" content=\"2023-12-16T10:52:17+00:00\" \/>\n<meta property=\"og:image\" content=\"https:\/\/blogin.al\/wp-content\/uploads\/2023\/12\/image-117.png\" \/>\n\t<meta property=\"og:image:width\" content=\"750\" \/>\n\t<meta property=\"og:image:height\" content=\"362\" \/>\n\t<meta property=\"og:image:type\" content=\"image\/png\" \/>\n<meta name=\"author\" content=\"Blogin al\" \/>\n<meta name=\"twitter:card\" content=\"summary_large_image\" \/>\n<meta name=\"twitter:label1\" content=\"Written by\" \/>\n\t<meta name=\"twitter:data1\" content=\"Blogin al\" \/>\n\t<meta name=\"twitter:label2\" content=\"Est. reading time\" \/>\n\t<meta name=\"twitter:data2\" content=\"1 minute\" \/>\n<script type=\"application\/ld+json\" class=\"yoast-schema-graph\">{\"@context\":\"https:\\\/\\\/schema.org\",\"@graph\":[{\"@type\":\"Article\",\"@id\":\"https:\\\/\\\/blogin.al\\\/?p=41339#article\",\"isPartOf\":{\"@id\":\"https:\\\/\\\/blogin.al\\\/?p=41339\"},\"author\":{\"name\":\"Blogin al\",\"@id\":\"https:\\\/\\\/blogin.al\\\/#\\\/schema\\\/person\\\/abdd56bc912cd511db877b852b115399\"},\"headline\":\"Lumi i af\u00ebrt me Kaderin dhe Alby-n, banorja i shpreh hapur p\u00eblqimin\",\"datePublished\":\"2023-12-16T10:52:15+00:00\",\"dateModified\":\"2023-12-16T10:52:17+00:00\",\"mainEntityOfPage\":{\"@id\":\"https:\\\/\\\/blogin.al\\\/?p=41339\"},\"wordCount\":134,\"commentCount\":0,\"publisher\":{\"@id\":\"https:\\\/\\\/blogin.al\\\/#organization\"},\"image\":{\"@id\":\"https:\\\/\\\/blogin.al\\\/?p=41339#primaryimage\"},\"thumbnailUrl\":\"https:\\\/\\\/blogin.al\\\/wp-content\\\/uploads\\\/2023\\\/12\\\/image-117.png\",\"articleSection\":[\"SHOWBIZ\"],\"inLanguage\":\"en-US\",\"potentialAction\":[{\"@type\":\"CommentAction\",\"name\":\"Comment\",\"target\":[\"https:\\\/\\\/blogin.al\\\/?p=41339#respond\"]}]},{\"@type\":\"WebPage\",\"@id\":\"https:\\\/\\\/blogin.al\\\/?p=41339\",\"url\":\"https:\\\/\\\/blogin.al\\\/?p=41339\",\"name\":\"Lumi i af\u00ebrt me Kaderin dhe Alby-n, banorja i shpreh hapur p\u00eblqimin - blogin.al\",\"isPartOf\":{\"@id\":\"https:\\\/\\\/blogin.al\\\/#website\"},\"primaryImageOfPage\":{\"@id\":\"https:\\\/\\\/blogin.al\\\/?p=41339#primaryimage\"},\"image\":{\"@id\":\"https:\\\/\\\/blogin.al\\\/?p=41339#primaryimage\"},\"thumbnailUrl\":\"https:\\\/\\\/blogin.al\\\/wp-content\\\/uploads\\\/2023\\\/12\\\/image-117.png\",\"datePublished\":\"2023-12-16T10:52:15+00:00\",\"dateModified\":\"2023-12-16T10:52:17+00:00\",\"breadcrumb\":{\"@id\":\"https:\\\/\\\/blogin.al\\\/?p=41339#breadcrumb\"},\"inLanguage\":\"en-US\",\"potentialAction\":[{\"@type\":\"ReadAction\",\"target\":[\"https:\\\/\\\/blogin.al\\\/?p=41339\"]}]},{\"@type\":\"ImageObject\",\"inLanguage\":\"en-US\",\"@id\":\"https:\\\/\\\/blogin.al\\\/?p=41339#primaryimage\",\"url\":\"https:\\\/\\\/blogin.al\\\/wp-content\\\/uploads\\\/2023\\\/12\\\/image-117.png\",\"contentUrl\":\"https:\\\/\\\/blogin.al\\\/wp-content\\\/uploads\\\/2023\\\/12\\\/image-117.png\",\"width\":750,\"height\":362},{\"@type\":\"BreadcrumbList\",\"@id\":\"https:\\\/\\\/blogin.al\\\/?p=41339#breadcrumb\",\"itemListElement\":[{\"@type\":\"ListItem\",\"position\":1,\"name\":\"Home\",\"item\":\"https:\\\/\\\/blogin.al\\\/\"},{\"@type\":\"ListItem\",\"position\":2,\"name\":\"Lumi i af\u00ebrt me Kaderin dhe Alby-n, banorja i shpreh hapur p\u00eblqimin\"}]},{\"@type\":\"WebSite\",\"@id\":\"https:\\\/\\\/blogin.al\\\/#website\",\"url\":\"https:\\\/\\\/blogin.al\\\/\",\"name\":\"blogin.al\",\"description\":\"\",\"publisher\":{\"@id\":\"https:\\\/\\\/blogin.al\\\/#organization\"},\"potentialAction\":[{\"@type\":\"SearchAction\",\"target\":{\"@type\":\"EntryPoint\",\"urlTemplate\":\"https:\\\/\\\/blogin.al\\\/?s={search_term_string}\"},\"query-input\":{\"@type\":\"PropertyValueSpecification\",\"valueRequired\":true,\"valueName\":\"search_term_string\"}}],\"inLanguage\":\"en-US\"},{\"@type\":\"Organization\",\"@id\":\"https:\\\/\\\/blogin.al\\\/#organization\",\"name\":\"BLOGIN.al\",\"url\":\"https:\\\/\\\/blogin.al\\\/\",\"logo\":{\"@type\":\"ImageObject\",\"inLanguage\":\"en-US\",\"@id\":\"https:\\\/\\\/blogin.al\\\/#\\\/schema\\\/logo\\\/image\\\/\",\"url\":\"https:\\\/\\\/blogin.al\\\/wp-content\\\/uploads\\\/2022\\\/05\\\/Untitled-2-01-e1652084456514.png\",\"contentUrl\":\"https:\\\/\\\/blogin.al\\\/wp-content\\\/uploads\\\/2022\\\/05\\\/Untitled-2-01-e1652084456514.png\",\"width\":3723,\"height\":1698,\"caption\":\"BLOGIN.al\"},\"image\":{\"@id\":\"https:\\\/\\\/blogin.al\\\/#\\\/schema\\\/logo\\\/image\\\/\"},\"sameAs\":[\"https:\\\/\\\/instagram.com\\\/blogin.al\\\/\"]},{\"@type\":\"Person\",\"@id\":\"https:\\\/\\\/blogin.al\\\/#\\\/schema\\\/person\\\/abdd56bc912cd511db877b852b115399\",\"name\":\"Blogin al\",\"image\":{\"@type\":\"ImageObject\",\"inLanguage\":\"en-US\",\"@id\":\"https:\\\/\\\/secure.gravatar.com\\\/avatar\\\/60d5661aee6e835fb13dc75d2204cd0c1d61bef2efd137c0083e59ef831e235e?s=96&d=mm&r=g\",\"url\":\"https:\\\/\\\/secure.gravatar.com\\\/avatar\\\/60d5661aee6e835fb13dc75d2204cd0c1d61bef2efd137c0083e59ef831e235e?s=96&d=mm&r=g\",\"contentUrl\":\"https:\\\/\\\/secure.gravatar.com\\\/avatar\\\/60d5661aee6e835fb13dc75d2204cd0c1d61bef2efd137c0083e59ef831e235e?s=96&d=mm&r=g\",\"caption\":\"Blogin al\"},\"sameAs\":[\"https:\\\/\\\/blogin.al\"],\"url\":\"https:\\\/\\\/blogin.al\\\/?author=2\"}]}<\/script>\n<!-- \/ Yoast SEO plugin. -->","yoast_head_json":{"title":"Lumi i af\u00ebrt me Kaderin dhe Alby-n, banorja i shpreh hapur p\u00eblqimin - blogin.al","robots":{"index":"index","follow":"follow","max-snippet":"max-snippet:-1","max-image-preview":"max-image-preview:large","max-video-preview":"max-video-preview:-1"},"canonical":"https:\/\/blogin.al\/?p=41339","og_locale":"en_US","og_type":"article","og_title":"Lumi i af\u00ebrt me Kaderin dhe Alby-n, banorja i shpreh hapur p\u00eblqimin - blogin.al","og_description":"Gjat\u00eb spektaklit t\u00eb \u201cBig Brother VIP Kosova\u201d \u00ebsht\u00eb transmetuar nj\u00eb video ku protagonist ishin tre banor\u00ebt, Lumbardhi, Kaderi dhe Alby. Pas pamjeve, Kaderi ka shprehur publikisht p\u00eblqimin p\u00ebr Lumbardhin, nd\u00ebrsa ka komentuar raportin me Albyn. \u201cE pash\u00eb q\u00eb Lumi i ka b\u00ebr\u00eb gjestet e nj\u00ebjta edhe me mu edhe me Albyn, ama fjal\u00ebt si ka [&hellip;]","og_url":"https:\/\/blogin.al\/?p=41339","og_site_name":"blogin.al","article_published_time":"2023-12-16T10:52:15+00:00","article_modified_time":"2023-12-16T10:52:17+00:00","og_image":[{"width":750,"height":362,"url":"https:\/\/blogin.al\/wp-content\/uploads\/2023\/12\/image-117.png","type":"image\/png"}],"author":"Blogin al","twitter_card":"summary_large_image","twitter_misc":{"Written by":"Blogin al","Est. reading time":"1 minute"},"schema":{"@context":"https:\/\/schema.org","@graph":[{"@type":"Article","@id":"https:\/\/blogin.al\/?p=41339#article","isPartOf":{"@id":"https:\/\/blogin.al\/?p=41339"},"author":{"name":"Blogin al","@id":"https:\/\/blogin.al\/#\/schema\/person\/abdd56bc912cd511db877b852b115399"},"headline":"Lumi i af\u00ebrt me Kaderin dhe Alby-n, banorja i shpreh hapur p\u00eblqimin","datePublished":"2023-12-16T10:52:15+00:00","dateModified":"2023-12-16T10:52:17+00:00","mainEntityOfPage":{"@id":"https:\/\/blogin.al\/?p=41339"},"wordCount":134,"commentCount":0,"publisher":{"@id":"https:\/\/blogin.al\/#organization"},"image":{"@id":"https:\/\/blogin.al\/?p=41339#primaryimage"},"thumbnailUrl":"https:\/\/blogin.al\/wp-content\/uploads\/2023\/12\/image-117.png","articleSection":["SHOWBIZ"],"inLanguage":"en-US","potentialAction":[{"@type":"CommentAction","name":"Comment","target":["https:\/\/blogin.al\/?p=41339#respond"]}]},{"@type":"WebPage","@id":"https:\/\/blogin.al\/?p=41339","url":"https:\/\/blogin.al\/?p=41339","name":"Lumi i af\u00ebrt me Kaderin dhe Alby-n, banorja i shpreh hapur p\u00eblqimin - blogin.al","isPartOf":{"@id":"https:\/\/blogin.al\/#website"},"primaryImageOfPage":{"@id":"https:\/\/blogin.al\/?p=41339#primaryimage"},"image":{"@id":"https:\/\/blogin.al\/?p=41339#primaryimage"},"thumbnailUrl":"https:\/\/blogin.al\/wp-content\/uploads\/2023\/12\/image-117.png","datePublished":"2023-12-16T10:52:15+00:00","dateModified":"2023-12-16T10:52:17+00:00","breadcrumb":{"@id":"https:\/\/blogin.al\/?p=41339#breadcrumb"},"inLanguage":"en-US","potentialAction":[{"@type":"ReadAction","target":["https:\/\/blogin.al\/?p=41339"]}]},{"@type":"ImageObject","inLanguage":"en-US","@id":"https:\/\/blogin.al\/?p=41339#primaryimage","url":"https:\/\/blogin.al\/wp-content\/uploads\/2023\/12\/image-117.png","contentUrl":"https:\/\/blogin.al\/wp-content\/uploads\/2023\/12\/image-117.png","width":750,"height":362},{"@type":"BreadcrumbList","@id":"https:\/\/blogin.al\/?p=41339#breadcrumb","itemListElement":[{"@type":"ListItem","position":1,"name":"Home","item":"https:\/\/blogin.al\/"},{"@type":"ListItem","position":2,"name":"Lumi i af\u00ebrt me Kaderin dhe Alby-n, banorja i shpreh hapur p\u00eblqimin"}]},{"@type":"WebSite","@id":"https:\/\/blogin.al\/#website","url":"https:\/\/blogin.al\/","name":"blogin.al","description":"","publisher":{"@id":"https:\/\/blogin.al\/#organization"},"potentialAction":[{"@type":"SearchAction","target":{"@type":"EntryPoint","urlTemplate":"https:\/\/blogin.al\/?s={search_term_string}"},"query-input":{"@type":"PropertyValueSpecification","valueRequired":true,"valueName":"search_term_string"}}],"inLanguage":"en-US"},{"@type":"Organization","@id":"https:\/\/blogin.al\/#organization","name":"BLOGIN.al","url":"https:\/\/blogin.al\/","logo":{"@type":"ImageObject","inLanguage":"en-US","@id":"https:\/\/blogin.al\/#\/schema\/logo\/image\/","url":"https:\/\/blogin.al\/wp-content\/uploads\/2022\/05\/Untitled-2-01-e1652084456514.png","contentUrl":"https:\/\/blogin.al\/wp-content\/uploads\/2022\/05\/Untitled-2-01-e1652084456514.png","width":3723,"height":1698,"caption":"BLOGIN.al"},"image":{"@id":"https:\/\/blogin.al\/#\/schema\/logo\/image\/"},"sameAs":["https:\/\/instagram.com\/blogin.al\/"]},{"@type":"Person","@id":"https:\/\/blogin.al\/#\/schema\/person\/abdd56bc912cd511db877b852b115399","name":"Blogin al","image":{"@type":"ImageObject","inLanguage":"en-US","@id":"https:\/\/secure.gravatar.com\/avatar\/60d5661aee6e835fb13dc75d2204cd0c1d61bef2efd137c0083e59ef831e235e?s=96&d=mm&r=g","url":"https:\/\/secure.gravatar.com\/avatar\/60d5661aee6e835fb13dc75d2204cd0c1d61bef2efd137c0083e59ef831e235e?s=96&d=mm&r=g","contentUrl":"https:\/\/secure.gravatar.com\/avatar\/60d5661aee6e835fb13dc75d2204cd0c1d61bef2efd137c0083e59ef831e235e?s=96&d=mm&r=g","caption":"Blogin al"},"sameAs":["https:\/\/blogin.al"],"url":"https:\/\/blogin.al\/?author=2"}]}},"_links":{"self":[{"href":"https:\/\/blogin.al\/index.php?rest_route=\/wp\/v2\/posts\/41339","targetHints":{"allow":["GET"]}}],"collection":[{"href":"https:\/\/blogin.al\/index.php?rest_route=\/wp\/v2\/posts"}],"about":[{"href":"https:\/\/blogin.al\/index.php?rest_route=\/wp\/v2\/types\/post"}],"author":[{"embeddable":true,"href":"https:\/\/blogin.al\/index.php?rest_route=\/wp\/v2\/users\/2"}],"replies":[{"embeddable":true,"href":"https:\/\/blogin.al\/index.php?rest_route=%2Fwp%2Fv2%2Fcomments&post=41339"}],"version-history":[{"count":1,"href":"https:\/\/blogin.al\/index.php?rest_route=\/wp\/v2\/posts\/41339\/revisions"}],"predecessor-version":[{"id":41341,"href":"https:\/\/blogin.al\/index.php?rest_route=\/wp\/v2\/posts\/41339\/revisions\/41341"}],"wp:featuredmedia":[{"embeddable":true,"href":"https:\/\/blogin.al\/index.php?rest_route=\/wp\/v2\/media\/41340"}],"wp:attachment":[{"href":"https:\/\/blogin.al\/index.php?rest_route=%2Fwp%2Fv2%2Fmedia&parent=41339"}],"wp:term":[{"taxonomy":"category","embeddable":true,"href":"https:\/\/blogin.al\/index.php?rest_route=%2Fwp%2Fv2%2Fcategories&post=41339"},{"taxonomy":"post_tag","embeddable":true,"href":"https:\/\/blogin.al\/index.php?rest_route=%2Fwp%2Fv2%2Ftags&post=41339"}],"curies":[{"name":"wp","href":"https:\/\/api.w.org\/{rel}","templated":true}]}}