{"id":41397,"date":"2023-12-18T08:53:28","date_gmt":"2023-12-18T08:53:28","guid":{"rendered":"https:\/\/blogin.al\/?p=41397"},"modified":"2023-12-18T13:39:29","modified_gmt":"2023-12-18T13:39:29","slug":"je-shume-i-poshter-ronaldo-e-pyeti-per-ndarjen-nga-ledri-sara-hoxha-shperthen-keq-ndaj-moderatorit","status":"publish","type":"post","link":"https:\/\/blogin.al\/?p=41397","title":{"rendered":"\u201cJe shum\u00eb i posht\u00ebr\u201d- Ronaldo e pyeti p\u00ebr ndarjen nga Ledri, Sara Hoxha shp\u00ebrthen keq ndaj moderatorit"},"content":{"rendered":"\n<p>Sara Hoxha ishte nd\u00ebr pjes\u00ebmarr\u00ebsit n\u00eb premir\u00ebn e filmit \u201c5 Her\u00eb JO\u201d, ku Bora Zemani dhe Donald Veshaj jan\u00eb protagonist\u00ebt kryesor\u00eb.<\/p>\n\n\n\n<p>Teksa po parakalonte n\u00eb tapetin e kuq ajo nuk i shp\u00ebtoi as pytjeve pikante t\u00eb moderatorit Ronaldo Veshaj, i cili e pyeti Sar\u00ebn p\u00ebr marr\u00ebdh\u00ebnien me ish-partnerin e saj, k\u00ebng\u00ebtarin e njohur Ledri Vula.<\/p>\n\n\n\n<p><em>\u201cKur do t\u00eb dilni n\u00eb nj\u00eb reagim ti dhe Ledri p\u00ebr situat\u00ebn tuaj\u201d<\/em>\u2013 pyeti Ronaldo.<\/p>\n\n\n\n<p><em>\u201cUn\u00eb dhe Ledri do t\u00eb b\u00ebjm\u00eb nj\u00eb reagim publik p\u00ebr situat\u00ebn ton\u00eb kur t\u00eb jemi gati. Do t\u00eb themi \u00e7far\u00eb t\u00eb duam ne q\u00eb ju t\u00eb dini.\u201d-<\/em>&nbsp;u shpreh Sara, duke mos treguar m\u00eb shum\u00eb detaje p\u00ebr ndarjen e tyre.<\/p>\n\n\n\n<p><strong>Pjes\u00eb nga Intervista<\/strong><\/p>\n\n\n\n<p><strong>Ronaldo<\/strong>: Personazhi m\u00eb i p\u00ebrfolur i momentit! Kur do e sqarosh k\u00ebt\u00eb pun\u00eb?<\/p>\n\n\n\n<p><strong>Sara<\/strong>: \u00c7far\u00eb pune? Q\u00eb jam nj\u00eb aktore e shk\u00eblqyer?<\/p>\n\n\n\n<p><strong>Ronaldo<\/strong>: Kur do dilni me nj\u00eb reagim publik ti dhe Ledri p\u00ebr situat\u00ebn tuaj?<\/p>\n\n\n\n<p><strong>Sara<\/strong>: Kur te jemi gati<\/p>\n\n\n\n<p><strong>Ronaldo<\/strong>: Gati p\u00ebr \u00e7far\u00eb?<\/p>\n\n\n\n<p><strong>Sara<\/strong>: Ndaj je eleminuar nga Big-u, duhet t\u00eb ndalosh t\u2019i jap\u00ebsh goj\u00ebs kaq shum\u00eb! Je shum\u00eb i posht\u00ebr, para intervist\u00ebs m\u00eb the nuk do ma b\u00ebje k\u00ebt\u00eb pyetje!<\/p>\n\n\n\n<p><strong>Ronaldo<\/strong>: Po t\u00eb jeni gati p\u00ebr \u00e7far\u00eb?<\/p>\n\n\n\n<p><strong>Sara<\/strong>: Gati p\u00ebr \u00e7far\u00eb t\u00eb duam ne q\u00eb ju t\u00eb dini<\/p>\n\n\n\n<p><strong>Ronaldo<\/strong>: Jeni bashk\u00eb apo jo?<\/p>\n\n\n\n<p>Pas k\u00ebsaj Sara ik\u00ebn e acaruar nga intervista duke mos dh\u00ebn\u00eb asnj\u00eb p\u00ebrgjigje m\u00eb tep\u00ebr.<\/p>\n","protected":false},"excerpt":{"rendered":"<p>Sara Hoxha ishte nd\u00ebr pjes\u00ebmarr\u00ebsit n\u00eb premir\u00ebn e filmit \u201c5 Her\u00eb JO\u201d, ku Bora Zemani dhe Donald Veshaj jan\u00eb protagonist\u00ebt kryesor\u00eb. Teksa po parakalonte n\u00eb tapetin e kuq ajo nuk i shp\u00ebtoi as pytjeve pikante t\u00eb moderatorit Ronaldo Veshaj, i cili e pyeti Sar\u00ebn p\u00ebr marr\u00ebdh\u00ebnien me ish-partnerin e saj, k\u00ebng\u00ebtarin e njohur Ledri Vula. [&hellip;]<\/p>\n","protected":false},"author":2,"featured_media":38403,"comment_status":"open","ping_status":"open","sticky":false,"template":"","format":"standard","meta":{"footnotes":""},"categories":[33],"tags":[],"class_list":{"0":"post-41397","1":"post","2":"type-post","3":"status-publish","4":"format-standard","5":"has-post-thumbnail","7":"category-showbiz"},"yoast_head":"<!-- This site is optimized with the Yoast SEO plugin v27.5 - https:\/\/yoast.com\/product\/yoast-seo-wordpress\/ -->\n<title>\u201cJe shum\u00eb i posht\u00ebr\u201d- Ronaldo e pyeti p\u00ebr ndarjen nga Ledri, Sara Hoxha shp\u00ebrthen keq ndaj moderatorit - blogin.al<\/title>\n<meta name=\"robots\" content=\"index, follow, max-snippet:-1, max-image-preview:large, max-video-preview:-1\" \/>\n<link rel=\"canonical\" href=\"https:\/\/blogin.al\/?p=41397\" \/>\n<meta property=\"og:locale\" content=\"en_US\" \/>\n<meta property=\"og:type\" content=\"article\" \/>\n<meta property=\"og:title\" content=\"\u201cJe shum\u00eb i posht\u00ebr\u201d- Ronaldo e pyeti p\u00ebr ndarjen nga Ledri, Sara Hoxha shp\u00ebrthen keq ndaj moderatorit - blogin.al\" \/>\n<meta property=\"og:description\" content=\"Sara Hoxha ishte nd\u00ebr pjes\u00ebmarr\u00ebsit n\u00eb premir\u00ebn e filmit \u201c5 Her\u00eb JO\u201d, ku Bora Zemani dhe Donald Veshaj jan\u00eb protagonist\u00ebt kryesor\u00eb. Teksa po parakalonte n\u00eb tapetin e kuq ajo nuk i shp\u00ebtoi as pytjeve pikante t\u00eb moderatorit Ronaldo Veshaj, i cili e pyeti Sar\u00ebn p\u00ebr marr\u00ebdh\u00ebnien me ish-partnerin e saj, k\u00ebng\u00ebtarin e njohur Ledri Vula. [&hellip;]\" \/>\n<meta property=\"og:url\" content=\"https:\/\/blogin.al\/?p=41397\" \/>\n<meta property=\"og:site_name\" content=\"blogin.al\" \/>\n<meta property=\"article:published_time\" content=\"2023-12-18T08:53:28+00:00\" \/>\n<meta property=\"article:modified_time\" content=\"2023-12-18T13:39:29+00:00\" \/>\n<meta property=\"og:image\" content=\"https:\/\/blogin.al\/wp-content\/uploads\/2023\/10\/image-27.png\" \/>\n\t<meta property=\"og:image:width\" content=\"1280\" \/>\n\t<meta property=\"og:image:height\" content=\"720\" \/>\n\t<meta property=\"og:image:type\" content=\"image\/png\" \/>\n<meta name=\"author\" content=\"Blogin al\" \/>\n<meta name=\"twitter:card\" content=\"summary_large_image\" \/>\n<meta name=\"twitter:label1\" content=\"Written by\" \/>\n\t<meta name=\"twitter:data1\" content=\"Blogin al\" \/>\n\t<meta name=\"twitter:label2\" content=\"Est. reading time\" \/>\n\t<meta name=\"twitter:data2\" content=\"2 minutes\" \/>\n<script type=\"application\/ld+json\" class=\"yoast-schema-graph\">{\"@context\":\"https:\\\/\\\/schema.org\",\"@graph\":[{\"@type\":\"Article\",\"@id\":\"https:\\\/\\\/blogin.al\\\/?p=41397#article\",\"isPartOf\":{\"@id\":\"https:\\\/\\\/blogin.al\\\/?p=41397\"},\"author\":{\"name\":\"Blogin al\",\"@id\":\"https:\\\/\\\/blogin.al\\\/#\\\/schema\\\/person\\\/abdd56bc912cd511db877b852b115399\"},\"headline\":\"\u201cJe shum\u00eb i posht\u00ebr\u201d- Ronaldo e pyeti p\u00ebr ndarjen nga Ledri, Sara Hoxha shp\u00ebrthen keq ndaj moderatorit\",\"datePublished\":\"2023-12-18T08:53:28+00:00\",\"dateModified\":\"2023-12-18T13:39:29+00:00\",\"mainEntityOfPage\":{\"@id\":\"https:\\\/\\\/blogin.al\\\/?p=41397\"},\"wordCount\":284,\"commentCount\":0,\"publisher\":{\"@id\":\"https:\\\/\\\/blogin.al\\\/#organization\"},\"image\":{\"@id\":\"https:\\\/\\\/blogin.al\\\/?p=41397#primaryimage\"},\"thumbnailUrl\":\"https:\\\/\\\/blogin.al\\\/wp-content\\\/uploads\\\/2023\\\/10\\\/image-27.png\",\"articleSection\":[\"SHOWBIZ\"],\"inLanguage\":\"en-US\",\"potentialAction\":[{\"@type\":\"CommentAction\",\"name\":\"Comment\",\"target\":[\"https:\\\/\\\/blogin.al\\\/?p=41397#respond\"]}]},{\"@type\":\"WebPage\",\"@id\":\"https:\\\/\\\/blogin.al\\\/?p=41397\",\"url\":\"https:\\\/\\\/blogin.al\\\/?p=41397\",\"name\":\"\u201cJe shum\u00eb i posht\u00ebr\u201d- Ronaldo e pyeti p\u00ebr ndarjen nga Ledri, Sara Hoxha shp\u00ebrthen keq ndaj moderatorit - blogin.al\",\"isPartOf\":{\"@id\":\"https:\\\/\\\/blogin.al\\\/#website\"},\"primaryImageOfPage\":{\"@id\":\"https:\\\/\\\/blogin.al\\\/?p=41397#primaryimage\"},\"image\":{\"@id\":\"https:\\\/\\\/blogin.al\\\/?p=41397#primaryimage\"},\"thumbnailUrl\":\"https:\\\/\\\/blogin.al\\\/wp-content\\\/uploads\\\/2023\\\/10\\\/image-27.png\",\"datePublished\":\"2023-12-18T08:53:28+00:00\",\"dateModified\":\"2023-12-18T13:39:29+00:00\",\"breadcrumb\":{\"@id\":\"https:\\\/\\\/blogin.al\\\/?p=41397#breadcrumb\"},\"inLanguage\":\"en-US\",\"potentialAction\":[{\"@type\":\"ReadAction\",\"target\":[\"https:\\\/\\\/blogin.al\\\/?p=41397\"]}]},{\"@type\":\"ImageObject\",\"inLanguage\":\"en-US\",\"@id\":\"https:\\\/\\\/blogin.al\\\/?p=41397#primaryimage\",\"url\":\"https:\\\/\\\/blogin.al\\\/wp-content\\\/uploads\\\/2023\\\/10\\\/image-27.png\",\"contentUrl\":\"https:\\\/\\\/blogin.al\\\/wp-content\\\/uploads\\\/2023\\\/10\\\/image-27.png\",\"width\":1280,\"height\":720},{\"@type\":\"BreadcrumbList\",\"@id\":\"https:\\\/\\\/blogin.al\\\/?p=41397#breadcrumb\",\"itemListElement\":[{\"@type\":\"ListItem\",\"position\":1,\"name\":\"Home\",\"item\":\"https:\\\/\\\/blogin.al\\\/\"},{\"@type\":\"ListItem\",\"position\":2,\"name\":\"\u201cJe shum\u00eb i posht\u00ebr\u201d- Ronaldo e pyeti p\u00ebr ndarjen nga Ledri, Sara Hoxha shp\u00ebrthen keq ndaj moderatorit\"}]},{\"@type\":\"WebSite\",\"@id\":\"https:\\\/\\\/blogin.al\\\/#website\",\"url\":\"https:\\\/\\\/blogin.al\\\/\",\"name\":\"blogin.al\",\"description\":\"\",\"publisher\":{\"@id\":\"https:\\\/\\\/blogin.al\\\/#organization\"},\"potentialAction\":[{\"@type\":\"SearchAction\",\"target\":{\"@type\":\"EntryPoint\",\"urlTemplate\":\"https:\\\/\\\/blogin.al\\\/?s={search_term_string}\"},\"query-input\":{\"@type\":\"PropertyValueSpecification\",\"valueRequired\":true,\"valueName\":\"search_term_string\"}}],\"inLanguage\":\"en-US\"},{\"@type\":\"Organization\",\"@id\":\"https:\\\/\\\/blogin.al\\\/#organization\",\"name\":\"BLOGIN.al\",\"url\":\"https:\\\/\\\/blogin.al\\\/\",\"logo\":{\"@type\":\"ImageObject\",\"inLanguage\":\"en-US\",\"@id\":\"https:\\\/\\\/blogin.al\\\/#\\\/schema\\\/logo\\\/image\\\/\",\"url\":\"https:\\\/\\\/blogin.al\\\/wp-content\\\/uploads\\\/2022\\\/05\\\/Untitled-2-01-e1652084456514.png\",\"contentUrl\":\"https:\\\/\\\/blogin.al\\\/wp-content\\\/uploads\\\/2022\\\/05\\\/Untitled-2-01-e1652084456514.png\",\"width\":3723,\"height\":1698,\"caption\":\"BLOGIN.al\"},\"image\":{\"@id\":\"https:\\\/\\\/blogin.al\\\/#\\\/schema\\\/logo\\\/image\\\/\"},\"sameAs\":[\"https:\\\/\\\/instagram.com\\\/blogin.al\\\/\"]},{\"@type\":\"Person\",\"@id\":\"https:\\\/\\\/blogin.al\\\/#\\\/schema\\\/person\\\/abdd56bc912cd511db877b852b115399\",\"name\":\"Blogin al\",\"image\":{\"@type\":\"ImageObject\",\"inLanguage\":\"en-US\",\"@id\":\"https:\\\/\\\/secure.gravatar.com\\\/avatar\\\/60d5661aee6e835fb13dc75d2204cd0c1d61bef2efd137c0083e59ef831e235e?s=96&d=mm&r=g\",\"url\":\"https:\\\/\\\/secure.gravatar.com\\\/avatar\\\/60d5661aee6e835fb13dc75d2204cd0c1d61bef2efd137c0083e59ef831e235e?s=96&d=mm&r=g\",\"contentUrl\":\"https:\\\/\\\/secure.gravatar.com\\\/avatar\\\/60d5661aee6e835fb13dc75d2204cd0c1d61bef2efd137c0083e59ef831e235e?s=96&d=mm&r=g\",\"caption\":\"Blogin al\"},\"sameAs\":[\"https:\\\/\\\/blogin.al\"],\"url\":\"https:\\\/\\\/blogin.al\\\/?author=2\"}]}<\/script>\n<!-- \/ Yoast SEO plugin. -->","yoast_head_json":{"title":"\u201cJe shum\u00eb i posht\u00ebr\u201d- Ronaldo e pyeti p\u00ebr ndarjen nga Ledri, Sara Hoxha shp\u00ebrthen keq ndaj moderatorit - blogin.al","robots":{"index":"index","follow":"follow","max-snippet":"max-snippet:-1","max-image-preview":"max-image-preview:large","max-video-preview":"max-video-preview:-1"},"canonical":"https:\/\/blogin.al\/?p=41397","og_locale":"en_US","og_type":"article","og_title":"\u201cJe shum\u00eb i posht\u00ebr\u201d- Ronaldo e pyeti p\u00ebr ndarjen nga Ledri, Sara Hoxha shp\u00ebrthen keq ndaj moderatorit - blogin.al","og_description":"Sara Hoxha ishte nd\u00ebr pjes\u00ebmarr\u00ebsit n\u00eb premir\u00ebn e filmit \u201c5 Her\u00eb JO\u201d, ku Bora Zemani dhe Donald Veshaj jan\u00eb protagonist\u00ebt kryesor\u00eb. Teksa po parakalonte n\u00eb tapetin e kuq ajo nuk i shp\u00ebtoi as pytjeve pikante t\u00eb moderatorit Ronaldo Veshaj, i cili e pyeti Sar\u00ebn p\u00ebr marr\u00ebdh\u00ebnien me ish-partnerin e saj, k\u00ebng\u00ebtarin e njohur Ledri Vula. [&hellip;]","og_url":"https:\/\/blogin.al\/?p=41397","og_site_name":"blogin.al","article_published_time":"2023-12-18T08:53:28+00:00","article_modified_time":"2023-12-18T13:39:29+00:00","og_image":[{"width":1280,"height":720,"url":"https:\/\/blogin.al\/wp-content\/uploads\/2023\/10\/image-27.png","type":"image\/png"}],"author":"Blogin al","twitter_card":"summary_large_image","twitter_misc":{"Written by":"Blogin al","Est. reading time":"2 minutes"},"schema":{"@context":"https:\/\/schema.org","@graph":[{"@type":"Article","@id":"https:\/\/blogin.al\/?p=41397#article","isPartOf":{"@id":"https:\/\/blogin.al\/?p=41397"},"author":{"name":"Blogin al","@id":"https:\/\/blogin.al\/#\/schema\/person\/abdd56bc912cd511db877b852b115399"},"headline":"\u201cJe shum\u00eb i posht\u00ebr\u201d- Ronaldo e pyeti p\u00ebr ndarjen nga Ledri, Sara Hoxha shp\u00ebrthen keq ndaj moderatorit","datePublished":"2023-12-18T08:53:28+00:00","dateModified":"2023-12-18T13:39:29+00:00","mainEntityOfPage":{"@id":"https:\/\/blogin.al\/?p=41397"},"wordCount":284,"commentCount":0,"publisher":{"@id":"https:\/\/blogin.al\/#organization"},"image":{"@id":"https:\/\/blogin.al\/?p=41397#primaryimage"},"thumbnailUrl":"https:\/\/blogin.al\/wp-content\/uploads\/2023\/10\/image-27.png","articleSection":["SHOWBIZ"],"inLanguage":"en-US","potentialAction":[{"@type":"CommentAction","name":"Comment","target":["https:\/\/blogin.al\/?p=41397#respond"]}]},{"@type":"WebPage","@id":"https:\/\/blogin.al\/?p=41397","url":"https:\/\/blogin.al\/?p=41397","name":"\u201cJe shum\u00eb i posht\u00ebr\u201d- Ronaldo e pyeti p\u00ebr ndarjen nga Ledri, Sara Hoxha shp\u00ebrthen keq ndaj moderatorit - blogin.al","isPartOf":{"@id":"https:\/\/blogin.al\/#website"},"primaryImageOfPage":{"@id":"https:\/\/blogin.al\/?p=41397#primaryimage"},"image":{"@id":"https:\/\/blogin.al\/?p=41397#primaryimage"},"thumbnailUrl":"https:\/\/blogin.al\/wp-content\/uploads\/2023\/10\/image-27.png","datePublished":"2023-12-18T08:53:28+00:00","dateModified":"2023-12-18T13:39:29+00:00","breadcrumb":{"@id":"https:\/\/blogin.al\/?p=41397#breadcrumb"},"inLanguage":"en-US","potentialAction":[{"@type":"ReadAction","target":["https:\/\/blogin.al\/?p=41397"]}]},{"@type":"ImageObject","inLanguage":"en-US","@id":"https:\/\/blogin.al\/?p=41397#primaryimage","url":"https:\/\/blogin.al\/wp-content\/uploads\/2023\/10\/image-27.png","contentUrl":"https:\/\/blogin.al\/wp-content\/uploads\/2023\/10\/image-27.png","width":1280,"height":720},{"@type":"BreadcrumbList","@id":"https:\/\/blogin.al\/?p=41397#breadcrumb","itemListElement":[{"@type":"ListItem","position":1,"name":"Home","item":"https:\/\/blogin.al\/"},{"@type":"ListItem","position":2,"name":"\u201cJe shum\u00eb i posht\u00ebr\u201d- Ronaldo e pyeti p\u00ebr ndarjen nga Ledri, Sara Hoxha shp\u00ebrthen keq ndaj moderatorit"}]},{"@type":"WebSite","@id":"https:\/\/blogin.al\/#website","url":"https:\/\/blogin.al\/","name":"blogin.al","description":"","publisher":{"@id":"https:\/\/blogin.al\/#organization"},"potentialAction":[{"@type":"SearchAction","target":{"@type":"EntryPoint","urlTemplate":"https:\/\/blogin.al\/?s={search_term_string}"},"query-input":{"@type":"PropertyValueSpecification","valueRequired":true,"valueName":"search_term_string"}}],"inLanguage":"en-US"},{"@type":"Organization","@id":"https:\/\/blogin.al\/#organization","name":"BLOGIN.al","url":"https:\/\/blogin.al\/","logo":{"@type":"ImageObject","inLanguage":"en-US","@id":"https:\/\/blogin.al\/#\/schema\/logo\/image\/","url":"https:\/\/blogin.al\/wp-content\/uploads\/2022\/05\/Untitled-2-01-e1652084456514.png","contentUrl":"https:\/\/blogin.al\/wp-content\/uploads\/2022\/05\/Untitled-2-01-e1652084456514.png","width":3723,"height":1698,"caption":"BLOGIN.al"},"image":{"@id":"https:\/\/blogin.al\/#\/schema\/logo\/image\/"},"sameAs":["https:\/\/instagram.com\/blogin.al\/"]},{"@type":"Person","@id":"https:\/\/blogin.al\/#\/schema\/person\/abdd56bc912cd511db877b852b115399","name":"Blogin al","image":{"@type":"ImageObject","inLanguage":"en-US","@id":"https:\/\/secure.gravatar.com\/avatar\/60d5661aee6e835fb13dc75d2204cd0c1d61bef2efd137c0083e59ef831e235e?s=96&d=mm&r=g","url":"https:\/\/secure.gravatar.com\/avatar\/60d5661aee6e835fb13dc75d2204cd0c1d61bef2efd137c0083e59ef831e235e?s=96&d=mm&r=g","contentUrl":"https:\/\/secure.gravatar.com\/avatar\/60d5661aee6e835fb13dc75d2204cd0c1d61bef2efd137c0083e59ef831e235e?s=96&d=mm&r=g","caption":"Blogin al"},"sameAs":["https:\/\/blogin.al"],"url":"https:\/\/blogin.al\/?author=2"}]}},"_links":{"self":[{"href":"https:\/\/blogin.al\/index.php?rest_route=\/wp\/v2\/posts\/41397","targetHints":{"allow":["GET"]}}],"collection":[{"href":"https:\/\/blogin.al\/index.php?rest_route=\/wp\/v2\/posts"}],"about":[{"href":"https:\/\/blogin.al\/index.php?rest_route=\/wp\/v2\/types\/post"}],"author":[{"embeddable":true,"href":"https:\/\/blogin.al\/index.php?rest_route=\/wp\/v2\/users\/2"}],"replies":[{"embeddable":true,"href":"https:\/\/blogin.al\/index.php?rest_route=%2Fwp%2Fv2%2Fcomments&post=41397"}],"version-history":[{"count":2,"href":"https:\/\/blogin.al\/index.php?rest_route=\/wp\/v2\/posts\/41397\/revisions"}],"predecessor-version":[{"id":41428,"href":"https:\/\/blogin.al\/index.php?rest_route=\/wp\/v2\/posts\/41397\/revisions\/41428"}],"wp:featuredmedia":[{"embeddable":true,"href":"https:\/\/blogin.al\/index.php?rest_route=\/wp\/v2\/media\/38403"}],"wp:attachment":[{"href":"https:\/\/blogin.al\/index.php?rest_route=%2Fwp%2Fv2%2Fmedia&parent=41397"}],"wp:term":[{"taxonomy":"category","embeddable":true,"href":"https:\/\/blogin.al\/index.php?rest_route=%2Fwp%2Fv2%2Fcategories&post=41397"},{"taxonomy":"post_tag","embeddable":true,"href":"https:\/\/blogin.al\/index.php?rest_route=%2Fwp%2Fv2%2Ftags&post=41397"}],"curies":[{"name":"wp","href":"https:\/\/api.w.org\/{rel}","templated":true}]}}