{"id":41423,"date":"2023-12-18T13:30:21","date_gmt":"2023-12-18T13:30:21","guid":{"rendered":"https:\/\/blogin.al\/?p=41423"},"modified":"2023-12-18T13:32:39","modified_gmt":"2023-12-18T13:32:39","slug":"shoqja-e-kiares-tregon-celesin-per-tu-mbajt-mend-ne-bbv-luizi-ka-dy-fjale-per-moderatoren","status":"publish","type":"post","link":"https:\/\/blogin.al\/?p=41423","title":{"rendered":"\u201cQ\u00eb t\u00eb mbahesh mend n\u00eb Big Brother, t\u00eb duhet histori dashurie\u201d\/ Luizi reagon ndaj deklarat\u00ebs s\u00eb shoqes s\u00eb Kiar\u00ebs"},"content":{"rendered":"\n<p>Shoqja e ngusht\u00eb e Kiara Titos, Liesa Haxhiasllani ditn e sotme ishte e ftuar n\u00eb emisionin \u201cWake Up\u201d ku nd\u00ebr t\u00eb tjera diskutoi p\u00ebr konkurent\u00ebt e \u201cBBV\u201d.<\/p>\n\n\n\n<p>Ajo tregoi se q\u00eb n\u00eb fillimin ishte kund\u00ebr lidhjes s\u00eb Luizit dhe Kiar\u00ebs, nd\u00ebrsa tha q\u00eb lutej q\u00eb puthja e tyre n\u00eb k\u00ebt\u00eb spektak\u00ebl mos t\u00eb ndodhte kurr\u00eb.<\/p>\n\n\n\n<p>Sipos moderatores \u201c\u00e7el\u00ebsi\u201d q\u00eb nj\u00eb konkurent t\u00eb mbahet mend n\u00eb nj\u00eb format t\u00eb till\u00eb \u00ebsht\u00eb t\u00eb krijoj\u00eb patjet\u00ebr nj\u00eb histori dashurie.<\/p>\n\n\n\n<p>\u201cJam shum\u00eb realiste dhe e di q\u00eb nj\u00eb format si \u201cBB\u201d do t\u00eb ishte shum\u00eb i mir\u00eb p\u00ebr mua n\u00eb aspektin e rrjeteve sociale, e promovimit t\u00eb emrit, ndoshta p\u00ebr nj\u00eb vend pune q\u00eb mua do m\u00eb p\u00eblqente\u2026 Por q\u00eb t\u00eb arrija n\u00eb at\u00eb nivel, do m\u00eb duhej mendoj un\u00eb, mbase jam gabim, nj\u00eb histori dashurie q\u00eb un\u00eb nuk do ta b\u00ebja dot aty brenda. Do t\u00eb ishte pak e v\u00ebshtir\u00eb.<\/p>\n\n\n\n<p>N\u00eb \u201cBB\u201d po ta v\u00ebm\u00eb re, nga \u00e7do edicion mend mund t\u00eb mbajm\u00eb 2 apo 3 personazhe. Nuk e di sesa mund t\u00eb realizohej t\u00eb isha pjes\u00eb e k\u00ebtyre personazheve q\u00eb do mbaheshin mend. Jo t\u00eb gjith\u00eb kan\u00eb nj\u00eb histori dashurie, por mbahet mend fituesi, dikush q\u00eb u lidh me dik\u00eb. Rasti i Beniad\u00ebs q\u00eb ishte nj\u00eb fenomen p\u00ebr shkak t\u00eb karakterit t\u00eb saj. Pra jan\u00eb disa personazhe q\u00eb kan\u00eb ve\u00e7orit\u00eb e tyre, q\u00eb mbahen mend.\u201d\u2013 tha Liesa.<\/p>\n\n\n\n<p>Nuk kalo shum\u00eb koh\u00eb q\u00eb Luiz Ejlli t\u00eb reagonte rreth deklarat\u00ebs t\u00eb shoq\u00ebs s\u00eb ngusht\u00eb t\u00eb bashk\u00ebshortes s\u00eb tij.<\/p>\n\n\n\n<p>\u201cO teze\u201d\u2013 ka komentuar ai n\u00eb videon ku fliste Liesa.<\/p>\n\n\n\n<figure class=\"wp-block-image size-full is-style-default\"><img fetchpriority=\"high\" decoding=\"async\" width=\"448\" height=\"134\" src=\"https:\/\/blogin.al\/wp-content\/uploads\/2023\/12\/image-131.png\" alt=\"\" class=\"wp-image-41424\" srcset=\"https:\/\/blogin.al\/wp-content\/uploads\/2023\/12\/image-131.png 448w, https:\/\/blogin.al\/wp-content\/uploads\/2023\/12\/image-131-300x90.png 300w, https:\/\/blogin.al\/wp-content\/uploads\/2023\/12\/image-131-150x45.png 150w\" sizes=\"(max-width: 448px) 100vw, 448px\" \/><\/figure>\n\n\n\n<p>\u201cTi je kategoria q\u00eb do mbahet mend gjat\u00eb\u201d\u2013 shkroi ajo.<\/p>\n\n\n\n<figure class=\"wp-block-image size-full is-style-default\"><img decoding=\"async\" width=\"435\" height=\"83\" src=\"https:\/\/blogin.al\/wp-content\/uploads\/2023\/12\/image-132.png\" alt=\"\" class=\"wp-image-41425\" srcset=\"https:\/\/blogin.al\/wp-content\/uploads\/2023\/12\/image-132.png 435w, https:\/\/blogin.al\/wp-content\/uploads\/2023\/12\/image-132-300x57.png 300w, https:\/\/blogin.al\/wp-content\/uploads\/2023\/12\/image-132-150x29.png 150w\" sizes=\"(max-width: 435px) 100vw, 435px\" \/><\/figure>\n","protected":false},"excerpt":{"rendered":"<p>Shoqja e ngusht\u00eb e Kiara Titos, Liesa Haxhiasllani ditn e sotme ishte e ftuar n\u00eb emisionin \u201cWake Up\u201d ku nd\u00ebr t\u00eb tjera diskutoi p\u00ebr konkurent\u00ebt e \u201cBBV\u201d. Ajo tregoi se q\u00eb n\u00eb fillimin ishte kund\u00ebr lidhjes s\u00eb Luizit dhe Kiar\u00ebs, nd\u00ebrsa tha q\u00eb lutej q\u00eb puthja e tyre n\u00eb k\u00ebt\u00eb spektak\u00ebl mos t\u00eb ndodhte kurr\u00eb. [&hellip;]<\/p>\n","protected":false},"author":2,"featured_media":29164,"comment_status":"open","ping_status":"open","sticky":false,"template":"","format":"standard","meta":{"footnotes":""},"categories":[33],"tags":[],"class_list":{"0":"post-41423","1":"post","2":"type-post","3":"status-publish","4":"format-standard","5":"has-post-thumbnail","7":"category-showbiz"},"yoast_head":"<!-- This site is optimized with the Yoast SEO plugin v27.5 - https:\/\/yoast.com\/product\/yoast-seo-wordpress\/ -->\n<title>\u201cQ\u00eb t\u00eb mbahesh mend n\u00eb Big Brother, t\u00eb duhet histori dashurie\u201d\/ Luizi reagon ndaj deklarat\u00ebs s\u00eb shoqes s\u00eb Kiar\u00ebs - blogin.al<\/title>\n<meta name=\"robots\" content=\"index, follow, max-snippet:-1, max-image-preview:large, max-video-preview:-1\" \/>\n<link rel=\"canonical\" href=\"https:\/\/blogin.al\/?p=41423\" \/>\n<meta property=\"og:locale\" content=\"en_US\" \/>\n<meta property=\"og:type\" content=\"article\" \/>\n<meta property=\"og:title\" content=\"\u201cQ\u00eb t\u00eb mbahesh mend n\u00eb Big Brother, t\u00eb duhet histori dashurie\u201d\/ Luizi reagon ndaj deklarat\u00ebs s\u00eb shoqes s\u00eb Kiar\u00ebs - blogin.al\" \/>\n<meta property=\"og:description\" content=\"Shoqja e ngusht\u00eb e Kiara Titos, Liesa Haxhiasllani ditn e sotme ishte e ftuar n\u00eb emisionin \u201cWake Up\u201d ku nd\u00ebr t\u00eb tjera diskutoi p\u00ebr konkurent\u00ebt e \u201cBBV\u201d. Ajo tregoi se q\u00eb n\u00eb fillimin ishte kund\u00ebr lidhjes s\u00eb Luizit dhe Kiar\u00ebs, nd\u00ebrsa tha q\u00eb lutej q\u00eb puthja e tyre n\u00eb k\u00ebt\u00eb spektak\u00ebl mos t\u00eb ndodhte kurr\u00eb. [&hellip;]\" \/>\n<meta property=\"og:url\" content=\"https:\/\/blogin.al\/?p=41423\" \/>\n<meta property=\"og:site_name\" content=\"blogin.al\" \/>\n<meta property=\"article:published_time\" content=\"2023-12-18T13:30:21+00:00\" \/>\n<meta property=\"article:modified_time\" content=\"2023-12-18T13:32:39+00:00\" \/>\n<meta property=\"og:image\" content=\"https:\/\/blogin.al\/wp-content\/uploads\/2023\/04\/kiara-liesa.jpg\" \/>\n\t<meta property=\"og:image:width\" content=\"640\" \/>\n\t<meta property=\"og:image:height\" content=\"640\" \/>\n\t<meta property=\"og:image:type\" content=\"image\/jpeg\" \/>\n<meta name=\"author\" content=\"Blogin al\" \/>\n<meta name=\"twitter:card\" content=\"summary_large_image\" \/>\n<meta name=\"twitter:label1\" content=\"Written by\" \/>\n\t<meta name=\"twitter:data1\" content=\"Blogin al\" \/>\n\t<meta name=\"twitter:label2\" content=\"Est. reading time\" \/>\n\t<meta name=\"twitter:data2\" content=\"2 minutes\" \/>\n<script type=\"application\/ld+json\" class=\"yoast-schema-graph\">{\"@context\":\"https:\\\/\\\/schema.org\",\"@graph\":[{\"@type\":\"Article\",\"@id\":\"https:\\\/\\\/blogin.al\\\/?p=41423#article\",\"isPartOf\":{\"@id\":\"https:\\\/\\\/blogin.al\\\/?p=41423\"},\"author\":{\"name\":\"Blogin al\",\"@id\":\"https:\\\/\\\/blogin.al\\\/#\\\/schema\\\/person\\\/abdd56bc912cd511db877b852b115399\"},\"headline\":\"\u201cQ\u00eb t\u00eb mbahesh mend n\u00eb Big Brother, t\u00eb duhet histori dashurie\u201d\\\/ Luizi reagon ndaj deklarat\u00ebs s\u00eb shoqes s\u00eb Kiar\u00ebs\",\"datePublished\":\"2023-12-18T13:30:21+00:00\",\"dateModified\":\"2023-12-18T13:32:39+00:00\",\"mainEntityOfPage\":{\"@id\":\"https:\\\/\\\/blogin.al\\\/?p=41423\"},\"wordCount\":306,\"commentCount\":0,\"publisher\":{\"@id\":\"https:\\\/\\\/blogin.al\\\/#organization\"},\"image\":{\"@id\":\"https:\\\/\\\/blogin.al\\\/?p=41423#primaryimage\"},\"thumbnailUrl\":\"https:\\\/\\\/blogin.al\\\/wp-content\\\/uploads\\\/2023\\\/04\\\/kiara-liesa.jpg\",\"articleSection\":[\"SHOWBIZ\"],\"inLanguage\":\"en-US\",\"potentialAction\":[{\"@type\":\"CommentAction\",\"name\":\"Comment\",\"target\":[\"https:\\\/\\\/blogin.al\\\/?p=41423#respond\"]}]},{\"@type\":\"WebPage\",\"@id\":\"https:\\\/\\\/blogin.al\\\/?p=41423\",\"url\":\"https:\\\/\\\/blogin.al\\\/?p=41423\",\"name\":\"\u201cQ\u00eb t\u00eb mbahesh mend n\u00eb Big Brother, t\u00eb duhet histori dashurie\u201d\\\/ Luizi reagon ndaj deklarat\u00ebs s\u00eb shoqes s\u00eb Kiar\u00ebs - blogin.al\",\"isPartOf\":{\"@id\":\"https:\\\/\\\/blogin.al\\\/#website\"},\"primaryImageOfPage\":{\"@id\":\"https:\\\/\\\/blogin.al\\\/?p=41423#primaryimage\"},\"image\":{\"@id\":\"https:\\\/\\\/blogin.al\\\/?p=41423#primaryimage\"},\"thumbnailUrl\":\"https:\\\/\\\/blogin.al\\\/wp-content\\\/uploads\\\/2023\\\/04\\\/kiara-liesa.jpg\",\"datePublished\":\"2023-12-18T13:30:21+00:00\",\"dateModified\":\"2023-12-18T13:32:39+00:00\",\"breadcrumb\":{\"@id\":\"https:\\\/\\\/blogin.al\\\/?p=41423#breadcrumb\"},\"inLanguage\":\"en-US\",\"potentialAction\":[{\"@type\":\"ReadAction\",\"target\":[\"https:\\\/\\\/blogin.al\\\/?p=41423\"]}]},{\"@type\":\"ImageObject\",\"inLanguage\":\"en-US\",\"@id\":\"https:\\\/\\\/blogin.al\\\/?p=41423#primaryimage\",\"url\":\"https:\\\/\\\/blogin.al\\\/wp-content\\\/uploads\\\/2023\\\/04\\\/kiara-liesa.jpg\",\"contentUrl\":\"https:\\\/\\\/blogin.al\\\/wp-content\\\/uploads\\\/2023\\\/04\\\/kiara-liesa.jpg\",\"width\":640,\"height\":640},{\"@type\":\"BreadcrumbList\",\"@id\":\"https:\\\/\\\/blogin.al\\\/?p=41423#breadcrumb\",\"itemListElement\":[{\"@type\":\"ListItem\",\"position\":1,\"name\":\"Home\",\"item\":\"https:\\\/\\\/blogin.al\\\/\"},{\"@type\":\"ListItem\",\"position\":2,\"name\":\"\u201cQ\u00eb t\u00eb mbahesh mend n\u00eb Big Brother, t\u00eb duhet histori dashurie\u201d\\\/ Luizi reagon ndaj deklarat\u00ebs s\u00eb shoqes s\u00eb Kiar\u00ebs\"}]},{\"@type\":\"WebSite\",\"@id\":\"https:\\\/\\\/blogin.al\\\/#website\",\"url\":\"https:\\\/\\\/blogin.al\\\/\",\"name\":\"blogin.al\",\"description\":\"\",\"publisher\":{\"@id\":\"https:\\\/\\\/blogin.al\\\/#organization\"},\"potentialAction\":[{\"@type\":\"SearchAction\",\"target\":{\"@type\":\"EntryPoint\",\"urlTemplate\":\"https:\\\/\\\/blogin.al\\\/?s={search_term_string}\"},\"query-input\":{\"@type\":\"PropertyValueSpecification\",\"valueRequired\":true,\"valueName\":\"search_term_string\"}}],\"inLanguage\":\"en-US\"},{\"@type\":\"Organization\",\"@id\":\"https:\\\/\\\/blogin.al\\\/#organization\",\"name\":\"BLOGIN.al\",\"url\":\"https:\\\/\\\/blogin.al\\\/\",\"logo\":{\"@type\":\"ImageObject\",\"inLanguage\":\"en-US\",\"@id\":\"https:\\\/\\\/blogin.al\\\/#\\\/schema\\\/logo\\\/image\\\/\",\"url\":\"https:\\\/\\\/blogin.al\\\/wp-content\\\/uploads\\\/2022\\\/05\\\/Untitled-2-01-e1652084456514.png\",\"contentUrl\":\"https:\\\/\\\/blogin.al\\\/wp-content\\\/uploads\\\/2022\\\/05\\\/Untitled-2-01-e1652084456514.png\",\"width\":3723,\"height\":1698,\"caption\":\"BLOGIN.al\"},\"image\":{\"@id\":\"https:\\\/\\\/blogin.al\\\/#\\\/schema\\\/logo\\\/image\\\/\"},\"sameAs\":[\"https:\\\/\\\/instagram.com\\\/blogin.al\\\/\"]},{\"@type\":\"Person\",\"@id\":\"https:\\\/\\\/blogin.al\\\/#\\\/schema\\\/person\\\/abdd56bc912cd511db877b852b115399\",\"name\":\"Blogin al\",\"image\":{\"@type\":\"ImageObject\",\"inLanguage\":\"en-US\",\"@id\":\"https:\\\/\\\/secure.gravatar.com\\\/avatar\\\/60d5661aee6e835fb13dc75d2204cd0c1d61bef2efd137c0083e59ef831e235e?s=96&d=mm&r=g\",\"url\":\"https:\\\/\\\/secure.gravatar.com\\\/avatar\\\/60d5661aee6e835fb13dc75d2204cd0c1d61bef2efd137c0083e59ef831e235e?s=96&d=mm&r=g\",\"contentUrl\":\"https:\\\/\\\/secure.gravatar.com\\\/avatar\\\/60d5661aee6e835fb13dc75d2204cd0c1d61bef2efd137c0083e59ef831e235e?s=96&d=mm&r=g\",\"caption\":\"Blogin al\"},\"sameAs\":[\"https:\\\/\\\/blogin.al\"],\"url\":\"https:\\\/\\\/blogin.al\\\/?author=2\"}]}<\/script>\n<!-- \/ Yoast SEO plugin. -->","yoast_head_json":{"title":"\u201cQ\u00eb t\u00eb mbahesh mend n\u00eb Big Brother, t\u00eb duhet histori dashurie\u201d\/ Luizi reagon ndaj deklarat\u00ebs s\u00eb shoqes s\u00eb Kiar\u00ebs - blogin.al","robots":{"index":"index","follow":"follow","max-snippet":"max-snippet:-1","max-image-preview":"max-image-preview:large","max-video-preview":"max-video-preview:-1"},"canonical":"https:\/\/blogin.al\/?p=41423","og_locale":"en_US","og_type":"article","og_title":"\u201cQ\u00eb t\u00eb mbahesh mend n\u00eb Big Brother, t\u00eb duhet histori dashurie\u201d\/ Luizi reagon ndaj deklarat\u00ebs s\u00eb shoqes s\u00eb Kiar\u00ebs - blogin.al","og_description":"Shoqja e ngusht\u00eb e Kiara Titos, Liesa Haxhiasllani ditn e sotme ishte e ftuar n\u00eb emisionin \u201cWake Up\u201d ku nd\u00ebr t\u00eb tjera diskutoi p\u00ebr konkurent\u00ebt e \u201cBBV\u201d. Ajo tregoi se q\u00eb n\u00eb fillimin ishte kund\u00ebr lidhjes s\u00eb Luizit dhe Kiar\u00ebs, nd\u00ebrsa tha q\u00eb lutej q\u00eb puthja e tyre n\u00eb k\u00ebt\u00eb spektak\u00ebl mos t\u00eb ndodhte kurr\u00eb. [&hellip;]","og_url":"https:\/\/blogin.al\/?p=41423","og_site_name":"blogin.al","article_published_time":"2023-12-18T13:30:21+00:00","article_modified_time":"2023-12-18T13:32:39+00:00","og_image":[{"width":640,"height":640,"url":"https:\/\/blogin.al\/wp-content\/uploads\/2023\/04\/kiara-liesa.jpg","type":"image\/jpeg"}],"author":"Blogin al","twitter_card":"summary_large_image","twitter_misc":{"Written by":"Blogin al","Est. reading time":"2 minutes"},"schema":{"@context":"https:\/\/schema.org","@graph":[{"@type":"Article","@id":"https:\/\/blogin.al\/?p=41423#article","isPartOf":{"@id":"https:\/\/blogin.al\/?p=41423"},"author":{"name":"Blogin al","@id":"https:\/\/blogin.al\/#\/schema\/person\/abdd56bc912cd511db877b852b115399"},"headline":"\u201cQ\u00eb t\u00eb mbahesh mend n\u00eb Big Brother, t\u00eb duhet histori dashurie\u201d\/ Luizi reagon ndaj deklarat\u00ebs s\u00eb shoqes s\u00eb Kiar\u00ebs","datePublished":"2023-12-18T13:30:21+00:00","dateModified":"2023-12-18T13:32:39+00:00","mainEntityOfPage":{"@id":"https:\/\/blogin.al\/?p=41423"},"wordCount":306,"commentCount":0,"publisher":{"@id":"https:\/\/blogin.al\/#organization"},"image":{"@id":"https:\/\/blogin.al\/?p=41423#primaryimage"},"thumbnailUrl":"https:\/\/blogin.al\/wp-content\/uploads\/2023\/04\/kiara-liesa.jpg","articleSection":["SHOWBIZ"],"inLanguage":"en-US","potentialAction":[{"@type":"CommentAction","name":"Comment","target":["https:\/\/blogin.al\/?p=41423#respond"]}]},{"@type":"WebPage","@id":"https:\/\/blogin.al\/?p=41423","url":"https:\/\/blogin.al\/?p=41423","name":"\u201cQ\u00eb t\u00eb mbahesh mend n\u00eb Big Brother, t\u00eb duhet histori dashurie\u201d\/ Luizi reagon ndaj deklarat\u00ebs s\u00eb shoqes s\u00eb Kiar\u00ebs - blogin.al","isPartOf":{"@id":"https:\/\/blogin.al\/#website"},"primaryImageOfPage":{"@id":"https:\/\/blogin.al\/?p=41423#primaryimage"},"image":{"@id":"https:\/\/blogin.al\/?p=41423#primaryimage"},"thumbnailUrl":"https:\/\/blogin.al\/wp-content\/uploads\/2023\/04\/kiara-liesa.jpg","datePublished":"2023-12-18T13:30:21+00:00","dateModified":"2023-12-18T13:32:39+00:00","breadcrumb":{"@id":"https:\/\/blogin.al\/?p=41423#breadcrumb"},"inLanguage":"en-US","potentialAction":[{"@type":"ReadAction","target":["https:\/\/blogin.al\/?p=41423"]}]},{"@type":"ImageObject","inLanguage":"en-US","@id":"https:\/\/blogin.al\/?p=41423#primaryimage","url":"https:\/\/blogin.al\/wp-content\/uploads\/2023\/04\/kiara-liesa.jpg","contentUrl":"https:\/\/blogin.al\/wp-content\/uploads\/2023\/04\/kiara-liesa.jpg","width":640,"height":640},{"@type":"BreadcrumbList","@id":"https:\/\/blogin.al\/?p=41423#breadcrumb","itemListElement":[{"@type":"ListItem","position":1,"name":"Home","item":"https:\/\/blogin.al\/"},{"@type":"ListItem","position":2,"name":"\u201cQ\u00eb t\u00eb mbahesh mend n\u00eb Big Brother, t\u00eb duhet histori dashurie\u201d\/ Luizi reagon ndaj deklarat\u00ebs s\u00eb shoqes s\u00eb Kiar\u00ebs"}]},{"@type":"WebSite","@id":"https:\/\/blogin.al\/#website","url":"https:\/\/blogin.al\/","name":"blogin.al","description":"","publisher":{"@id":"https:\/\/blogin.al\/#organization"},"potentialAction":[{"@type":"SearchAction","target":{"@type":"EntryPoint","urlTemplate":"https:\/\/blogin.al\/?s={search_term_string}"},"query-input":{"@type":"PropertyValueSpecification","valueRequired":true,"valueName":"search_term_string"}}],"inLanguage":"en-US"},{"@type":"Organization","@id":"https:\/\/blogin.al\/#organization","name":"BLOGIN.al","url":"https:\/\/blogin.al\/","logo":{"@type":"ImageObject","inLanguage":"en-US","@id":"https:\/\/blogin.al\/#\/schema\/logo\/image\/","url":"https:\/\/blogin.al\/wp-content\/uploads\/2022\/05\/Untitled-2-01-e1652084456514.png","contentUrl":"https:\/\/blogin.al\/wp-content\/uploads\/2022\/05\/Untitled-2-01-e1652084456514.png","width":3723,"height":1698,"caption":"BLOGIN.al"},"image":{"@id":"https:\/\/blogin.al\/#\/schema\/logo\/image\/"},"sameAs":["https:\/\/instagram.com\/blogin.al\/"]},{"@type":"Person","@id":"https:\/\/blogin.al\/#\/schema\/person\/abdd56bc912cd511db877b852b115399","name":"Blogin al","image":{"@type":"ImageObject","inLanguage":"en-US","@id":"https:\/\/secure.gravatar.com\/avatar\/60d5661aee6e835fb13dc75d2204cd0c1d61bef2efd137c0083e59ef831e235e?s=96&d=mm&r=g","url":"https:\/\/secure.gravatar.com\/avatar\/60d5661aee6e835fb13dc75d2204cd0c1d61bef2efd137c0083e59ef831e235e?s=96&d=mm&r=g","contentUrl":"https:\/\/secure.gravatar.com\/avatar\/60d5661aee6e835fb13dc75d2204cd0c1d61bef2efd137c0083e59ef831e235e?s=96&d=mm&r=g","caption":"Blogin al"},"sameAs":["https:\/\/blogin.al"],"url":"https:\/\/blogin.al\/?author=2"}]}},"_links":{"self":[{"href":"https:\/\/blogin.al\/index.php?rest_route=\/wp\/v2\/posts\/41423","targetHints":{"allow":["GET"]}}],"collection":[{"href":"https:\/\/blogin.al\/index.php?rest_route=\/wp\/v2\/posts"}],"about":[{"href":"https:\/\/blogin.al\/index.php?rest_route=\/wp\/v2\/types\/post"}],"author":[{"embeddable":true,"href":"https:\/\/blogin.al\/index.php?rest_route=\/wp\/v2\/users\/2"}],"replies":[{"embeddable":true,"href":"https:\/\/blogin.al\/index.php?rest_route=%2Fwp%2Fv2%2Fcomments&post=41423"}],"version-history":[{"count":2,"href":"https:\/\/blogin.al\/index.php?rest_route=\/wp\/v2\/posts\/41423\/revisions"}],"predecessor-version":[{"id":41427,"href":"https:\/\/blogin.al\/index.php?rest_route=\/wp\/v2\/posts\/41423\/revisions\/41427"}],"wp:featuredmedia":[{"embeddable":true,"href":"https:\/\/blogin.al\/index.php?rest_route=\/wp\/v2\/media\/29164"}],"wp:attachment":[{"href":"https:\/\/blogin.al\/index.php?rest_route=%2Fwp%2Fv2%2Fmedia&parent=41423"}],"wp:term":[{"taxonomy":"category","embeddable":true,"href":"https:\/\/blogin.al\/index.php?rest_route=%2Fwp%2Fv2%2Fcategories&post=41423"},{"taxonomy":"post_tag","embeddable":true,"href":"https:\/\/blogin.al\/index.php?rest_route=%2Fwp%2Fv2%2Ftags&post=41423"}],"curies":[{"name":"wp","href":"https:\/\/api.w.org\/{rel}","templated":true}]}}