{"id":41448,"date":"2023-12-19T08:42:21","date_gmt":"2023-12-19T08:42:21","guid":{"rendered":"https:\/\/blogin.al\/?p=41448"},"modified":"2023-12-19T08:42:23","modified_gmt":"2023-12-19T08:42:23","slug":"haris-i-pergjigjet-amadeas-per-tradhtine-gjeja-me-e-mire-qe-jam-ndare-ajo-po-genjen","status":"publish","type":"post","link":"https:\/\/blogin.al\/?p=41448","title":{"rendered":"Haris i p\u00ebrgjigjet Amadeas p\u00ebr tradhtin\u00eb: Gj\u00ebja m\u00eb e mir\u00eb q\u00eb jam ndar\u00eb. Ajo po g\u00ebnjen!"},"content":{"rendered":"\n<p>Haris i ka kthyer p\u00ebrgjigje Amadeas p\u00ebr deklaratat e tradhtis\u00eb s\u00eb tij. P\u00ebr programin \u201cRudina\u201d, Haris ka d\u00ebrguar nj\u00eb mesazh zanor p\u00ebr Amadean, e cila \u00ebsht\u00eb e ftuar p\u00ebr t\u00eb rr\u00ebfyer t\u00eb v\u00ebrtet\u00ebn e ndarjes s\u00eb tyre pas daljes nga vila e dashuris\u00eb.<\/p>\n\n\n\n<p>Haris thot\u00eb se fjal\u00ebt e Amadeas \u201cnuk jan\u00eb t\u00eb v\u00ebrteta\u201d dhe se \u201cndarja me Amadean ka qen\u00eb gj\u00ebja m\u00eb e mir\u00eb\u201d. Ai shton se ajo e di q\u00eb ndarja e tyre ka ardhur si shkak i angazhimeve dhe ka qen\u00eb n\u00eb dijeni t\u00eb k\u00ebsaj.<\/p>\n\n\n\n<p>\u201cFaleminderit p\u00ebr k\u00ebt\u00eb mesazh, por un\u00eb e di \u00e7far\u00eb ka ndodhur n\u00eb at\u00eb situat\u00eb, p\u00ebr vete dhe p\u00ebr fansat e di ishim mir\u00eb dhe un\u00eb nuk dua t\u00eb flas p\u00ebr t\u00eb shum\u00eb, se un\u00eb e kam n\u00eb mendjen time \u00e7far\u00eb ka ndodhur dhe p\u00ebr mua ka ndodhur m\u00eb s\u00eb miri ajo q\u00eb ka ndodhur, q\u00eb jam ndar\u00eb me Amadean. Po \u00e7far\u00eb po thot\u00eb ajo, s\u2019\u00ebsht\u00eb e v\u00ebrtet\u00eb! Amadea e di pse e kemi mbyllur situat\u00ebn, pasi un\u00eb kam pasur probleme k\u00ebtu n\u00eb Angli. Kam pasur pun\u00eb dhe s\u2019kam pasur koh\u00eb t\u00eb vij prap\u00eb atje n\u00eb Shqip\u00ebri. Nuk mund t\u00eb shkoj n\u00eb Paris, se kam pasur shum\u00eb gj\u00ebra p\u00ebr t\u00eb b\u00ebr\u00eb dhe normale i thash\u00eb q\u00eb p\u00ebr ta b\u00ebr\u00eb lidhjen t\u00eb fort\u00eb, duhet t\u00eb kemi koh\u00eb p\u00ebr nj\u00ebri-tjetrin. Dhe un\u00eb i thash\u00eb nuk kam koh\u00eb p\u00ebr t\u00eb t\u00eb dh\u00ebn\u00eb 100%, dhe e ka marr\u00eb si gj\u00eb t\u00eb keqe. \u00c7far\u00eb ka shkruar ajo n\u00eb Instagram, un\u00eb nuk jam i p\u00ebrgjigjur se nuk doja t\u2019i p\u00ebrgjigjem dhe kaq, nuk ka ndodhur ndonj\u00eb gj\u00eb e keqe\u201d, tha ajo.<\/p>\n\n\n\n<p>Pas transmetimit t\u00eb mesazhit, nuk ka munguar as p\u00ebrgjigjja thumbuese e Amadeas. \u201cEdhe un\u00eb kam nj\u00eb p\u00ebrgjigje p\u00ebr k\u00ebt\u00eb, q\u00eb thjesht un\u00eb \u00e7far\u00eb kam shkruar n\u00eb at\u00eb \u201cstory\u201d kan\u00eb qen\u00eb t\u00eb gjitha t\u00eb v\u00ebrteta se shum\u00eb persona e din\u00eb, edhe njer\u00ebz q\u00eb kan\u00eb qen\u00eb n\u00eb \u201cLove Island\u201d e kan\u00eb ditur se si \u00ebsht\u00eb personi n\u00eb fjal\u00eb q\u00eb po flasim dhe thjesht ai ka treguar fytyr\u00ebn e vet. Por un\u00eb fytyr\u00ebn time dhe ndjenjat e mia i tregova q\u00eb nga fillimi deri n\u00eb fund dhe kur nuk shkon, normale q\u00eb ai do thot\u00eb k\u00ebshtu, \u201cnuk ka ndonj\u00eb gj\u00eb t\u00eb keqe\u201d. Ai, \u00e7do veprim q\u00eb b\u00ebnte n\u00eb \u201cLove Island\u201d kundrejt meje apo di\u00e7ka q\u00eb m\u00eb l\u00ebndonte mua, gjithmon\u00eb thoshte \u201cnuk ka ndonj\u00eb gj\u00eb t\u00eb keqe\u201d dhe e pres k\u00ebt\u00eb q\u00eb mund t\u00eb thot\u00eb tani\u201c.<\/p>\n","protected":false},"excerpt":{"rendered":"<p>Haris i ka kthyer p\u00ebrgjigje Amadeas p\u00ebr deklaratat e tradhtis\u00eb s\u00eb tij. P\u00ebr programin \u201cRudina\u201d, Haris ka d\u00ebrguar nj\u00eb mesazh zanor p\u00ebr Amadean, e cila \u00ebsht\u00eb e ftuar p\u00ebr t\u00eb rr\u00ebfyer t\u00eb v\u00ebrtet\u00ebn e ndarjes s\u00eb tyre pas daljes nga vila e dashuris\u00eb. Haris thot\u00eb se fjal\u00ebt e Amadeas \u201cnuk jan\u00eb t\u00eb v\u00ebrteta\u201d dhe se [&hellip;]<\/p>\n","protected":false},"author":2,"featured_media":39929,"comment_status":"open","ping_status":"open","sticky":false,"template":"","format":"standard","meta":{"footnotes":""},"categories":[33],"tags":[],"class_list":{"0":"post-41448","1":"post","2":"type-post","3":"status-publish","4":"format-standard","5":"has-post-thumbnail","7":"category-showbiz"},"yoast_head":"<!-- This site is optimized with the Yoast SEO plugin v27.5 - https:\/\/yoast.com\/product\/yoast-seo-wordpress\/ -->\n<title>Haris i p\u00ebrgjigjet Amadeas p\u00ebr tradhtin\u00eb: Gj\u00ebja m\u00eb e mir\u00eb q\u00eb jam ndar\u00eb. Ajo po g\u00ebnjen! - blogin.al<\/title>\n<meta name=\"robots\" content=\"index, follow, max-snippet:-1, max-image-preview:large, max-video-preview:-1\" \/>\n<link rel=\"canonical\" href=\"https:\/\/blogin.al\/?p=41448\" \/>\n<meta property=\"og:locale\" content=\"en_US\" \/>\n<meta property=\"og:type\" content=\"article\" \/>\n<meta property=\"og:title\" content=\"Haris i p\u00ebrgjigjet Amadeas p\u00ebr tradhtin\u00eb: Gj\u00ebja m\u00eb e mir\u00eb q\u00eb jam ndar\u00eb. Ajo po g\u00ebnjen! - blogin.al\" \/>\n<meta property=\"og:description\" content=\"Haris i ka kthyer p\u00ebrgjigje Amadeas p\u00ebr deklaratat e tradhtis\u00eb s\u00eb tij. P\u00ebr programin \u201cRudina\u201d, Haris ka d\u00ebrguar nj\u00eb mesazh zanor p\u00ebr Amadean, e cila \u00ebsht\u00eb e ftuar p\u00ebr t\u00eb rr\u00ebfyer t\u00eb v\u00ebrtet\u00ebn e ndarjes s\u00eb tyre pas daljes nga vila e dashuris\u00eb. Haris thot\u00eb se fjal\u00ebt e Amadeas \u201cnuk jan\u00eb t\u00eb v\u00ebrteta\u201d dhe se [&hellip;]\" \/>\n<meta property=\"og:url\" content=\"https:\/\/blogin.al\/?p=41448\" \/>\n<meta property=\"og:site_name\" content=\"blogin.al\" \/>\n<meta property=\"article:published_time\" content=\"2023-12-19T08:42:21+00:00\" \/>\n<meta property=\"article:modified_time\" content=\"2023-12-19T08:42:23+00:00\" \/>\n<meta property=\"og:image\" content=\"https:\/\/blogin.al\/wp-content\/uploads\/2023\/11\/image-83-1024x1010.png\" \/>\n\t<meta property=\"og:image:width\" content=\"1024\" \/>\n\t<meta property=\"og:image:height\" content=\"1010\" \/>\n\t<meta property=\"og:image:type\" content=\"image\/png\" \/>\n<meta name=\"author\" content=\"Blogin al\" \/>\n<meta name=\"twitter:card\" content=\"summary_large_image\" \/>\n<meta name=\"twitter:label1\" content=\"Written by\" \/>\n\t<meta name=\"twitter:data1\" content=\"Blogin al\" \/>\n\t<meta name=\"twitter:label2\" content=\"Est. reading time\" \/>\n\t<meta name=\"twitter:data2\" content=\"2 minutes\" \/>\n<script type=\"application\/ld+json\" class=\"yoast-schema-graph\">{\"@context\":\"https:\\\/\\\/schema.org\",\"@graph\":[{\"@type\":\"Article\",\"@id\":\"https:\\\/\\\/blogin.al\\\/?p=41448#article\",\"isPartOf\":{\"@id\":\"https:\\\/\\\/blogin.al\\\/?p=41448\"},\"author\":{\"name\":\"Blogin al\",\"@id\":\"https:\\\/\\\/blogin.al\\\/#\\\/schema\\\/person\\\/abdd56bc912cd511db877b852b115399\"},\"headline\":\"Haris i p\u00ebrgjigjet Amadeas p\u00ebr tradhtin\u00eb: Gj\u00ebja m\u00eb e mir\u00eb q\u00eb jam ndar\u00eb. Ajo po g\u00ebnjen!\",\"datePublished\":\"2023-12-19T08:42:21+00:00\",\"dateModified\":\"2023-12-19T08:42:23+00:00\",\"mainEntityOfPage\":{\"@id\":\"https:\\\/\\\/blogin.al\\\/?p=41448\"},\"wordCount\":462,\"commentCount\":0,\"publisher\":{\"@id\":\"https:\\\/\\\/blogin.al\\\/#organization\"},\"image\":{\"@id\":\"https:\\\/\\\/blogin.al\\\/?p=41448#primaryimage\"},\"thumbnailUrl\":\"https:\\\/\\\/blogin.al\\\/wp-content\\\/uploads\\\/2023\\\/11\\\/image-83.png\",\"articleSection\":[\"SHOWBIZ\"],\"inLanguage\":\"en-US\",\"potentialAction\":[{\"@type\":\"CommentAction\",\"name\":\"Comment\",\"target\":[\"https:\\\/\\\/blogin.al\\\/?p=41448#respond\"]}]},{\"@type\":\"WebPage\",\"@id\":\"https:\\\/\\\/blogin.al\\\/?p=41448\",\"url\":\"https:\\\/\\\/blogin.al\\\/?p=41448\",\"name\":\"Haris i p\u00ebrgjigjet Amadeas p\u00ebr tradhtin\u00eb: Gj\u00ebja m\u00eb e mir\u00eb q\u00eb jam ndar\u00eb. Ajo po g\u00ebnjen! - blogin.al\",\"isPartOf\":{\"@id\":\"https:\\\/\\\/blogin.al\\\/#website\"},\"primaryImageOfPage\":{\"@id\":\"https:\\\/\\\/blogin.al\\\/?p=41448#primaryimage\"},\"image\":{\"@id\":\"https:\\\/\\\/blogin.al\\\/?p=41448#primaryimage\"},\"thumbnailUrl\":\"https:\\\/\\\/blogin.al\\\/wp-content\\\/uploads\\\/2023\\\/11\\\/image-83.png\",\"datePublished\":\"2023-12-19T08:42:21+00:00\",\"dateModified\":\"2023-12-19T08:42:23+00:00\",\"breadcrumb\":{\"@id\":\"https:\\\/\\\/blogin.al\\\/?p=41448#breadcrumb\"},\"inLanguage\":\"en-US\",\"potentialAction\":[{\"@type\":\"ReadAction\",\"target\":[\"https:\\\/\\\/blogin.al\\\/?p=41448\"]}]},{\"@type\":\"ImageObject\",\"inLanguage\":\"en-US\",\"@id\":\"https:\\\/\\\/blogin.al\\\/?p=41448#primaryimage\",\"url\":\"https:\\\/\\\/blogin.al\\\/wp-content\\\/uploads\\\/2023\\\/11\\\/image-83.png\",\"contentUrl\":\"https:\\\/\\\/blogin.al\\\/wp-content\\\/uploads\\\/2023\\\/11\\\/image-83.png\",\"width\":1284,\"height\":1266},{\"@type\":\"BreadcrumbList\",\"@id\":\"https:\\\/\\\/blogin.al\\\/?p=41448#breadcrumb\",\"itemListElement\":[{\"@type\":\"ListItem\",\"position\":1,\"name\":\"Home\",\"item\":\"https:\\\/\\\/blogin.al\\\/\"},{\"@type\":\"ListItem\",\"position\":2,\"name\":\"Haris i p\u00ebrgjigjet Amadeas p\u00ebr tradhtin\u00eb: Gj\u00ebja m\u00eb e mir\u00eb q\u00eb jam ndar\u00eb. Ajo po g\u00ebnjen!\"}]},{\"@type\":\"WebSite\",\"@id\":\"https:\\\/\\\/blogin.al\\\/#website\",\"url\":\"https:\\\/\\\/blogin.al\\\/\",\"name\":\"blogin.al\",\"description\":\"\",\"publisher\":{\"@id\":\"https:\\\/\\\/blogin.al\\\/#organization\"},\"potentialAction\":[{\"@type\":\"SearchAction\",\"target\":{\"@type\":\"EntryPoint\",\"urlTemplate\":\"https:\\\/\\\/blogin.al\\\/?s={search_term_string}\"},\"query-input\":{\"@type\":\"PropertyValueSpecification\",\"valueRequired\":true,\"valueName\":\"search_term_string\"}}],\"inLanguage\":\"en-US\"},{\"@type\":\"Organization\",\"@id\":\"https:\\\/\\\/blogin.al\\\/#organization\",\"name\":\"BLOGIN.al\",\"url\":\"https:\\\/\\\/blogin.al\\\/\",\"logo\":{\"@type\":\"ImageObject\",\"inLanguage\":\"en-US\",\"@id\":\"https:\\\/\\\/blogin.al\\\/#\\\/schema\\\/logo\\\/image\\\/\",\"url\":\"https:\\\/\\\/blogin.al\\\/wp-content\\\/uploads\\\/2022\\\/05\\\/Untitled-2-01-e1652084456514.png\",\"contentUrl\":\"https:\\\/\\\/blogin.al\\\/wp-content\\\/uploads\\\/2022\\\/05\\\/Untitled-2-01-e1652084456514.png\",\"width\":3723,\"height\":1698,\"caption\":\"BLOGIN.al\"},\"image\":{\"@id\":\"https:\\\/\\\/blogin.al\\\/#\\\/schema\\\/logo\\\/image\\\/\"},\"sameAs\":[\"https:\\\/\\\/instagram.com\\\/blogin.al\\\/\"]},{\"@type\":\"Person\",\"@id\":\"https:\\\/\\\/blogin.al\\\/#\\\/schema\\\/person\\\/abdd56bc912cd511db877b852b115399\",\"name\":\"Blogin al\",\"image\":{\"@type\":\"ImageObject\",\"inLanguage\":\"en-US\",\"@id\":\"https:\\\/\\\/secure.gravatar.com\\\/avatar\\\/60d5661aee6e835fb13dc75d2204cd0c1d61bef2efd137c0083e59ef831e235e?s=96&d=mm&r=g\",\"url\":\"https:\\\/\\\/secure.gravatar.com\\\/avatar\\\/60d5661aee6e835fb13dc75d2204cd0c1d61bef2efd137c0083e59ef831e235e?s=96&d=mm&r=g\",\"contentUrl\":\"https:\\\/\\\/secure.gravatar.com\\\/avatar\\\/60d5661aee6e835fb13dc75d2204cd0c1d61bef2efd137c0083e59ef831e235e?s=96&d=mm&r=g\",\"caption\":\"Blogin al\"},\"sameAs\":[\"https:\\\/\\\/blogin.al\"],\"url\":\"https:\\\/\\\/blogin.al\\\/?author=2\"}]}<\/script>\n<!-- \/ Yoast SEO plugin. -->","yoast_head_json":{"title":"Haris i p\u00ebrgjigjet Amadeas p\u00ebr tradhtin\u00eb: Gj\u00ebja m\u00eb e mir\u00eb q\u00eb jam ndar\u00eb. Ajo po g\u00ebnjen! - blogin.al","robots":{"index":"index","follow":"follow","max-snippet":"max-snippet:-1","max-image-preview":"max-image-preview:large","max-video-preview":"max-video-preview:-1"},"canonical":"https:\/\/blogin.al\/?p=41448","og_locale":"en_US","og_type":"article","og_title":"Haris i p\u00ebrgjigjet Amadeas p\u00ebr tradhtin\u00eb: Gj\u00ebja m\u00eb e mir\u00eb q\u00eb jam ndar\u00eb. Ajo po g\u00ebnjen! - blogin.al","og_description":"Haris i ka kthyer p\u00ebrgjigje Amadeas p\u00ebr deklaratat e tradhtis\u00eb s\u00eb tij. P\u00ebr programin \u201cRudina\u201d, Haris ka d\u00ebrguar nj\u00eb mesazh zanor p\u00ebr Amadean, e cila \u00ebsht\u00eb e ftuar p\u00ebr t\u00eb rr\u00ebfyer t\u00eb v\u00ebrtet\u00ebn e ndarjes s\u00eb tyre pas daljes nga vila e dashuris\u00eb. Haris thot\u00eb se fjal\u00ebt e Amadeas \u201cnuk jan\u00eb t\u00eb v\u00ebrteta\u201d dhe se [&hellip;]","og_url":"https:\/\/blogin.al\/?p=41448","og_site_name":"blogin.al","article_published_time":"2023-12-19T08:42:21+00:00","article_modified_time":"2023-12-19T08:42:23+00:00","og_image":[{"width":1024,"height":1010,"url":"https:\/\/blogin.al\/wp-content\/uploads\/2023\/11\/image-83-1024x1010.png","type":"image\/png"}],"author":"Blogin al","twitter_card":"summary_large_image","twitter_misc":{"Written by":"Blogin al","Est. reading time":"2 minutes"},"schema":{"@context":"https:\/\/schema.org","@graph":[{"@type":"Article","@id":"https:\/\/blogin.al\/?p=41448#article","isPartOf":{"@id":"https:\/\/blogin.al\/?p=41448"},"author":{"name":"Blogin al","@id":"https:\/\/blogin.al\/#\/schema\/person\/abdd56bc912cd511db877b852b115399"},"headline":"Haris i p\u00ebrgjigjet Amadeas p\u00ebr tradhtin\u00eb: Gj\u00ebja m\u00eb e mir\u00eb q\u00eb jam ndar\u00eb. Ajo po g\u00ebnjen!","datePublished":"2023-12-19T08:42:21+00:00","dateModified":"2023-12-19T08:42:23+00:00","mainEntityOfPage":{"@id":"https:\/\/blogin.al\/?p=41448"},"wordCount":462,"commentCount":0,"publisher":{"@id":"https:\/\/blogin.al\/#organization"},"image":{"@id":"https:\/\/blogin.al\/?p=41448#primaryimage"},"thumbnailUrl":"https:\/\/blogin.al\/wp-content\/uploads\/2023\/11\/image-83.png","articleSection":["SHOWBIZ"],"inLanguage":"en-US","potentialAction":[{"@type":"CommentAction","name":"Comment","target":["https:\/\/blogin.al\/?p=41448#respond"]}]},{"@type":"WebPage","@id":"https:\/\/blogin.al\/?p=41448","url":"https:\/\/blogin.al\/?p=41448","name":"Haris i p\u00ebrgjigjet Amadeas p\u00ebr tradhtin\u00eb: Gj\u00ebja m\u00eb e mir\u00eb q\u00eb jam ndar\u00eb. Ajo po g\u00ebnjen! - blogin.al","isPartOf":{"@id":"https:\/\/blogin.al\/#website"},"primaryImageOfPage":{"@id":"https:\/\/blogin.al\/?p=41448#primaryimage"},"image":{"@id":"https:\/\/blogin.al\/?p=41448#primaryimage"},"thumbnailUrl":"https:\/\/blogin.al\/wp-content\/uploads\/2023\/11\/image-83.png","datePublished":"2023-12-19T08:42:21+00:00","dateModified":"2023-12-19T08:42:23+00:00","breadcrumb":{"@id":"https:\/\/blogin.al\/?p=41448#breadcrumb"},"inLanguage":"en-US","potentialAction":[{"@type":"ReadAction","target":["https:\/\/blogin.al\/?p=41448"]}]},{"@type":"ImageObject","inLanguage":"en-US","@id":"https:\/\/blogin.al\/?p=41448#primaryimage","url":"https:\/\/blogin.al\/wp-content\/uploads\/2023\/11\/image-83.png","contentUrl":"https:\/\/blogin.al\/wp-content\/uploads\/2023\/11\/image-83.png","width":1284,"height":1266},{"@type":"BreadcrumbList","@id":"https:\/\/blogin.al\/?p=41448#breadcrumb","itemListElement":[{"@type":"ListItem","position":1,"name":"Home","item":"https:\/\/blogin.al\/"},{"@type":"ListItem","position":2,"name":"Haris i p\u00ebrgjigjet Amadeas p\u00ebr tradhtin\u00eb: Gj\u00ebja m\u00eb e mir\u00eb q\u00eb jam ndar\u00eb. Ajo po g\u00ebnjen!"}]},{"@type":"WebSite","@id":"https:\/\/blogin.al\/#website","url":"https:\/\/blogin.al\/","name":"blogin.al","description":"","publisher":{"@id":"https:\/\/blogin.al\/#organization"},"potentialAction":[{"@type":"SearchAction","target":{"@type":"EntryPoint","urlTemplate":"https:\/\/blogin.al\/?s={search_term_string}"},"query-input":{"@type":"PropertyValueSpecification","valueRequired":true,"valueName":"search_term_string"}}],"inLanguage":"en-US"},{"@type":"Organization","@id":"https:\/\/blogin.al\/#organization","name":"BLOGIN.al","url":"https:\/\/blogin.al\/","logo":{"@type":"ImageObject","inLanguage":"en-US","@id":"https:\/\/blogin.al\/#\/schema\/logo\/image\/","url":"https:\/\/blogin.al\/wp-content\/uploads\/2022\/05\/Untitled-2-01-e1652084456514.png","contentUrl":"https:\/\/blogin.al\/wp-content\/uploads\/2022\/05\/Untitled-2-01-e1652084456514.png","width":3723,"height":1698,"caption":"BLOGIN.al"},"image":{"@id":"https:\/\/blogin.al\/#\/schema\/logo\/image\/"},"sameAs":["https:\/\/instagram.com\/blogin.al\/"]},{"@type":"Person","@id":"https:\/\/blogin.al\/#\/schema\/person\/abdd56bc912cd511db877b852b115399","name":"Blogin al","image":{"@type":"ImageObject","inLanguage":"en-US","@id":"https:\/\/secure.gravatar.com\/avatar\/60d5661aee6e835fb13dc75d2204cd0c1d61bef2efd137c0083e59ef831e235e?s=96&d=mm&r=g","url":"https:\/\/secure.gravatar.com\/avatar\/60d5661aee6e835fb13dc75d2204cd0c1d61bef2efd137c0083e59ef831e235e?s=96&d=mm&r=g","contentUrl":"https:\/\/secure.gravatar.com\/avatar\/60d5661aee6e835fb13dc75d2204cd0c1d61bef2efd137c0083e59ef831e235e?s=96&d=mm&r=g","caption":"Blogin al"},"sameAs":["https:\/\/blogin.al"],"url":"https:\/\/blogin.al\/?author=2"}]}},"_links":{"self":[{"href":"https:\/\/blogin.al\/index.php?rest_route=\/wp\/v2\/posts\/41448","targetHints":{"allow":["GET"]}}],"collection":[{"href":"https:\/\/blogin.al\/index.php?rest_route=\/wp\/v2\/posts"}],"about":[{"href":"https:\/\/blogin.al\/index.php?rest_route=\/wp\/v2\/types\/post"}],"author":[{"embeddable":true,"href":"https:\/\/blogin.al\/index.php?rest_route=\/wp\/v2\/users\/2"}],"replies":[{"embeddable":true,"href":"https:\/\/blogin.al\/index.php?rest_route=%2Fwp%2Fv2%2Fcomments&post=41448"}],"version-history":[{"count":1,"href":"https:\/\/blogin.al\/index.php?rest_route=\/wp\/v2\/posts\/41448\/revisions"}],"predecessor-version":[{"id":41449,"href":"https:\/\/blogin.al\/index.php?rest_route=\/wp\/v2\/posts\/41448\/revisions\/41449"}],"wp:featuredmedia":[{"embeddable":true,"href":"https:\/\/blogin.al\/index.php?rest_route=\/wp\/v2\/media\/39929"}],"wp:attachment":[{"href":"https:\/\/blogin.al\/index.php?rest_route=%2Fwp%2Fv2%2Fmedia&parent=41448"}],"wp:term":[{"taxonomy":"category","embeddable":true,"href":"https:\/\/blogin.al\/index.php?rest_route=%2Fwp%2Fv2%2Fcategories&post=41448"},{"taxonomy":"post_tag","embeddable":true,"href":"https:\/\/blogin.al\/index.php?rest_route=%2Fwp%2Fv2%2Ftags&post=41448"}],"curies":[{"name":"wp","href":"https:\/\/api.w.org\/{rel}","templated":true}]}}