{"id":41457,"date":"2023-12-19T12:04:30","date_gmt":"2023-12-19T12:04:30","guid":{"rendered":"https:\/\/blogin.al\/?p=41457"},"modified":"2023-12-19T12:04:57","modified_gmt":"2023-12-19T12:04:57","slug":"mami-me-braktisi-dy-muajsh-dhe-babai-u-martua-kader-rrefen-mes-lotesh-historin-e-jetes","status":"publish","type":"post","link":"https:\/\/blogin.al\/?p=41457","title":{"rendered":"\u201cMami m\u00eb braktisi dy muajsh dhe babai u martua\u201d- Kader rr\u00ebfen mes lot\u00ebsh historin\u00eb e jet\u00ebs"},"content":{"rendered":"\n<p>Konkurentja e \u201cBig Brother Vip Kosova\u201d, Kader Kicaj gjat\u00eb primet t\u00eb mbr\u00ebmjes s\u00eb djeshme mes lot\u00ebsh ka b\u00ebr\u00eb nj\u00eb rr\u00ebfim prek\u00ebs p\u00ebr t\u00eb f\u00ebmij\u00ebrin\u00eb e saj.<\/p>\n\n\n\n<p>Ajo tregoi q\u00eb n\u00ebna e saj e ka braktikus q\u00eb dy muajshe, nd\u00ebrsa tha q\u00eb \u00ebsht\u00eb rritur vet\u00ebm me motr\u00ebn dhe gjyshen pasi edhe babai ka qen\u00eb emigrant jasht\u00eb vendit.<\/p>\n\n\n\n<figure class=\"wp-block-image is-style-default\"><img decoding=\"async\" src=\"https:\/\/telegrafi.com\/wp-content\/uploads\/2023\/12\/Screenshot_38-4-1130x635.png\" alt=\"Rr\u00ebfimi prek\u00ebs i Kaderit \u2013 n\u00ebna e braktisi kur ishte dymuajshe, si tentoi t\u2019i jepte fund jet\u00ebs\"\/><\/figure>\n\n\n\n<p><em>\u201cMami m\u00eb ka braktisur kur kam qen\u00eb dy muajshe, motra ka qen\u00eb nj\u00eb vje\u00e7 e nj\u00eb muaj. N\u00eb at\u00eb koh\u00eb babi ka qen\u00eb jasht\u00eb shtetit, nuk ka qen\u00eb me ne. P\u00ebr n\u00eb \u00ebsht\u00eb kujdesur gjyshja dhe gjyshi. Arsyen e ndarjes s\u00eb mamit dhe babit nuk e kemi ditur kurr\u00eb. Ndoshta nuk kan\u00eb dashur q\u00eb ne t\u00eb ndihemi keq. At\u00eb periudh\u00ebn q\u00eb ka qen\u00eb babi jasht\u00eb, p\u00ebr ne \u00ebsht\u00eb kujdesur xhaxhai. Ai ka qen\u00eb n\u00eb shkoll\u00eb duke studiuar, por prej nesh e ka l\u00ebn\u00eb shkoll\u00ebn. Pas vdekjes s\u00eb gjyshit, jeta p\u00ebr mua edhe p\u00ebr motr\u00ebn ka ndryshuar. Kur isha tre vje\u00e7 dhe motra kat\u00ebr, babi \u00ebsht\u00eb martuar me nj\u00eb grua tjet\u00ebr. Ajo erdhi dhe disa gj\u00ebra p\u00ebr ne ndryshuan. Gjyshja sa her\u00eb vinte tek ne na e shikonte trupin zi. Shtylla e jet\u00ebs sime ka qen\u00eb gjyshja, na ka ndenjur af\u00ebr, na ka edukuar. Arsyeja se pse jam veshur me t\u00eb bardha \u00ebsht\u00eb sepse, shum\u00eb vajza ndoshta e kan\u00eb historin\u00eb e nj\u00ebjt\u00eb ose pak m\u00eb ndryshe, kam dashur t\u00eb ju b\u00ebhem shembull, sepse m\u00eb ka zhg\u00ebnjyer shum\u00eb her\u00eb jeta dhe p\u00ebrs\u00ebri jam \u00e7uar n\u00eb k\u00ebmb\u00eb. Kujtimi m\u00eb i mir\u00eb q\u00eb ma ka l\u00ebn\u00eb mami \u00ebsht\u00eb motra. Babi kur \u00ebsht\u00eb martuar me njerk\u00ebn, ajo ka dashur ta largoj\u00eb prej nesh. Ata b\u00ebn\u00eb nj\u00eb f\u00ebmij\u00eb, por kur u rrit\u00ebm, babi na ka afruar m\u00eb shum\u00eb. Kur kemi qen\u00eb t\u00eb vogla i kemi veshur nj\u00eb pal\u00eb taka dhe na ka b\u00ebrtitur na ka mbyllur n\u00eb dhom\u00eb duke na th\u00ebn\u00eb mos b\u00ebni z\u00eb. Kam qen\u00eb nj\u00eb f\u00ebmij\u00eb q\u00eb m\u00ebrzin\u00eb q\u00eb kisha nuk e shprehja dot sepse kam ndenjur gjithmon\u00eb n\u00eb dhom\u00eb vet\u00ebm, kam pasur nj\u00eb kukull q\u00eb e quaja mami dhe e puthja. Gjyshja s\u2019ka l\u00ebn\u00eb asnj\u00eb penges\u00eb p\u00ebr ne dhe kush m\u00eb pyeste, thoja \u00ebsht\u00eb mami im. Kur kam qen\u00eb 13 vje\u00e7, ishte 8-marsi, m\u00eb tha nj\u00eb shoqe, o sa mir\u00eb ty mami t\u00eb ka l\u00ebn\u00eb dhe nuk ke kujt ti shkruash let\u00ebr. I thash\u00eb q\u00eb un\u00eb i shkruaj gjyshes sime. U ndjeva shum\u00eb keq dhe kam mbledhur 15-16 euro dhe shkova n\u00eb farmaci, t\u00eb bleja di\u00e7ka q\u00eb ti jepja fund jet\u00ebs. I kam shkruajtur nj\u00eb let\u00ebr familjes q\u00eb, nuk mund t\u00eb jetoj m\u00eb dhe t\u00eb p\u00ebrballoj m\u00eb t\u00eb gjitha mungesat q\u00eb kam. M\u00eb d\u00ebrguan n\u00eb spital sepse nuk e dinin se \u00e7far\u00eb kisha. Gjithmon\u00eb e kam pasur \u00ebnd\u00ebrr q\u00eb t\u00eb ulemi me mamin, babin dhe motr\u00ebn n\u00eb nj\u00eb tavolin\u00eb. Me mamin kam pasur kontakt. Kur ka ardhur n\u00eb gjimnaz t\u00eb m\u00eb takonte, kishte 7-8 vite q\u00eb ishte larguar, madje edhe z\u00ebrin ja kisha harruar. Arsyeja ishte sepse ajo u martua me dik\u00eb. Babi nuk na ka penguar kurr\u00eb q\u00eb ta takojm\u00eb mamin, gjithmon\u00eb ka th\u00ebn\u00eb \u00ebsht\u00eb n\u00ebna juaj, ju ka lindur dhe ju ka mbajtur n\u00ebnt\u00eb muaj n\u00eb bark.<\/em><\/p>\n\n\n\n<p><em>Kur e takova mamin e kisha si nj\u00eb njeri q\u00eb \u00ebsht\u00eb shum\u00eb i larg\u00ebt, jo si n\u00ebna ime. Un\u00eb tani jam e lidhur me babin shum\u00eb, ai b\u00ebn gjith\u00e7ka p\u00ebr mua. Un\u00eb kam mbajtur mbiemrin e mamit sepse doja nj\u00eb kujtim prej saj. Tani e kam falur edhe pse s\u2019ka mundur t\u00eb na rris\u00eb, t\u00eb na shikoj\u00eb hapat e par\u00eb. Tani q\u00eb e kujtoj them sa mir\u00eb q\u00eb m\u00eb ka ndodhur sepse po mos t\u2019m\u00eb kishte ndodhur ndoshta do kisha qen\u00eb f\u00ebmij\u00eb i llastuar q\u00eb nuk do e kisha ditur \u00e7far\u00eb \u00ebsht\u00eb e keqja apo e mira.\u201d<\/em>\u2013 tregoi Kaderi.<\/p>\n","protected":false},"excerpt":{"rendered":"<p>Konkurentja e \u201cBig Brother Vip Kosova\u201d, Kader Kicaj gjat\u00eb primet t\u00eb mbr\u00ebmjes s\u00eb djeshme mes lot\u00ebsh ka b\u00ebr\u00eb nj\u00eb rr\u00ebfim prek\u00ebs p\u00ebr t\u00eb f\u00ebmij\u00ebrin\u00eb e saj. Ajo tregoi q\u00eb n\u00ebna e saj e ka braktikus q\u00eb dy muajshe, nd\u00ebrsa tha q\u00eb \u00ebsht\u00eb rritur vet\u00ebm me motr\u00ebn dhe gjyshen pasi edhe babai ka qen\u00eb emigrant jasht\u00eb [&hellip;]<\/p>\n","protected":false},"author":2,"featured_media":40142,"comment_status":"open","ping_status":"open","sticky":false,"template":"","format":"standard","meta":{"footnotes":""},"categories":[33],"tags":[],"class_list":{"0":"post-41457","1":"post","2":"type-post","3":"status-publish","4":"format-standard","5":"has-post-thumbnail","7":"category-showbiz"},"yoast_head":"<!-- This site is optimized with the Yoast SEO plugin v27.5 - https:\/\/yoast.com\/product\/yoast-seo-wordpress\/ -->\n<title>\u201cMami m\u00eb braktisi dy muajsh dhe babai u martua\u201d- Kader rr\u00ebfen mes lot\u00ebsh historin\u00eb e jet\u00ebs - blogin.al<\/title>\n<meta name=\"robots\" content=\"index, follow, max-snippet:-1, max-image-preview:large, max-video-preview:-1\" \/>\n<link rel=\"canonical\" href=\"https:\/\/blogin.al\/?p=41457\" \/>\n<meta property=\"og:locale\" content=\"en_US\" \/>\n<meta property=\"og:type\" content=\"article\" \/>\n<meta property=\"og:title\" content=\"\u201cMami m\u00eb braktisi dy muajsh dhe babai u martua\u201d- Kader rr\u00ebfen mes lot\u00ebsh historin\u00eb e jet\u00ebs - blogin.al\" \/>\n<meta property=\"og:description\" content=\"Konkurentja e \u201cBig Brother Vip Kosova\u201d, Kader Kicaj gjat\u00eb primet t\u00eb mbr\u00ebmjes s\u00eb djeshme mes lot\u00ebsh ka b\u00ebr\u00eb nj\u00eb rr\u00ebfim prek\u00ebs p\u00ebr t\u00eb f\u00ebmij\u00ebrin\u00eb e saj. Ajo tregoi q\u00eb n\u00ebna e saj e ka braktikus q\u00eb dy muajshe, nd\u00ebrsa tha q\u00eb \u00ebsht\u00eb rritur vet\u00ebm me motr\u00ebn dhe gjyshen pasi edhe babai ka qen\u00eb emigrant jasht\u00eb [&hellip;]\" \/>\n<meta property=\"og:url\" content=\"https:\/\/blogin.al\/?p=41457\" \/>\n<meta property=\"og:site_name\" content=\"blogin.al\" \/>\n<meta property=\"article:published_time\" content=\"2023-12-19T12:04:30+00:00\" \/>\n<meta property=\"article:modified_time\" content=\"2023-12-19T12:04:57+00:00\" \/>\n<meta property=\"og:image\" content=\"https:\/\/blogin.al\/wp-content\/uploads\/2023\/11\/image-112.png\" \/>\n\t<meta property=\"og:image:width\" content=\"1290\" \/>\n\t<meta property=\"og:image:height\" content=\"1114\" \/>\n\t<meta property=\"og:image:type\" content=\"image\/png\" \/>\n<meta name=\"author\" content=\"Blogin al\" \/>\n<meta name=\"twitter:card\" content=\"summary_large_image\" \/>\n<meta name=\"twitter:label1\" content=\"Written by\" \/>\n\t<meta name=\"twitter:data1\" content=\"Blogin al\" \/>\n\t<meta name=\"twitter:label2\" content=\"Est. reading time\" \/>\n\t<meta name=\"twitter:data2\" content=\"4 minutes\" \/>\n<script type=\"application\/ld+json\" class=\"yoast-schema-graph\">{\"@context\":\"https:\\\/\\\/schema.org\",\"@graph\":[{\"@type\":\"Article\",\"@id\":\"https:\\\/\\\/blogin.al\\\/?p=41457#article\",\"isPartOf\":{\"@id\":\"https:\\\/\\\/blogin.al\\\/?p=41457\"},\"author\":{\"name\":\"Blogin al\",\"@id\":\"https:\\\/\\\/blogin.al\\\/#\\\/schema\\\/person\\\/abdd56bc912cd511db877b852b115399\"},\"headline\":\"\u201cMami m\u00eb braktisi dy muajsh dhe babai u martua\u201d- Kader rr\u00ebfen mes lot\u00ebsh historin\u00eb e jet\u00ebs\",\"datePublished\":\"2023-12-19T12:04:30+00:00\",\"dateModified\":\"2023-12-19T12:04:57+00:00\",\"mainEntityOfPage\":{\"@id\":\"https:\\\/\\\/blogin.al\\\/?p=41457\"},\"wordCount\":697,\"commentCount\":0,\"publisher\":{\"@id\":\"https:\\\/\\\/blogin.al\\\/#organization\"},\"image\":{\"@id\":\"https:\\\/\\\/blogin.al\\\/?p=41457#primaryimage\"},\"thumbnailUrl\":\"https:\\\/\\\/blogin.al\\\/wp-content\\\/uploads\\\/2023\\\/11\\\/image-112.png\",\"articleSection\":[\"SHOWBIZ\"],\"inLanguage\":\"en-US\",\"potentialAction\":[{\"@type\":\"CommentAction\",\"name\":\"Comment\",\"target\":[\"https:\\\/\\\/blogin.al\\\/?p=41457#respond\"]}]},{\"@type\":\"WebPage\",\"@id\":\"https:\\\/\\\/blogin.al\\\/?p=41457\",\"url\":\"https:\\\/\\\/blogin.al\\\/?p=41457\",\"name\":\"\u201cMami m\u00eb braktisi dy muajsh dhe babai u martua\u201d- Kader rr\u00ebfen mes lot\u00ebsh historin\u00eb e jet\u00ebs - blogin.al\",\"isPartOf\":{\"@id\":\"https:\\\/\\\/blogin.al\\\/#website\"},\"primaryImageOfPage\":{\"@id\":\"https:\\\/\\\/blogin.al\\\/?p=41457#primaryimage\"},\"image\":{\"@id\":\"https:\\\/\\\/blogin.al\\\/?p=41457#primaryimage\"},\"thumbnailUrl\":\"https:\\\/\\\/blogin.al\\\/wp-content\\\/uploads\\\/2023\\\/11\\\/image-112.png\",\"datePublished\":\"2023-12-19T12:04:30+00:00\",\"dateModified\":\"2023-12-19T12:04:57+00:00\",\"breadcrumb\":{\"@id\":\"https:\\\/\\\/blogin.al\\\/?p=41457#breadcrumb\"},\"inLanguage\":\"en-US\",\"potentialAction\":[{\"@type\":\"ReadAction\",\"target\":[\"https:\\\/\\\/blogin.al\\\/?p=41457\"]}]},{\"@type\":\"ImageObject\",\"inLanguage\":\"en-US\",\"@id\":\"https:\\\/\\\/blogin.al\\\/?p=41457#primaryimage\",\"url\":\"https:\\\/\\\/blogin.al\\\/wp-content\\\/uploads\\\/2023\\\/11\\\/image-112.png\",\"contentUrl\":\"https:\\\/\\\/blogin.al\\\/wp-content\\\/uploads\\\/2023\\\/11\\\/image-112.png\",\"width\":1290,\"height\":1114},{\"@type\":\"BreadcrumbList\",\"@id\":\"https:\\\/\\\/blogin.al\\\/?p=41457#breadcrumb\",\"itemListElement\":[{\"@type\":\"ListItem\",\"position\":1,\"name\":\"Home\",\"item\":\"https:\\\/\\\/blogin.al\\\/\"},{\"@type\":\"ListItem\",\"position\":2,\"name\":\"\u201cMami m\u00eb braktisi dy muajsh dhe babai u martua\u201d- Kader rr\u00ebfen mes lot\u00ebsh historin\u00eb e jet\u00ebs\"}]},{\"@type\":\"WebSite\",\"@id\":\"https:\\\/\\\/blogin.al\\\/#website\",\"url\":\"https:\\\/\\\/blogin.al\\\/\",\"name\":\"blogin.al\",\"description\":\"\",\"publisher\":{\"@id\":\"https:\\\/\\\/blogin.al\\\/#organization\"},\"potentialAction\":[{\"@type\":\"SearchAction\",\"target\":{\"@type\":\"EntryPoint\",\"urlTemplate\":\"https:\\\/\\\/blogin.al\\\/?s={search_term_string}\"},\"query-input\":{\"@type\":\"PropertyValueSpecification\",\"valueRequired\":true,\"valueName\":\"search_term_string\"}}],\"inLanguage\":\"en-US\"},{\"@type\":\"Organization\",\"@id\":\"https:\\\/\\\/blogin.al\\\/#organization\",\"name\":\"BLOGIN.al\",\"url\":\"https:\\\/\\\/blogin.al\\\/\",\"logo\":{\"@type\":\"ImageObject\",\"inLanguage\":\"en-US\",\"@id\":\"https:\\\/\\\/blogin.al\\\/#\\\/schema\\\/logo\\\/image\\\/\",\"url\":\"https:\\\/\\\/blogin.al\\\/wp-content\\\/uploads\\\/2022\\\/05\\\/Untitled-2-01-e1652084456514.png\",\"contentUrl\":\"https:\\\/\\\/blogin.al\\\/wp-content\\\/uploads\\\/2022\\\/05\\\/Untitled-2-01-e1652084456514.png\",\"width\":3723,\"height\":1698,\"caption\":\"BLOGIN.al\"},\"image\":{\"@id\":\"https:\\\/\\\/blogin.al\\\/#\\\/schema\\\/logo\\\/image\\\/\"},\"sameAs\":[\"https:\\\/\\\/instagram.com\\\/blogin.al\\\/\"]},{\"@type\":\"Person\",\"@id\":\"https:\\\/\\\/blogin.al\\\/#\\\/schema\\\/person\\\/abdd56bc912cd511db877b852b115399\",\"name\":\"Blogin al\",\"image\":{\"@type\":\"ImageObject\",\"inLanguage\":\"en-US\",\"@id\":\"https:\\\/\\\/secure.gravatar.com\\\/avatar\\\/60d5661aee6e835fb13dc75d2204cd0c1d61bef2efd137c0083e59ef831e235e?s=96&d=mm&r=g\",\"url\":\"https:\\\/\\\/secure.gravatar.com\\\/avatar\\\/60d5661aee6e835fb13dc75d2204cd0c1d61bef2efd137c0083e59ef831e235e?s=96&d=mm&r=g\",\"contentUrl\":\"https:\\\/\\\/secure.gravatar.com\\\/avatar\\\/60d5661aee6e835fb13dc75d2204cd0c1d61bef2efd137c0083e59ef831e235e?s=96&d=mm&r=g\",\"caption\":\"Blogin al\"},\"sameAs\":[\"https:\\\/\\\/blogin.al\"],\"url\":\"https:\\\/\\\/blogin.al\\\/?author=2\"}]}<\/script>\n<!-- \/ Yoast SEO plugin. -->","yoast_head_json":{"title":"\u201cMami m\u00eb braktisi dy muajsh dhe babai u martua\u201d- Kader rr\u00ebfen mes lot\u00ebsh historin\u00eb e jet\u00ebs - blogin.al","robots":{"index":"index","follow":"follow","max-snippet":"max-snippet:-1","max-image-preview":"max-image-preview:large","max-video-preview":"max-video-preview:-1"},"canonical":"https:\/\/blogin.al\/?p=41457","og_locale":"en_US","og_type":"article","og_title":"\u201cMami m\u00eb braktisi dy muajsh dhe babai u martua\u201d- Kader rr\u00ebfen mes lot\u00ebsh historin\u00eb e jet\u00ebs - blogin.al","og_description":"Konkurentja e \u201cBig Brother Vip Kosova\u201d, Kader Kicaj gjat\u00eb primet t\u00eb mbr\u00ebmjes s\u00eb djeshme mes lot\u00ebsh ka b\u00ebr\u00eb nj\u00eb rr\u00ebfim prek\u00ebs p\u00ebr t\u00eb f\u00ebmij\u00ebrin\u00eb e saj. Ajo tregoi q\u00eb n\u00ebna e saj e ka braktikus q\u00eb dy muajshe, nd\u00ebrsa tha q\u00eb \u00ebsht\u00eb rritur vet\u00ebm me motr\u00ebn dhe gjyshen pasi edhe babai ka qen\u00eb emigrant jasht\u00eb [&hellip;]","og_url":"https:\/\/blogin.al\/?p=41457","og_site_name":"blogin.al","article_published_time":"2023-12-19T12:04:30+00:00","article_modified_time":"2023-12-19T12:04:57+00:00","og_image":[{"width":1290,"height":1114,"url":"https:\/\/blogin.al\/wp-content\/uploads\/2023\/11\/image-112.png","type":"image\/png"}],"author":"Blogin al","twitter_card":"summary_large_image","twitter_misc":{"Written by":"Blogin al","Est. reading time":"4 minutes"},"schema":{"@context":"https:\/\/schema.org","@graph":[{"@type":"Article","@id":"https:\/\/blogin.al\/?p=41457#article","isPartOf":{"@id":"https:\/\/blogin.al\/?p=41457"},"author":{"name":"Blogin al","@id":"https:\/\/blogin.al\/#\/schema\/person\/abdd56bc912cd511db877b852b115399"},"headline":"\u201cMami m\u00eb braktisi dy muajsh dhe babai u martua\u201d- Kader rr\u00ebfen mes lot\u00ebsh historin\u00eb e jet\u00ebs","datePublished":"2023-12-19T12:04:30+00:00","dateModified":"2023-12-19T12:04:57+00:00","mainEntityOfPage":{"@id":"https:\/\/blogin.al\/?p=41457"},"wordCount":697,"commentCount":0,"publisher":{"@id":"https:\/\/blogin.al\/#organization"},"image":{"@id":"https:\/\/blogin.al\/?p=41457#primaryimage"},"thumbnailUrl":"https:\/\/blogin.al\/wp-content\/uploads\/2023\/11\/image-112.png","articleSection":["SHOWBIZ"],"inLanguage":"en-US","potentialAction":[{"@type":"CommentAction","name":"Comment","target":["https:\/\/blogin.al\/?p=41457#respond"]}]},{"@type":"WebPage","@id":"https:\/\/blogin.al\/?p=41457","url":"https:\/\/blogin.al\/?p=41457","name":"\u201cMami m\u00eb braktisi dy muajsh dhe babai u martua\u201d- Kader rr\u00ebfen mes lot\u00ebsh historin\u00eb e jet\u00ebs - blogin.al","isPartOf":{"@id":"https:\/\/blogin.al\/#website"},"primaryImageOfPage":{"@id":"https:\/\/blogin.al\/?p=41457#primaryimage"},"image":{"@id":"https:\/\/blogin.al\/?p=41457#primaryimage"},"thumbnailUrl":"https:\/\/blogin.al\/wp-content\/uploads\/2023\/11\/image-112.png","datePublished":"2023-12-19T12:04:30+00:00","dateModified":"2023-12-19T12:04:57+00:00","breadcrumb":{"@id":"https:\/\/blogin.al\/?p=41457#breadcrumb"},"inLanguage":"en-US","potentialAction":[{"@type":"ReadAction","target":["https:\/\/blogin.al\/?p=41457"]}]},{"@type":"ImageObject","inLanguage":"en-US","@id":"https:\/\/blogin.al\/?p=41457#primaryimage","url":"https:\/\/blogin.al\/wp-content\/uploads\/2023\/11\/image-112.png","contentUrl":"https:\/\/blogin.al\/wp-content\/uploads\/2023\/11\/image-112.png","width":1290,"height":1114},{"@type":"BreadcrumbList","@id":"https:\/\/blogin.al\/?p=41457#breadcrumb","itemListElement":[{"@type":"ListItem","position":1,"name":"Home","item":"https:\/\/blogin.al\/"},{"@type":"ListItem","position":2,"name":"\u201cMami m\u00eb braktisi dy muajsh dhe babai u martua\u201d- Kader rr\u00ebfen mes lot\u00ebsh historin\u00eb e jet\u00ebs"}]},{"@type":"WebSite","@id":"https:\/\/blogin.al\/#website","url":"https:\/\/blogin.al\/","name":"blogin.al","description":"","publisher":{"@id":"https:\/\/blogin.al\/#organization"},"potentialAction":[{"@type":"SearchAction","target":{"@type":"EntryPoint","urlTemplate":"https:\/\/blogin.al\/?s={search_term_string}"},"query-input":{"@type":"PropertyValueSpecification","valueRequired":true,"valueName":"search_term_string"}}],"inLanguage":"en-US"},{"@type":"Organization","@id":"https:\/\/blogin.al\/#organization","name":"BLOGIN.al","url":"https:\/\/blogin.al\/","logo":{"@type":"ImageObject","inLanguage":"en-US","@id":"https:\/\/blogin.al\/#\/schema\/logo\/image\/","url":"https:\/\/blogin.al\/wp-content\/uploads\/2022\/05\/Untitled-2-01-e1652084456514.png","contentUrl":"https:\/\/blogin.al\/wp-content\/uploads\/2022\/05\/Untitled-2-01-e1652084456514.png","width":3723,"height":1698,"caption":"BLOGIN.al"},"image":{"@id":"https:\/\/blogin.al\/#\/schema\/logo\/image\/"},"sameAs":["https:\/\/instagram.com\/blogin.al\/"]},{"@type":"Person","@id":"https:\/\/blogin.al\/#\/schema\/person\/abdd56bc912cd511db877b852b115399","name":"Blogin al","image":{"@type":"ImageObject","inLanguage":"en-US","@id":"https:\/\/secure.gravatar.com\/avatar\/60d5661aee6e835fb13dc75d2204cd0c1d61bef2efd137c0083e59ef831e235e?s=96&d=mm&r=g","url":"https:\/\/secure.gravatar.com\/avatar\/60d5661aee6e835fb13dc75d2204cd0c1d61bef2efd137c0083e59ef831e235e?s=96&d=mm&r=g","contentUrl":"https:\/\/secure.gravatar.com\/avatar\/60d5661aee6e835fb13dc75d2204cd0c1d61bef2efd137c0083e59ef831e235e?s=96&d=mm&r=g","caption":"Blogin al"},"sameAs":["https:\/\/blogin.al"],"url":"https:\/\/blogin.al\/?author=2"}]}},"_links":{"self":[{"href":"https:\/\/blogin.al\/index.php?rest_route=\/wp\/v2\/posts\/41457","targetHints":{"allow":["GET"]}}],"collection":[{"href":"https:\/\/blogin.al\/index.php?rest_route=\/wp\/v2\/posts"}],"about":[{"href":"https:\/\/blogin.al\/index.php?rest_route=\/wp\/v2\/types\/post"}],"author":[{"embeddable":true,"href":"https:\/\/blogin.al\/index.php?rest_route=\/wp\/v2\/users\/2"}],"replies":[{"embeddable":true,"href":"https:\/\/blogin.al\/index.php?rest_route=%2Fwp%2Fv2%2Fcomments&post=41457"}],"version-history":[{"count":2,"href":"https:\/\/blogin.al\/index.php?rest_route=\/wp\/v2\/posts\/41457\/revisions"}],"predecessor-version":[{"id":41459,"href":"https:\/\/blogin.al\/index.php?rest_route=\/wp\/v2\/posts\/41457\/revisions\/41459"}],"wp:featuredmedia":[{"embeddable":true,"href":"https:\/\/blogin.al\/index.php?rest_route=\/wp\/v2\/media\/40142"}],"wp:attachment":[{"href":"https:\/\/blogin.al\/index.php?rest_route=%2Fwp%2Fv2%2Fmedia&parent=41457"}],"wp:term":[{"taxonomy":"category","embeddable":true,"href":"https:\/\/blogin.al\/index.php?rest_route=%2Fwp%2Fv2%2Fcategories&post=41457"},{"taxonomy":"post_tag","embeddable":true,"href":"https:\/\/blogin.al\/index.php?rest_route=%2Fwp%2Fv2%2Ftags&post=41457"}],"curies":[{"name":"wp","href":"https:\/\/api.w.org\/{rel}","templated":true}]}}