{"id":41478,"date":"2023-12-20T09:17:43","date_gmt":"2023-12-20T09:17:43","guid":{"rendered":"https:\/\/blogin.al\/?p=41478"},"modified":"2023-12-20T09:43:00","modified_gmt":"2023-12-20T09:43:00","slug":"u-perfol-se-do-drejtoje-big-brother-fan-club-efi-dhedhes-reagon-per-here-te-pare-ja-cfare-tha-ajo","status":"publish","type":"post","link":"https:\/\/blogin.al\/?p=41478","title":{"rendered":"U p\u00ebrfol se do drejtoj\u00eb \u201cBig Brother Fan Club\u201d, Efi Dhedhes reagon p\u00ebr her\u00eb t\u00eb par\u00eb, ja \u00e7far\u00eb tha ajo"},"content":{"rendered":"\n<p>Prej disa dit\u00ebsh n\u00eb rrjet po qarkullojn\u00eb lajme se Efi Dhedh\u00ebs \u00ebsht\u00eb moderatorja e \u201cBig Brother Fan Club\u201d, p\u00ebr shkak q\u00eb pasuz\u00ebs q\u00eb do b\u00ebj Kiara Tito e cila \u00ebsht\u00eb n\u00eb pritje t\u00eb \u00ebmb\u00ebl.<\/p>\n\n\n\n<p>Z\u00ebrat u shtuan m\u00eb shum\u00eb kur ish-banorja e \u201cBBV\u201d p\u00ebrmes nj\u00eb postimi n\u00eb InstaStory tregoi se s\u00eb shpejti do t\u00eb kthehet n\u00eb ekran.<\/p>\n\n\n\n<p>Megjithat\u00eb s\u00eb fundmi rreth k\u00ebtyre lajmeve ka reaguar vet\u00eb Efi p\u00ebrmes nj\u00eb postimi n\u00eb Instagram.<\/p>\n\n\n\n<p>Ajo ka publikuar n\u00eb InstaStory nj\u00eb foto t\u00eb nj\u00eb shkrimi ku thuhet \u201cEfi Dhedhes do marr\u00eb drejtimin e \u2018BBV\u2019\u201d, nd\u00ebrsa krahas shkrimit ka vendosur nj\u00eb emoj duke u menduar, duke i nztuar akoma m\u00eb shum\u00eb dyshimet e publikut se ajo \u00ebsht\u00eb moderatorja e k\u00ebtij emisioni pavar\u00ebsisht se m\u00eb par\u00eb Efi ka treguar se d\u00ebshiron q\u00eb t\u00eb drejtoj\u00eb nj\u00eb program humori.<\/p>\n\n\n\n<figure class=\"wp-block-image size-full is-style-default\"><img fetchpriority=\"high\" decoding=\"async\" width=\"350\" height=\"720\" src=\"https:\/\/blogin.al\/wp-content\/uploads\/2023\/12\/image-140.png\" alt=\"\" class=\"wp-image-41480\" srcset=\"https:\/\/blogin.al\/wp-content\/uploads\/2023\/12\/image-140.png 350w, https:\/\/blogin.al\/wp-content\/uploads\/2023\/12\/image-140-146x300.png 146w, https:\/\/blogin.al\/wp-content\/uploads\/2023\/12\/image-140-150x309.png 150w, https:\/\/blogin.al\/wp-content\/uploads\/2023\/12\/image-140-300x617.png 300w\" sizes=\"(max-width: 350px) 100vw, 350px\" \/><\/figure>\n","protected":false},"excerpt":{"rendered":"<p>Prej disa dit\u00ebsh n\u00eb rrjet po qarkullojn\u00eb lajme se Efi Dhedh\u00ebs \u00ebsht\u00eb moderatorja e \u201cBig Brother Fan Club\u201d, p\u00ebr shkak q\u00eb pasuz\u00ebs q\u00eb do b\u00ebj Kiara Tito e cila \u00ebsht\u00eb n\u00eb pritje t\u00eb \u00ebmb\u00ebl. Z\u00ebrat u shtuan m\u00eb shum\u00eb kur ish-banorja e \u201cBBV\u201d p\u00ebrmes nj\u00eb postimi n\u00eb InstaStory tregoi se s\u00eb shpejti do t\u00eb kthehet [&hellip;]<\/p>\n","protected":false},"author":2,"featured_media":24045,"comment_status":"open","ping_status":"open","sticky":false,"template":"","format":"standard","meta":{"footnotes":""},"categories":[33],"tags":[],"class_list":{"0":"post-41478","1":"post","2":"type-post","3":"status-publish","4":"format-standard","5":"has-post-thumbnail","7":"category-showbiz"},"yoast_head":"<!-- This site is optimized with the Yoast SEO plugin v27.5 - https:\/\/yoast.com\/product\/yoast-seo-wordpress\/ -->\n<title>U p\u00ebrfol se do drejtoj\u00eb \u201cBig Brother Fan Club\u201d, Efi Dhedhes reagon p\u00ebr her\u00eb t\u00eb par\u00eb, ja \u00e7far\u00eb tha ajo - blogin.al<\/title>\n<meta name=\"robots\" content=\"index, follow, max-snippet:-1, max-image-preview:large, max-video-preview:-1\" \/>\n<link rel=\"canonical\" href=\"https:\/\/blogin.al\/?p=41478\" \/>\n<meta property=\"og:locale\" content=\"en_US\" \/>\n<meta property=\"og:type\" content=\"article\" \/>\n<meta property=\"og:title\" content=\"U p\u00ebrfol se do drejtoj\u00eb \u201cBig Brother Fan Club\u201d, Efi Dhedhes reagon p\u00ebr her\u00eb t\u00eb par\u00eb, ja \u00e7far\u00eb tha ajo - blogin.al\" \/>\n<meta property=\"og:description\" content=\"Prej disa dit\u00ebsh n\u00eb rrjet po qarkullojn\u00eb lajme se Efi Dhedh\u00ebs \u00ebsht\u00eb moderatorja e \u201cBig Brother Fan Club\u201d, p\u00ebr shkak q\u00eb pasuz\u00ebs q\u00eb do b\u00ebj Kiara Tito e cila \u00ebsht\u00eb n\u00eb pritje t\u00eb \u00ebmb\u00ebl. Z\u00ebrat u shtuan m\u00eb shum\u00eb kur ish-banorja e \u201cBBV\u201d p\u00ebrmes nj\u00eb postimi n\u00eb InstaStory tregoi se s\u00eb shpejti do t\u00eb kthehet [&hellip;]\" \/>\n<meta property=\"og:url\" content=\"https:\/\/blogin.al\/?p=41478\" \/>\n<meta property=\"og:site_name\" content=\"blogin.al\" \/>\n<meta property=\"article:published_time\" content=\"2023-12-20T09:17:43+00:00\" \/>\n<meta property=\"article:modified_time\" content=\"2023-12-20T09:43:00+00:00\" \/>\n<meta property=\"og:image\" content=\"https:\/\/blogin.al\/wp-content\/uploads\/2023\/02\/20230209_110941.jpg\" \/>\n\t<meta property=\"og:image:width\" content=\"1433\" \/>\n\t<meta property=\"og:image:height\" content=\"1608\" \/>\n\t<meta property=\"og:image:type\" content=\"image\/jpeg\" \/>\n<meta name=\"author\" content=\"Blogin al\" \/>\n<meta name=\"twitter:card\" content=\"summary_large_image\" \/>\n<meta name=\"twitter:label1\" content=\"Written by\" \/>\n\t<meta name=\"twitter:data1\" content=\"Blogin al\" \/>\n\t<meta name=\"twitter:label2\" content=\"Est. reading time\" \/>\n\t<meta name=\"twitter:data2\" content=\"1 minute\" \/>\n<script type=\"application\/ld+json\" class=\"yoast-schema-graph\">{\"@context\":\"https:\\\/\\\/schema.org\",\"@graph\":[{\"@type\":\"Article\",\"@id\":\"https:\\\/\\\/blogin.al\\\/?p=41478#article\",\"isPartOf\":{\"@id\":\"https:\\\/\\\/blogin.al\\\/?p=41478\"},\"author\":{\"name\":\"Blogin al\",\"@id\":\"https:\\\/\\\/blogin.al\\\/#\\\/schema\\\/person\\\/abdd56bc912cd511db877b852b115399\"},\"headline\":\"U p\u00ebrfol se do drejtoj\u00eb \u201cBig Brother Fan Club\u201d, Efi Dhedhes reagon p\u00ebr her\u00eb t\u00eb par\u00eb, ja \u00e7far\u00eb tha ajo\",\"datePublished\":\"2023-12-20T09:17:43+00:00\",\"dateModified\":\"2023-12-20T09:43:00+00:00\",\"mainEntityOfPage\":{\"@id\":\"https:\\\/\\\/blogin.al\\\/?p=41478\"},\"wordCount\":168,\"commentCount\":0,\"publisher\":{\"@id\":\"https:\\\/\\\/blogin.al\\\/#organization\"},\"image\":{\"@id\":\"https:\\\/\\\/blogin.al\\\/?p=41478#primaryimage\"},\"thumbnailUrl\":\"https:\\\/\\\/blogin.al\\\/wp-content\\\/uploads\\\/2023\\\/02\\\/20230209_110941.jpg\",\"articleSection\":[\"SHOWBIZ\"],\"inLanguage\":\"en-US\",\"potentialAction\":[{\"@type\":\"CommentAction\",\"name\":\"Comment\",\"target\":[\"https:\\\/\\\/blogin.al\\\/?p=41478#respond\"]}]},{\"@type\":\"WebPage\",\"@id\":\"https:\\\/\\\/blogin.al\\\/?p=41478\",\"url\":\"https:\\\/\\\/blogin.al\\\/?p=41478\",\"name\":\"U p\u00ebrfol se do drejtoj\u00eb \u201cBig Brother Fan Club\u201d, Efi Dhedhes reagon p\u00ebr her\u00eb t\u00eb par\u00eb, ja \u00e7far\u00eb tha ajo - blogin.al\",\"isPartOf\":{\"@id\":\"https:\\\/\\\/blogin.al\\\/#website\"},\"primaryImageOfPage\":{\"@id\":\"https:\\\/\\\/blogin.al\\\/?p=41478#primaryimage\"},\"image\":{\"@id\":\"https:\\\/\\\/blogin.al\\\/?p=41478#primaryimage\"},\"thumbnailUrl\":\"https:\\\/\\\/blogin.al\\\/wp-content\\\/uploads\\\/2023\\\/02\\\/20230209_110941.jpg\",\"datePublished\":\"2023-12-20T09:17:43+00:00\",\"dateModified\":\"2023-12-20T09:43:00+00:00\",\"breadcrumb\":{\"@id\":\"https:\\\/\\\/blogin.al\\\/?p=41478#breadcrumb\"},\"inLanguage\":\"en-US\",\"potentialAction\":[{\"@type\":\"ReadAction\",\"target\":[\"https:\\\/\\\/blogin.al\\\/?p=41478\"]}]},{\"@type\":\"ImageObject\",\"inLanguage\":\"en-US\",\"@id\":\"https:\\\/\\\/blogin.al\\\/?p=41478#primaryimage\",\"url\":\"https:\\\/\\\/blogin.al\\\/wp-content\\\/uploads\\\/2023\\\/02\\\/20230209_110941.jpg\",\"contentUrl\":\"https:\\\/\\\/blogin.al\\\/wp-content\\\/uploads\\\/2023\\\/02\\\/20230209_110941.jpg\",\"width\":1433,\"height\":1608},{\"@type\":\"BreadcrumbList\",\"@id\":\"https:\\\/\\\/blogin.al\\\/?p=41478#breadcrumb\",\"itemListElement\":[{\"@type\":\"ListItem\",\"position\":1,\"name\":\"Home\",\"item\":\"https:\\\/\\\/blogin.al\\\/\"},{\"@type\":\"ListItem\",\"position\":2,\"name\":\"U p\u00ebrfol se do drejtoj\u00eb \u201cBig Brother Fan Club\u201d, Efi Dhedhes reagon p\u00ebr her\u00eb t\u00eb par\u00eb, ja \u00e7far\u00eb tha ajo\"}]},{\"@type\":\"WebSite\",\"@id\":\"https:\\\/\\\/blogin.al\\\/#website\",\"url\":\"https:\\\/\\\/blogin.al\\\/\",\"name\":\"blogin.al\",\"description\":\"\",\"publisher\":{\"@id\":\"https:\\\/\\\/blogin.al\\\/#organization\"},\"potentialAction\":[{\"@type\":\"SearchAction\",\"target\":{\"@type\":\"EntryPoint\",\"urlTemplate\":\"https:\\\/\\\/blogin.al\\\/?s={search_term_string}\"},\"query-input\":{\"@type\":\"PropertyValueSpecification\",\"valueRequired\":true,\"valueName\":\"search_term_string\"}}],\"inLanguage\":\"en-US\"},{\"@type\":\"Organization\",\"@id\":\"https:\\\/\\\/blogin.al\\\/#organization\",\"name\":\"BLOGIN.al\",\"url\":\"https:\\\/\\\/blogin.al\\\/\",\"logo\":{\"@type\":\"ImageObject\",\"inLanguage\":\"en-US\",\"@id\":\"https:\\\/\\\/blogin.al\\\/#\\\/schema\\\/logo\\\/image\\\/\",\"url\":\"https:\\\/\\\/blogin.al\\\/wp-content\\\/uploads\\\/2022\\\/05\\\/Untitled-2-01-e1652084456514.png\",\"contentUrl\":\"https:\\\/\\\/blogin.al\\\/wp-content\\\/uploads\\\/2022\\\/05\\\/Untitled-2-01-e1652084456514.png\",\"width\":3723,\"height\":1698,\"caption\":\"BLOGIN.al\"},\"image\":{\"@id\":\"https:\\\/\\\/blogin.al\\\/#\\\/schema\\\/logo\\\/image\\\/\"},\"sameAs\":[\"https:\\\/\\\/instagram.com\\\/blogin.al\\\/\"]},{\"@type\":\"Person\",\"@id\":\"https:\\\/\\\/blogin.al\\\/#\\\/schema\\\/person\\\/abdd56bc912cd511db877b852b115399\",\"name\":\"Blogin al\",\"image\":{\"@type\":\"ImageObject\",\"inLanguage\":\"en-US\",\"@id\":\"https:\\\/\\\/secure.gravatar.com\\\/avatar\\\/60d5661aee6e835fb13dc75d2204cd0c1d61bef2efd137c0083e59ef831e235e?s=96&d=mm&r=g\",\"url\":\"https:\\\/\\\/secure.gravatar.com\\\/avatar\\\/60d5661aee6e835fb13dc75d2204cd0c1d61bef2efd137c0083e59ef831e235e?s=96&d=mm&r=g\",\"contentUrl\":\"https:\\\/\\\/secure.gravatar.com\\\/avatar\\\/60d5661aee6e835fb13dc75d2204cd0c1d61bef2efd137c0083e59ef831e235e?s=96&d=mm&r=g\",\"caption\":\"Blogin al\"},\"sameAs\":[\"https:\\\/\\\/blogin.al\"],\"url\":\"https:\\\/\\\/blogin.al\\\/?author=2\"}]}<\/script>\n<!-- \/ Yoast SEO plugin. -->","yoast_head_json":{"title":"U p\u00ebrfol se do drejtoj\u00eb \u201cBig Brother Fan Club\u201d, Efi Dhedhes reagon p\u00ebr her\u00eb t\u00eb par\u00eb, ja \u00e7far\u00eb tha ajo - blogin.al","robots":{"index":"index","follow":"follow","max-snippet":"max-snippet:-1","max-image-preview":"max-image-preview:large","max-video-preview":"max-video-preview:-1"},"canonical":"https:\/\/blogin.al\/?p=41478","og_locale":"en_US","og_type":"article","og_title":"U p\u00ebrfol se do drejtoj\u00eb \u201cBig Brother Fan Club\u201d, Efi Dhedhes reagon p\u00ebr her\u00eb t\u00eb par\u00eb, ja \u00e7far\u00eb tha ajo - blogin.al","og_description":"Prej disa dit\u00ebsh n\u00eb rrjet po qarkullojn\u00eb lajme se Efi Dhedh\u00ebs \u00ebsht\u00eb moderatorja e \u201cBig Brother Fan Club\u201d, p\u00ebr shkak q\u00eb pasuz\u00ebs q\u00eb do b\u00ebj Kiara Tito e cila \u00ebsht\u00eb n\u00eb pritje t\u00eb \u00ebmb\u00ebl. Z\u00ebrat u shtuan m\u00eb shum\u00eb kur ish-banorja e \u201cBBV\u201d p\u00ebrmes nj\u00eb postimi n\u00eb InstaStory tregoi se s\u00eb shpejti do t\u00eb kthehet [&hellip;]","og_url":"https:\/\/blogin.al\/?p=41478","og_site_name":"blogin.al","article_published_time":"2023-12-20T09:17:43+00:00","article_modified_time":"2023-12-20T09:43:00+00:00","og_image":[{"width":1433,"height":1608,"url":"https:\/\/blogin.al\/wp-content\/uploads\/2023\/02\/20230209_110941.jpg","type":"image\/jpeg"}],"author":"Blogin al","twitter_card":"summary_large_image","twitter_misc":{"Written by":"Blogin al","Est. reading time":"1 minute"},"schema":{"@context":"https:\/\/schema.org","@graph":[{"@type":"Article","@id":"https:\/\/blogin.al\/?p=41478#article","isPartOf":{"@id":"https:\/\/blogin.al\/?p=41478"},"author":{"name":"Blogin al","@id":"https:\/\/blogin.al\/#\/schema\/person\/abdd56bc912cd511db877b852b115399"},"headline":"U p\u00ebrfol se do drejtoj\u00eb \u201cBig Brother Fan Club\u201d, Efi Dhedhes reagon p\u00ebr her\u00eb t\u00eb par\u00eb, ja \u00e7far\u00eb tha ajo","datePublished":"2023-12-20T09:17:43+00:00","dateModified":"2023-12-20T09:43:00+00:00","mainEntityOfPage":{"@id":"https:\/\/blogin.al\/?p=41478"},"wordCount":168,"commentCount":0,"publisher":{"@id":"https:\/\/blogin.al\/#organization"},"image":{"@id":"https:\/\/blogin.al\/?p=41478#primaryimage"},"thumbnailUrl":"https:\/\/blogin.al\/wp-content\/uploads\/2023\/02\/20230209_110941.jpg","articleSection":["SHOWBIZ"],"inLanguage":"en-US","potentialAction":[{"@type":"CommentAction","name":"Comment","target":["https:\/\/blogin.al\/?p=41478#respond"]}]},{"@type":"WebPage","@id":"https:\/\/blogin.al\/?p=41478","url":"https:\/\/blogin.al\/?p=41478","name":"U p\u00ebrfol se do drejtoj\u00eb \u201cBig Brother Fan Club\u201d, Efi Dhedhes reagon p\u00ebr her\u00eb t\u00eb par\u00eb, ja \u00e7far\u00eb tha ajo - blogin.al","isPartOf":{"@id":"https:\/\/blogin.al\/#website"},"primaryImageOfPage":{"@id":"https:\/\/blogin.al\/?p=41478#primaryimage"},"image":{"@id":"https:\/\/blogin.al\/?p=41478#primaryimage"},"thumbnailUrl":"https:\/\/blogin.al\/wp-content\/uploads\/2023\/02\/20230209_110941.jpg","datePublished":"2023-12-20T09:17:43+00:00","dateModified":"2023-12-20T09:43:00+00:00","breadcrumb":{"@id":"https:\/\/blogin.al\/?p=41478#breadcrumb"},"inLanguage":"en-US","potentialAction":[{"@type":"ReadAction","target":["https:\/\/blogin.al\/?p=41478"]}]},{"@type":"ImageObject","inLanguage":"en-US","@id":"https:\/\/blogin.al\/?p=41478#primaryimage","url":"https:\/\/blogin.al\/wp-content\/uploads\/2023\/02\/20230209_110941.jpg","contentUrl":"https:\/\/blogin.al\/wp-content\/uploads\/2023\/02\/20230209_110941.jpg","width":1433,"height":1608},{"@type":"BreadcrumbList","@id":"https:\/\/blogin.al\/?p=41478#breadcrumb","itemListElement":[{"@type":"ListItem","position":1,"name":"Home","item":"https:\/\/blogin.al\/"},{"@type":"ListItem","position":2,"name":"U p\u00ebrfol se do drejtoj\u00eb \u201cBig Brother Fan Club\u201d, Efi Dhedhes reagon p\u00ebr her\u00eb t\u00eb par\u00eb, ja \u00e7far\u00eb tha ajo"}]},{"@type":"WebSite","@id":"https:\/\/blogin.al\/#website","url":"https:\/\/blogin.al\/","name":"blogin.al","description":"","publisher":{"@id":"https:\/\/blogin.al\/#organization"},"potentialAction":[{"@type":"SearchAction","target":{"@type":"EntryPoint","urlTemplate":"https:\/\/blogin.al\/?s={search_term_string}"},"query-input":{"@type":"PropertyValueSpecification","valueRequired":true,"valueName":"search_term_string"}}],"inLanguage":"en-US"},{"@type":"Organization","@id":"https:\/\/blogin.al\/#organization","name":"BLOGIN.al","url":"https:\/\/blogin.al\/","logo":{"@type":"ImageObject","inLanguage":"en-US","@id":"https:\/\/blogin.al\/#\/schema\/logo\/image\/","url":"https:\/\/blogin.al\/wp-content\/uploads\/2022\/05\/Untitled-2-01-e1652084456514.png","contentUrl":"https:\/\/blogin.al\/wp-content\/uploads\/2022\/05\/Untitled-2-01-e1652084456514.png","width":3723,"height":1698,"caption":"BLOGIN.al"},"image":{"@id":"https:\/\/blogin.al\/#\/schema\/logo\/image\/"},"sameAs":["https:\/\/instagram.com\/blogin.al\/"]},{"@type":"Person","@id":"https:\/\/blogin.al\/#\/schema\/person\/abdd56bc912cd511db877b852b115399","name":"Blogin al","image":{"@type":"ImageObject","inLanguage":"en-US","@id":"https:\/\/secure.gravatar.com\/avatar\/60d5661aee6e835fb13dc75d2204cd0c1d61bef2efd137c0083e59ef831e235e?s=96&d=mm&r=g","url":"https:\/\/secure.gravatar.com\/avatar\/60d5661aee6e835fb13dc75d2204cd0c1d61bef2efd137c0083e59ef831e235e?s=96&d=mm&r=g","contentUrl":"https:\/\/secure.gravatar.com\/avatar\/60d5661aee6e835fb13dc75d2204cd0c1d61bef2efd137c0083e59ef831e235e?s=96&d=mm&r=g","caption":"Blogin al"},"sameAs":["https:\/\/blogin.al"],"url":"https:\/\/blogin.al\/?author=2"}]}},"_links":{"self":[{"href":"https:\/\/blogin.al\/index.php?rest_route=\/wp\/v2\/posts\/41478","targetHints":{"allow":["GET"]}}],"collection":[{"href":"https:\/\/blogin.al\/index.php?rest_route=\/wp\/v2\/posts"}],"about":[{"href":"https:\/\/blogin.al\/index.php?rest_route=\/wp\/v2\/types\/post"}],"author":[{"embeddable":true,"href":"https:\/\/blogin.al\/index.php?rest_route=\/wp\/v2\/users\/2"}],"replies":[{"embeddable":true,"href":"https:\/\/blogin.al\/index.php?rest_route=%2Fwp%2Fv2%2Fcomments&post=41478"}],"version-history":[{"count":2,"href":"https:\/\/blogin.al\/index.php?rest_route=\/wp\/v2\/posts\/41478\/revisions"}],"predecessor-version":[{"id":41488,"href":"https:\/\/blogin.al\/index.php?rest_route=\/wp\/v2\/posts\/41478\/revisions\/41488"}],"wp:featuredmedia":[{"embeddable":true,"href":"https:\/\/blogin.al\/index.php?rest_route=\/wp\/v2\/media\/24045"}],"wp:attachment":[{"href":"https:\/\/blogin.al\/index.php?rest_route=%2Fwp%2Fv2%2Fmedia&parent=41478"}],"wp:term":[{"taxonomy":"category","embeddable":true,"href":"https:\/\/blogin.al\/index.php?rest_route=%2Fwp%2Fv2%2Fcategories&post=41478"},{"taxonomy":"post_tag","embeddable":true,"href":"https:\/\/blogin.al\/index.php?rest_route=%2Fwp%2Fv2%2Ftags&post=41478"}],"curies":[{"name":"wp","href":"https:\/\/api.w.org\/{rel}","templated":true}]}}