{"id":41511,"date":"2023-12-20T13:56:06","date_gmt":"2023-12-20T13:56:06","guid":{"rendered":"https:\/\/blogin.al\/?p=41511"},"modified":"2023-12-20T13:56:09","modified_gmt":"2023-12-20T13:56:09","slug":"kengetarja-e-njohur-rrefen-me-lot-ne-sy-betejen-me-kancerin-e-gjirit-ishte-e-veshtire","status":"publish","type":"post","link":"https:\/\/blogin.al\/?p=41511","title":{"rendered":"K\u00ebng\u00ebtarja e njohur rr\u00ebfen me lot n\u00eb sy betej\u00ebn me kancerin e gjirit: Ishte e v\u00ebshtir\u00eb"},"content":{"rendered":"\n<p>K\u00ebng\u00ebtarja e famshme, Kylie Minogue, ka dh\u00ebn\u00eb s\u00eb fundmi nj\u00eb intervist\u00eb ku ka folur p\u00ebr betej\u00ebn e saj me kancerin e gjirit, por edhe p\u00ebr traum\u00ebn q\u00eb i ka l\u00ebn\u00eb vite pas diagnoz\u00ebs.<\/p>\n\n\n\n<p>Krijuesja e \u201cSpinning Around\u201d duke folur p\u00ebr CBS News, foli p\u00ebr p\u00ebrvoj\u00ebn e saj dhe tha:<\/p>\n\n\n\n<p>\u201cP\u00ebrvoja e diagnostikimit me kancer do t\u00eb jetoj\u00eb tek un\u00eb. Ishte e v\u00ebshtir\u00eb, por ishte gjithashtu e mahnitshme\u201d.<\/p>\n\n\n\n<p>Minogue u diagnostikua me kancer gjiri n\u00eb vitin 2005, nd\u00ebrsa ishte n\u00eb mes t\u00eb turneut t\u00eb saj bot\u00ebror. Duke folur n\u00eb emision, Kylie ka deklaruar se pavar\u00ebsisht se ia ka dal\u00eb t\u2019a kap\u00ebrcej\u00eb, frika do t\u00eb jet\u00eb gjithmon\u00eb aty p\u00ebr t\u00eb.<\/p>\n\n\n\n<p>\u201cFrika do t\u00eb jet\u00eb gjithmon\u00eb tek un\u00eb. Kjo betej\u00eb ishte gjithashtu e mahnitshme, sepse t\u00eb b\u00ebn t\u00eb njoh\u00ebsh shum\u00eb mir\u00eb trupin t\u00ebnd, dashurin\u00eb e atyre q\u00eb t\u00eb rrethojn\u00eb, aft\u00ebsit\u00eb e tua. T\u00eb gjitha k\u00ebto gj\u00ebra. Un\u00eb k\u00ebndoj p\u00ebr t\u00eb p\u00ebrpunuar gjith\u00e7ka. Un\u00eb shkruaj p\u00ebr t\u00eb p\u00ebrpunuar gjith\u00e7ka. Ndonj\u00ebher\u00eb mendoj se jetoj p\u00ebr t\u00eb performuar\u201d, ka th\u00ebn\u00eb me lot n\u00eb sy 55-vje\u00e7arja.<\/p>\n","protected":false},"excerpt":{"rendered":"<p>K\u00ebng\u00ebtarja e famshme, Kylie Minogue, ka dh\u00ebn\u00eb s\u00eb fundmi nj\u00eb intervist\u00eb ku ka folur p\u00ebr betej\u00ebn e saj me kancerin e gjirit, por edhe p\u00ebr traum\u00ebn q\u00eb i ka l\u00ebn\u00eb vite pas diagnoz\u00ebs. Krijuesja e \u201cSpinning Around\u201d duke folur p\u00ebr CBS News, foli p\u00ebr p\u00ebrvoj\u00ebn e saj dhe tha: \u201cP\u00ebrvoja e diagnostikimit me kancer do [&hellip;]<\/p>\n","protected":false},"author":2,"featured_media":41512,"comment_status":"open","ping_status":"open","sticky":false,"template":"","format":"standard","meta":{"footnotes":""},"categories":[33],"tags":[],"class_list":{"0":"post-41511","1":"post","2":"type-post","3":"status-publish","4":"format-standard","5":"has-post-thumbnail","7":"category-showbiz"},"yoast_head":"<!-- This site is optimized with the Yoast SEO plugin v27.5 - https:\/\/yoast.com\/product\/yoast-seo-wordpress\/ -->\n<title>K\u00ebng\u00ebtarja e njohur rr\u00ebfen me lot n\u00eb sy betej\u00ebn me kancerin e gjirit: Ishte e v\u00ebshtir\u00eb - blogin.al<\/title>\n<meta name=\"robots\" content=\"index, follow, max-snippet:-1, max-image-preview:large, max-video-preview:-1\" \/>\n<link rel=\"canonical\" href=\"https:\/\/blogin.al\/?p=41511\" \/>\n<meta property=\"og:locale\" content=\"en_US\" \/>\n<meta property=\"og:type\" content=\"article\" \/>\n<meta property=\"og:title\" content=\"K\u00ebng\u00ebtarja e njohur rr\u00ebfen me lot n\u00eb sy betej\u00ebn me kancerin e gjirit: Ishte e v\u00ebshtir\u00eb - blogin.al\" \/>\n<meta property=\"og:description\" content=\"K\u00ebng\u00ebtarja e famshme, Kylie Minogue, ka dh\u00ebn\u00eb s\u00eb fundmi nj\u00eb intervist\u00eb ku ka folur p\u00ebr betej\u00ebn e saj me kancerin e gjirit, por edhe p\u00ebr traum\u00ebn q\u00eb i ka l\u00ebn\u00eb vite pas diagnoz\u00ebs. Krijuesja e \u201cSpinning Around\u201d duke folur p\u00ebr CBS News, foli p\u00ebr p\u00ebrvoj\u00ebn e saj dhe tha: \u201cP\u00ebrvoja e diagnostikimit me kancer do [&hellip;]\" \/>\n<meta property=\"og:url\" content=\"https:\/\/blogin.al\/?p=41511\" \/>\n<meta property=\"og:site_name\" content=\"blogin.al\" \/>\n<meta property=\"article:published_time\" content=\"2023-12-20T13:56:06+00:00\" \/>\n<meta property=\"article:modified_time\" content=\"2023-12-20T13:56:09+00:00\" \/>\n<meta property=\"og:image\" content=\"https:\/\/blogin.al\/wp-content\/uploads\/2023\/12\/image-147.png\" \/>\n\t<meta property=\"og:image:width\" content=\"1280\" \/>\n\t<meta property=\"og:image:height\" content=\"720\" \/>\n\t<meta property=\"og:image:type\" content=\"image\/png\" \/>\n<meta name=\"author\" content=\"Blogin al\" \/>\n<meta name=\"twitter:card\" content=\"summary_large_image\" \/>\n<meta name=\"twitter:label1\" content=\"Written by\" \/>\n\t<meta name=\"twitter:data1\" content=\"Blogin al\" \/>\n\t<meta name=\"twitter:label2\" content=\"Est. reading time\" \/>\n\t<meta name=\"twitter:data2\" content=\"1 minute\" \/>\n<script type=\"application\/ld+json\" class=\"yoast-schema-graph\">{\"@context\":\"https:\\\/\\\/schema.org\",\"@graph\":[{\"@type\":\"Article\",\"@id\":\"https:\\\/\\\/blogin.al\\\/?p=41511#article\",\"isPartOf\":{\"@id\":\"https:\\\/\\\/blogin.al\\\/?p=41511\"},\"author\":{\"name\":\"Blogin al\",\"@id\":\"https:\\\/\\\/blogin.al\\\/#\\\/schema\\\/person\\\/abdd56bc912cd511db877b852b115399\"},\"headline\":\"K\u00ebng\u00ebtarja e njohur rr\u00ebfen me lot n\u00eb sy betej\u00ebn me kancerin e gjirit: Ishte e v\u00ebshtir\u00eb\",\"datePublished\":\"2023-12-20T13:56:06+00:00\",\"dateModified\":\"2023-12-20T13:56:09+00:00\",\"mainEntityOfPage\":{\"@id\":\"https:\\\/\\\/blogin.al\\\/?p=41511\"},\"wordCount\":227,\"commentCount\":0,\"publisher\":{\"@id\":\"https:\\\/\\\/blogin.al\\\/#organization\"},\"image\":{\"@id\":\"https:\\\/\\\/blogin.al\\\/?p=41511#primaryimage\"},\"thumbnailUrl\":\"https:\\\/\\\/blogin.al\\\/wp-content\\\/uploads\\\/2023\\\/12\\\/image-147.png\",\"articleSection\":[\"SHOWBIZ\"],\"inLanguage\":\"en-US\",\"potentialAction\":[{\"@type\":\"CommentAction\",\"name\":\"Comment\",\"target\":[\"https:\\\/\\\/blogin.al\\\/?p=41511#respond\"]}]},{\"@type\":\"WebPage\",\"@id\":\"https:\\\/\\\/blogin.al\\\/?p=41511\",\"url\":\"https:\\\/\\\/blogin.al\\\/?p=41511\",\"name\":\"K\u00ebng\u00ebtarja e njohur rr\u00ebfen me lot n\u00eb sy betej\u00ebn me kancerin e gjirit: Ishte e v\u00ebshtir\u00eb - blogin.al\",\"isPartOf\":{\"@id\":\"https:\\\/\\\/blogin.al\\\/#website\"},\"primaryImageOfPage\":{\"@id\":\"https:\\\/\\\/blogin.al\\\/?p=41511#primaryimage\"},\"image\":{\"@id\":\"https:\\\/\\\/blogin.al\\\/?p=41511#primaryimage\"},\"thumbnailUrl\":\"https:\\\/\\\/blogin.al\\\/wp-content\\\/uploads\\\/2023\\\/12\\\/image-147.png\",\"datePublished\":\"2023-12-20T13:56:06+00:00\",\"dateModified\":\"2023-12-20T13:56:09+00:00\",\"breadcrumb\":{\"@id\":\"https:\\\/\\\/blogin.al\\\/?p=41511#breadcrumb\"},\"inLanguage\":\"en-US\",\"potentialAction\":[{\"@type\":\"ReadAction\",\"target\":[\"https:\\\/\\\/blogin.al\\\/?p=41511\"]}]},{\"@type\":\"ImageObject\",\"inLanguage\":\"en-US\",\"@id\":\"https:\\\/\\\/blogin.al\\\/?p=41511#primaryimage\",\"url\":\"https:\\\/\\\/blogin.al\\\/wp-content\\\/uploads\\\/2023\\\/12\\\/image-147.png\",\"contentUrl\":\"https:\\\/\\\/blogin.al\\\/wp-content\\\/uploads\\\/2023\\\/12\\\/image-147.png\",\"width\":1280,\"height\":720},{\"@type\":\"BreadcrumbList\",\"@id\":\"https:\\\/\\\/blogin.al\\\/?p=41511#breadcrumb\",\"itemListElement\":[{\"@type\":\"ListItem\",\"position\":1,\"name\":\"Home\",\"item\":\"https:\\\/\\\/blogin.al\\\/\"},{\"@type\":\"ListItem\",\"position\":2,\"name\":\"K\u00ebng\u00ebtarja e njohur rr\u00ebfen me lot n\u00eb sy betej\u00ebn me kancerin e gjirit: Ishte e v\u00ebshtir\u00eb\"}]},{\"@type\":\"WebSite\",\"@id\":\"https:\\\/\\\/blogin.al\\\/#website\",\"url\":\"https:\\\/\\\/blogin.al\\\/\",\"name\":\"blogin.al\",\"description\":\"\",\"publisher\":{\"@id\":\"https:\\\/\\\/blogin.al\\\/#organization\"},\"potentialAction\":[{\"@type\":\"SearchAction\",\"target\":{\"@type\":\"EntryPoint\",\"urlTemplate\":\"https:\\\/\\\/blogin.al\\\/?s={search_term_string}\"},\"query-input\":{\"@type\":\"PropertyValueSpecification\",\"valueRequired\":true,\"valueName\":\"search_term_string\"}}],\"inLanguage\":\"en-US\"},{\"@type\":\"Organization\",\"@id\":\"https:\\\/\\\/blogin.al\\\/#organization\",\"name\":\"BLOGIN.al\",\"url\":\"https:\\\/\\\/blogin.al\\\/\",\"logo\":{\"@type\":\"ImageObject\",\"inLanguage\":\"en-US\",\"@id\":\"https:\\\/\\\/blogin.al\\\/#\\\/schema\\\/logo\\\/image\\\/\",\"url\":\"https:\\\/\\\/blogin.al\\\/wp-content\\\/uploads\\\/2022\\\/05\\\/Untitled-2-01-e1652084456514.png\",\"contentUrl\":\"https:\\\/\\\/blogin.al\\\/wp-content\\\/uploads\\\/2022\\\/05\\\/Untitled-2-01-e1652084456514.png\",\"width\":3723,\"height\":1698,\"caption\":\"BLOGIN.al\"},\"image\":{\"@id\":\"https:\\\/\\\/blogin.al\\\/#\\\/schema\\\/logo\\\/image\\\/\"},\"sameAs\":[\"https:\\\/\\\/instagram.com\\\/blogin.al\\\/\"]},{\"@type\":\"Person\",\"@id\":\"https:\\\/\\\/blogin.al\\\/#\\\/schema\\\/person\\\/abdd56bc912cd511db877b852b115399\",\"name\":\"Blogin al\",\"image\":{\"@type\":\"ImageObject\",\"inLanguage\":\"en-US\",\"@id\":\"https:\\\/\\\/secure.gravatar.com\\\/avatar\\\/60d5661aee6e835fb13dc75d2204cd0c1d61bef2efd137c0083e59ef831e235e?s=96&d=mm&r=g\",\"url\":\"https:\\\/\\\/secure.gravatar.com\\\/avatar\\\/60d5661aee6e835fb13dc75d2204cd0c1d61bef2efd137c0083e59ef831e235e?s=96&d=mm&r=g\",\"contentUrl\":\"https:\\\/\\\/secure.gravatar.com\\\/avatar\\\/60d5661aee6e835fb13dc75d2204cd0c1d61bef2efd137c0083e59ef831e235e?s=96&d=mm&r=g\",\"caption\":\"Blogin al\"},\"sameAs\":[\"https:\\\/\\\/blogin.al\"],\"url\":\"https:\\\/\\\/blogin.al\\\/?author=2\"}]}<\/script>\n<!-- \/ Yoast SEO plugin. -->","yoast_head_json":{"title":"K\u00ebng\u00ebtarja e njohur rr\u00ebfen me lot n\u00eb sy betej\u00ebn me kancerin e gjirit: Ishte e v\u00ebshtir\u00eb - blogin.al","robots":{"index":"index","follow":"follow","max-snippet":"max-snippet:-1","max-image-preview":"max-image-preview:large","max-video-preview":"max-video-preview:-1"},"canonical":"https:\/\/blogin.al\/?p=41511","og_locale":"en_US","og_type":"article","og_title":"K\u00ebng\u00ebtarja e njohur rr\u00ebfen me lot n\u00eb sy betej\u00ebn me kancerin e gjirit: Ishte e v\u00ebshtir\u00eb - blogin.al","og_description":"K\u00ebng\u00ebtarja e famshme, Kylie Minogue, ka dh\u00ebn\u00eb s\u00eb fundmi nj\u00eb intervist\u00eb ku ka folur p\u00ebr betej\u00ebn e saj me kancerin e gjirit, por edhe p\u00ebr traum\u00ebn q\u00eb i ka l\u00ebn\u00eb vite pas diagnoz\u00ebs. Krijuesja e \u201cSpinning Around\u201d duke folur p\u00ebr CBS News, foli p\u00ebr p\u00ebrvoj\u00ebn e saj dhe tha: \u201cP\u00ebrvoja e diagnostikimit me kancer do [&hellip;]","og_url":"https:\/\/blogin.al\/?p=41511","og_site_name":"blogin.al","article_published_time":"2023-12-20T13:56:06+00:00","article_modified_time":"2023-12-20T13:56:09+00:00","og_image":[{"width":1280,"height":720,"url":"https:\/\/blogin.al\/wp-content\/uploads\/2023\/12\/image-147.png","type":"image\/png"}],"author":"Blogin al","twitter_card":"summary_large_image","twitter_misc":{"Written by":"Blogin al","Est. reading time":"1 minute"},"schema":{"@context":"https:\/\/schema.org","@graph":[{"@type":"Article","@id":"https:\/\/blogin.al\/?p=41511#article","isPartOf":{"@id":"https:\/\/blogin.al\/?p=41511"},"author":{"name":"Blogin al","@id":"https:\/\/blogin.al\/#\/schema\/person\/abdd56bc912cd511db877b852b115399"},"headline":"K\u00ebng\u00ebtarja e njohur rr\u00ebfen me lot n\u00eb sy betej\u00ebn me kancerin e gjirit: Ishte e v\u00ebshtir\u00eb","datePublished":"2023-12-20T13:56:06+00:00","dateModified":"2023-12-20T13:56:09+00:00","mainEntityOfPage":{"@id":"https:\/\/blogin.al\/?p=41511"},"wordCount":227,"commentCount":0,"publisher":{"@id":"https:\/\/blogin.al\/#organization"},"image":{"@id":"https:\/\/blogin.al\/?p=41511#primaryimage"},"thumbnailUrl":"https:\/\/blogin.al\/wp-content\/uploads\/2023\/12\/image-147.png","articleSection":["SHOWBIZ"],"inLanguage":"en-US","potentialAction":[{"@type":"CommentAction","name":"Comment","target":["https:\/\/blogin.al\/?p=41511#respond"]}]},{"@type":"WebPage","@id":"https:\/\/blogin.al\/?p=41511","url":"https:\/\/blogin.al\/?p=41511","name":"K\u00ebng\u00ebtarja e njohur rr\u00ebfen me lot n\u00eb sy betej\u00ebn me kancerin e gjirit: Ishte e v\u00ebshtir\u00eb - blogin.al","isPartOf":{"@id":"https:\/\/blogin.al\/#website"},"primaryImageOfPage":{"@id":"https:\/\/blogin.al\/?p=41511#primaryimage"},"image":{"@id":"https:\/\/blogin.al\/?p=41511#primaryimage"},"thumbnailUrl":"https:\/\/blogin.al\/wp-content\/uploads\/2023\/12\/image-147.png","datePublished":"2023-12-20T13:56:06+00:00","dateModified":"2023-12-20T13:56:09+00:00","breadcrumb":{"@id":"https:\/\/blogin.al\/?p=41511#breadcrumb"},"inLanguage":"en-US","potentialAction":[{"@type":"ReadAction","target":["https:\/\/blogin.al\/?p=41511"]}]},{"@type":"ImageObject","inLanguage":"en-US","@id":"https:\/\/blogin.al\/?p=41511#primaryimage","url":"https:\/\/blogin.al\/wp-content\/uploads\/2023\/12\/image-147.png","contentUrl":"https:\/\/blogin.al\/wp-content\/uploads\/2023\/12\/image-147.png","width":1280,"height":720},{"@type":"BreadcrumbList","@id":"https:\/\/blogin.al\/?p=41511#breadcrumb","itemListElement":[{"@type":"ListItem","position":1,"name":"Home","item":"https:\/\/blogin.al\/"},{"@type":"ListItem","position":2,"name":"K\u00ebng\u00ebtarja e njohur rr\u00ebfen me lot n\u00eb sy betej\u00ebn me kancerin e gjirit: Ishte e v\u00ebshtir\u00eb"}]},{"@type":"WebSite","@id":"https:\/\/blogin.al\/#website","url":"https:\/\/blogin.al\/","name":"blogin.al","description":"","publisher":{"@id":"https:\/\/blogin.al\/#organization"},"potentialAction":[{"@type":"SearchAction","target":{"@type":"EntryPoint","urlTemplate":"https:\/\/blogin.al\/?s={search_term_string}"},"query-input":{"@type":"PropertyValueSpecification","valueRequired":true,"valueName":"search_term_string"}}],"inLanguage":"en-US"},{"@type":"Organization","@id":"https:\/\/blogin.al\/#organization","name":"BLOGIN.al","url":"https:\/\/blogin.al\/","logo":{"@type":"ImageObject","inLanguage":"en-US","@id":"https:\/\/blogin.al\/#\/schema\/logo\/image\/","url":"https:\/\/blogin.al\/wp-content\/uploads\/2022\/05\/Untitled-2-01-e1652084456514.png","contentUrl":"https:\/\/blogin.al\/wp-content\/uploads\/2022\/05\/Untitled-2-01-e1652084456514.png","width":3723,"height":1698,"caption":"BLOGIN.al"},"image":{"@id":"https:\/\/blogin.al\/#\/schema\/logo\/image\/"},"sameAs":["https:\/\/instagram.com\/blogin.al\/"]},{"@type":"Person","@id":"https:\/\/blogin.al\/#\/schema\/person\/abdd56bc912cd511db877b852b115399","name":"Blogin al","image":{"@type":"ImageObject","inLanguage":"en-US","@id":"https:\/\/secure.gravatar.com\/avatar\/60d5661aee6e835fb13dc75d2204cd0c1d61bef2efd137c0083e59ef831e235e?s=96&d=mm&r=g","url":"https:\/\/secure.gravatar.com\/avatar\/60d5661aee6e835fb13dc75d2204cd0c1d61bef2efd137c0083e59ef831e235e?s=96&d=mm&r=g","contentUrl":"https:\/\/secure.gravatar.com\/avatar\/60d5661aee6e835fb13dc75d2204cd0c1d61bef2efd137c0083e59ef831e235e?s=96&d=mm&r=g","caption":"Blogin al"},"sameAs":["https:\/\/blogin.al"],"url":"https:\/\/blogin.al\/?author=2"}]}},"_links":{"self":[{"href":"https:\/\/blogin.al\/index.php?rest_route=\/wp\/v2\/posts\/41511","targetHints":{"allow":["GET"]}}],"collection":[{"href":"https:\/\/blogin.al\/index.php?rest_route=\/wp\/v2\/posts"}],"about":[{"href":"https:\/\/blogin.al\/index.php?rest_route=\/wp\/v2\/types\/post"}],"author":[{"embeddable":true,"href":"https:\/\/blogin.al\/index.php?rest_route=\/wp\/v2\/users\/2"}],"replies":[{"embeddable":true,"href":"https:\/\/blogin.al\/index.php?rest_route=%2Fwp%2Fv2%2Fcomments&post=41511"}],"version-history":[{"count":1,"href":"https:\/\/blogin.al\/index.php?rest_route=\/wp\/v2\/posts\/41511\/revisions"}],"predecessor-version":[{"id":41513,"href":"https:\/\/blogin.al\/index.php?rest_route=\/wp\/v2\/posts\/41511\/revisions\/41513"}],"wp:featuredmedia":[{"embeddable":true,"href":"https:\/\/blogin.al\/index.php?rest_route=\/wp\/v2\/media\/41512"}],"wp:attachment":[{"href":"https:\/\/blogin.al\/index.php?rest_route=%2Fwp%2Fv2%2Fmedia&parent=41511"}],"wp:term":[{"taxonomy":"category","embeddable":true,"href":"https:\/\/blogin.al\/index.php?rest_route=%2Fwp%2Fv2%2Fcategories&post=41511"},{"taxonomy":"post_tag","embeddable":true,"href":"https:\/\/blogin.al\/index.php?rest_route=%2Fwp%2Fv2%2Ftags&post=41511"}],"curies":[{"name":"wp","href":"https:\/\/api.w.org\/{rel}","templated":true}]}}