{"id":41518,"date":"2023-12-20T14:43:38","date_gmt":"2023-12-20T14:43:38","guid":{"rendered":"https:\/\/blogin.al\/?p=41518"},"modified":"2023-12-20T14:43:39","modified_gmt":"2023-12-20T14:43:39","slug":"do-ta-ndjek-ligjerisht-humbi-pozicionin-e-saj-te-punes-arnita-beqiraj-ka-dy-fjale-per-kete","status":"publish","type":"post","link":"https:\/\/blogin.al\/?p=41518","title":{"rendered":"\u201cDo ta ndjek ligj\u00ebrisht\u2026\u201d\/Humbi pozicionin e saj t\u00eb pun\u00ebs , Arnita Beqiraj ka dy fjal\u00eb p\u00ebr k\u00ebt\u00eb!"},"content":{"rendered":"\n<p>Eftuar n\u00eb studion e \u201cLive From Tirana\u201d ka qen\u00eb&nbsp;Arnita Beqiraj, nj\u00eb nga konkurrentet n\u00eb gjysm\u00ebfinale n\u00eb show-n e k\u00ebrcimit \u201cDancing With The Stars\u201d. Ajo na rr\u00ebfeu emocionet e saj n\u00eb k\u00ebt\u00eb rrug\u00ebtim deri m\u00eb tani, por jo vet\u00ebm\u2026<\/p>\n\n\n\n<p>Jav\u00ebn e kaluar pate nj\u00eb k\u00ebrcim me balerinin tend Enin dhe nj\u00eb me partnerin tend, Arb\u00ebr \u00c7epanin. Cila ka qen\u00eb v\u00ebshtir\u00ebsia p\u00ebr ty?<\/p>\n\n\n\n<blockquote class=\"wp-block-quote is-layout-flow wp-block-quote-is-layout-flow\">\n<p><em>V\u00ebshtir\u00ebsia q\u00ebndronte sepse ka qen\u00eb nj\u00eb jav\u00eb q\u00eb nuk kam qen\u00eb mir\u00eb. Nuk jam ushtruar dot si zakonisht dhe kishte shum\u00eb tension. Un\u00eb dhe Arbri jemi dy natyra t\u00eb ndryshme. Ai kishte shum\u00eb tension dhe p\u00ebrve\u00e7 emocioneve t\u00eb mia, duhet t\u00eb menaxhoja dhe t\u00eb tijat. Por un\u00eb jam shum\u00eb e lumtur p\u00ebr at\u00eb performanc\u00eb.<\/em><\/p>\n<\/blockquote>\n\n\n\n<p>Me pak fjal\u00eb, si do ta p\u00ebrshkruaje rrug\u00ebtimin tend deri n\u00eb k\u00ebt\u00eb pike?<\/p>\n\n\n\n<blockquote class=\"wp-block-quote is-layout-flow wp-block-quote-is-layout-flow\">\n<p><em>Dinamik, i lodhsh\u00ebm, dhe i dashuruesh\u00ebm.<\/em><\/p>\n<\/blockquote>\n\n\n\n<p>Si kan\u00eb qen\u00eb komentet q\u00eb ka marr\u00eb Arnita nga publiku apo edhe nga konkurrent\u00ebt e tjer\u00eb?<\/p>\n\n\n\n<blockquote class=\"wp-block-quote is-layout-flow wp-block-quote-is-layout-flow\">\n<p><em>Feedback-un e kam pasur shum\u00eb t\u00eb mir\u00eb. Njer\u00ebzit vler\u00ebsojn\u00eb natyr\u00ebn time q\u00eb nuk vjell vrer tek t\u00eb tjer\u00ebt, edhe kur jan\u00eb b\u00ebr\u00eb batuta t\u00eb ndryshme nga konkurrent\u00eb t\u00eb tjer\u00eb. Kam vendosur t\u2019i anashkaloj k\u00ebto sipas m\u00ebnyr\u00ebs sime. Ka pasur batuta q\u00eb nuk m\u00eb kan\u00eb p\u00eblqyer, por kan\u00eb t\u00eb b\u00ebjn\u00eb me karakterin e njeriut. Un\u00eb i jap vler\u00eb njeriut q\u00eb i thot\u00eb, k\u00ebshtu q\u00eb nuk m\u00eb kan\u00eb mbetur tek un\u00eb. Nuk kam pasur komente negative nga publiku, por jetojm\u00eb n\u00eb nj\u00eb bot\u00eb t\u00eb lir\u00eb dhe mua kjo nuk m\u00eb ndikon. Kurse komente pozitive ka pasur plot dhe jan\u00eb mesazhe q\u00eb i vler\u00ebsoj shum\u00eb.<\/em><\/p>\n<\/blockquote>\n\n\n\n<p>Moderatori Eni Shehu b\u00ebri me dije se \u201cDancing With The Stars\u201d n\u00eb nj\u00eb pik\u00eb ka interferuar me pun\u00ebn e Arnit\u00ebs dhe ajo ka humbur pozicionin e saj si regjisore n\u00eb RTSH. \u00c7far\u00eb ka Arnita p\u00ebr t\u00eb th\u00ebn\u00eb mbi k\u00ebt\u00eb?<\/p>\n\n\n\n<blockquote class=\"wp-block-quote is-layout-flow wp-block-quote-is-layout-flow\">\n<p><em>Po, kjo \u00ebsht\u00eb e v\u00ebrtet\u00eb. Nuk mendoj q\u00eb ka qen\u00eb vet\u00ebm prej \u201cDancing With The Stars\u201d. Un\u00eb kam pasur nj\u00eb situat\u00eb jo profesionale dhe t\u00eb sh\u00ebmtuar, e cila m\u00eb pas \u00ebsht\u00eb agravuar pas pjes\u00ebmarrjes sime n\u00eb DWTS. \u00cbsht\u00eb nj\u00eb situat\u00eb q\u00eb un\u00eb kam vendosur ta ndjek ligj\u00ebrisht. Besoj se do t\u2019i shkoj deri n\u00eb fund.<\/em><\/p>\n<\/blockquote>\n\n\n\n<p>A do t\u2019i p\u00eblqente Arnit\u00ebs t\u00eb ishte n\u00eb ekran n\u00eb rolin e prezantueses?<\/p>\n\n\n\n<blockquote class=\"wp-block-quote is-layout-flow wp-block-quote-is-layout-flow\">\n<p><em>Kam filluar ta konsideroj rikthimin tim n\u00eb ekran k\u00ebto koh\u00ebt e fundit. Nga \u201cDancing With The Stas\u201d m\u00eb jan\u00eb rikthyer t\u00eb nj\u00ebjtat<\/em>&nbsp;<em>emocione sepse \u00e7do jav\u00eb dalim para kamerave. Ka disa formate q\u00eb i kam n\u00eb kok\u00eb dhe nuk e di n\u00ebse mund ta them nj\u00eb tani sepse jam shum\u00eb supersticioze.<\/em><\/p>\n<\/blockquote>\n","protected":false},"excerpt":{"rendered":"<p>Eftuar n\u00eb studion e \u201cLive From Tirana\u201d ka qen\u00eb&nbsp;Arnita Beqiraj, nj\u00eb nga konkurrentet n\u00eb gjysm\u00ebfinale n\u00eb show-n e k\u00ebrcimit \u201cDancing With The Stars\u201d. Ajo na rr\u00ebfeu emocionet e saj n\u00eb k\u00ebt\u00eb rrug\u00ebtim deri m\u00eb tani, por jo vet\u00ebm\u2026 Jav\u00ebn e kaluar pate nj\u00eb k\u00ebrcim me balerinin tend Enin dhe nj\u00eb me partnerin tend, Arb\u00ebr \u00c7epanin. [&hellip;]<\/p>\n","protected":false},"author":2,"featured_media":41519,"comment_status":"open","ping_status":"open","sticky":false,"template":"","format":"standard","meta":{"footnotes":""},"categories":[33],"tags":[],"class_list":{"0":"post-41518","1":"post","2":"type-post","3":"status-publish","4":"format-standard","5":"has-post-thumbnail","7":"category-showbiz"},"yoast_head":"<!-- This site is optimized with the Yoast SEO plugin v27.5 - https:\/\/yoast.com\/product\/yoast-seo-wordpress\/ -->\n<title>\u201cDo ta ndjek ligj\u00ebrisht\u2026\u201d\/Humbi pozicionin e saj t\u00eb pun\u00ebs , Arnita Beqiraj ka dy fjal\u00eb p\u00ebr k\u00ebt\u00eb! - blogin.al<\/title>\n<meta name=\"robots\" content=\"index, follow, max-snippet:-1, max-image-preview:large, max-video-preview:-1\" \/>\n<link rel=\"canonical\" href=\"https:\/\/blogin.al\/?p=41518\" \/>\n<meta property=\"og:locale\" content=\"en_US\" \/>\n<meta property=\"og:type\" content=\"article\" \/>\n<meta property=\"og:title\" content=\"\u201cDo ta ndjek ligj\u00ebrisht\u2026\u201d\/Humbi pozicionin e saj t\u00eb pun\u00ebs , Arnita Beqiraj ka dy fjal\u00eb p\u00ebr k\u00ebt\u00eb! - blogin.al\" \/>\n<meta property=\"og:description\" content=\"Eftuar n\u00eb studion e \u201cLive From Tirana\u201d ka qen\u00eb&nbsp;Arnita Beqiraj, nj\u00eb nga konkurrentet n\u00eb gjysm\u00ebfinale n\u00eb show-n e k\u00ebrcimit \u201cDancing With The Stars\u201d. Ajo na rr\u00ebfeu emocionet e saj n\u00eb k\u00ebt\u00eb rrug\u00ebtim deri m\u00eb tani, por jo vet\u00ebm\u2026 Jav\u00ebn e kaluar pate nj\u00eb k\u00ebrcim me balerinin tend Enin dhe nj\u00eb me partnerin tend, Arb\u00ebr \u00c7epanin. [&hellip;]\" \/>\n<meta property=\"og:url\" content=\"https:\/\/blogin.al\/?p=41518\" \/>\n<meta property=\"og:site_name\" content=\"blogin.al\" \/>\n<meta property=\"article:published_time\" content=\"2023-12-20T14:43:38+00:00\" \/>\n<meta property=\"article:modified_time\" content=\"2023-12-20T14:43:39+00:00\" \/>\n<meta property=\"og:image\" content=\"https:\/\/blogin.al\/wp-content\/uploads\/2023\/12\/image-148.png\" \/>\n\t<meta property=\"og:image:width\" content=\"900\" \/>\n\t<meta property=\"og:image:height\" content=\"577\" \/>\n\t<meta property=\"og:image:type\" content=\"image\/png\" \/>\n<meta name=\"author\" content=\"Blogin al\" \/>\n<meta name=\"twitter:card\" content=\"summary_large_image\" \/>\n<meta name=\"twitter:label1\" content=\"Written by\" \/>\n\t<meta name=\"twitter:data1\" content=\"Blogin al\" \/>\n\t<meta name=\"twitter:label2\" content=\"Est. reading time\" \/>\n\t<meta name=\"twitter:data2\" content=\"1 minute\" \/>\n<script type=\"application\/ld+json\" class=\"yoast-schema-graph\">{\"@context\":\"https:\\\/\\\/schema.org\",\"@graph\":[{\"@type\":\"Article\",\"@id\":\"https:\\\/\\\/blogin.al\\\/?p=41518#article\",\"isPartOf\":{\"@id\":\"https:\\\/\\\/blogin.al\\\/?p=41518\"},\"author\":{\"name\":\"Blogin al\",\"@id\":\"https:\\\/\\\/blogin.al\\\/#\\\/schema\\\/person\\\/abdd56bc912cd511db877b852b115399\"},\"headline\":\"\u201cDo ta ndjek ligj\u00ebrisht\u2026\u201d\\\/Humbi pozicionin e saj t\u00eb pun\u00ebs , Arnita Beqiraj ka dy fjal\u00eb p\u00ebr k\u00ebt\u00eb!\",\"datePublished\":\"2023-12-20T14:43:38+00:00\",\"dateModified\":\"2023-12-20T14:43:39+00:00\",\"mainEntityOfPage\":{\"@id\":\"https:\\\/\\\/blogin.al\\\/?p=41518\"},\"wordCount\":489,\"commentCount\":0,\"publisher\":{\"@id\":\"https:\\\/\\\/blogin.al\\\/#organization\"},\"image\":{\"@id\":\"https:\\\/\\\/blogin.al\\\/?p=41518#primaryimage\"},\"thumbnailUrl\":\"https:\\\/\\\/blogin.al\\\/wp-content\\\/uploads\\\/2023\\\/12\\\/image-148.png\",\"articleSection\":[\"SHOWBIZ\"],\"inLanguage\":\"en-US\",\"potentialAction\":[{\"@type\":\"CommentAction\",\"name\":\"Comment\",\"target\":[\"https:\\\/\\\/blogin.al\\\/?p=41518#respond\"]}]},{\"@type\":\"WebPage\",\"@id\":\"https:\\\/\\\/blogin.al\\\/?p=41518\",\"url\":\"https:\\\/\\\/blogin.al\\\/?p=41518\",\"name\":\"\u201cDo ta ndjek ligj\u00ebrisht\u2026\u201d\\\/Humbi pozicionin e saj t\u00eb pun\u00ebs , Arnita Beqiraj ka dy fjal\u00eb p\u00ebr k\u00ebt\u00eb! - blogin.al\",\"isPartOf\":{\"@id\":\"https:\\\/\\\/blogin.al\\\/#website\"},\"primaryImageOfPage\":{\"@id\":\"https:\\\/\\\/blogin.al\\\/?p=41518#primaryimage\"},\"image\":{\"@id\":\"https:\\\/\\\/blogin.al\\\/?p=41518#primaryimage\"},\"thumbnailUrl\":\"https:\\\/\\\/blogin.al\\\/wp-content\\\/uploads\\\/2023\\\/12\\\/image-148.png\",\"datePublished\":\"2023-12-20T14:43:38+00:00\",\"dateModified\":\"2023-12-20T14:43:39+00:00\",\"breadcrumb\":{\"@id\":\"https:\\\/\\\/blogin.al\\\/?p=41518#breadcrumb\"},\"inLanguage\":\"en-US\",\"potentialAction\":[{\"@type\":\"ReadAction\",\"target\":[\"https:\\\/\\\/blogin.al\\\/?p=41518\"]}]},{\"@type\":\"ImageObject\",\"inLanguage\":\"en-US\",\"@id\":\"https:\\\/\\\/blogin.al\\\/?p=41518#primaryimage\",\"url\":\"https:\\\/\\\/blogin.al\\\/wp-content\\\/uploads\\\/2023\\\/12\\\/image-148.png\",\"contentUrl\":\"https:\\\/\\\/blogin.al\\\/wp-content\\\/uploads\\\/2023\\\/12\\\/image-148.png\",\"width\":900,\"height\":577},{\"@type\":\"BreadcrumbList\",\"@id\":\"https:\\\/\\\/blogin.al\\\/?p=41518#breadcrumb\",\"itemListElement\":[{\"@type\":\"ListItem\",\"position\":1,\"name\":\"Home\",\"item\":\"https:\\\/\\\/blogin.al\\\/\"},{\"@type\":\"ListItem\",\"position\":2,\"name\":\"\u201cDo ta ndjek ligj\u00ebrisht\u2026\u201d\\\/Humbi pozicionin e saj t\u00eb pun\u00ebs , Arnita Beqiraj ka dy fjal\u00eb p\u00ebr k\u00ebt\u00eb!\"}]},{\"@type\":\"WebSite\",\"@id\":\"https:\\\/\\\/blogin.al\\\/#website\",\"url\":\"https:\\\/\\\/blogin.al\\\/\",\"name\":\"blogin.al\",\"description\":\"\",\"publisher\":{\"@id\":\"https:\\\/\\\/blogin.al\\\/#organization\"},\"potentialAction\":[{\"@type\":\"SearchAction\",\"target\":{\"@type\":\"EntryPoint\",\"urlTemplate\":\"https:\\\/\\\/blogin.al\\\/?s={search_term_string}\"},\"query-input\":{\"@type\":\"PropertyValueSpecification\",\"valueRequired\":true,\"valueName\":\"search_term_string\"}}],\"inLanguage\":\"en-US\"},{\"@type\":\"Organization\",\"@id\":\"https:\\\/\\\/blogin.al\\\/#organization\",\"name\":\"BLOGIN.al\",\"url\":\"https:\\\/\\\/blogin.al\\\/\",\"logo\":{\"@type\":\"ImageObject\",\"inLanguage\":\"en-US\",\"@id\":\"https:\\\/\\\/blogin.al\\\/#\\\/schema\\\/logo\\\/image\\\/\",\"url\":\"https:\\\/\\\/blogin.al\\\/wp-content\\\/uploads\\\/2022\\\/05\\\/Untitled-2-01-e1652084456514.png\",\"contentUrl\":\"https:\\\/\\\/blogin.al\\\/wp-content\\\/uploads\\\/2022\\\/05\\\/Untitled-2-01-e1652084456514.png\",\"width\":3723,\"height\":1698,\"caption\":\"BLOGIN.al\"},\"image\":{\"@id\":\"https:\\\/\\\/blogin.al\\\/#\\\/schema\\\/logo\\\/image\\\/\"},\"sameAs\":[\"https:\\\/\\\/instagram.com\\\/blogin.al\\\/\"]},{\"@type\":\"Person\",\"@id\":\"https:\\\/\\\/blogin.al\\\/#\\\/schema\\\/person\\\/abdd56bc912cd511db877b852b115399\",\"name\":\"Blogin al\",\"image\":{\"@type\":\"ImageObject\",\"inLanguage\":\"en-US\",\"@id\":\"https:\\\/\\\/secure.gravatar.com\\\/avatar\\\/60d5661aee6e835fb13dc75d2204cd0c1d61bef2efd137c0083e59ef831e235e?s=96&d=mm&r=g\",\"url\":\"https:\\\/\\\/secure.gravatar.com\\\/avatar\\\/60d5661aee6e835fb13dc75d2204cd0c1d61bef2efd137c0083e59ef831e235e?s=96&d=mm&r=g\",\"contentUrl\":\"https:\\\/\\\/secure.gravatar.com\\\/avatar\\\/60d5661aee6e835fb13dc75d2204cd0c1d61bef2efd137c0083e59ef831e235e?s=96&d=mm&r=g\",\"caption\":\"Blogin al\"},\"sameAs\":[\"https:\\\/\\\/blogin.al\"],\"url\":\"https:\\\/\\\/blogin.al\\\/?author=2\"}]}<\/script>\n<!-- \/ Yoast SEO plugin. -->","yoast_head_json":{"title":"\u201cDo ta ndjek ligj\u00ebrisht\u2026\u201d\/Humbi pozicionin e saj t\u00eb pun\u00ebs , Arnita Beqiraj ka dy fjal\u00eb p\u00ebr k\u00ebt\u00eb! - blogin.al","robots":{"index":"index","follow":"follow","max-snippet":"max-snippet:-1","max-image-preview":"max-image-preview:large","max-video-preview":"max-video-preview:-1"},"canonical":"https:\/\/blogin.al\/?p=41518","og_locale":"en_US","og_type":"article","og_title":"\u201cDo ta ndjek ligj\u00ebrisht\u2026\u201d\/Humbi pozicionin e saj t\u00eb pun\u00ebs , Arnita Beqiraj ka dy fjal\u00eb p\u00ebr k\u00ebt\u00eb! - blogin.al","og_description":"Eftuar n\u00eb studion e \u201cLive From Tirana\u201d ka qen\u00eb&nbsp;Arnita Beqiraj, nj\u00eb nga konkurrentet n\u00eb gjysm\u00ebfinale n\u00eb show-n e k\u00ebrcimit \u201cDancing With The Stars\u201d. Ajo na rr\u00ebfeu emocionet e saj n\u00eb k\u00ebt\u00eb rrug\u00ebtim deri m\u00eb tani, por jo vet\u00ebm\u2026 Jav\u00ebn e kaluar pate nj\u00eb k\u00ebrcim me balerinin tend Enin dhe nj\u00eb me partnerin tend, Arb\u00ebr \u00c7epanin. [&hellip;]","og_url":"https:\/\/blogin.al\/?p=41518","og_site_name":"blogin.al","article_published_time":"2023-12-20T14:43:38+00:00","article_modified_time":"2023-12-20T14:43:39+00:00","og_image":[{"width":900,"height":577,"url":"https:\/\/blogin.al\/wp-content\/uploads\/2023\/12\/image-148.png","type":"image\/png"}],"author":"Blogin al","twitter_card":"summary_large_image","twitter_misc":{"Written by":"Blogin al","Est. reading time":"1 minute"},"schema":{"@context":"https:\/\/schema.org","@graph":[{"@type":"Article","@id":"https:\/\/blogin.al\/?p=41518#article","isPartOf":{"@id":"https:\/\/blogin.al\/?p=41518"},"author":{"name":"Blogin al","@id":"https:\/\/blogin.al\/#\/schema\/person\/abdd56bc912cd511db877b852b115399"},"headline":"\u201cDo ta ndjek ligj\u00ebrisht\u2026\u201d\/Humbi pozicionin e saj t\u00eb pun\u00ebs , Arnita Beqiraj ka dy fjal\u00eb p\u00ebr k\u00ebt\u00eb!","datePublished":"2023-12-20T14:43:38+00:00","dateModified":"2023-12-20T14:43:39+00:00","mainEntityOfPage":{"@id":"https:\/\/blogin.al\/?p=41518"},"wordCount":489,"commentCount":0,"publisher":{"@id":"https:\/\/blogin.al\/#organization"},"image":{"@id":"https:\/\/blogin.al\/?p=41518#primaryimage"},"thumbnailUrl":"https:\/\/blogin.al\/wp-content\/uploads\/2023\/12\/image-148.png","articleSection":["SHOWBIZ"],"inLanguage":"en-US","potentialAction":[{"@type":"CommentAction","name":"Comment","target":["https:\/\/blogin.al\/?p=41518#respond"]}]},{"@type":"WebPage","@id":"https:\/\/blogin.al\/?p=41518","url":"https:\/\/blogin.al\/?p=41518","name":"\u201cDo ta ndjek ligj\u00ebrisht\u2026\u201d\/Humbi pozicionin e saj t\u00eb pun\u00ebs , Arnita Beqiraj ka dy fjal\u00eb p\u00ebr k\u00ebt\u00eb! - blogin.al","isPartOf":{"@id":"https:\/\/blogin.al\/#website"},"primaryImageOfPage":{"@id":"https:\/\/blogin.al\/?p=41518#primaryimage"},"image":{"@id":"https:\/\/blogin.al\/?p=41518#primaryimage"},"thumbnailUrl":"https:\/\/blogin.al\/wp-content\/uploads\/2023\/12\/image-148.png","datePublished":"2023-12-20T14:43:38+00:00","dateModified":"2023-12-20T14:43:39+00:00","breadcrumb":{"@id":"https:\/\/blogin.al\/?p=41518#breadcrumb"},"inLanguage":"en-US","potentialAction":[{"@type":"ReadAction","target":["https:\/\/blogin.al\/?p=41518"]}]},{"@type":"ImageObject","inLanguage":"en-US","@id":"https:\/\/blogin.al\/?p=41518#primaryimage","url":"https:\/\/blogin.al\/wp-content\/uploads\/2023\/12\/image-148.png","contentUrl":"https:\/\/blogin.al\/wp-content\/uploads\/2023\/12\/image-148.png","width":900,"height":577},{"@type":"BreadcrumbList","@id":"https:\/\/blogin.al\/?p=41518#breadcrumb","itemListElement":[{"@type":"ListItem","position":1,"name":"Home","item":"https:\/\/blogin.al\/"},{"@type":"ListItem","position":2,"name":"\u201cDo ta ndjek ligj\u00ebrisht\u2026\u201d\/Humbi pozicionin e saj t\u00eb pun\u00ebs , Arnita Beqiraj ka dy fjal\u00eb p\u00ebr k\u00ebt\u00eb!"}]},{"@type":"WebSite","@id":"https:\/\/blogin.al\/#website","url":"https:\/\/blogin.al\/","name":"blogin.al","description":"","publisher":{"@id":"https:\/\/blogin.al\/#organization"},"potentialAction":[{"@type":"SearchAction","target":{"@type":"EntryPoint","urlTemplate":"https:\/\/blogin.al\/?s={search_term_string}"},"query-input":{"@type":"PropertyValueSpecification","valueRequired":true,"valueName":"search_term_string"}}],"inLanguage":"en-US"},{"@type":"Organization","@id":"https:\/\/blogin.al\/#organization","name":"BLOGIN.al","url":"https:\/\/blogin.al\/","logo":{"@type":"ImageObject","inLanguage":"en-US","@id":"https:\/\/blogin.al\/#\/schema\/logo\/image\/","url":"https:\/\/blogin.al\/wp-content\/uploads\/2022\/05\/Untitled-2-01-e1652084456514.png","contentUrl":"https:\/\/blogin.al\/wp-content\/uploads\/2022\/05\/Untitled-2-01-e1652084456514.png","width":3723,"height":1698,"caption":"BLOGIN.al"},"image":{"@id":"https:\/\/blogin.al\/#\/schema\/logo\/image\/"},"sameAs":["https:\/\/instagram.com\/blogin.al\/"]},{"@type":"Person","@id":"https:\/\/blogin.al\/#\/schema\/person\/abdd56bc912cd511db877b852b115399","name":"Blogin al","image":{"@type":"ImageObject","inLanguage":"en-US","@id":"https:\/\/secure.gravatar.com\/avatar\/60d5661aee6e835fb13dc75d2204cd0c1d61bef2efd137c0083e59ef831e235e?s=96&d=mm&r=g","url":"https:\/\/secure.gravatar.com\/avatar\/60d5661aee6e835fb13dc75d2204cd0c1d61bef2efd137c0083e59ef831e235e?s=96&d=mm&r=g","contentUrl":"https:\/\/secure.gravatar.com\/avatar\/60d5661aee6e835fb13dc75d2204cd0c1d61bef2efd137c0083e59ef831e235e?s=96&d=mm&r=g","caption":"Blogin al"},"sameAs":["https:\/\/blogin.al"],"url":"https:\/\/blogin.al\/?author=2"}]}},"_links":{"self":[{"href":"https:\/\/blogin.al\/index.php?rest_route=\/wp\/v2\/posts\/41518","targetHints":{"allow":["GET"]}}],"collection":[{"href":"https:\/\/blogin.al\/index.php?rest_route=\/wp\/v2\/posts"}],"about":[{"href":"https:\/\/blogin.al\/index.php?rest_route=\/wp\/v2\/types\/post"}],"author":[{"embeddable":true,"href":"https:\/\/blogin.al\/index.php?rest_route=\/wp\/v2\/users\/2"}],"replies":[{"embeddable":true,"href":"https:\/\/blogin.al\/index.php?rest_route=%2Fwp%2Fv2%2Fcomments&post=41518"}],"version-history":[{"count":1,"href":"https:\/\/blogin.al\/index.php?rest_route=\/wp\/v2\/posts\/41518\/revisions"}],"predecessor-version":[{"id":41520,"href":"https:\/\/blogin.al\/index.php?rest_route=\/wp\/v2\/posts\/41518\/revisions\/41520"}],"wp:featuredmedia":[{"embeddable":true,"href":"https:\/\/blogin.al\/index.php?rest_route=\/wp\/v2\/media\/41519"}],"wp:attachment":[{"href":"https:\/\/blogin.al\/index.php?rest_route=%2Fwp%2Fv2%2Fmedia&parent=41518"}],"wp:term":[{"taxonomy":"category","embeddable":true,"href":"https:\/\/blogin.al\/index.php?rest_route=%2Fwp%2Fv2%2Fcategories&post=41518"},{"taxonomy":"post_tag","embeddable":true,"href":"https:\/\/blogin.al\/index.php?rest_route=%2Fwp%2Fv2%2Ftags&post=41518"}],"curies":[{"name":"wp","href":"https:\/\/api.w.org\/{rel}","templated":true}]}}