{"id":41521,"date":"2023-12-20T14:47:38","date_gmt":"2023-12-20T14:47:38","guid":{"rendered":"https:\/\/blogin.al\/?p=41521"},"modified":"2023-12-20T14:47:39","modified_gmt":"2023-12-20T14:47:39","slug":"e-kercenonte-prej-1-viti-detaje-te-reja-nga-vrasja-e-27-vjecares-italiane-shtatzene","status":"publish","type":"post","link":"https:\/\/blogin.al\/?p=41521","title":{"rendered":"E k\u00ebrc\u00ebnonte prej 1 viti\/ Detaje t\u00eb reja nga vrasja e 27-vje\u00e7ares italiane shtatz\u00ebn\u00eb"},"content":{"rendered":"\n<p>Detaje t\u00eb reja jan\u00eb b\u00ebr\u00eb publike p\u00ebr media nga vrasja e Vanessa Ballan.<\/p>\n\n\n\n<p>Kujtojm\u00eb se 27-vje\u00e7ares italiane, e cila u masakrua me thik\u00eb nga 41-vjecari nga Kosova n\u00eb provinc\u00ebn e Trevisos n\u00eb Itali.<\/p>\n\n\n\n<p>41-vjecari, i cili u arrestua disa or\u00eb pasi kishte kryer krimin nuk arrinte ta pranonte ndarjen nga partnerja italiane me t\u00eb cil\u00ebn kishte pasur nj\u00eb histori t\u00eb shkurt\u00ebr dashurie shkruajn\u00eb mediat italiane.<\/p>\n\n\n\n<p>Ai prej nj\u00eb viti e p\u00ebrndiqte 27-vje\u00e7aren duke e k\u00ebrc\u00ebnuar se do ta vriste dhe do t\u2019i tregonte bashk\u00ebshortit videot intime n\u00ebse nuk rikthehej me t\u00eb.<\/p>\n\n\n\n<p>\u201cN\u00ebse nuk kthehesh me mua do t\u00eb t\u00eb vras, do t\u2019i tregoj bashk\u00ebshortit t\u00ebnd videot tona intime q\u00eb kemi b\u00ebr\u00eb bashk\u00eb\u201d- i drejtohej 41-vjecari -ish-partneres s\u00eb tij. \u00c7ifti kishte pasur nj\u00eb lidhje kur ajo ishte ende nj\u00eb adoleshente.<\/p>\n\n\n\n<p>E reja italiane e denoncoi n\u00eb polici m\u00eb 26 tetor por asnj\u00eb mas\u00eb nuk u mor ndaj 41-vjecarit. Pas denoncimit u duk sikur situata u qet\u00ebsua, kjo pas kontrollit t\u00eb policis\u00eb n\u00eb sht\u00ebpin\u00eb e tij.<\/p>\n\n\n\n<p>Prokuroria deklaronte se nuk kishte prova p\u00ebr t\u00eb arrestuar 41-vjecarin pasi mesazhet k\u00ebrc\u00ebnuese ishin fshir\u00eb nga celulari i 27-vjecares p\u00ebr mos i par\u00eb bashk\u00ebshorti i saj. Ata raportonin se ishin duke hetuar mbi \u00e7\u00ebshtjen.<\/p>\n\n\n\n<p>Sipas mediave italiane ka qen\u00eb shtatz\u00ebnia e dyt\u00eb e s\u00eb res\u00eb, e cila ishte n\u00eb muajin e tret\u00eb, e ka acaruar n\u00eb maksimum 41-vjecarin deri sa mori aktin ekstrem t\u00eb vrasjes.<\/p>\n\n\n\n<p>41-vjecari nga Kosova kishte postuar edhe disa her\u00eb video n\u00eb TikTok ku fliste p\u00ebr dashurin\u00eb e tij.<\/p>\n\n\n\n<p>\u2018Un\u00eb t\u00eb kam dhuruar zemr\u00ebn por ti mos e \u00e7o n\u00eb djall\u201d. Pra kjo tregonte se ai nuk ishte dor\u00ebzuar kurr\u00eb dhe d\u00ebshironte q\u00eb ajo t\u00eb kthehej me t\u00eb. 27-vje\u00e7arja italiane prej 11 vitesh ishte martuar dhe ishte n\u00eb pritje t\u00eb f\u00ebmij\u00ebs s\u00eb saj t\u00eb dyt\u00eb.<\/p>\n","protected":false},"excerpt":{"rendered":"<p>Detaje t\u00eb reja jan\u00eb b\u00ebr\u00eb publike p\u00ebr media nga vrasja e Vanessa Ballan. Kujtojm\u00eb se 27-vje\u00e7ares italiane, e cila u masakrua me thik\u00eb nga 41-vjecari nga Kosova n\u00eb provinc\u00ebn e Trevisos n\u00eb Itali. 41-vjecari, i cili u arrestua disa or\u00eb pasi kishte kryer krimin nuk arrinte ta pranonte ndarjen nga partnerja italiane me t\u00eb cil\u00ebn [&hellip;]<\/p>\n","protected":false},"author":2,"featured_media":41486,"comment_status":"open","ping_status":"open","sticky":false,"template":"","format":"standard","meta":{"footnotes":""},"categories":[39],"tags":[],"class_list":{"0":"post-41521","1":"post","2":"type-post","3":"status-publish","4":"format-standard","5":"has-post-thumbnail","7":"category-aktualitet"},"yoast_head":"<!-- This site is optimized with the Yoast SEO plugin v27.4 - https:\/\/yoast.com\/product\/yoast-seo-wordpress\/ -->\n<title>E k\u00ebrc\u00ebnonte prej 1 viti\/ Detaje t\u00eb reja nga vrasja e 27-vje\u00e7ares italiane shtatz\u00ebn\u00eb - blogin.al<\/title>\n<meta name=\"robots\" content=\"index, follow, max-snippet:-1, max-image-preview:large, max-video-preview:-1\" \/>\n<link rel=\"canonical\" href=\"https:\/\/blogin.al\/?p=41521\" \/>\n<meta property=\"og:locale\" content=\"en_US\" \/>\n<meta property=\"og:type\" content=\"article\" \/>\n<meta property=\"og:title\" content=\"E k\u00ebrc\u00ebnonte prej 1 viti\/ Detaje t\u00eb reja nga vrasja e 27-vje\u00e7ares italiane shtatz\u00ebn\u00eb - blogin.al\" \/>\n<meta property=\"og:description\" content=\"Detaje t\u00eb reja jan\u00eb b\u00ebr\u00eb publike p\u00ebr media nga vrasja e Vanessa Ballan. Kujtojm\u00eb se 27-vje\u00e7ares italiane, e cila u masakrua me thik\u00eb nga 41-vjecari nga Kosova n\u00eb provinc\u00ebn e Trevisos n\u00eb Itali. 41-vjecari, i cili u arrestua disa or\u00eb pasi kishte kryer krimin nuk arrinte ta pranonte ndarjen nga partnerja italiane me t\u00eb cil\u00ebn [&hellip;]\" \/>\n<meta property=\"og:url\" content=\"https:\/\/blogin.al\/?p=41521\" \/>\n<meta property=\"og:site_name\" content=\"blogin.al\" \/>\n<meta property=\"article:published_time\" content=\"2023-12-20T14:47:38+00:00\" \/>\n<meta property=\"article:modified_time\" content=\"2023-12-20T14:47:39+00:00\" \/>\n<meta property=\"og:image\" content=\"https:\/\/blogin.al\/wp-content\/uploads\/2023\/12\/image-142.png\" \/>\n\t<meta property=\"og:image:width\" content=\"1195\" \/>\n\t<meta property=\"og:image:height\" content=\"621\" \/>\n\t<meta property=\"og:image:type\" content=\"image\/png\" \/>\n<meta name=\"author\" content=\"Blogin al\" \/>\n<meta name=\"twitter:card\" content=\"summary_large_image\" \/>\n<meta name=\"twitter:label1\" content=\"Written by\" \/>\n\t<meta name=\"twitter:data1\" content=\"Blogin al\" \/>\n\t<meta name=\"twitter:label2\" content=\"Est. reading time\" \/>\n\t<meta name=\"twitter:data2\" content=\"2 minutes\" \/>\n<script type=\"application\/ld+json\" class=\"yoast-schema-graph\">{\"@context\":\"https:\\\/\\\/schema.org\",\"@graph\":[{\"@type\":\"Article\",\"@id\":\"https:\\\/\\\/blogin.al\\\/?p=41521#article\",\"isPartOf\":{\"@id\":\"https:\\\/\\\/blogin.al\\\/?p=41521\"},\"author\":{\"name\":\"Blogin al\",\"@id\":\"https:\\\/\\\/blogin.al\\\/#\\\/schema\\\/person\\\/abdd56bc912cd511db877b852b115399\"},\"headline\":\"E k\u00ebrc\u00ebnonte prej 1 viti\\\/ Detaje t\u00eb reja nga vrasja e 27-vje\u00e7ares italiane shtatz\u00ebn\u00eb\",\"datePublished\":\"2023-12-20T14:47:38+00:00\",\"dateModified\":\"2023-12-20T14:47:39+00:00\",\"mainEntityOfPage\":{\"@id\":\"https:\\\/\\\/blogin.al\\\/?p=41521\"},\"wordCount\":341,\"commentCount\":0,\"publisher\":{\"@id\":\"https:\\\/\\\/blogin.al\\\/#organization\"},\"image\":{\"@id\":\"https:\\\/\\\/blogin.al\\\/?p=41521#primaryimage\"},\"thumbnailUrl\":\"https:\\\/\\\/blogin.al\\\/wp-content\\\/uploads\\\/2023\\\/12\\\/image-142.png\",\"articleSection\":[\"AKTUALITET\"],\"inLanguage\":\"en-US\",\"potentialAction\":[{\"@type\":\"CommentAction\",\"name\":\"Comment\",\"target\":[\"https:\\\/\\\/blogin.al\\\/?p=41521#respond\"]}]},{\"@type\":\"WebPage\",\"@id\":\"https:\\\/\\\/blogin.al\\\/?p=41521\",\"url\":\"https:\\\/\\\/blogin.al\\\/?p=41521\",\"name\":\"E k\u00ebrc\u00ebnonte prej 1 viti\\\/ Detaje t\u00eb reja nga vrasja e 27-vje\u00e7ares italiane shtatz\u00ebn\u00eb - blogin.al\",\"isPartOf\":{\"@id\":\"https:\\\/\\\/blogin.al\\\/#website\"},\"primaryImageOfPage\":{\"@id\":\"https:\\\/\\\/blogin.al\\\/?p=41521#primaryimage\"},\"image\":{\"@id\":\"https:\\\/\\\/blogin.al\\\/?p=41521#primaryimage\"},\"thumbnailUrl\":\"https:\\\/\\\/blogin.al\\\/wp-content\\\/uploads\\\/2023\\\/12\\\/image-142.png\",\"datePublished\":\"2023-12-20T14:47:38+00:00\",\"dateModified\":\"2023-12-20T14:47:39+00:00\",\"breadcrumb\":{\"@id\":\"https:\\\/\\\/blogin.al\\\/?p=41521#breadcrumb\"},\"inLanguage\":\"en-US\",\"potentialAction\":[{\"@type\":\"ReadAction\",\"target\":[\"https:\\\/\\\/blogin.al\\\/?p=41521\"]}]},{\"@type\":\"ImageObject\",\"inLanguage\":\"en-US\",\"@id\":\"https:\\\/\\\/blogin.al\\\/?p=41521#primaryimage\",\"url\":\"https:\\\/\\\/blogin.al\\\/wp-content\\\/uploads\\\/2023\\\/12\\\/image-142.png\",\"contentUrl\":\"https:\\\/\\\/blogin.al\\\/wp-content\\\/uploads\\\/2023\\\/12\\\/image-142.png\",\"width\":1195,\"height\":621},{\"@type\":\"BreadcrumbList\",\"@id\":\"https:\\\/\\\/blogin.al\\\/?p=41521#breadcrumb\",\"itemListElement\":[{\"@type\":\"ListItem\",\"position\":1,\"name\":\"Home\",\"item\":\"https:\\\/\\\/blogin.al\\\/\"},{\"@type\":\"ListItem\",\"position\":2,\"name\":\"E k\u00ebrc\u00ebnonte prej 1 viti\\\/ Detaje t\u00eb reja nga vrasja e 27-vje\u00e7ares italiane shtatz\u00ebn\u00eb\"}]},{\"@type\":\"WebSite\",\"@id\":\"https:\\\/\\\/blogin.al\\\/#website\",\"url\":\"https:\\\/\\\/blogin.al\\\/\",\"name\":\"blogin.al\",\"description\":\"\",\"publisher\":{\"@id\":\"https:\\\/\\\/blogin.al\\\/#organization\"},\"potentialAction\":[{\"@type\":\"SearchAction\",\"target\":{\"@type\":\"EntryPoint\",\"urlTemplate\":\"https:\\\/\\\/blogin.al\\\/?s={search_term_string}\"},\"query-input\":{\"@type\":\"PropertyValueSpecification\",\"valueRequired\":true,\"valueName\":\"search_term_string\"}}],\"inLanguage\":\"en-US\"},{\"@type\":\"Organization\",\"@id\":\"https:\\\/\\\/blogin.al\\\/#organization\",\"name\":\"BLOGIN.al\",\"url\":\"https:\\\/\\\/blogin.al\\\/\",\"logo\":{\"@type\":\"ImageObject\",\"inLanguage\":\"en-US\",\"@id\":\"https:\\\/\\\/blogin.al\\\/#\\\/schema\\\/logo\\\/image\\\/\",\"url\":\"https:\\\/\\\/blogin.al\\\/wp-content\\\/uploads\\\/2022\\\/05\\\/Untitled-2-01-e1652084456514.png\",\"contentUrl\":\"https:\\\/\\\/blogin.al\\\/wp-content\\\/uploads\\\/2022\\\/05\\\/Untitled-2-01-e1652084456514.png\",\"width\":3723,\"height\":1698,\"caption\":\"BLOGIN.al\"},\"image\":{\"@id\":\"https:\\\/\\\/blogin.al\\\/#\\\/schema\\\/logo\\\/image\\\/\"},\"sameAs\":[\"https:\\\/\\\/instagram.com\\\/blogin.al\\\/\"]},{\"@type\":\"Person\",\"@id\":\"https:\\\/\\\/blogin.al\\\/#\\\/schema\\\/person\\\/abdd56bc912cd511db877b852b115399\",\"name\":\"Blogin al\",\"image\":{\"@type\":\"ImageObject\",\"inLanguage\":\"en-US\",\"@id\":\"https:\\\/\\\/secure.gravatar.com\\\/avatar\\\/60d5661aee6e835fb13dc75d2204cd0c1d61bef2efd137c0083e59ef831e235e?s=96&d=mm&r=g\",\"url\":\"https:\\\/\\\/secure.gravatar.com\\\/avatar\\\/60d5661aee6e835fb13dc75d2204cd0c1d61bef2efd137c0083e59ef831e235e?s=96&d=mm&r=g\",\"contentUrl\":\"https:\\\/\\\/secure.gravatar.com\\\/avatar\\\/60d5661aee6e835fb13dc75d2204cd0c1d61bef2efd137c0083e59ef831e235e?s=96&d=mm&r=g\",\"caption\":\"Blogin al\"},\"sameAs\":[\"https:\\\/\\\/blogin.al\"],\"url\":\"https:\\\/\\\/blogin.al\\\/?author=2\"}]}<\/script>\n<!-- \/ Yoast SEO plugin. -->","yoast_head_json":{"title":"E k\u00ebrc\u00ebnonte prej 1 viti\/ Detaje t\u00eb reja nga vrasja e 27-vje\u00e7ares italiane shtatz\u00ebn\u00eb - blogin.al","robots":{"index":"index","follow":"follow","max-snippet":"max-snippet:-1","max-image-preview":"max-image-preview:large","max-video-preview":"max-video-preview:-1"},"canonical":"https:\/\/blogin.al\/?p=41521","og_locale":"en_US","og_type":"article","og_title":"E k\u00ebrc\u00ebnonte prej 1 viti\/ Detaje t\u00eb reja nga vrasja e 27-vje\u00e7ares italiane shtatz\u00ebn\u00eb - blogin.al","og_description":"Detaje t\u00eb reja jan\u00eb b\u00ebr\u00eb publike p\u00ebr media nga vrasja e Vanessa Ballan. Kujtojm\u00eb se 27-vje\u00e7ares italiane, e cila u masakrua me thik\u00eb nga 41-vjecari nga Kosova n\u00eb provinc\u00ebn e Trevisos n\u00eb Itali. 41-vjecari, i cili u arrestua disa or\u00eb pasi kishte kryer krimin nuk arrinte ta pranonte ndarjen nga partnerja italiane me t\u00eb cil\u00ebn [&hellip;]","og_url":"https:\/\/blogin.al\/?p=41521","og_site_name":"blogin.al","article_published_time":"2023-12-20T14:47:38+00:00","article_modified_time":"2023-12-20T14:47:39+00:00","og_image":[{"width":1195,"height":621,"url":"https:\/\/blogin.al\/wp-content\/uploads\/2023\/12\/image-142.png","type":"image\/png"}],"author":"Blogin al","twitter_card":"summary_large_image","twitter_misc":{"Written by":"Blogin al","Est. reading time":"2 minutes"},"schema":{"@context":"https:\/\/schema.org","@graph":[{"@type":"Article","@id":"https:\/\/blogin.al\/?p=41521#article","isPartOf":{"@id":"https:\/\/blogin.al\/?p=41521"},"author":{"name":"Blogin al","@id":"https:\/\/blogin.al\/#\/schema\/person\/abdd56bc912cd511db877b852b115399"},"headline":"E k\u00ebrc\u00ebnonte prej 1 viti\/ Detaje t\u00eb reja nga vrasja e 27-vje\u00e7ares italiane shtatz\u00ebn\u00eb","datePublished":"2023-12-20T14:47:38+00:00","dateModified":"2023-12-20T14:47:39+00:00","mainEntityOfPage":{"@id":"https:\/\/blogin.al\/?p=41521"},"wordCount":341,"commentCount":0,"publisher":{"@id":"https:\/\/blogin.al\/#organization"},"image":{"@id":"https:\/\/blogin.al\/?p=41521#primaryimage"},"thumbnailUrl":"https:\/\/blogin.al\/wp-content\/uploads\/2023\/12\/image-142.png","articleSection":["AKTUALITET"],"inLanguage":"en-US","potentialAction":[{"@type":"CommentAction","name":"Comment","target":["https:\/\/blogin.al\/?p=41521#respond"]}]},{"@type":"WebPage","@id":"https:\/\/blogin.al\/?p=41521","url":"https:\/\/blogin.al\/?p=41521","name":"E k\u00ebrc\u00ebnonte prej 1 viti\/ Detaje t\u00eb reja nga vrasja e 27-vje\u00e7ares italiane shtatz\u00ebn\u00eb - blogin.al","isPartOf":{"@id":"https:\/\/blogin.al\/#website"},"primaryImageOfPage":{"@id":"https:\/\/blogin.al\/?p=41521#primaryimage"},"image":{"@id":"https:\/\/blogin.al\/?p=41521#primaryimage"},"thumbnailUrl":"https:\/\/blogin.al\/wp-content\/uploads\/2023\/12\/image-142.png","datePublished":"2023-12-20T14:47:38+00:00","dateModified":"2023-12-20T14:47:39+00:00","breadcrumb":{"@id":"https:\/\/blogin.al\/?p=41521#breadcrumb"},"inLanguage":"en-US","potentialAction":[{"@type":"ReadAction","target":["https:\/\/blogin.al\/?p=41521"]}]},{"@type":"ImageObject","inLanguage":"en-US","@id":"https:\/\/blogin.al\/?p=41521#primaryimage","url":"https:\/\/blogin.al\/wp-content\/uploads\/2023\/12\/image-142.png","contentUrl":"https:\/\/blogin.al\/wp-content\/uploads\/2023\/12\/image-142.png","width":1195,"height":621},{"@type":"BreadcrumbList","@id":"https:\/\/blogin.al\/?p=41521#breadcrumb","itemListElement":[{"@type":"ListItem","position":1,"name":"Home","item":"https:\/\/blogin.al\/"},{"@type":"ListItem","position":2,"name":"E k\u00ebrc\u00ebnonte prej 1 viti\/ Detaje t\u00eb reja nga vrasja e 27-vje\u00e7ares italiane shtatz\u00ebn\u00eb"}]},{"@type":"WebSite","@id":"https:\/\/blogin.al\/#website","url":"https:\/\/blogin.al\/","name":"blogin.al","description":"","publisher":{"@id":"https:\/\/blogin.al\/#organization"},"potentialAction":[{"@type":"SearchAction","target":{"@type":"EntryPoint","urlTemplate":"https:\/\/blogin.al\/?s={search_term_string}"},"query-input":{"@type":"PropertyValueSpecification","valueRequired":true,"valueName":"search_term_string"}}],"inLanguage":"en-US"},{"@type":"Organization","@id":"https:\/\/blogin.al\/#organization","name":"BLOGIN.al","url":"https:\/\/blogin.al\/","logo":{"@type":"ImageObject","inLanguage":"en-US","@id":"https:\/\/blogin.al\/#\/schema\/logo\/image\/","url":"https:\/\/blogin.al\/wp-content\/uploads\/2022\/05\/Untitled-2-01-e1652084456514.png","contentUrl":"https:\/\/blogin.al\/wp-content\/uploads\/2022\/05\/Untitled-2-01-e1652084456514.png","width":3723,"height":1698,"caption":"BLOGIN.al"},"image":{"@id":"https:\/\/blogin.al\/#\/schema\/logo\/image\/"},"sameAs":["https:\/\/instagram.com\/blogin.al\/"]},{"@type":"Person","@id":"https:\/\/blogin.al\/#\/schema\/person\/abdd56bc912cd511db877b852b115399","name":"Blogin al","image":{"@type":"ImageObject","inLanguage":"en-US","@id":"https:\/\/secure.gravatar.com\/avatar\/60d5661aee6e835fb13dc75d2204cd0c1d61bef2efd137c0083e59ef831e235e?s=96&d=mm&r=g","url":"https:\/\/secure.gravatar.com\/avatar\/60d5661aee6e835fb13dc75d2204cd0c1d61bef2efd137c0083e59ef831e235e?s=96&d=mm&r=g","contentUrl":"https:\/\/secure.gravatar.com\/avatar\/60d5661aee6e835fb13dc75d2204cd0c1d61bef2efd137c0083e59ef831e235e?s=96&d=mm&r=g","caption":"Blogin al"},"sameAs":["https:\/\/blogin.al"],"url":"https:\/\/blogin.al\/?author=2"}]}},"_links":{"self":[{"href":"https:\/\/blogin.al\/index.php?rest_route=\/wp\/v2\/posts\/41521","targetHints":{"allow":["GET"]}}],"collection":[{"href":"https:\/\/blogin.al\/index.php?rest_route=\/wp\/v2\/posts"}],"about":[{"href":"https:\/\/blogin.al\/index.php?rest_route=\/wp\/v2\/types\/post"}],"author":[{"embeddable":true,"href":"https:\/\/blogin.al\/index.php?rest_route=\/wp\/v2\/users\/2"}],"replies":[{"embeddable":true,"href":"https:\/\/blogin.al\/index.php?rest_route=%2Fwp%2Fv2%2Fcomments&post=41521"}],"version-history":[{"count":1,"href":"https:\/\/blogin.al\/index.php?rest_route=\/wp\/v2\/posts\/41521\/revisions"}],"predecessor-version":[{"id":41522,"href":"https:\/\/blogin.al\/index.php?rest_route=\/wp\/v2\/posts\/41521\/revisions\/41522"}],"wp:featuredmedia":[{"embeddable":true,"href":"https:\/\/blogin.al\/index.php?rest_route=\/wp\/v2\/media\/41486"}],"wp:attachment":[{"href":"https:\/\/blogin.al\/index.php?rest_route=%2Fwp%2Fv2%2Fmedia&parent=41521"}],"wp:term":[{"taxonomy":"category","embeddable":true,"href":"https:\/\/blogin.al\/index.php?rest_route=%2Fwp%2Fv2%2Fcategories&post=41521"},{"taxonomy":"post_tag","embeddable":true,"href":"https:\/\/blogin.al\/index.php?rest_route=%2Fwp%2Fv2%2Ftags&post=41521"}],"curies":[{"name":"wp","href":"https:\/\/api.w.org\/{rel}","templated":true}]}}