{"id":41533,"date":"2023-12-21T08:26:47","date_gmt":"2023-12-21T08:26:47","guid":{"rendered":"https:\/\/blogin.al\/?p=41533"},"modified":"2023-12-21T08:26:49","modified_gmt":"2023-12-21T08:26:49","slug":"u-ndava-pas-7-vitesh-rrefimi-i-moderatores-enxhi-nasufi-per-momentet-e-veshtira","status":"publish","type":"post","link":"https:\/\/blogin.al\/?p=41533","title":{"rendered":"\u201cU ndava pas 7 vitesh&#8230;\u201d- Rr\u00ebfimi i moderatores Enxhi Nasufi p\u00ebr momentet e v\u00ebshtira"},"content":{"rendered":"\n<p>Moderatorja Enxhi Nasufi ka rr\u00ebfyer nj\u00eb nga momentet e saj m\u00eb t\u00eb v\u00ebshtira gjat\u00eb viteve t\u00eb fundit t\u00eb cilin e konsideron edhe t\u00eb err\u00ebt, por q\u00eb edhe i ka dh\u00ebn\u00eb shtys\u00ebn m\u00eb t\u00eb madhe.<\/p>\n\n\n\n<p>Enxhi tha se para se t\u00eb niste spektakli Dancing With The Stars ka shk\u00ebputur nj\u00eb marr\u00ebdh\u00ebnie 7 vje\u00e7are me nj\u00eb person shum\u00eb t\u00eb r\u00ebnd\u00ebsish\u00ebm n\u00eb jet\u00ebn e saj.<\/p>\n\n\n\n<p>N\u00eb nj\u00eb intervist\u00eb n\u00eb radion, moderatorja tregoi se ndon\u00ebse ai nuk \u00ebsht\u00eb m\u00eb pjes\u00eb e jet\u00ebs s\u00eb saj,&nbsp; e di q\u00eb e sheh me krenari.<\/p>\n\n\n\n<p>M\u00eb tej ajo tregoi se krahas moderimit, muzik\u00ebs e k\u00ebrcimit s\u00eb fundmi, ka d\u00ebshir\u00eb t\u00eb provoj\u00eb dhe aktrimin.<\/p>\n\n\n\n<p><em>&nbsp;\u201cUn\u00eb kam pasur disa momente t\u00eb v\u00ebshtira, mund t\u2019i quajm\u00eb dhe t\u00eb err\u00ebta, t\u00eb p\u00ebrjetuara n\u00eb jet\u00ebn time. Nj\u00eb moment i v\u00ebshtir\u00eb ka qen\u00eb ankthi shum\u00eb i fort\u00eb q\u00eb e kam p\u00ebrjetuar shum\u00eb dhe m\u00eb ka ndryshuar jet\u00ebn. P\u00ebrpara \u201cDancing With The Stars\u201d kam pasur nj\u00eb ndarje me nj\u00eb person shum\u00eb t\u00eb r\u00ebnd\u00ebsish\u00ebm t\u00eb jet\u00ebs sime, pas 7-vitesh. K\u00ebshtu q\u00eb ty t\u00eb ndryshon jeta, ndryshon rutin\u00ebn dhe gj\u00ebrat duken sikur nisin nga fillimi. Por duke qen\u00eb se un\u00eb besoj se gj\u00ebrat ndodhin p\u00ebr nj\u00eb arsye, kjo m\u00eb ka dh\u00ebn\u00eb shtys\u00ebn m\u00eb t\u00eb madhe p\u00ebr t\u00eb fuqizuar veten time, e ndar\u00eb nga \u00e7do njeri tjet\u00ebr. Ai nuk \u00ebsht\u00eb m\u00eb pjes\u00eb e jet\u00ebs sime, por \u00ebsht\u00eb djal\u00eb shum\u00eb i mir\u00eb dhe i uroj gjith\u00eb t\u00eb mirat. Un\u00eb e di q\u00eb m\u00eb sheh me shum\u00eb krenari\u201d,<\/em>&nbsp;tha moderatorja.<\/p>\n\n\n\n<p>Ke provuar muzik\u00ebn, k\u00ebrcimin dhe prezantimin, \u00e7far\u00eb t\u00eb ka mbetur ende pa b\u00ebr\u00eb dhe n\u00eb t\u00eb cilin do t\u00eb doje t\u00eb shfaqeshe tek publiku?<\/p>\n\n\n\n<p><em>\u201cSigurisht q\u00eb mbetem tek arti dhe televizioni, por do t\u00eb kisha qejf dhe filmin. Do t\u00eb kisha qejf t\u00eb isha pjes\u00eb e nj\u00eb filmi si aktore. Kam ndjekur kurse aktrime me \u201cKrip\u00ebmjalt\u00ebzat\u201d kur kam qen\u00eb e vog\u00ebl\u201d,<\/em>&nbsp;tregoi Enxhi.<\/p>\n","protected":false},"excerpt":{"rendered":"<p>Moderatorja Enxhi Nasufi ka rr\u00ebfyer nj\u00eb nga momentet e saj m\u00eb t\u00eb v\u00ebshtira gjat\u00eb viteve t\u00eb fundit t\u00eb cilin e konsideron edhe t\u00eb err\u00ebt, por q\u00eb edhe i ka dh\u00ebn\u00eb shtys\u00ebn m\u00eb t\u00eb madhe. Enxhi tha se para se t\u00eb niste spektakli Dancing With The Stars ka shk\u00ebputur nj\u00eb marr\u00ebdh\u00ebnie 7 vje\u00e7are me nj\u00eb person [&hellip;]<\/p>\n","protected":false},"author":2,"featured_media":34854,"comment_status":"open","ping_status":"open","sticky":false,"template":"","format":"standard","meta":{"footnotes":""},"categories":[33],"tags":[],"class_list":{"0":"post-41533","1":"post","2":"type-post","3":"status-publish","4":"format-standard","5":"has-post-thumbnail","7":"category-showbiz"},"yoast_head":"<!-- This site is optimized with the Yoast SEO plugin v27.5 - https:\/\/yoast.com\/product\/yoast-seo-wordpress\/ -->\n<title>\u201cU ndava pas 7 vitesh...\u201d- Rr\u00ebfimi i moderatores Enxhi Nasufi p\u00ebr momentet e v\u00ebshtira - blogin.al<\/title>\n<meta name=\"robots\" content=\"index, follow, max-snippet:-1, max-image-preview:large, max-video-preview:-1\" \/>\n<link rel=\"canonical\" href=\"https:\/\/blogin.al\/?p=41533\" \/>\n<meta property=\"og:locale\" content=\"en_US\" \/>\n<meta property=\"og:type\" content=\"article\" \/>\n<meta property=\"og:title\" content=\"\u201cU ndava pas 7 vitesh...\u201d- Rr\u00ebfimi i moderatores Enxhi Nasufi p\u00ebr momentet e v\u00ebshtira - blogin.al\" \/>\n<meta property=\"og:description\" content=\"Moderatorja Enxhi Nasufi ka rr\u00ebfyer nj\u00eb nga momentet e saj m\u00eb t\u00eb v\u00ebshtira gjat\u00eb viteve t\u00eb fundit t\u00eb cilin e konsideron edhe t\u00eb err\u00ebt, por q\u00eb edhe i ka dh\u00ebn\u00eb shtys\u00ebn m\u00eb t\u00eb madhe. Enxhi tha se para se t\u00eb niste spektakli Dancing With The Stars ka shk\u00ebputur nj\u00eb marr\u00ebdh\u00ebnie 7 vje\u00e7are me nj\u00eb person [&hellip;]\" \/>\n<meta property=\"og:url\" content=\"https:\/\/blogin.al\/?p=41533\" \/>\n<meta property=\"og:site_name\" content=\"blogin.al\" \/>\n<meta property=\"article:published_time\" content=\"2023-12-21T08:26:47+00:00\" \/>\n<meta property=\"article:modified_time\" content=\"2023-12-21T08:26:49+00:00\" \/>\n<meta property=\"og:image\" content=\"https:\/\/blogin.al\/wp-content\/uploads\/2023\/07\/ENXHI.jpg\" \/>\n\t<meta property=\"og:image:width\" content=\"720\" \/>\n\t<meta property=\"og:image:height\" content=\"405\" \/>\n\t<meta property=\"og:image:type\" content=\"image\/jpeg\" \/>\n<meta name=\"author\" content=\"Blogin al\" \/>\n<meta name=\"twitter:card\" content=\"summary_large_image\" \/>\n<meta name=\"twitter:label1\" content=\"Written by\" \/>\n\t<meta name=\"twitter:data1\" content=\"Blogin al\" \/>\n\t<meta name=\"twitter:label2\" content=\"Est. reading time\" \/>\n\t<meta name=\"twitter:data2\" content=\"2 minutes\" \/>\n<script type=\"application\/ld+json\" class=\"yoast-schema-graph\">{\"@context\":\"https:\\\/\\\/schema.org\",\"@graph\":[{\"@type\":\"Article\",\"@id\":\"https:\\\/\\\/blogin.al\\\/?p=41533#article\",\"isPartOf\":{\"@id\":\"https:\\\/\\\/blogin.al\\\/?p=41533\"},\"author\":{\"name\":\"Blogin al\",\"@id\":\"https:\\\/\\\/blogin.al\\\/#\\\/schema\\\/person\\\/abdd56bc912cd511db877b852b115399\"},\"headline\":\"\u201cU ndava pas 7 vitesh&#8230;\u201d- Rr\u00ebfimi i moderatores Enxhi Nasufi p\u00ebr momentet e v\u00ebshtira\",\"datePublished\":\"2023-12-21T08:26:47+00:00\",\"dateModified\":\"2023-12-21T08:26:49+00:00\",\"mainEntityOfPage\":{\"@id\":\"https:\\\/\\\/blogin.al\\\/?p=41533\"},\"wordCount\":370,\"commentCount\":0,\"publisher\":{\"@id\":\"https:\\\/\\\/blogin.al\\\/#organization\"},\"image\":{\"@id\":\"https:\\\/\\\/blogin.al\\\/?p=41533#primaryimage\"},\"thumbnailUrl\":\"https:\\\/\\\/blogin.al\\\/wp-content\\\/uploads\\\/2023\\\/07\\\/ENXHI.jpg\",\"articleSection\":[\"SHOWBIZ\"],\"inLanguage\":\"en-US\",\"potentialAction\":[{\"@type\":\"CommentAction\",\"name\":\"Comment\",\"target\":[\"https:\\\/\\\/blogin.al\\\/?p=41533#respond\"]}]},{\"@type\":\"WebPage\",\"@id\":\"https:\\\/\\\/blogin.al\\\/?p=41533\",\"url\":\"https:\\\/\\\/blogin.al\\\/?p=41533\",\"name\":\"\u201cU ndava pas 7 vitesh...\u201d- Rr\u00ebfimi i moderatores Enxhi Nasufi p\u00ebr momentet e v\u00ebshtira - blogin.al\",\"isPartOf\":{\"@id\":\"https:\\\/\\\/blogin.al\\\/#website\"},\"primaryImageOfPage\":{\"@id\":\"https:\\\/\\\/blogin.al\\\/?p=41533#primaryimage\"},\"image\":{\"@id\":\"https:\\\/\\\/blogin.al\\\/?p=41533#primaryimage\"},\"thumbnailUrl\":\"https:\\\/\\\/blogin.al\\\/wp-content\\\/uploads\\\/2023\\\/07\\\/ENXHI.jpg\",\"datePublished\":\"2023-12-21T08:26:47+00:00\",\"dateModified\":\"2023-12-21T08:26:49+00:00\",\"breadcrumb\":{\"@id\":\"https:\\\/\\\/blogin.al\\\/?p=41533#breadcrumb\"},\"inLanguage\":\"en-US\",\"potentialAction\":[{\"@type\":\"ReadAction\",\"target\":[\"https:\\\/\\\/blogin.al\\\/?p=41533\"]}]},{\"@type\":\"ImageObject\",\"inLanguage\":\"en-US\",\"@id\":\"https:\\\/\\\/blogin.al\\\/?p=41533#primaryimage\",\"url\":\"https:\\\/\\\/blogin.al\\\/wp-content\\\/uploads\\\/2023\\\/07\\\/ENXHI.jpg\",\"contentUrl\":\"https:\\\/\\\/blogin.al\\\/wp-content\\\/uploads\\\/2023\\\/07\\\/ENXHI.jpg\",\"width\":720,\"height\":405},{\"@type\":\"BreadcrumbList\",\"@id\":\"https:\\\/\\\/blogin.al\\\/?p=41533#breadcrumb\",\"itemListElement\":[{\"@type\":\"ListItem\",\"position\":1,\"name\":\"Home\",\"item\":\"https:\\\/\\\/blogin.al\\\/\"},{\"@type\":\"ListItem\",\"position\":2,\"name\":\"\u201cU ndava pas 7 vitesh&#8230;\u201d- Rr\u00ebfimi i moderatores Enxhi Nasufi p\u00ebr momentet e v\u00ebshtira\"}]},{\"@type\":\"WebSite\",\"@id\":\"https:\\\/\\\/blogin.al\\\/#website\",\"url\":\"https:\\\/\\\/blogin.al\\\/\",\"name\":\"blogin.al\",\"description\":\"\",\"publisher\":{\"@id\":\"https:\\\/\\\/blogin.al\\\/#organization\"},\"potentialAction\":[{\"@type\":\"SearchAction\",\"target\":{\"@type\":\"EntryPoint\",\"urlTemplate\":\"https:\\\/\\\/blogin.al\\\/?s={search_term_string}\"},\"query-input\":{\"@type\":\"PropertyValueSpecification\",\"valueRequired\":true,\"valueName\":\"search_term_string\"}}],\"inLanguage\":\"en-US\"},{\"@type\":\"Organization\",\"@id\":\"https:\\\/\\\/blogin.al\\\/#organization\",\"name\":\"BLOGIN.al\",\"url\":\"https:\\\/\\\/blogin.al\\\/\",\"logo\":{\"@type\":\"ImageObject\",\"inLanguage\":\"en-US\",\"@id\":\"https:\\\/\\\/blogin.al\\\/#\\\/schema\\\/logo\\\/image\\\/\",\"url\":\"https:\\\/\\\/blogin.al\\\/wp-content\\\/uploads\\\/2022\\\/05\\\/Untitled-2-01-e1652084456514.png\",\"contentUrl\":\"https:\\\/\\\/blogin.al\\\/wp-content\\\/uploads\\\/2022\\\/05\\\/Untitled-2-01-e1652084456514.png\",\"width\":3723,\"height\":1698,\"caption\":\"BLOGIN.al\"},\"image\":{\"@id\":\"https:\\\/\\\/blogin.al\\\/#\\\/schema\\\/logo\\\/image\\\/\"},\"sameAs\":[\"https:\\\/\\\/instagram.com\\\/blogin.al\\\/\"]},{\"@type\":\"Person\",\"@id\":\"https:\\\/\\\/blogin.al\\\/#\\\/schema\\\/person\\\/abdd56bc912cd511db877b852b115399\",\"name\":\"Blogin al\",\"image\":{\"@type\":\"ImageObject\",\"inLanguage\":\"en-US\",\"@id\":\"https:\\\/\\\/secure.gravatar.com\\\/avatar\\\/60d5661aee6e835fb13dc75d2204cd0c1d61bef2efd137c0083e59ef831e235e?s=96&d=mm&r=g\",\"url\":\"https:\\\/\\\/secure.gravatar.com\\\/avatar\\\/60d5661aee6e835fb13dc75d2204cd0c1d61bef2efd137c0083e59ef831e235e?s=96&d=mm&r=g\",\"contentUrl\":\"https:\\\/\\\/secure.gravatar.com\\\/avatar\\\/60d5661aee6e835fb13dc75d2204cd0c1d61bef2efd137c0083e59ef831e235e?s=96&d=mm&r=g\",\"caption\":\"Blogin al\"},\"sameAs\":[\"https:\\\/\\\/blogin.al\"],\"url\":\"https:\\\/\\\/blogin.al\\\/?author=2\"}]}<\/script>\n<!-- \/ Yoast SEO plugin. -->","yoast_head_json":{"title":"\u201cU ndava pas 7 vitesh...\u201d- Rr\u00ebfimi i moderatores Enxhi Nasufi p\u00ebr momentet e v\u00ebshtira - blogin.al","robots":{"index":"index","follow":"follow","max-snippet":"max-snippet:-1","max-image-preview":"max-image-preview:large","max-video-preview":"max-video-preview:-1"},"canonical":"https:\/\/blogin.al\/?p=41533","og_locale":"en_US","og_type":"article","og_title":"\u201cU ndava pas 7 vitesh...\u201d- Rr\u00ebfimi i moderatores Enxhi Nasufi p\u00ebr momentet e v\u00ebshtira - blogin.al","og_description":"Moderatorja Enxhi Nasufi ka rr\u00ebfyer nj\u00eb nga momentet e saj m\u00eb t\u00eb v\u00ebshtira gjat\u00eb viteve t\u00eb fundit t\u00eb cilin e konsideron edhe t\u00eb err\u00ebt, por q\u00eb edhe i ka dh\u00ebn\u00eb shtys\u00ebn m\u00eb t\u00eb madhe. Enxhi tha se para se t\u00eb niste spektakli Dancing With The Stars ka shk\u00ebputur nj\u00eb marr\u00ebdh\u00ebnie 7 vje\u00e7are me nj\u00eb person [&hellip;]","og_url":"https:\/\/blogin.al\/?p=41533","og_site_name":"blogin.al","article_published_time":"2023-12-21T08:26:47+00:00","article_modified_time":"2023-12-21T08:26:49+00:00","og_image":[{"width":720,"height":405,"url":"https:\/\/blogin.al\/wp-content\/uploads\/2023\/07\/ENXHI.jpg","type":"image\/jpeg"}],"author":"Blogin al","twitter_card":"summary_large_image","twitter_misc":{"Written by":"Blogin al","Est. reading time":"2 minutes"},"schema":{"@context":"https:\/\/schema.org","@graph":[{"@type":"Article","@id":"https:\/\/blogin.al\/?p=41533#article","isPartOf":{"@id":"https:\/\/blogin.al\/?p=41533"},"author":{"name":"Blogin al","@id":"https:\/\/blogin.al\/#\/schema\/person\/abdd56bc912cd511db877b852b115399"},"headline":"\u201cU ndava pas 7 vitesh&#8230;\u201d- Rr\u00ebfimi i moderatores Enxhi Nasufi p\u00ebr momentet e v\u00ebshtira","datePublished":"2023-12-21T08:26:47+00:00","dateModified":"2023-12-21T08:26:49+00:00","mainEntityOfPage":{"@id":"https:\/\/blogin.al\/?p=41533"},"wordCount":370,"commentCount":0,"publisher":{"@id":"https:\/\/blogin.al\/#organization"},"image":{"@id":"https:\/\/blogin.al\/?p=41533#primaryimage"},"thumbnailUrl":"https:\/\/blogin.al\/wp-content\/uploads\/2023\/07\/ENXHI.jpg","articleSection":["SHOWBIZ"],"inLanguage":"en-US","potentialAction":[{"@type":"CommentAction","name":"Comment","target":["https:\/\/blogin.al\/?p=41533#respond"]}]},{"@type":"WebPage","@id":"https:\/\/blogin.al\/?p=41533","url":"https:\/\/blogin.al\/?p=41533","name":"\u201cU ndava pas 7 vitesh...\u201d- Rr\u00ebfimi i moderatores Enxhi Nasufi p\u00ebr momentet e v\u00ebshtira - blogin.al","isPartOf":{"@id":"https:\/\/blogin.al\/#website"},"primaryImageOfPage":{"@id":"https:\/\/blogin.al\/?p=41533#primaryimage"},"image":{"@id":"https:\/\/blogin.al\/?p=41533#primaryimage"},"thumbnailUrl":"https:\/\/blogin.al\/wp-content\/uploads\/2023\/07\/ENXHI.jpg","datePublished":"2023-12-21T08:26:47+00:00","dateModified":"2023-12-21T08:26:49+00:00","breadcrumb":{"@id":"https:\/\/blogin.al\/?p=41533#breadcrumb"},"inLanguage":"en-US","potentialAction":[{"@type":"ReadAction","target":["https:\/\/blogin.al\/?p=41533"]}]},{"@type":"ImageObject","inLanguage":"en-US","@id":"https:\/\/blogin.al\/?p=41533#primaryimage","url":"https:\/\/blogin.al\/wp-content\/uploads\/2023\/07\/ENXHI.jpg","contentUrl":"https:\/\/blogin.al\/wp-content\/uploads\/2023\/07\/ENXHI.jpg","width":720,"height":405},{"@type":"BreadcrumbList","@id":"https:\/\/blogin.al\/?p=41533#breadcrumb","itemListElement":[{"@type":"ListItem","position":1,"name":"Home","item":"https:\/\/blogin.al\/"},{"@type":"ListItem","position":2,"name":"\u201cU ndava pas 7 vitesh&#8230;\u201d- Rr\u00ebfimi i moderatores Enxhi Nasufi p\u00ebr momentet e v\u00ebshtira"}]},{"@type":"WebSite","@id":"https:\/\/blogin.al\/#website","url":"https:\/\/blogin.al\/","name":"blogin.al","description":"","publisher":{"@id":"https:\/\/blogin.al\/#organization"},"potentialAction":[{"@type":"SearchAction","target":{"@type":"EntryPoint","urlTemplate":"https:\/\/blogin.al\/?s={search_term_string}"},"query-input":{"@type":"PropertyValueSpecification","valueRequired":true,"valueName":"search_term_string"}}],"inLanguage":"en-US"},{"@type":"Organization","@id":"https:\/\/blogin.al\/#organization","name":"BLOGIN.al","url":"https:\/\/blogin.al\/","logo":{"@type":"ImageObject","inLanguage":"en-US","@id":"https:\/\/blogin.al\/#\/schema\/logo\/image\/","url":"https:\/\/blogin.al\/wp-content\/uploads\/2022\/05\/Untitled-2-01-e1652084456514.png","contentUrl":"https:\/\/blogin.al\/wp-content\/uploads\/2022\/05\/Untitled-2-01-e1652084456514.png","width":3723,"height":1698,"caption":"BLOGIN.al"},"image":{"@id":"https:\/\/blogin.al\/#\/schema\/logo\/image\/"},"sameAs":["https:\/\/instagram.com\/blogin.al\/"]},{"@type":"Person","@id":"https:\/\/blogin.al\/#\/schema\/person\/abdd56bc912cd511db877b852b115399","name":"Blogin al","image":{"@type":"ImageObject","inLanguage":"en-US","@id":"https:\/\/secure.gravatar.com\/avatar\/60d5661aee6e835fb13dc75d2204cd0c1d61bef2efd137c0083e59ef831e235e?s=96&d=mm&r=g","url":"https:\/\/secure.gravatar.com\/avatar\/60d5661aee6e835fb13dc75d2204cd0c1d61bef2efd137c0083e59ef831e235e?s=96&d=mm&r=g","contentUrl":"https:\/\/secure.gravatar.com\/avatar\/60d5661aee6e835fb13dc75d2204cd0c1d61bef2efd137c0083e59ef831e235e?s=96&d=mm&r=g","caption":"Blogin al"},"sameAs":["https:\/\/blogin.al"],"url":"https:\/\/blogin.al\/?author=2"}]}},"_links":{"self":[{"href":"https:\/\/blogin.al\/index.php?rest_route=\/wp\/v2\/posts\/41533","targetHints":{"allow":["GET"]}}],"collection":[{"href":"https:\/\/blogin.al\/index.php?rest_route=\/wp\/v2\/posts"}],"about":[{"href":"https:\/\/blogin.al\/index.php?rest_route=\/wp\/v2\/types\/post"}],"author":[{"embeddable":true,"href":"https:\/\/blogin.al\/index.php?rest_route=\/wp\/v2\/users\/2"}],"replies":[{"embeddable":true,"href":"https:\/\/blogin.al\/index.php?rest_route=%2Fwp%2Fv2%2Fcomments&post=41533"}],"version-history":[{"count":1,"href":"https:\/\/blogin.al\/index.php?rest_route=\/wp\/v2\/posts\/41533\/revisions"}],"predecessor-version":[{"id":41534,"href":"https:\/\/blogin.al\/index.php?rest_route=\/wp\/v2\/posts\/41533\/revisions\/41534"}],"wp:featuredmedia":[{"embeddable":true,"href":"https:\/\/blogin.al\/index.php?rest_route=\/wp\/v2\/media\/34854"}],"wp:attachment":[{"href":"https:\/\/blogin.al\/index.php?rest_route=%2Fwp%2Fv2%2Fmedia&parent=41533"}],"wp:term":[{"taxonomy":"category","embeddable":true,"href":"https:\/\/blogin.al\/index.php?rest_route=%2Fwp%2Fv2%2Fcategories&post=41533"},{"taxonomy":"post_tag","embeddable":true,"href":"https:\/\/blogin.al\/index.php?rest_route=%2Fwp%2Fv2%2Ftags&post=41533"}],"curies":[{"name":"wp","href":"https:\/\/api.w.org\/{rel}","templated":true}]}}