{"id":41550,"date":"2023-12-21T12:28:22","date_gmt":"2023-12-21T12:28:22","guid":{"rendered":"https:\/\/blogin.al\/?p=41550"},"modified":"2023-12-21T12:28:23","modified_gmt":"2023-12-21T12:28:23","slug":"donatella-versace-del-ne-mbrojtje-te-chiara-ferragnit-pas-akuzave-per-mashtrim","status":"publish","type":"post","link":"https:\/\/blogin.al\/?p=41550","title":{"rendered":"Donatella Versace del n\u00eb mbrojtje t\u00eb Chiara Ferragnit pas akuzave p\u00ebr mashtrim"},"content":{"rendered":"\n<p>1.075 milion\u00eb euro \u00ebsht\u00eb gjoba q\u00eb kompanit\u00eb e blogeres s\u00eb njohur italiane, Chiara Ferragni, duhet t\u00eb paguajn\u00eb p\u00ebr mashtrimin e klient\u00ebve mbi donacione bamir\u00ebsie t\u00eb lidhura me shitjen e nj\u00eb \u00ebmb\u00eblsire Krishtlindjesh.<\/p>\n\n\n\n<p>Autoriteti antitrust i Italis\u00eb gjobiti prodhuesin italian t\u00eb \u00ebmb\u00eblsirave Balocco me 420,000 euro. Por, nuk mbyllet me kaq! S\u00eb fundmi gazetarja italiane, Selva Lucarelli ka denoncuar nj\u00eb tjet\u00ebr rast.<\/p>\n\n\n\n<p>N\u00eb vitin 2021 Chiara krijoi p\u00ebr shitje dhe reklamoi vez\u00ebn e Pashk\u00ebs, fitimet e t\u00eb cil\u00ebs do t\u00eb shkonin p\u00ebr bamir\u00ebsi por parat\u00eb kan\u00eb shkuar n\u00eb xhepin e blogeres. Pasi gazetarja ka nisur t\u00eb thellohet n\u00eb k\u00ebt\u00eb rast, blogerja i ka fshir\u00eb fotot e reklam\u00ebs nga \u201cInstagram\u201d-i i saj.<\/p>\n\n\n\n<p>Ferragni me an\u00eb t\u00eb nj\u00eb reagimi tha se do t\u00eb dhuronte p\u00ebr spitalin e f\u00ebmij\u00ebve 1 milion eurot q\u00eb kompania e panetones nuk i kishte dhuruar.<\/p>\n\n\n\n<figure class=\"wp-block-image is-style-default\"><img decoding=\"async\" src=\"https:\/\/gsh.top-media.al\/media10\/640-0-658360b8ee7a2.jpg\" alt=\"\" class=\"wp-image-409855\"\/><\/figure>\n\n\n\n<p>Nd\u00ebrkaq, s\u00eb fundmi, nj\u00eb nga mikeshat m\u00eb t\u00eb mira t\u00eb blogeres dhe nj\u00eb nga personazhet m\u00eb t\u00eb njohura n\u00eb bot\u00eb, Donatella Versace, i ka dal\u00eb n\u00eb mbrojtje Chiara-s pas akuzave t\u00eb gazetares duke shprehur k\u00ebto fjal\u00eb:<\/p>\n\n\n\n<blockquote class=\"wp-block-quote is-layout-flow wp-block-quote-is-layout-flow\">\n<p><strong>\u201cDo t\u00eb doja t\u00eb dija sakt\u00ebsisht se p\u00ebr \u00e7far\u00eb duhet t\u00eb k\u00ebrkoj\u00eb falje Chiara? Ajo dhe Fedez kan\u00eb b\u00ebr\u00eb gjithmon\u00eb pun\u00eb bamir\u00ebsie. Ishte kompania q\u00eb duhej t\u00eb paguante kontributin. Ata jan\u00eb shembuj p\u00ebr Italin\u00eb dhe p\u00ebr t\u00eb rinjt\u00eb. Listoni t\u00eb gjitha bamir\u00ebsit\u00eb q\u00eb kan\u00eb b\u00ebr\u00eb nd\u00ebr vite dhe pyesni at\u00eb q\u00eb e quan veten \u201cgazetare\u201d se sa bamir\u00ebsi ka b\u00ebr\u00eb. Po jua them un\u00eb: as 1 euro. Heshtni, m\u00eb mir\u00eb p\u00ebr t\u00eb gjith\u00eb, t\u00eb pakt\u00ebn do vazhdojm\u00eb t\u00eb japim p\u00ebr bamir\u00ebsi pa qen\u00eb nevoja t\u00eb d\u00ebgjojm\u00eb komente nga ata q\u00eb si profesion jan\u00eb \u2018HATERS\u2019\u201d.<\/strong><\/p>\n<\/blockquote>\n","protected":false},"excerpt":{"rendered":"<p>1.075 milion\u00eb euro \u00ebsht\u00eb gjoba q\u00eb kompanit\u00eb e blogeres s\u00eb njohur italiane, Chiara Ferragni, duhet t\u00eb paguajn\u00eb p\u00ebr mashtrimin e klient\u00ebve mbi donacione bamir\u00ebsie t\u00eb lidhura me shitjen e nj\u00eb \u00ebmb\u00eblsire Krishtlindjesh. Autoriteti antitrust i Italis\u00eb gjobiti prodhuesin italian t\u00eb \u00ebmb\u00eblsirave Balocco me 420,000 euro. Por, nuk mbyllet me kaq! S\u00eb fundmi gazetarja italiane, Selva [&hellip;]<\/p>\n","protected":false},"author":2,"featured_media":41551,"comment_status":"open","ping_status":"open","sticky":false,"template":"","format":"standard","meta":{"footnotes":""},"categories":[33],"tags":[],"class_list":{"0":"post-41550","1":"post","2":"type-post","3":"status-publish","4":"format-standard","5":"has-post-thumbnail","7":"category-showbiz"},"yoast_head":"<!-- This site is optimized with the Yoast SEO plugin v27.5 - https:\/\/yoast.com\/product\/yoast-seo-wordpress\/ -->\n<title>Donatella Versace del n\u00eb mbrojtje t\u00eb Chiara Ferragnit pas akuzave p\u00ebr mashtrim - blogin.al<\/title>\n<meta name=\"robots\" content=\"index, follow, max-snippet:-1, max-image-preview:large, max-video-preview:-1\" \/>\n<link rel=\"canonical\" href=\"https:\/\/blogin.al\/?p=41550\" \/>\n<meta property=\"og:locale\" content=\"en_US\" \/>\n<meta property=\"og:type\" content=\"article\" \/>\n<meta property=\"og:title\" content=\"Donatella Versace del n\u00eb mbrojtje t\u00eb Chiara Ferragnit pas akuzave p\u00ebr mashtrim - blogin.al\" \/>\n<meta property=\"og:description\" content=\"1.075 milion\u00eb euro \u00ebsht\u00eb gjoba q\u00eb kompanit\u00eb e blogeres s\u00eb njohur italiane, Chiara Ferragni, duhet t\u00eb paguajn\u00eb p\u00ebr mashtrimin e klient\u00ebve mbi donacione bamir\u00ebsie t\u00eb lidhura me shitjen e nj\u00eb \u00ebmb\u00eblsire Krishtlindjesh. Autoriteti antitrust i Italis\u00eb gjobiti prodhuesin italian t\u00eb \u00ebmb\u00eblsirave Balocco me 420,000 euro. Por, nuk mbyllet me kaq! S\u00eb fundmi gazetarja italiane, Selva [&hellip;]\" \/>\n<meta property=\"og:url\" content=\"https:\/\/blogin.al\/?p=41550\" \/>\n<meta property=\"og:site_name\" content=\"blogin.al\" \/>\n<meta property=\"article:published_time\" content=\"2023-12-21T12:28:22+00:00\" \/>\n<meta property=\"article:modified_time\" content=\"2023-12-21T12:28:23+00:00\" \/>\n<meta property=\"og:image\" content=\"https:\/\/blogin.al\/wp-content\/uploads\/2023\/12\/image-154-1024x1024.png\" \/>\n\t<meta property=\"og:image:width\" content=\"1024\" \/>\n\t<meta property=\"og:image:height\" content=\"1024\" \/>\n\t<meta property=\"og:image:type\" content=\"image\/png\" \/>\n<meta name=\"author\" content=\"Blogin al\" \/>\n<meta name=\"twitter:card\" content=\"summary_large_image\" \/>\n<meta name=\"twitter:label1\" content=\"Written by\" \/>\n\t<meta name=\"twitter:data1\" content=\"Blogin al\" \/>\n\t<meta name=\"twitter:label2\" content=\"Est. reading time\" \/>\n\t<meta name=\"twitter:data2\" content=\"2 minutes\" \/>\n<script type=\"application\/ld+json\" class=\"yoast-schema-graph\">{\"@context\":\"https:\\\/\\\/schema.org\",\"@graph\":[{\"@type\":\"Article\",\"@id\":\"https:\\\/\\\/blogin.al\\\/?p=41550#article\",\"isPartOf\":{\"@id\":\"https:\\\/\\\/blogin.al\\\/?p=41550\"},\"author\":{\"name\":\"Blogin al\",\"@id\":\"https:\\\/\\\/blogin.al\\\/#\\\/schema\\\/person\\\/abdd56bc912cd511db877b852b115399\"},\"headline\":\"Donatella Versace del n\u00eb mbrojtje t\u00eb Chiara Ferragnit pas akuzave p\u00ebr mashtrim\",\"datePublished\":\"2023-12-21T12:28:22+00:00\",\"dateModified\":\"2023-12-21T12:28:23+00:00\",\"mainEntityOfPage\":{\"@id\":\"https:\\\/\\\/blogin.al\\\/?p=41550\"},\"wordCount\":311,\"commentCount\":0,\"publisher\":{\"@id\":\"https:\\\/\\\/blogin.al\\\/#organization\"},\"image\":{\"@id\":\"https:\\\/\\\/blogin.al\\\/?p=41550#primaryimage\"},\"thumbnailUrl\":\"https:\\\/\\\/blogin.al\\\/wp-content\\\/uploads\\\/2023\\\/12\\\/image-154.png\",\"articleSection\":[\"SHOWBIZ\"],\"inLanguage\":\"en-US\",\"potentialAction\":[{\"@type\":\"CommentAction\",\"name\":\"Comment\",\"target\":[\"https:\\\/\\\/blogin.al\\\/?p=41550#respond\"]}]},{\"@type\":\"WebPage\",\"@id\":\"https:\\\/\\\/blogin.al\\\/?p=41550\",\"url\":\"https:\\\/\\\/blogin.al\\\/?p=41550\",\"name\":\"Donatella Versace del n\u00eb mbrojtje t\u00eb Chiara Ferragnit pas akuzave p\u00ebr mashtrim - blogin.al\",\"isPartOf\":{\"@id\":\"https:\\\/\\\/blogin.al\\\/#website\"},\"primaryImageOfPage\":{\"@id\":\"https:\\\/\\\/blogin.al\\\/?p=41550#primaryimage\"},\"image\":{\"@id\":\"https:\\\/\\\/blogin.al\\\/?p=41550#primaryimage\"},\"thumbnailUrl\":\"https:\\\/\\\/blogin.al\\\/wp-content\\\/uploads\\\/2023\\\/12\\\/image-154.png\",\"datePublished\":\"2023-12-21T12:28:22+00:00\",\"dateModified\":\"2023-12-21T12:28:23+00:00\",\"breadcrumb\":{\"@id\":\"https:\\\/\\\/blogin.al\\\/?p=41550#breadcrumb\"},\"inLanguage\":\"en-US\",\"potentialAction\":[{\"@type\":\"ReadAction\",\"target\":[\"https:\\\/\\\/blogin.al\\\/?p=41550\"]}]},{\"@type\":\"ImageObject\",\"inLanguage\":\"en-US\",\"@id\":\"https:\\\/\\\/blogin.al\\\/?p=41550#primaryimage\",\"url\":\"https:\\\/\\\/blogin.al\\\/wp-content\\\/uploads\\\/2023\\\/12\\\/image-154.png\",\"contentUrl\":\"https:\\\/\\\/blogin.al\\\/wp-content\\\/uploads\\\/2023\\\/12\\\/image-154.png\",\"width\":1080,\"height\":1080},{\"@type\":\"BreadcrumbList\",\"@id\":\"https:\\\/\\\/blogin.al\\\/?p=41550#breadcrumb\",\"itemListElement\":[{\"@type\":\"ListItem\",\"position\":1,\"name\":\"Home\",\"item\":\"https:\\\/\\\/blogin.al\\\/\"},{\"@type\":\"ListItem\",\"position\":2,\"name\":\"Donatella Versace del n\u00eb mbrojtje t\u00eb Chiara Ferragnit pas akuzave p\u00ebr mashtrim\"}]},{\"@type\":\"WebSite\",\"@id\":\"https:\\\/\\\/blogin.al\\\/#website\",\"url\":\"https:\\\/\\\/blogin.al\\\/\",\"name\":\"blogin.al\",\"description\":\"\",\"publisher\":{\"@id\":\"https:\\\/\\\/blogin.al\\\/#organization\"},\"potentialAction\":[{\"@type\":\"SearchAction\",\"target\":{\"@type\":\"EntryPoint\",\"urlTemplate\":\"https:\\\/\\\/blogin.al\\\/?s={search_term_string}\"},\"query-input\":{\"@type\":\"PropertyValueSpecification\",\"valueRequired\":true,\"valueName\":\"search_term_string\"}}],\"inLanguage\":\"en-US\"},{\"@type\":\"Organization\",\"@id\":\"https:\\\/\\\/blogin.al\\\/#organization\",\"name\":\"BLOGIN.al\",\"url\":\"https:\\\/\\\/blogin.al\\\/\",\"logo\":{\"@type\":\"ImageObject\",\"inLanguage\":\"en-US\",\"@id\":\"https:\\\/\\\/blogin.al\\\/#\\\/schema\\\/logo\\\/image\\\/\",\"url\":\"https:\\\/\\\/blogin.al\\\/wp-content\\\/uploads\\\/2022\\\/05\\\/Untitled-2-01-e1652084456514.png\",\"contentUrl\":\"https:\\\/\\\/blogin.al\\\/wp-content\\\/uploads\\\/2022\\\/05\\\/Untitled-2-01-e1652084456514.png\",\"width\":3723,\"height\":1698,\"caption\":\"BLOGIN.al\"},\"image\":{\"@id\":\"https:\\\/\\\/blogin.al\\\/#\\\/schema\\\/logo\\\/image\\\/\"},\"sameAs\":[\"https:\\\/\\\/instagram.com\\\/blogin.al\\\/\"]},{\"@type\":\"Person\",\"@id\":\"https:\\\/\\\/blogin.al\\\/#\\\/schema\\\/person\\\/abdd56bc912cd511db877b852b115399\",\"name\":\"Blogin al\",\"image\":{\"@type\":\"ImageObject\",\"inLanguage\":\"en-US\",\"@id\":\"https:\\\/\\\/secure.gravatar.com\\\/avatar\\\/60d5661aee6e835fb13dc75d2204cd0c1d61bef2efd137c0083e59ef831e235e?s=96&d=mm&r=g\",\"url\":\"https:\\\/\\\/secure.gravatar.com\\\/avatar\\\/60d5661aee6e835fb13dc75d2204cd0c1d61bef2efd137c0083e59ef831e235e?s=96&d=mm&r=g\",\"contentUrl\":\"https:\\\/\\\/secure.gravatar.com\\\/avatar\\\/60d5661aee6e835fb13dc75d2204cd0c1d61bef2efd137c0083e59ef831e235e?s=96&d=mm&r=g\",\"caption\":\"Blogin al\"},\"sameAs\":[\"https:\\\/\\\/blogin.al\"],\"url\":\"https:\\\/\\\/blogin.al\\\/?author=2\"}]}<\/script>\n<!-- \/ Yoast SEO plugin. -->","yoast_head_json":{"title":"Donatella Versace del n\u00eb mbrojtje t\u00eb Chiara Ferragnit pas akuzave p\u00ebr mashtrim - blogin.al","robots":{"index":"index","follow":"follow","max-snippet":"max-snippet:-1","max-image-preview":"max-image-preview:large","max-video-preview":"max-video-preview:-1"},"canonical":"https:\/\/blogin.al\/?p=41550","og_locale":"en_US","og_type":"article","og_title":"Donatella Versace del n\u00eb mbrojtje t\u00eb Chiara Ferragnit pas akuzave p\u00ebr mashtrim - blogin.al","og_description":"1.075 milion\u00eb euro \u00ebsht\u00eb gjoba q\u00eb kompanit\u00eb e blogeres s\u00eb njohur italiane, Chiara Ferragni, duhet t\u00eb paguajn\u00eb p\u00ebr mashtrimin e klient\u00ebve mbi donacione bamir\u00ebsie t\u00eb lidhura me shitjen e nj\u00eb \u00ebmb\u00eblsire Krishtlindjesh. Autoriteti antitrust i Italis\u00eb gjobiti prodhuesin italian t\u00eb \u00ebmb\u00eblsirave Balocco me 420,000 euro. Por, nuk mbyllet me kaq! S\u00eb fundmi gazetarja italiane, Selva [&hellip;]","og_url":"https:\/\/blogin.al\/?p=41550","og_site_name":"blogin.al","article_published_time":"2023-12-21T12:28:22+00:00","article_modified_time":"2023-12-21T12:28:23+00:00","og_image":[{"width":1024,"height":1024,"url":"https:\/\/blogin.al\/wp-content\/uploads\/2023\/12\/image-154-1024x1024.png","type":"image\/png"}],"author":"Blogin al","twitter_card":"summary_large_image","twitter_misc":{"Written by":"Blogin al","Est. reading time":"2 minutes"},"schema":{"@context":"https:\/\/schema.org","@graph":[{"@type":"Article","@id":"https:\/\/blogin.al\/?p=41550#article","isPartOf":{"@id":"https:\/\/blogin.al\/?p=41550"},"author":{"name":"Blogin al","@id":"https:\/\/blogin.al\/#\/schema\/person\/abdd56bc912cd511db877b852b115399"},"headline":"Donatella Versace del n\u00eb mbrojtje t\u00eb Chiara Ferragnit pas akuzave p\u00ebr mashtrim","datePublished":"2023-12-21T12:28:22+00:00","dateModified":"2023-12-21T12:28:23+00:00","mainEntityOfPage":{"@id":"https:\/\/blogin.al\/?p=41550"},"wordCount":311,"commentCount":0,"publisher":{"@id":"https:\/\/blogin.al\/#organization"},"image":{"@id":"https:\/\/blogin.al\/?p=41550#primaryimage"},"thumbnailUrl":"https:\/\/blogin.al\/wp-content\/uploads\/2023\/12\/image-154.png","articleSection":["SHOWBIZ"],"inLanguage":"en-US","potentialAction":[{"@type":"CommentAction","name":"Comment","target":["https:\/\/blogin.al\/?p=41550#respond"]}]},{"@type":"WebPage","@id":"https:\/\/blogin.al\/?p=41550","url":"https:\/\/blogin.al\/?p=41550","name":"Donatella Versace del n\u00eb mbrojtje t\u00eb Chiara Ferragnit pas akuzave p\u00ebr mashtrim - blogin.al","isPartOf":{"@id":"https:\/\/blogin.al\/#website"},"primaryImageOfPage":{"@id":"https:\/\/blogin.al\/?p=41550#primaryimage"},"image":{"@id":"https:\/\/blogin.al\/?p=41550#primaryimage"},"thumbnailUrl":"https:\/\/blogin.al\/wp-content\/uploads\/2023\/12\/image-154.png","datePublished":"2023-12-21T12:28:22+00:00","dateModified":"2023-12-21T12:28:23+00:00","breadcrumb":{"@id":"https:\/\/blogin.al\/?p=41550#breadcrumb"},"inLanguage":"en-US","potentialAction":[{"@type":"ReadAction","target":["https:\/\/blogin.al\/?p=41550"]}]},{"@type":"ImageObject","inLanguage":"en-US","@id":"https:\/\/blogin.al\/?p=41550#primaryimage","url":"https:\/\/blogin.al\/wp-content\/uploads\/2023\/12\/image-154.png","contentUrl":"https:\/\/blogin.al\/wp-content\/uploads\/2023\/12\/image-154.png","width":1080,"height":1080},{"@type":"BreadcrumbList","@id":"https:\/\/blogin.al\/?p=41550#breadcrumb","itemListElement":[{"@type":"ListItem","position":1,"name":"Home","item":"https:\/\/blogin.al\/"},{"@type":"ListItem","position":2,"name":"Donatella Versace del n\u00eb mbrojtje t\u00eb Chiara Ferragnit pas akuzave p\u00ebr mashtrim"}]},{"@type":"WebSite","@id":"https:\/\/blogin.al\/#website","url":"https:\/\/blogin.al\/","name":"blogin.al","description":"","publisher":{"@id":"https:\/\/blogin.al\/#organization"},"potentialAction":[{"@type":"SearchAction","target":{"@type":"EntryPoint","urlTemplate":"https:\/\/blogin.al\/?s={search_term_string}"},"query-input":{"@type":"PropertyValueSpecification","valueRequired":true,"valueName":"search_term_string"}}],"inLanguage":"en-US"},{"@type":"Organization","@id":"https:\/\/blogin.al\/#organization","name":"BLOGIN.al","url":"https:\/\/blogin.al\/","logo":{"@type":"ImageObject","inLanguage":"en-US","@id":"https:\/\/blogin.al\/#\/schema\/logo\/image\/","url":"https:\/\/blogin.al\/wp-content\/uploads\/2022\/05\/Untitled-2-01-e1652084456514.png","contentUrl":"https:\/\/blogin.al\/wp-content\/uploads\/2022\/05\/Untitled-2-01-e1652084456514.png","width":3723,"height":1698,"caption":"BLOGIN.al"},"image":{"@id":"https:\/\/blogin.al\/#\/schema\/logo\/image\/"},"sameAs":["https:\/\/instagram.com\/blogin.al\/"]},{"@type":"Person","@id":"https:\/\/blogin.al\/#\/schema\/person\/abdd56bc912cd511db877b852b115399","name":"Blogin al","image":{"@type":"ImageObject","inLanguage":"en-US","@id":"https:\/\/secure.gravatar.com\/avatar\/60d5661aee6e835fb13dc75d2204cd0c1d61bef2efd137c0083e59ef831e235e?s=96&d=mm&r=g","url":"https:\/\/secure.gravatar.com\/avatar\/60d5661aee6e835fb13dc75d2204cd0c1d61bef2efd137c0083e59ef831e235e?s=96&d=mm&r=g","contentUrl":"https:\/\/secure.gravatar.com\/avatar\/60d5661aee6e835fb13dc75d2204cd0c1d61bef2efd137c0083e59ef831e235e?s=96&d=mm&r=g","caption":"Blogin al"},"sameAs":["https:\/\/blogin.al"],"url":"https:\/\/blogin.al\/?author=2"}]}},"_links":{"self":[{"href":"https:\/\/blogin.al\/index.php?rest_route=\/wp\/v2\/posts\/41550","targetHints":{"allow":["GET"]}}],"collection":[{"href":"https:\/\/blogin.al\/index.php?rest_route=\/wp\/v2\/posts"}],"about":[{"href":"https:\/\/blogin.al\/index.php?rest_route=\/wp\/v2\/types\/post"}],"author":[{"embeddable":true,"href":"https:\/\/blogin.al\/index.php?rest_route=\/wp\/v2\/users\/2"}],"replies":[{"embeddable":true,"href":"https:\/\/blogin.al\/index.php?rest_route=%2Fwp%2Fv2%2Fcomments&post=41550"}],"version-history":[{"count":1,"href":"https:\/\/blogin.al\/index.php?rest_route=\/wp\/v2\/posts\/41550\/revisions"}],"predecessor-version":[{"id":41552,"href":"https:\/\/blogin.al\/index.php?rest_route=\/wp\/v2\/posts\/41550\/revisions\/41552"}],"wp:featuredmedia":[{"embeddable":true,"href":"https:\/\/blogin.al\/index.php?rest_route=\/wp\/v2\/media\/41551"}],"wp:attachment":[{"href":"https:\/\/blogin.al\/index.php?rest_route=%2Fwp%2Fv2%2Fmedia&parent=41550"}],"wp:term":[{"taxonomy":"category","embeddable":true,"href":"https:\/\/blogin.al\/index.php?rest_route=%2Fwp%2Fv2%2Fcategories&post=41550"},{"taxonomy":"post_tag","embeddable":true,"href":"https:\/\/blogin.al\/index.php?rest_route=%2Fwp%2Fv2%2Ftags&post=41550"}],"curies":[{"name":"wp","href":"https:\/\/api.w.org\/{rel}","templated":true}]}}