{"id":41654,"date":"2023-12-23T18:59:17","date_gmt":"2023-12-23T18:59:17","guid":{"rendered":"https:\/\/blogin.al\/?p=41654"},"modified":"2023-12-23T19:30:09","modified_gmt":"2023-12-23T19:30:09","slug":"einxhel-dhe-dagz-prezantojne-portretin-e-trev-me-ane-te-kesaj-dhurate","status":"publish","type":"post","link":"https:\/\/blogin.al\/?p=41654","title":{"rendered":"Einxhel dhe Dagz prezantojn\u00eb portretin e Trev"},"content":{"rendered":"\n<p>Einxhel Shkira dhe Dj Dagz dit\u00ebn e sotme kan\u00eb servirur nj\u00eb dhurat\u00eb p\u00ebr t\u00eb gjith\u00eb ne. Dyshja e njohur krejt pa pritur p\u00ebr fansat, kan\u00eb publikuar nj\u00eb k\u00ebng\u00eb t\u00eb titulluar \u201cDhurat\u00eb\u201d e cila i dedikohet t\u00eb voglit t\u00eb tyre, Trev.<\/p>\n\n\n\n<p>N\u00eb videoklipin e k\u00ebng\u00ebs dyshja na ka prezantuar p\u00ebr her\u00eb t\u00eb par\u00eb edhe me portretin e djalit, nj\u00eb vit pasi erdhi n\u00eb jet\u00eb.<\/p>\n\n\n\n<p><em>\u201cPrej nj\u00eb viti ky projekt fle n\u00eb \u00ebndrrat tona dhe m\u00eb n\u00eb fund u b\u00eb realitet\ud83e\udd70Kemi menduar shum\u00eb se cila mund t\u00eb ishte dhurata e duhur p\u00ebr 1 vjetorin e Trev, e nd\u00ebrkoh\u00eb dhe m\u00ebnyra p\u00ebr ta g\u00ebzuar t\u00eb gjith\u00eb s\u00eb bashku k\u00ebt\u00eb lumturi ton\u00ebn, ndaj vendos\u00ebm ta p\u00ebrjet\u00ebsonim n\u00eb k\u00ebt\u00eb k\u00ebng\u00eb festash! Sigurisht kishte ardhur dhe momentin q\u00eb dhurat\u00ebn ton\u00eb m\u00eb t\u00eb \u00e7muar ta ndanim dhe me ju, kryesorin q\u00eb na frym\u00ebzoi p\u00ebr k\u00ebt\u00eb k\u00ebng\u00eb, Trev. E krijuar me shum\u00eb dashuri e p\u00ebrkushtim nga ne t\u00eb dy dhe nje ekip i mrekulluesh\u00ebm, q\u00eb t\u00eb vij\u00eb n\u00eb sht\u00ebpin\u00eb tuaj k\u00ebt\u00eb prag festash, si DHURAT\u00cb p\u00ebr k\u00ebdo q\u00eb ju do zemra juve!! Prej nesh p\u00ebr Ju, festofshin zemrat tuaja \u00e7do dit\u00eb plot g\u00ebzim e dashuri,\u201d-shkruan Einxhel n\u00eb Instagram.<\/em><\/p>\n\n\n\n<figure class=\"wp-block-embed is-type-video is-provider-youtube wp-block-embed-youtube wp-embed-aspect-16-9 wp-has-aspect-ratio\"><div class=\"wp-block-embed__wrapper\">\n<iframe title=\"Dagz &amp; Einxhel - Dhurat\u00eb\" width=\"696\" height=\"392\" src=\"https:\/\/www.youtube.com\/embed\/kNTRzZ1X5nM?feature=oembed\" frameborder=\"0\" allow=\"accelerometer; autoplay; clipboard-write; encrypted-media; gyroscope; picture-in-picture; web-share\" allowfullscreen><\/iframe>\n<\/div><\/figure>\n","protected":false},"excerpt":{"rendered":"<p>Einxhel Shkira dhe Dj Dagz dit\u00ebn e sotme kan\u00eb servirur nj\u00eb dhurat\u00eb p\u00ebr t\u00eb gjith\u00eb ne. Dyshja e njohur krejt pa pritur p\u00ebr fansat, kan\u00eb publikuar nj\u00eb k\u00ebng\u00eb t\u00eb titulluar \u201cDhurat\u00eb\u201d e cila i dedikohet t\u00eb voglit t\u00eb tyre, Trev. N\u00eb videoklipin e k\u00ebng\u00ebs dyshja na ka prezantuar p\u00ebr her\u00eb t\u00eb par\u00eb edhe me portretin [&hellip;]<\/p>\n","protected":false},"author":2,"featured_media":41658,"comment_status":"open","ping_status":"open","sticky":false,"template":"","format":"standard","meta":{"footnotes":""},"categories":[33],"tags":[],"class_list":{"0":"post-41654","1":"post","2":"type-post","3":"status-publish","4":"format-standard","5":"has-post-thumbnail","7":"category-showbiz"},"yoast_head":"<!-- This site is optimized with the Yoast SEO plugin v27.5 - https:\/\/yoast.com\/product\/yoast-seo-wordpress\/ -->\n<title>Einxhel dhe Dagz prezantojn\u00eb portretin e Trev - blogin.al<\/title>\n<meta name=\"robots\" content=\"index, follow, max-snippet:-1, max-image-preview:large, max-video-preview:-1\" \/>\n<link rel=\"canonical\" href=\"https:\/\/blogin.al\/?p=41654\" \/>\n<meta property=\"og:locale\" content=\"en_US\" \/>\n<meta property=\"og:type\" content=\"article\" \/>\n<meta property=\"og:title\" content=\"Einxhel dhe Dagz prezantojn\u00eb portretin e Trev - blogin.al\" \/>\n<meta property=\"og:description\" content=\"Einxhel Shkira dhe Dj Dagz dit\u00ebn e sotme kan\u00eb servirur nj\u00eb dhurat\u00eb p\u00ebr t\u00eb gjith\u00eb ne. Dyshja e njohur krejt pa pritur p\u00ebr fansat, kan\u00eb publikuar nj\u00eb k\u00ebng\u00eb t\u00eb titulluar \u201cDhurat\u00eb\u201d e cila i dedikohet t\u00eb voglit t\u00eb tyre, Trev. N\u00eb videoklipin e k\u00ebng\u00ebs dyshja na ka prezantuar p\u00ebr her\u00eb t\u00eb par\u00eb edhe me portretin [&hellip;]\" \/>\n<meta property=\"og:url\" content=\"https:\/\/blogin.al\/?p=41654\" \/>\n<meta property=\"og:site_name\" content=\"blogin.al\" \/>\n<meta property=\"article:published_time\" content=\"2023-12-23T18:59:17+00:00\" \/>\n<meta property=\"article:modified_time\" content=\"2023-12-23T19:30:09+00:00\" \/>\n<meta property=\"og:image\" content=\"https:\/\/blogin.al\/wp-content\/uploads\/2023\/12\/20231223_203448.jpg\" \/>\n\t<meta property=\"og:image:width\" content=\"1160\" \/>\n\t<meta property=\"og:image:height\" content=\"770\" \/>\n\t<meta property=\"og:image:type\" content=\"image\/jpeg\" \/>\n<meta name=\"author\" content=\"Blogin al\" \/>\n<meta name=\"twitter:card\" content=\"summary_large_image\" \/>\n<meta name=\"twitter:label1\" content=\"Written by\" \/>\n\t<meta name=\"twitter:data1\" content=\"Blogin al\" \/>\n\t<meta name=\"twitter:label2\" content=\"Est. reading time\" \/>\n\t<meta name=\"twitter:data2\" content=\"2 minutes\" \/>\n<script type=\"application\/ld+json\" class=\"yoast-schema-graph\">{\"@context\":\"https:\\\/\\\/schema.org\",\"@graph\":[{\"@type\":\"Article\",\"@id\":\"https:\\\/\\\/blogin.al\\\/?p=41654#article\",\"isPartOf\":{\"@id\":\"https:\\\/\\\/blogin.al\\\/?p=41654\"},\"author\":{\"name\":\"Blogin al\",\"@id\":\"https:\\\/\\\/blogin.al\\\/#\\\/schema\\\/person\\\/abdd56bc912cd511db877b852b115399\"},\"headline\":\"Einxhel dhe Dagz prezantojn\u00eb portretin e Trev\",\"datePublished\":\"2023-12-23T18:59:17+00:00\",\"dateModified\":\"2023-12-23T19:30:09+00:00\",\"mainEntityOfPage\":{\"@id\":\"https:\\\/\\\/blogin.al\\\/?p=41654\"},\"wordCount\":240,\"commentCount\":0,\"publisher\":{\"@id\":\"https:\\\/\\\/blogin.al\\\/#organization\"},\"image\":{\"@id\":\"https:\\\/\\\/blogin.al\\\/?p=41654#primaryimage\"},\"thumbnailUrl\":\"https:\\\/\\\/blogin.al\\\/wp-content\\\/uploads\\\/2023\\\/12\\\/20231223_203448.jpg\",\"articleSection\":[\"SHOWBIZ\"],\"inLanguage\":\"en-US\",\"potentialAction\":[{\"@type\":\"CommentAction\",\"name\":\"Comment\",\"target\":[\"https:\\\/\\\/blogin.al\\\/?p=41654#respond\"]}]},{\"@type\":\"WebPage\",\"@id\":\"https:\\\/\\\/blogin.al\\\/?p=41654\",\"url\":\"https:\\\/\\\/blogin.al\\\/?p=41654\",\"name\":\"Einxhel dhe Dagz prezantojn\u00eb portretin e Trev - blogin.al\",\"isPartOf\":{\"@id\":\"https:\\\/\\\/blogin.al\\\/#website\"},\"primaryImageOfPage\":{\"@id\":\"https:\\\/\\\/blogin.al\\\/?p=41654#primaryimage\"},\"image\":{\"@id\":\"https:\\\/\\\/blogin.al\\\/?p=41654#primaryimage\"},\"thumbnailUrl\":\"https:\\\/\\\/blogin.al\\\/wp-content\\\/uploads\\\/2023\\\/12\\\/20231223_203448.jpg\",\"datePublished\":\"2023-12-23T18:59:17+00:00\",\"dateModified\":\"2023-12-23T19:30:09+00:00\",\"breadcrumb\":{\"@id\":\"https:\\\/\\\/blogin.al\\\/?p=41654#breadcrumb\"},\"inLanguage\":\"en-US\",\"potentialAction\":[{\"@type\":\"ReadAction\",\"target\":[\"https:\\\/\\\/blogin.al\\\/?p=41654\"]}]},{\"@type\":\"ImageObject\",\"inLanguage\":\"en-US\",\"@id\":\"https:\\\/\\\/blogin.al\\\/?p=41654#primaryimage\",\"url\":\"https:\\\/\\\/blogin.al\\\/wp-content\\\/uploads\\\/2023\\\/12\\\/20231223_203448.jpg\",\"contentUrl\":\"https:\\\/\\\/blogin.al\\\/wp-content\\\/uploads\\\/2023\\\/12\\\/20231223_203448.jpg\",\"width\":1160,\"height\":770},{\"@type\":\"BreadcrumbList\",\"@id\":\"https:\\\/\\\/blogin.al\\\/?p=41654#breadcrumb\",\"itemListElement\":[{\"@type\":\"ListItem\",\"position\":1,\"name\":\"Home\",\"item\":\"https:\\\/\\\/blogin.al\\\/\"},{\"@type\":\"ListItem\",\"position\":2,\"name\":\"Einxhel dhe Dagz prezantojn\u00eb portretin e Trev\"}]},{\"@type\":\"WebSite\",\"@id\":\"https:\\\/\\\/blogin.al\\\/#website\",\"url\":\"https:\\\/\\\/blogin.al\\\/\",\"name\":\"blogin.al\",\"description\":\"\",\"publisher\":{\"@id\":\"https:\\\/\\\/blogin.al\\\/#organization\"},\"potentialAction\":[{\"@type\":\"SearchAction\",\"target\":{\"@type\":\"EntryPoint\",\"urlTemplate\":\"https:\\\/\\\/blogin.al\\\/?s={search_term_string}\"},\"query-input\":{\"@type\":\"PropertyValueSpecification\",\"valueRequired\":true,\"valueName\":\"search_term_string\"}}],\"inLanguage\":\"en-US\"},{\"@type\":\"Organization\",\"@id\":\"https:\\\/\\\/blogin.al\\\/#organization\",\"name\":\"BLOGIN.al\",\"url\":\"https:\\\/\\\/blogin.al\\\/\",\"logo\":{\"@type\":\"ImageObject\",\"inLanguage\":\"en-US\",\"@id\":\"https:\\\/\\\/blogin.al\\\/#\\\/schema\\\/logo\\\/image\\\/\",\"url\":\"https:\\\/\\\/blogin.al\\\/wp-content\\\/uploads\\\/2022\\\/05\\\/Untitled-2-01-e1652084456514.png\",\"contentUrl\":\"https:\\\/\\\/blogin.al\\\/wp-content\\\/uploads\\\/2022\\\/05\\\/Untitled-2-01-e1652084456514.png\",\"width\":3723,\"height\":1698,\"caption\":\"BLOGIN.al\"},\"image\":{\"@id\":\"https:\\\/\\\/blogin.al\\\/#\\\/schema\\\/logo\\\/image\\\/\"},\"sameAs\":[\"https:\\\/\\\/instagram.com\\\/blogin.al\\\/\"]},{\"@type\":\"Person\",\"@id\":\"https:\\\/\\\/blogin.al\\\/#\\\/schema\\\/person\\\/abdd56bc912cd511db877b852b115399\",\"name\":\"Blogin al\",\"image\":{\"@type\":\"ImageObject\",\"inLanguage\":\"en-US\",\"@id\":\"https:\\\/\\\/secure.gravatar.com\\\/avatar\\\/60d5661aee6e835fb13dc75d2204cd0c1d61bef2efd137c0083e59ef831e235e?s=96&d=mm&r=g\",\"url\":\"https:\\\/\\\/secure.gravatar.com\\\/avatar\\\/60d5661aee6e835fb13dc75d2204cd0c1d61bef2efd137c0083e59ef831e235e?s=96&d=mm&r=g\",\"contentUrl\":\"https:\\\/\\\/secure.gravatar.com\\\/avatar\\\/60d5661aee6e835fb13dc75d2204cd0c1d61bef2efd137c0083e59ef831e235e?s=96&d=mm&r=g\",\"caption\":\"Blogin al\"},\"sameAs\":[\"https:\\\/\\\/blogin.al\"],\"url\":\"https:\\\/\\\/blogin.al\\\/?author=2\"}]}<\/script>\n<!-- \/ Yoast SEO plugin. -->","yoast_head_json":{"title":"Einxhel dhe Dagz prezantojn\u00eb portretin e Trev - blogin.al","robots":{"index":"index","follow":"follow","max-snippet":"max-snippet:-1","max-image-preview":"max-image-preview:large","max-video-preview":"max-video-preview:-1"},"canonical":"https:\/\/blogin.al\/?p=41654","og_locale":"en_US","og_type":"article","og_title":"Einxhel dhe Dagz prezantojn\u00eb portretin e Trev - blogin.al","og_description":"Einxhel Shkira dhe Dj Dagz dit\u00ebn e sotme kan\u00eb servirur nj\u00eb dhurat\u00eb p\u00ebr t\u00eb gjith\u00eb ne. Dyshja e njohur krejt pa pritur p\u00ebr fansat, kan\u00eb publikuar nj\u00eb k\u00ebng\u00eb t\u00eb titulluar \u201cDhurat\u00eb\u201d e cila i dedikohet t\u00eb voglit t\u00eb tyre, Trev. N\u00eb videoklipin e k\u00ebng\u00ebs dyshja na ka prezantuar p\u00ebr her\u00eb t\u00eb par\u00eb edhe me portretin [&hellip;]","og_url":"https:\/\/blogin.al\/?p=41654","og_site_name":"blogin.al","article_published_time":"2023-12-23T18:59:17+00:00","article_modified_time":"2023-12-23T19:30:09+00:00","og_image":[{"width":1160,"height":770,"url":"https:\/\/blogin.al\/wp-content\/uploads\/2023\/12\/20231223_203448.jpg","type":"image\/jpeg"}],"author":"Blogin al","twitter_card":"summary_large_image","twitter_misc":{"Written by":"Blogin al","Est. reading time":"2 minutes"},"schema":{"@context":"https:\/\/schema.org","@graph":[{"@type":"Article","@id":"https:\/\/blogin.al\/?p=41654#article","isPartOf":{"@id":"https:\/\/blogin.al\/?p=41654"},"author":{"name":"Blogin al","@id":"https:\/\/blogin.al\/#\/schema\/person\/abdd56bc912cd511db877b852b115399"},"headline":"Einxhel dhe Dagz prezantojn\u00eb portretin e Trev","datePublished":"2023-12-23T18:59:17+00:00","dateModified":"2023-12-23T19:30:09+00:00","mainEntityOfPage":{"@id":"https:\/\/blogin.al\/?p=41654"},"wordCount":240,"commentCount":0,"publisher":{"@id":"https:\/\/blogin.al\/#organization"},"image":{"@id":"https:\/\/blogin.al\/?p=41654#primaryimage"},"thumbnailUrl":"https:\/\/blogin.al\/wp-content\/uploads\/2023\/12\/20231223_203448.jpg","articleSection":["SHOWBIZ"],"inLanguage":"en-US","potentialAction":[{"@type":"CommentAction","name":"Comment","target":["https:\/\/blogin.al\/?p=41654#respond"]}]},{"@type":"WebPage","@id":"https:\/\/blogin.al\/?p=41654","url":"https:\/\/blogin.al\/?p=41654","name":"Einxhel dhe Dagz prezantojn\u00eb portretin e Trev - blogin.al","isPartOf":{"@id":"https:\/\/blogin.al\/#website"},"primaryImageOfPage":{"@id":"https:\/\/blogin.al\/?p=41654#primaryimage"},"image":{"@id":"https:\/\/blogin.al\/?p=41654#primaryimage"},"thumbnailUrl":"https:\/\/blogin.al\/wp-content\/uploads\/2023\/12\/20231223_203448.jpg","datePublished":"2023-12-23T18:59:17+00:00","dateModified":"2023-12-23T19:30:09+00:00","breadcrumb":{"@id":"https:\/\/blogin.al\/?p=41654#breadcrumb"},"inLanguage":"en-US","potentialAction":[{"@type":"ReadAction","target":["https:\/\/blogin.al\/?p=41654"]}]},{"@type":"ImageObject","inLanguage":"en-US","@id":"https:\/\/blogin.al\/?p=41654#primaryimage","url":"https:\/\/blogin.al\/wp-content\/uploads\/2023\/12\/20231223_203448.jpg","contentUrl":"https:\/\/blogin.al\/wp-content\/uploads\/2023\/12\/20231223_203448.jpg","width":1160,"height":770},{"@type":"BreadcrumbList","@id":"https:\/\/blogin.al\/?p=41654#breadcrumb","itemListElement":[{"@type":"ListItem","position":1,"name":"Home","item":"https:\/\/blogin.al\/"},{"@type":"ListItem","position":2,"name":"Einxhel dhe Dagz prezantojn\u00eb portretin e Trev"}]},{"@type":"WebSite","@id":"https:\/\/blogin.al\/#website","url":"https:\/\/blogin.al\/","name":"blogin.al","description":"","publisher":{"@id":"https:\/\/blogin.al\/#organization"},"potentialAction":[{"@type":"SearchAction","target":{"@type":"EntryPoint","urlTemplate":"https:\/\/blogin.al\/?s={search_term_string}"},"query-input":{"@type":"PropertyValueSpecification","valueRequired":true,"valueName":"search_term_string"}}],"inLanguage":"en-US"},{"@type":"Organization","@id":"https:\/\/blogin.al\/#organization","name":"BLOGIN.al","url":"https:\/\/blogin.al\/","logo":{"@type":"ImageObject","inLanguage":"en-US","@id":"https:\/\/blogin.al\/#\/schema\/logo\/image\/","url":"https:\/\/blogin.al\/wp-content\/uploads\/2022\/05\/Untitled-2-01-e1652084456514.png","contentUrl":"https:\/\/blogin.al\/wp-content\/uploads\/2022\/05\/Untitled-2-01-e1652084456514.png","width":3723,"height":1698,"caption":"BLOGIN.al"},"image":{"@id":"https:\/\/blogin.al\/#\/schema\/logo\/image\/"},"sameAs":["https:\/\/instagram.com\/blogin.al\/"]},{"@type":"Person","@id":"https:\/\/blogin.al\/#\/schema\/person\/abdd56bc912cd511db877b852b115399","name":"Blogin al","image":{"@type":"ImageObject","inLanguage":"en-US","@id":"https:\/\/secure.gravatar.com\/avatar\/60d5661aee6e835fb13dc75d2204cd0c1d61bef2efd137c0083e59ef831e235e?s=96&d=mm&r=g","url":"https:\/\/secure.gravatar.com\/avatar\/60d5661aee6e835fb13dc75d2204cd0c1d61bef2efd137c0083e59ef831e235e?s=96&d=mm&r=g","contentUrl":"https:\/\/secure.gravatar.com\/avatar\/60d5661aee6e835fb13dc75d2204cd0c1d61bef2efd137c0083e59ef831e235e?s=96&d=mm&r=g","caption":"Blogin al"},"sameAs":["https:\/\/blogin.al"],"url":"https:\/\/blogin.al\/?author=2"}]}},"_links":{"self":[{"href":"https:\/\/blogin.al\/index.php?rest_route=\/wp\/v2\/posts\/41654","targetHints":{"allow":["GET"]}}],"collection":[{"href":"https:\/\/blogin.al\/index.php?rest_route=\/wp\/v2\/posts"}],"about":[{"href":"https:\/\/blogin.al\/index.php?rest_route=\/wp\/v2\/types\/post"}],"author":[{"embeddable":true,"href":"https:\/\/blogin.al\/index.php?rest_route=\/wp\/v2\/users\/2"}],"replies":[{"embeddable":true,"href":"https:\/\/blogin.al\/index.php?rest_route=%2Fwp%2Fv2%2Fcomments&post=41654"}],"version-history":[{"count":4,"href":"https:\/\/blogin.al\/index.php?rest_route=\/wp\/v2\/posts\/41654\/revisions"}],"predecessor-version":[{"id":41660,"href":"https:\/\/blogin.al\/index.php?rest_route=\/wp\/v2\/posts\/41654\/revisions\/41660"}],"wp:featuredmedia":[{"embeddable":true,"href":"https:\/\/blogin.al\/index.php?rest_route=\/wp\/v2\/media\/41658"}],"wp:attachment":[{"href":"https:\/\/blogin.al\/index.php?rest_route=%2Fwp%2Fv2%2Fmedia&parent=41654"}],"wp:term":[{"taxonomy":"category","embeddable":true,"href":"https:\/\/blogin.al\/index.php?rest_route=%2Fwp%2Fv2%2Fcategories&post=41654"},{"taxonomy":"post_tag","embeddable":true,"href":"https:\/\/blogin.al\/index.php?rest_route=%2Fwp%2Fv2%2Ftags&post=41654"}],"curies":[{"name":"wp","href":"https:\/\/api.w.org\/{rel}","templated":true}]}}