{"id":41716,"date":"2023-12-25T11:38:58","date_gmt":"2023-12-25T11:38:58","guid":{"rendered":"https:\/\/blogin.al\/?p=41716"},"modified":"2023-12-25T11:39:01","modified_gmt":"2023-12-25T11:39:01","slug":"i-biri-feston-ditelindjen-jonida-maliqi-ka-disa-fjale-zemre-dedikuar-tij","status":"publish","type":"post","link":"https:\/\/blogin.al\/?p=41716","title":{"rendered":"I biri feston dit\u00eblindjen, Jonida Maliqi ka disa fjal\u00eb zemre dedikuar tij!"},"content":{"rendered":"\n<p>Dita e sotme \u00ebsht\u00eb shum\u00eb e ve\u00e7ant\u00eb p\u00ebr Jonida Maliqin, pasi djali i saj ka dit\u00eblindjen.<\/p>\n\n\n\n<p>Artistja ka zgjedhur t\u00eb publikoj\u00eb videon e k\u00ebng\u00ebs \u201cThesar pa em\u00ebr\u201d, dedikuar Danit teksa ai ende nuk kishte lindur.<\/p>\n\n\n\n<p>\u201c12 vjet m\u00eb par\u00eb vendosa t\u00eb ndaj me ju ndjesin\u00eb m\u00eb t\u00eb bukur t\u00eb jet\u00ebs sime n\u00eb form\u00eb artistike, n\u00eb at\u00eb q\u00eb di t\u00eb b\u00ebj m\u00eb mir\u00eb. Sa her\u00eb e d\u00ebgjoj nd\u00ebr vite k\u00ebt\u00eb k\u00ebng\u00eb emocionohem dhe ende sot e k\u00ebsaj dite p\u00ebrlotem.<\/p>\n\n\n\n<p>Sot ndihem m\u00eb e brisht\u00eb por edhe m\u00eb e fort\u00eb sepse prej tim biri kam m\u00ebsuar shum\u00eb????????<\/p>\n\n\n\n<p>Vitet kalojn\u00eb m\u00eb shpejt kur b\u00ebhesh n\u00ebn\u00eb dhe kjo eksperienc\u00eb jet\u00ebsore \u00ebsht\u00eb thelbi i ekzistenc\u00ebs sime.<\/p>\n\n\n\n<p>Kur k\u00ebndoja k\u00ebt\u00eb k\u00ebng\u00eb t\u00eb kam imagjinuar pa fund por nuk ma merrte mendja kurr\u00eb q\u00eb do t\u00eb bekohesha me nj\u00eb djal\u00eb aq special e t\u00eb mrekulluesh\u00ebm si ti q\u00eb fal kaq shum\u00eb dashuri.<\/p>\n\n\n\n<p>Love you Dan my Peter Pan.\u201d- shkruan Jonida p\u00ebrbri videos.<img fetchpriority=\"high\" decoding=\"async\" src=\"https:\/\/afterparty.al\/wp-content\/uploads\/IMG_5412.jpeg\" alt=\"\" width=\"1283\" height=\"2224\" srcset=\"https:\/\/afterparty.al\/wp-content\/uploads\/IMG_5412.jpeg 1283w, https:\/\/afterparty.al\/wp-content\/uploads\/IMG_5412-173x300.jpeg 173w, https:\/\/afterparty.al\/wp-content\/uploads\/IMG_5412-591x1024.jpeg 591w\"><\/p>\n","protected":false},"excerpt":{"rendered":"<p>Dita e sotme \u00ebsht\u00eb shum\u00eb e ve\u00e7ant\u00eb p\u00ebr Jonida Maliqin, pasi djali i saj ka dit\u00eblindjen. Artistja ka zgjedhur t\u00eb publikoj\u00eb videon e k\u00ebng\u00ebs \u201cThesar pa em\u00ebr\u201d, dedikuar Danit teksa ai ende nuk kishte lindur. \u201c12 vjet m\u00eb par\u00eb vendosa t\u00eb ndaj me ju ndjesin\u00eb m\u00eb t\u00eb bukur t\u00eb jet\u00ebs sime n\u00eb form\u00eb artistike, n\u00eb [&hellip;]<\/p>\n","protected":false},"author":2,"featured_media":41717,"comment_status":"open","ping_status":"open","sticky":false,"template":"","format":"standard","meta":{"footnotes":""},"categories":[33],"tags":[],"class_list":{"0":"post-41716","1":"post","2":"type-post","3":"status-publish","4":"format-standard","5":"has-post-thumbnail","7":"category-showbiz"},"yoast_head":"<!-- This site is optimized with the Yoast SEO plugin v27.5 - https:\/\/yoast.com\/product\/yoast-seo-wordpress\/ -->\n<title>I biri feston dit\u00eblindjen, Jonida Maliqi ka disa fjal\u00eb zemre dedikuar tij! - blogin.al<\/title>\n<meta name=\"robots\" content=\"index, follow, max-snippet:-1, max-image-preview:large, max-video-preview:-1\" \/>\n<link rel=\"canonical\" href=\"https:\/\/blogin.al\/?p=41716\" \/>\n<meta property=\"og:locale\" content=\"en_US\" \/>\n<meta property=\"og:type\" content=\"article\" \/>\n<meta property=\"og:title\" content=\"I biri feston dit\u00eblindjen, Jonida Maliqi ka disa fjal\u00eb zemre dedikuar tij! - blogin.al\" \/>\n<meta property=\"og:description\" content=\"Dita e sotme \u00ebsht\u00eb shum\u00eb e ve\u00e7ant\u00eb p\u00ebr Jonida Maliqin, pasi djali i saj ka dit\u00eblindjen. Artistja ka zgjedhur t\u00eb publikoj\u00eb videon e k\u00ebng\u00ebs \u201cThesar pa em\u00ebr\u201d, dedikuar Danit teksa ai ende nuk kishte lindur. \u201c12 vjet m\u00eb par\u00eb vendosa t\u00eb ndaj me ju ndjesin\u00eb m\u00eb t\u00eb bukur t\u00eb jet\u00ebs sime n\u00eb form\u00eb artistike, n\u00eb [&hellip;]\" \/>\n<meta property=\"og:url\" content=\"https:\/\/blogin.al\/?p=41716\" \/>\n<meta property=\"og:site_name\" content=\"blogin.al\" \/>\n<meta property=\"article:published_time\" content=\"2023-12-25T11:38:58+00:00\" \/>\n<meta property=\"article:modified_time\" content=\"2023-12-25T11:39:01+00:00\" \/>\n<meta property=\"og:image\" content=\"https:\/\/blogin.al\/wp-content\/uploads\/2023\/12\/image-180.png\" \/>\n\t<meta property=\"og:image:width\" content=\"1024\" \/>\n\t<meta property=\"og:image:height\" content=\"576\" \/>\n\t<meta property=\"og:image:type\" content=\"image\/png\" \/>\n<meta name=\"author\" content=\"Blogin al\" \/>\n<meta name=\"twitter:card\" content=\"summary_large_image\" \/>\n<meta name=\"twitter:label1\" content=\"Written by\" \/>\n\t<meta name=\"twitter:data1\" content=\"Blogin al\" \/>\n\t<meta name=\"twitter:label2\" content=\"Est. reading time\" \/>\n\t<meta name=\"twitter:data2\" content=\"2 minutes\" \/>\n<script type=\"application\/ld+json\" class=\"yoast-schema-graph\">{\"@context\":\"https:\\\/\\\/schema.org\",\"@graph\":[{\"@type\":\"Article\",\"@id\":\"https:\\\/\\\/blogin.al\\\/?p=41716#article\",\"isPartOf\":{\"@id\":\"https:\\\/\\\/blogin.al\\\/?p=41716\"},\"author\":{\"name\":\"Blogin al\",\"@id\":\"https:\\\/\\\/blogin.al\\\/#\\\/schema\\\/person\\\/abdd56bc912cd511db877b852b115399\"},\"headline\":\"I biri feston dit\u00eblindjen, Jonida Maliqi ka disa fjal\u00eb zemre dedikuar tij!\",\"datePublished\":\"2023-12-25T11:38:58+00:00\",\"dateModified\":\"2023-12-25T11:39:01+00:00\",\"mainEntityOfPage\":{\"@id\":\"https:\\\/\\\/blogin.al\\\/?p=41716\"},\"wordCount\":192,\"commentCount\":0,\"publisher\":{\"@id\":\"https:\\\/\\\/blogin.al\\\/#organization\"},\"image\":{\"@id\":\"https:\\\/\\\/blogin.al\\\/?p=41716#primaryimage\"},\"thumbnailUrl\":\"https:\\\/\\\/blogin.al\\\/wp-content\\\/uploads\\\/2023\\\/12\\\/image-180.png\",\"articleSection\":[\"SHOWBIZ\"],\"inLanguage\":\"en-US\",\"potentialAction\":[{\"@type\":\"CommentAction\",\"name\":\"Comment\",\"target\":[\"https:\\\/\\\/blogin.al\\\/?p=41716#respond\"]}]},{\"@type\":\"WebPage\",\"@id\":\"https:\\\/\\\/blogin.al\\\/?p=41716\",\"url\":\"https:\\\/\\\/blogin.al\\\/?p=41716\",\"name\":\"I biri feston dit\u00eblindjen, Jonida Maliqi ka disa fjal\u00eb zemre dedikuar tij! - blogin.al\",\"isPartOf\":{\"@id\":\"https:\\\/\\\/blogin.al\\\/#website\"},\"primaryImageOfPage\":{\"@id\":\"https:\\\/\\\/blogin.al\\\/?p=41716#primaryimage\"},\"image\":{\"@id\":\"https:\\\/\\\/blogin.al\\\/?p=41716#primaryimage\"},\"thumbnailUrl\":\"https:\\\/\\\/blogin.al\\\/wp-content\\\/uploads\\\/2023\\\/12\\\/image-180.png\",\"datePublished\":\"2023-12-25T11:38:58+00:00\",\"dateModified\":\"2023-12-25T11:39:01+00:00\",\"breadcrumb\":{\"@id\":\"https:\\\/\\\/blogin.al\\\/?p=41716#breadcrumb\"},\"inLanguage\":\"en-US\",\"potentialAction\":[{\"@type\":\"ReadAction\",\"target\":[\"https:\\\/\\\/blogin.al\\\/?p=41716\"]}]},{\"@type\":\"ImageObject\",\"inLanguage\":\"en-US\",\"@id\":\"https:\\\/\\\/blogin.al\\\/?p=41716#primaryimage\",\"url\":\"https:\\\/\\\/blogin.al\\\/wp-content\\\/uploads\\\/2023\\\/12\\\/image-180.png\",\"contentUrl\":\"https:\\\/\\\/blogin.al\\\/wp-content\\\/uploads\\\/2023\\\/12\\\/image-180.png\",\"width\":1024,\"height\":576},{\"@type\":\"BreadcrumbList\",\"@id\":\"https:\\\/\\\/blogin.al\\\/?p=41716#breadcrumb\",\"itemListElement\":[{\"@type\":\"ListItem\",\"position\":1,\"name\":\"Home\",\"item\":\"https:\\\/\\\/blogin.al\\\/\"},{\"@type\":\"ListItem\",\"position\":2,\"name\":\"I biri feston dit\u00eblindjen, Jonida Maliqi ka disa fjal\u00eb zemre dedikuar tij!\"}]},{\"@type\":\"WebSite\",\"@id\":\"https:\\\/\\\/blogin.al\\\/#website\",\"url\":\"https:\\\/\\\/blogin.al\\\/\",\"name\":\"blogin.al\",\"description\":\"\",\"publisher\":{\"@id\":\"https:\\\/\\\/blogin.al\\\/#organization\"},\"potentialAction\":[{\"@type\":\"SearchAction\",\"target\":{\"@type\":\"EntryPoint\",\"urlTemplate\":\"https:\\\/\\\/blogin.al\\\/?s={search_term_string}\"},\"query-input\":{\"@type\":\"PropertyValueSpecification\",\"valueRequired\":true,\"valueName\":\"search_term_string\"}}],\"inLanguage\":\"en-US\"},{\"@type\":\"Organization\",\"@id\":\"https:\\\/\\\/blogin.al\\\/#organization\",\"name\":\"BLOGIN.al\",\"url\":\"https:\\\/\\\/blogin.al\\\/\",\"logo\":{\"@type\":\"ImageObject\",\"inLanguage\":\"en-US\",\"@id\":\"https:\\\/\\\/blogin.al\\\/#\\\/schema\\\/logo\\\/image\\\/\",\"url\":\"https:\\\/\\\/blogin.al\\\/wp-content\\\/uploads\\\/2022\\\/05\\\/Untitled-2-01-e1652084456514.png\",\"contentUrl\":\"https:\\\/\\\/blogin.al\\\/wp-content\\\/uploads\\\/2022\\\/05\\\/Untitled-2-01-e1652084456514.png\",\"width\":3723,\"height\":1698,\"caption\":\"BLOGIN.al\"},\"image\":{\"@id\":\"https:\\\/\\\/blogin.al\\\/#\\\/schema\\\/logo\\\/image\\\/\"},\"sameAs\":[\"https:\\\/\\\/instagram.com\\\/blogin.al\\\/\"]},{\"@type\":\"Person\",\"@id\":\"https:\\\/\\\/blogin.al\\\/#\\\/schema\\\/person\\\/abdd56bc912cd511db877b852b115399\",\"name\":\"Blogin al\",\"image\":{\"@type\":\"ImageObject\",\"inLanguage\":\"en-US\",\"@id\":\"https:\\\/\\\/secure.gravatar.com\\\/avatar\\\/60d5661aee6e835fb13dc75d2204cd0c1d61bef2efd137c0083e59ef831e235e?s=96&d=mm&r=g\",\"url\":\"https:\\\/\\\/secure.gravatar.com\\\/avatar\\\/60d5661aee6e835fb13dc75d2204cd0c1d61bef2efd137c0083e59ef831e235e?s=96&d=mm&r=g\",\"contentUrl\":\"https:\\\/\\\/secure.gravatar.com\\\/avatar\\\/60d5661aee6e835fb13dc75d2204cd0c1d61bef2efd137c0083e59ef831e235e?s=96&d=mm&r=g\",\"caption\":\"Blogin al\"},\"sameAs\":[\"https:\\\/\\\/blogin.al\"],\"url\":\"https:\\\/\\\/blogin.al\\\/?author=2\"}]}<\/script>\n<!-- \/ Yoast SEO plugin. -->","yoast_head_json":{"title":"I biri feston dit\u00eblindjen, Jonida Maliqi ka disa fjal\u00eb zemre dedikuar tij! - blogin.al","robots":{"index":"index","follow":"follow","max-snippet":"max-snippet:-1","max-image-preview":"max-image-preview:large","max-video-preview":"max-video-preview:-1"},"canonical":"https:\/\/blogin.al\/?p=41716","og_locale":"en_US","og_type":"article","og_title":"I biri feston dit\u00eblindjen, Jonida Maliqi ka disa fjal\u00eb zemre dedikuar tij! - blogin.al","og_description":"Dita e sotme \u00ebsht\u00eb shum\u00eb e ve\u00e7ant\u00eb p\u00ebr Jonida Maliqin, pasi djali i saj ka dit\u00eblindjen. Artistja ka zgjedhur t\u00eb publikoj\u00eb videon e k\u00ebng\u00ebs \u201cThesar pa em\u00ebr\u201d, dedikuar Danit teksa ai ende nuk kishte lindur. \u201c12 vjet m\u00eb par\u00eb vendosa t\u00eb ndaj me ju ndjesin\u00eb m\u00eb t\u00eb bukur t\u00eb jet\u00ebs sime n\u00eb form\u00eb artistike, n\u00eb [&hellip;]","og_url":"https:\/\/blogin.al\/?p=41716","og_site_name":"blogin.al","article_published_time":"2023-12-25T11:38:58+00:00","article_modified_time":"2023-12-25T11:39:01+00:00","og_image":[{"width":1024,"height":576,"url":"https:\/\/blogin.al\/wp-content\/uploads\/2023\/12\/image-180.png","type":"image\/png"}],"author":"Blogin al","twitter_card":"summary_large_image","twitter_misc":{"Written by":"Blogin al","Est. reading time":"2 minutes"},"schema":{"@context":"https:\/\/schema.org","@graph":[{"@type":"Article","@id":"https:\/\/blogin.al\/?p=41716#article","isPartOf":{"@id":"https:\/\/blogin.al\/?p=41716"},"author":{"name":"Blogin al","@id":"https:\/\/blogin.al\/#\/schema\/person\/abdd56bc912cd511db877b852b115399"},"headline":"I biri feston dit\u00eblindjen, Jonida Maliqi ka disa fjal\u00eb zemre dedikuar tij!","datePublished":"2023-12-25T11:38:58+00:00","dateModified":"2023-12-25T11:39:01+00:00","mainEntityOfPage":{"@id":"https:\/\/blogin.al\/?p=41716"},"wordCount":192,"commentCount":0,"publisher":{"@id":"https:\/\/blogin.al\/#organization"},"image":{"@id":"https:\/\/blogin.al\/?p=41716#primaryimage"},"thumbnailUrl":"https:\/\/blogin.al\/wp-content\/uploads\/2023\/12\/image-180.png","articleSection":["SHOWBIZ"],"inLanguage":"en-US","potentialAction":[{"@type":"CommentAction","name":"Comment","target":["https:\/\/blogin.al\/?p=41716#respond"]}]},{"@type":"WebPage","@id":"https:\/\/blogin.al\/?p=41716","url":"https:\/\/blogin.al\/?p=41716","name":"I biri feston dit\u00eblindjen, Jonida Maliqi ka disa fjal\u00eb zemre dedikuar tij! - blogin.al","isPartOf":{"@id":"https:\/\/blogin.al\/#website"},"primaryImageOfPage":{"@id":"https:\/\/blogin.al\/?p=41716#primaryimage"},"image":{"@id":"https:\/\/blogin.al\/?p=41716#primaryimage"},"thumbnailUrl":"https:\/\/blogin.al\/wp-content\/uploads\/2023\/12\/image-180.png","datePublished":"2023-12-25T11:38:58+00:00","dateModified":"2023-12-25T11:39:01+00:00","breadcrumb":{"@id":"https:\/\/blogin.al\/?p=41716#breadcrumb"},"inLanguage":"en-US","potentialAction":[{"@type":"ReadAction","target":["https:\/\/blogin.al\/?p=41716"]}]},{"@type":"ImageObject","inLanguage":"en-US","@id":"https:\/\/blogin.al\/?p=41716#primaryimage","url":"https:\/\/blogin.al\/wp-content\/uploads\/2023\/12\/image-180.png","contentUrl":"https:\/\/blogin.al\/wp-content\/uploads\/2023\/12\/image-180.png","width":1024,"height":576},{"@type":"BreadcrumbList","@id":"https:\/\/blogin.al\/?p=41716#breadcrumb","itemListElement":[{"@type":"ListItem","position":1,"name":"Home","item":"https:\/\/blogin.al\/"},{"@type":"ListItem","position":2,"name":"I biri feston dit\u00eblindjen, Jonida Maliqi ka disa fjal\u00eb zemre dedikuar tij!"}]},{"@type":"WebSite","@id":"https:\/\/blogin.al\/#website","url":"https:\/\/blogin.al\/","name":"blogin.al","description":"","publisher":{"@id":"https:\/\/blogin.al\/#organization"},"potentialAction":[{"@type":"SearchAction","target":{"@type":"EntryPoint","urlTemplate":"https:\/\/blogin.al\/?s={search_term_string}"},"query-input":{"@type":"PropertyValueSpecification","valueRequired":true,"valueName":"search_term_string"}}],"inLanguage":"en-US"},{"@type":"Organization","@id":"https:\/\/blogin.al\/#organization","name":"BLOGIN.al","url":"https:\/\/blogin.al\/","logo":{"@type":"ImageObject","inLanguage":"en-US","@id":"https:\/\/blogin.al\/#\/schema\/logo\/image\/","url":"https:\/\/blogin.al\/wp-content\/uploads\/2022\/05\/Untitled-2-01-e1652084456514.png","contentUrl":"https:\/\/blogin.al\/wp-content\/uploads\/2022\/05\/Untitled-2-01-e1652084456514.png","width":3723,"height":1698,"caption":"BLOGIN.al"},"image":{"@id":"https:\/\/blogin.al\/#\/schema\/logo\/image\/"},"sameAs":["https:\/\/instagram.com\/blogin.al\/"]},{"@type":"Person","@id":"https:\/\/blogin.al\/#\/schema\/person\/abdd56bc912cd511db877b852b115399","name":"Blogin al","image":{"@type":"ImageObject","inLanguage":"en-US","@id":"https:\/\/secure.gravatar.com\/avatar\/60d5661aee6e835fb13dc75d2204cd0c1d61bef2efd137c0083e59ef831e235e?s=96&d=mm&r=g","url":"https:\/\/secure.gravatar.com\/avatar\/60d5661aee6e835fb13dc75d2204cd0c1d61bef2efd137c0083e59ef831e235e?s=96&d=mm&r=g","contentUrl":"https:\/\/secure.gravatar.com\/avatar\/60d5661aee6e835fb13dc75d2204cd0c1d61bef2efd137c0083e59ef831e235e?s=96&d=mm&r=g","caption":"Blogin al"},"sameAs":["https:\/\/blogin.al"],"url":"https:\/\/blogin.al\/?author=2"}]}},"_links":{"self":[{"href":"https:\/\/blogin.al\/index.php?rest_route=\/wp\/v2\/posts\/41716","targetHints":{"allow":["GET"]}}],"collection":[{"href":"https:\/\/blogin.al\/index.php?rest_route=\/wp\/v2\/posts"}],"about":[{"href":"https:\/\/blogin.al\/index.php?rest_route=\/wp\/v2\/types\/post"}],"author":[{"embeddable":true,"href":"https:\/\/blogin.al\/index.php?rest_route=\/wp\/v2\/users\/2"}],"replies":[{"embeddable":true,"href":"https:\/\/blogin.al\/index.php?rest_route=%2Fwp%2Fv2%2Fcomments&post=41716"}],"version-history":[{"count":1,"href":"https:\/\/blogin.al\/index.php?rest_route=\/wp\/v2\/posts\/41716\/revisions"}],"predecessor-version":[{"id":41718,"href":"https:\/\/blogin.al\/index.php?rest_route=\/wp\/v2\/posts\/41716\/revisions\/41718"}],"wp:featuredmedia":[{"embeddable":true,"href":"https:\/\/blogin.al\/index.php?rest_route=\/wp\/v2\/media\/41717"}],"wp:attachment":[{"href":"https:\/\/blogin.al\/index.php?rest_route=%2Fwp%2Fv2%2Fmedia&parent=41716"}],"wp:term":[{"taxonomy":"category","embeddable":true,"href":"https:\/\/blogin.al\/index.php?rest_route=%2Fwp%2Fv2%2Fcategories&post=41716"},{"taxonomy":"post_tag","embeddable":true,"href":"https:\/\/blogin.al\/index.php?rest_route=%2Fwp%2Fv2%2Ftags&post=41716"}],"curies":[{"name":"wp","href":"https:\/\/api.w.org\/{rel}","templated":true}]}}