{"id":41761,"date":"2023-12-26T11:17:48","date_gmt":"2023-12-26T11:17:48","guid":{"rendered":"https:\/\/blogin.al\/?p=41761"},"modified":"2023-12-26T11:17:50","modified_gmt":"2023-12-26T11:17:50","slug":"mes-lotesh-alby-rrefen-historine-e-jetes-se-saj-kam-20-vite-qe-sflas-me-babin","status":"publish","type":"post","link":"https:\/\/blogin.al\/?p=41761","title":{"rendered":"Mes lot\u00ebsh, Alby rr\u00ebfen historin\u00eb e jet\u00ebs s\u00eb saj: Kam 20 vite q\u00eb s\u2019flas me babin!"},"content":{"rendered":"\n<p>Alby s\u00eb fundmi ka rr\u00ebfyer n\u00eb \u201cBig Brother Vip Kosova\u201d historin\u00eb e saj t\u00eb jet\u00ebs dhe sakrificat q\u00eb ka kaluar q\u00eb f\u00ebmij\u00eb dhe deri m\u00eb tani.<\/p>\n\n\n\n<p>Teksa tregoi se prind\u00ebrit e saj jan\u00eb divorcuar kur ajo ka qen\u00eb 9 muajshe, ajo tha q\u00eb \u00ebsht\u00eb rritur e ndar\u00eb nga motrat dhe n\u00eb mosh\u00ebn 14-vje\u00e7are ka ikur te tezja e saj n\u00eb Amerik\u00eb, duke u distancuar k\u00ebshtu edhe nga babi i saj.<\/p>\n\n\n\n<p><em>\u201cKur kam qen\u00eb 9 muajshe, prind\u00ebrit e mi jan\u00eb ndar\u00eb. Kam pasur dy motra m\u00eb t\u00eb m\u00ebdha edhe mesa di un\u00eb prind\u00ebrit kan\u00eb pasur probleme, babai pinte dhe ishte xheloz, b\u00ebnte sherre. Kur isha 4 vje\u00e7e mbaj mend q\u00eb mami dhe babi ziheshin p\u00ebr mua se kush do m\u00eb mbante mua, kur ishte koha e gjyqit. Un\u00eb ndenja me mamin, nd\u00ebrsa motra e madhe zgjodhi babin me jetuar n\u00eb Greqi. Motra tjet\u00ebr zgjodhi gjyshen, dhe nuk jam rritur me asnj\u00ebr\u00ebn nga motrat sepse kemi qen\u00eb t\u00eb ndara. Motr\u00ebn e dyt\u00eb e kam par\u00eb te gjyshja kur shkoja te gjyshja q\u00eb shkoja t\u00eb rrija atje, e kam pasur pak t\u00eb v\u00ebshtir\u00eb q\u00eb babin nuk e kam pasur n\u00eb jet\u00ebn time aq sa duhet, por mami m\u00eb ka mbajtur shum\u00eb mir\u00eb kurrr\u00eb s\u2019m\u00eb ka folur kurr\u00eb keq p\u00ebr babin. N\u00eb mosh\u00ebn 13 vje\u00e7e kan\u00eb vendosur t\u00eb m\u00eb d\u00ebrgojn\u00eb n\u00eb Amerik\u00eb tek tezja, sepse jemi rritur n\u00eb sht\u00ebpi vet\u00ebm me gjyshen dhe mamin. Ata b\u00ebn\u00eb t\u00eb pamundur\u00ebn, mor\u00ebn lek\u00eb borxh n\u00eb kojshinj dhe kush\u00ebrinjt\u00eb p\u00ebr t\u00eb plot\u00ebsuar shum\u00ebn e parave p\u00ebr t\u00eb ikur atje. Mami punonte dy pun\u00eb p\u00ebr t\u00eb m\u00eb ushqyer. Nuk ka qen\u00eb e leht\u00eb se sado q\u00eb m\u00eb kan\u00eb mbajtur mir\u00eb e kam kuptuar jet\u00ebn dhe s\u2019m\u00eb \u00ebsht\u00eb dashur q\u00eb k\u00ebshilla q\u00eb t\u00eb mi japin prind\u00ebrite&nbsp; mij\u00eb, e kam vuajtur f\u00ebmij\u00ebrin\u00eb sepse i kam pasur prind\u00ebrit e ndar\u00eb.\u201d \u2013 tha ajo.<\/em><\/p>\n\n\n\n<p>Alby tha q\u00eb Amrika e disatncoi nga babai, teksa tregoi se ka 20 vite q\u00eb nuk ka folur me t\u00eb pasi sipas saj ai i ka keqtrajtuar mamin dhe nuk iu ka ndjenjur af\u00ebr&nbsp; asaj dhe motrave t\u00eb saj sikur f\u00ebmij\u00ebve t\u00eb tjer\u00eb q\u00eb ai ka.<\/p>\n\n\n\n<p><em>\u201c<\/em><em>N\u00eb mosh\u00ebn 14-vje\u00e7are m\u00eb d\u00ebrguan te tezja, e kam pasur shum\u00eb t\u00eb v\u00ebshtir\u00eb dhe me babin nuk kam pas folur nj\u00eb vit para se t\u00eb ikja n\u00eb Amerik\u00eb. &nbsp;Kam qen\u00eb shum\u00eb f\u00ebmij\u00eb i mbyllur nuk i tregoja ndjenjat, ndoshta dy her\u00eb kam folur me babin. Jeta atje ishte e v\u00ebshtir\u00eb, u largova nga mami dhe nga shkolla.&nbsp;<\/em><em>U distancova nga t\u00eb gjith\u00eb, sidomos nga babi sepse ishte i vetmi q\u00eb nuk e kisha af\u00ebr gjithmon\u00eb sepse kisha mamin dhe isha m\u00ebsuar m\u00eb shum\u00eb me t\u00eb. Nuk m\u00eb dukej m\u00eb \u00e7udi pse se kam babi dhe kur u rrita s\u2019doja t\u00eb flisja m\u00eb me t\u00eb, sepse thoja m\u00eb ka keqtrajtuar mamin nuk na ka ndenjur af\u00ebr ne si vajzat e tij. Kur na takonte nuk na ndihmonte asnj\u00ebher\u00eb, e distancova veten dhe i mbylla ndjenjat q\u00eb kisha p\u00ebr babin tim. Kam 20 vite q\u00eb nuk e kam takuar as nuk kam folur, para disa viteve ka qen\u00eb i s\u00ebmur\u00eb me zem\u00ebr dhe ka b\u00ebr\u00eb operacion, un\u00eb se kam ndjer\u00eb fare q\u00eb n\u00ebse i ndodh di\u00e7ka, i pata mbyllur ndjenjat e mia dhe nuk m\u00eb interesonte.\u201d- u shpreh Alby.<\/em><\/p>\n\n\n\n<p>Alby u shpreh se shpesh her\u00eb ka qen\u00eb vet\u00ebm n\u00eb jet\u00eb nd\u00ebrsa tha q\u00eb kur ka lindur vajz\u00ebn ka qen\u00eb e vetme dhe aty e ka kuptuar se sa shum\u00eb t\u00eb vret vetmia, nd\u00ebrsa tregoi se e ndjen shum\u00eb munges\u00ebn e t\u00eb atit.<\/p>\n\n\n\n<p><em>\u201cAt\u00ebher\u00eb linda vajz\u00ebn dhe fillova t\u00eb kuptoja q\u00eb duhet t\u2019i falim njer\u00ebzit, ndoshta edhe un\u00eb e kam pasur gabimin q\u00eb nuk i kam dh\u00ebn\u00eb shans p\u00ebr t\u00eb folur. Ndoshta historia e karrier\u00ebs sime dhe s\u2019kam ditur si ta p\u00ebrballoj. Babai ka k\u00ebrkuar t\u00eb flas\u00eb me mua por s\u2019kam pranuar. Vajza ime nuk e ka babin e vet n\u00eb jet\u00eb e saj dhe m\u00eb dhemb zemra q\u00eb se ka dhe aty e kam kuptuar edhe un\u00eb q\u00eb \u00ebsht\u00eb shum\u00eb e v\u00ebshtir\u00eb t\u00eb rritesh pa baba. Por jam shum\u00eb e fort\u00eb gjithsesi dhe ajo forc\u00eb m\u00eb ka b\u00ebr\u00eb t\u00eb q\u00ebndroj n\u00eb k\u00ebmb\u00eb dhe gjall\u00eb. Nuk e di n\u00ebse po e rris mir\u00eb vajz\u00ebn, se edhe kur e kam lindur kam qen\u00eb vet\u00ebm edhe te spitali m\u00eb ka ardh tezja q\u00eb jetonte n\u00eb Amerik\u00eb. Pas tre dit\u00ebsh kur kam dal\u00eb nga spitali kisha valixhet dhe vajz\u00ebn dhe isha vet\u00ebm, aty e kam kuptuar q\u00eb vetmia me t\u00eb v\u00ebrtet\u00eb t\u00eb mbyt deri n\u00eb nj\u00eb far\u00eb pike. E kam pasur shum\u00eb t\u00eb v\u00ebshtir\u00eb ta rris vajz\u00ebn, sepse nuk e dija as si ti vesh bebelinat dhe si ta ushqeja apo ta vishja. Ajo sot \u00ebsht\u00eb 5 vje\u00e7e dhe \u00ebsht\u00eb shum\u00eb e fort\u00eb, m\u00eb e fort\u00eb se guri. M\u00eb m\u00ebson m\u00eb shum\u00eb ajo mua se un\u00eb at\u00eb, tani kur e b\u00ebj di\u00e7ka e mendoj 100 her\u00eb para sepse tham a do ishte mir\u00eb p\u00ebr vajz\u00ebn time se tani jetoj p\u00ebr vajz\u00ebn. At\u00eb e kam gjith\u00e7ka n\u00eb jet\u00eb.\u201d- tha pornostarja.<\/em><\/p>\n\n\n\n<p>Banorja e \u201cBBV\u201d tregoi se pasi&nbsp;\u00ebsht\u00eb b\u00ebr\u00eb n\u00ebn\u00eb ka ndryshuar shum\u00eb, sepse tashm\u00eb i kupton m\u00eb mir\u00eb gj\u00ebrat dhe&nbsp;\u00ebsht\u00eb e gatshme q\u00eb t\u00eb rregulloj\u00eb marr\u00ebdh\u00ebnien me babain e saj, dashurin\u00eb e t\u00eb cilit ka nevoj\u00eb ajo dhe vajza e saj.<\/p>\n\n\n\n<p><em>\u201cAs dita dhe nata nuk ndryshojn\u00eb aq shum\u00eb kam ndryshuar un\u00eb pasi lindi vajza. E fal\u00ebnderoj shum\u00eb vajz\u00ebn time q\u00eb m\u00eb ka b\u00ebr\u00eb t\u00eb ndryshoj sepse e kuptoj q\u00eb e kam pas humbur veten. N\u00eb dit\u00ebt m\u00eb t\u00eb k\u00ebqija b\u00ebhem m\u00eb e fort\u00eb vet\u00ebm duke e par\u00eb. Tani q\u00eb rritet ka nisur t\u00eb kuptoj\u00eb sepse shikon f\u00ebmij\u00ebt e tjer\u00eb n\u00eb shkoll\u00eb q\u00eb jan\u00eb me t\u00eb dy prind\u00ebrit dhe m\u00eb pyet shpesh p\u00ebr t\u00eb atin. I them gjithmon\u00eb q\u00eb kur t\u00eb rritesh do t\u00eb t\u2019i shpjegoj t\u00eb gjitha sepse nuk e di n\u00ebse gabim apo jo. I them q\u00eb m\u00eb ke mua p\u00ebr gjith\u00e7ka dhe s\u2019t\u00eb lej kurr\u00eb, sepse me kujtohet mungesa e babait tim, edhe pse s\u2019kam folur ose s\u2019doja t\u00eb flisja me t\u00eb prap e ndjej munges\u00ebn e atij &nbsp;edhe tani e k\u00ebrkoj m\u00eb shum\u00eb. N\u00ebse f\u00ebmija im s\u2019e ka babin n\u00eb jet\u00eb mundet t\u00eb ket\u00eb nj\u00eb gjysh si shembull, jo vet\u00ebm ajo, por edhe un\u00eb t\u00eb kem babain tim. E di q\u00eb edhe mami ka vuajtur shum\u00eb dhe motrat, si nipat e mij\u00eb q\u00eb jan\u00eb rritur duke u rrahur para pallatit p\u00ebr mua p\u00ebr gj\u00ebrat q\u00eb kam b\u00ebr\u00eb un\u00eb dhe ajo m\u00eb ka b\u00ebr\u00eb t\u00eb distancohem sepse thoja q\u00eb \u00ebsht\u00eb m\u00eb mir\u00eb t\u2019iu q\u00ebndroj larg sesa me vuajt ata, por e kam par\u00eb q\u00eb distance ime i ka b\u00ebr\u00eb ata t\u00eb vuajn\u00eb m\u00eb shum\u00eb p\u00ebr mua sesa njer\u00ebzit duke folur keq p\u00ebr ne.<\/em>\u201d- rr\u00ebfeu Alby.<\/p>\n","protected":false},"excerpt":{"rendered":"<p>Alby s\u00eb fundmi ka rr\u00ebfyer n\u00eb \u201cBig Brother Vip Kosova\u201d historin\u00eb e saj t\u00eb jet\u00ebs dhe sakrificat q\u00eb ka kaluar q\u00eb f\u00ebmij\u00eb dhe deri m\u00eb tani. Teksa tregoi se prind\u00ebrit e saj jan\u00eb divorcuar kur ajo ka qen\u00eb 9 muajshe, ajo tha q\u00eb \u00ebsht\u00eb rritur e ndar\u00eb nga motrat dhe n\u00eb mosh\u00ebn 14-vje\u00e7are ka ikur [&hellip;]<\/p>\n","protected":false},"author":2,"featured_media":39220,"comment_status":"open","ping_status":"open","sticky":false,"template":"","format":"standard","meta":{"footnotes":""},"categories":[33],"tags":[],"class_list":{"0":"post-41761","1":"post","2":"type-post","3":"status-publish","4":"format-standard","5":"has-post-thumbnail","7":"category-showbiz"},"yoast_head":"<!-- This site is optimized with the Yoast SEO plugin v27.5 - https:\/\/yoast.com\/product\/yoast-seo-wordpress\/ -->\n<title>Mes lot\u00ebsh, Alby rr\u00ebfen historin\u00eb e jet\u00ebs s\u00eb saj: Kam 20 vite q\u00eb s\u2019flas me babin! - blogin.al<\/title>\n<meta name=\"robots\" content=\"index, follow, max-snippet:-1, max-image-preview:large, max-video-preview:-1\" \/>\n<link rel=\"canonical\" href=\"https:\/\/blogin.al\/?p=41761\" \/>\n<meta property=\"og:locale\" content=\"en_US\" \/>\n<meta property=\"og:type\" content=\"article\" \/>\n<meta property=\"og:title\" content=\"Mes lot\u00ebsh, Alby rr\u00ebfen historin\u00eb e jet\u00ebs s\u00eb saj: Kam 20 vite q\u00eb s\u2019flas me babin! - blogin.al\" \/>\n<meta property=\"og:description\" content=\"Alby s\u00eb fundmi ka rr\u00ebfyer n\u00eb \u201cBig Brother Vip Kosova\u201d historin\u00eb e saj t\u00eb jet\u00ebs dhe sakrificat q\u00eb ka kaluar q\u00eb f\u00ebmij\u00eb dhe deri m\u00eb tani. Teksa tregoi se prind\u00ebrit e saj jan\u00eb divorcuar kur ajo ka qen\u00eb 9 muajshe, ajo tha q\u00eb \u00ebsht\u00eb rritur e ndar\u00eb nga motrat dhe n\u00eb mosh\u00ebn 14-vje\u00e7are ka ikur [&hellip;]\" \/>\n<meta property=\"og:url\" content=\"https:\/\/blogin.al\/?p=41761\" \/>\n<meta property=\"og:site_name\" content=\"blogin.al\" \/>\n<meta property=\"article:published_time\" content=\"2023-12-26T11:17:48+00:00\" \/>\n<meta property=\"article:modified_time\" content=\"2023-12-26T11:17:50+00:00\" \/>\n<meta property=\"og:image\" content=\"https:\/\/blogin.al\/wp-content\/uploads\/2023\/10\/image-130.png\" \/>\n\t<meta property=\"og:image:width\" content=\"1130\" \/>\n\t<meta property=\"og:image:height\" content=\"635\" \/>\n\t<meta property=\"og:image:type\" content=\"image\/png\" \/>\n<meta name=\"author\" content=\"Blogin al\" \/>\n<meta name=\"twitter:card\" content=\"summary_large_image\" \/>\n<meta name=\"twitter:label1\" content=\"Written by\" \/>\n\t<meta name=\"twitter:data1\" content=\"Blogin al\" \/>\n\t<meta name=\"twitter:label2\" content=\"Est. reading time\" \/>\n\t<meta name=\"twitter:data2\" content=\"6 minutes\" \/>\n<script type=\"application\/ld+json\" class=\"yoast-schema-graph\">{\"@context\":\"https:\\\/\\\/schema.org\",\"@graph\":[{\"@type\":\"Article\",\"@id\":\"https:\\\/\\\/blogin.al\\\/?p=41761#article\",\"isPartOf\":{\"@id\":\"https:\\\/\\\/blogin.al\\\/?p=41761\"},\"author\":{\"name\":\"Blogin al\",\"@id\":\"https:\\\/\\\/blogin.al\\\/#\\\/schema\\\/person\\\/abdd56bc912cd511db877b852b115399\"},\"headline\":\"Mes lot\u00ebsh, Alby rr\u00ebfen historin\u00eb e jet\u00ebs s\u00eb saj: Kam 20 vite q\u00eb s\u2019flas me babin!\",\"datePublished\":\"2023-12-26T11:17:48+00:00\",\"dateModified\":\"2023-12-26T11:17:50+00:00\",\"mainEntityOfPage\":{\"@id\":\"https:\\\/\\\/blogin.al\\\/?p=41761\"},\"wordCount\":1261,\"commentCount\":0,\"publisher\":{\"@id\":\"https:\\\/\\\/blogin.al\\\/#organization\"},\"image\":{\"@id\":\"https:\\\/\\\/blogin.al\\\/?p=41761#primaryimage\"},\"thumbnailUrl\":\"https:\\\/\\\/blogin.al\\\/wp-content\\\/uploads\\\/2023\\\/10\\\/image-130.png\",\"articleSection\":[\"SHOWBIZ\"],\"inLanguage\":\"en-US\",\"potentialAction\":[{\"@type\":\"CommentAction\",\"name\":\"Comment\",\"target\":[\"https:\\\/\\\/blogin.al\\\/?p=41761#respond\"]}]},{\"@type\":\"WebPage\",\"@id\":\"https:\\\/\\\/blogin.al\\\/?p=41761\",\"url\":\"https:\\\/\\\/blogin.al\\\/?p=41761\",\"name\":\"Mes lot\u00ebsh, Alby rr\u00ebfen historin\u00eb e jet\u00ebs s\u00eb saj: Kam 20 vite q\u00eb s\u2019flas me babin! - blogin.al\",\"isPartOf\":{\"@id\":\"https:\\\/\\\/blogin.al\\\/#website\"},\"primaryImageOfPage\":{\"@id\":\"https:\\\/\\\/blogin.al\\\/?p=41761#primaryimage\"},\"image\":{\"@id\":\"https:\\\/\\\/blogin.al\\\/?p=41761#primaryimage\"},\"thumbnailUrl\":\"https:\\\/\\\/blogin.al\\\/wp-content\\\/uploads\\\/2023\\\/10\\\/image-130.png\",\"datePublished\":\"2023-12-26T11:17:48+00:00\",\"dateModified\":\"2023-12-26T11:17:50+00:00\",\"breadcrumb\":{\"@id\":\"https:\\\/\\\/blogin.al\\\/?p=41761#breadcrumb\"},\"inLanguage\":\"en-US\",\"potentialAction\":[{\"@type\":\"ReadAction\",\"target\":[\"https:\\\/\\\/blogin.al\\\/?p=41761\"]}]},{\"@type\":\"ImageObject\",\"inLanguage\":\"en-US\",\"@id\":\"https:\\\/\\\/blogin.al\\\/?p=41761#primaryimage\",\"url\":\"https:\\\/\\\/blogin.al\\\/wp-content\\\/uploads\\\/2023\\\/10\\\/image-130.png\",\"contentUrl\":\"https:\\\/\\\/blogin.al\\\/wp-content\\\/uploads\\\/2023\\\/10\\\/image-130.png\",\"width\":1130,\"height\":635},{\"@type\":\"BreadcrumbList\",\"@id\":\"https:\\\/\\\/blogin.al\\\/?p=41761#breadcrumb\",\"itemListElement\":[{\"@type\":\"ListItem\",\"position\":1,\"name\":\"Home\",\"item\":\"https:\\\/\\\/blogin.al\\\/\"},{\"@type\":\"ListItem\",\"position\":2,\"name\":\"Mes lot\u00ebsh, Alby rr\u00ebfen historin\u00eb e jet\u00ebs s\u00eb saj: Kam 20 vite q\u00eb s\u2019flas me babin!\"}]},{\"@type\":\"WebSite\",\"@id\":\"https:\\\/\\\/blogin.al\\\/#website\",\"url\":\"https:\\\/\\\/blogin.al\\\/\",\"name\":\"blogin.al\",\"description\":\"\",\"publisher\":{\"@id\":\"https:\\\/\\\/blogin.al\\\/#organization\"},\"potentialAction\":[{\"@type\":\"SearchAction\",\"target\":{\"@type\":\"EntryPoint\",\"urlTemplate\":\"https:\\\/\\\/blogin.al\\\/?s={search_term_string}\"},\"query-input\":{\"@type\":\"PropertyValueSpecification\",\"valueRequired\":true,\"valueName\":\"search_term_string\"}}],\"inLanguage\":\"en-US\"},{\"@type\":\"Organization\",\"@id\":\"https:\\\/\\\/blogin.al\\\/#organization\",\"name\":\"BLOGIN.al\",\"url\":\"https:\\\/\\\/blogin.al\\\/\",\"logo\":{\"@type\":\"ImageObject\",\"inLanguage\":\"en-US\",\"@id\":\"https:\\\/\\\/blogin.al\\\/#\\\/schema\\\/logo\\\/image\\\/\",\"url\":\"https:\\\/\\\/blogin.al\\\/wp-content\\\/uploads\\\/2022\\\/05\\\/Untitled-2-01-e1652084456514.png\",\"contentUrl\":\"https:\\\/\\\/blogin.al\\\/wp-content\\\/uploads\\\/2022\\\/05\\\/Untitled-2-01-e1652084456514.png\",\"width\":3723,\"height\":1698,\"caption\":\"BLOGIN.al\"},\"image\":{\"@id\":\"https:\\\/\\\/blogin.al\\\/#\\\/schema\\\/logo\\\/image\\\/\"},\"sameAs\":[\"https:\\\/\\\/instagram.com\\\/blogin.al\\\/\"]},{\"@type\":\"Person\",\"@id\":\"https:\\\/\\\/blogin.al\\\/#\\\/schema\\\/person\\\/abdd56bc912cd511db877b852b115399\",\"name\":\"Blogin al\",\"image\":{\"@type\":\"ImageObject\",\"inLanguage\":\"en-US\",\"@id\":\"https:\\\/\\\/secure.gravatar.com\\\/avatar\\\/60d5661aee6e835fb13dc75d2204cd0c1d61bef2efd137c0083e59ef831e235e?s=96&d=mm&r=g\",\"url\":\"https:\\\/\\\/secure.gravatar.com\\\/avatar\\\/60d5661aee6e835fb13dc75d2204cd0c1d61bef2efd137c0083e59ef831e235e?s=96&d=mm&r=g\",\"contentUrl\":\"https:\\\/\\\/secure.gravatar.com\\\/avatar\\\/60d5661aee6e835fb13dc75d2204cd0c1d61bef2efd137c0083e59ef831e235e?s=96&d=mm&r=g\",\"caption\":\"Blogin al\"},\"sameAs\":[\"https:\\\/\\\/blogin.al\"],\"url\":\"https:\\\/\\\/blogin.al\\\/?author=2\"}]}<\/script>\n<!-- \/ Yoast SEO plugin. -->","yoast_head_json":{"title":"Mes lot\u00ebsh, Alby rr\u00ebfen historin\u00eb e jet\u00ebs s\u00eb saj: Kam 20 vite q\u00eb s\u2019flas me babin! - blogin.al","robots":{"index":"index","follow":"follow","max-snippet":"max-snippet:-1","max-image-preview":"max-image-preview:large","max-video-preview":"max-video-preview:-1"},"canonical":"https:\/\/blogin.al\/?p=41761","og_locale":"en_US","og_type":"article","og_title":"Mes lot\u00ebsh, Alby rr\u00ebfen historin\u00eb e jet\u00ebs s\u00eb saj: Kam 20 vite q\u00eb s\u2019flas me babin! - blogin.al","og_description":"Alby s\u00eb fundmi ka rr\u00ebfyer n\u00eb \u201cBig Brother Vip Kosova\u201d historin\u00eb e saj t\u00eb jet\u00ebs dhe sakrificat q\u00eb ka kaluar q\u00eb f\u00ebmij\u00eb dhe deri m\u00eb tani. Teksa tregoi se prind\u00ebrit e saj jan\u00eb divorcuar kur ajo ka qen\u00eb 9 muajshe, ajo tha q\u00eb \u00ebsht\u00eb rritur e ndar\u00eb nga motrat dhe n\u00eb mosh\u00ebn 14-vje\u00e7are ka ikur [&hellip;]","og_url":"https:\/\/blogin.al\/?p=41761","og_site_name":"blogin.al","article_published_time":"2023-12-26T11:17:48+00:00","article_modified_time":"2023-12-26T11:17:50+00:00","og_image":[{"width":1130,"height":635,"url":"https:\/\/blogin.al\/wp-content\/uploads\/2023\/10\/image-130.png","type":"image\/png"}],"author":"Blogin al","twitter_card":"summary_large_image","twitter_misc":{"Written by":"Blogin al","Est. reading time":"6 minutes"},"schema":{"@context":"https:\/\/schema.org","@graph":[{"@type":"Article","@id":"https:\/\/blogin.al\/?p=41761#article","isPartOf":{"@id":"https:\/\/blogin.al\/?p=41761"},"author":{"name":"Blogin al","@id":"https:\/\/blogin.al\/#\/schema\/person\/abdd56bc912cd511db877b852b115399"},"headline":"Mes lot\u00ebsh, Alby rr\u00ebfen historin\u00eb e jet\u00ebs s\u00eb saj: Kam 20 vite q\u00eb s\u2019flas me babin!","datePublished":"2023-12-26T11:17:48+00:00","dateModified":"2023-12-26T11:17:50+00:00","mainEntityOfPage":{"@id":"https:\/\/blogin.al\/?p=41761"},"wordCount":1261,"commentCount":0,"publisher":{"@id":"https:\/\/blogin.al\/#organization"},"image":{"@id":"https:\/\/blogin.al\/?p=41761#primaryimage"},"thumbnailUrl":"https:\/\/blogin.al\/wp-content\/uploads\/2023\/10\/image-130.png","articleSection":["SHOWBIZ"],"inLanguage":"en-US","potentialAction":[{"@type":"CommentAction","name":"Comment","target":["https:\/\/blogin.al\/?p=41761#respond"]}]},{"@type":"WebPage","@id":"https:\/\/blogin.al\/?p=41761","url":"https:\/\/blogin.al\/?p=41761","name":"Mes lot\u00ebsh, Alby rr\u00ebfen historin\u00eb e jet\u00ebs s\u00eb saj: Kam 20 vite q\u00eb s\u2019flas me babin! - blogin.al","isPartOf":{"@id":"https:\/\/blogin.al\/#website"},"primaryImageOfPage":{"@id":"https:\/\/blogin.al\/?p=41761#primaryimage"},"image":{"@id":"https:\/\/blogin.al\/?p=41761#primaryimage"},"thumbnailUrl":"https:\/\/blogin.al\/wp-content\/uploads\/2023\/10\/image-130.png","datePublished":"2023-12-26T11:17:48+00:00","dateModified":"2023-12-26T11:17:50+00:00","breadcrumb":{"@id":"https:\/\/blogin.al\/?p=41761#breadcrumb"},"inLanguage":"en-US","potentialAction":[{"@type":"ReadAction","target":["https:\/\/blogin.al\/?p=41761"]}]},{"@type":"ImageObject","inLanguage":"en-US","@id":"https:\/\/blogin.al\/?p=41761#primaryimage","url":"https:\/\/blogin.al\/wp-content\/uploads\/2023\/10\/image-130.png","contentUrl":"https:\/\/blogin.al\/wp-content\/uploads\/2023\/10\/image-130.png","width":1130,"height":635},{"@type":"BreadcrumbList","@id":"https:\/\/blogin.al\/?p=41761#breadcrumb","itemListElement":[{"@type":"ListItem","position":1,"name":"Home","item":"https:\/\/blogin.al\/"},{"@type":"ListItem","position":2,"name":"Mes lot\u00ebsh, Alby rr\u00ebfen historin\u00eb e jet\u00ebs s\u00eb saj: Kam 20 vite q\u00eb s\u2019flas me babin!"}]},{"@type":"WebSite","@id":"https:\/\/blogin.al\/#website","url":"https:\/\/blogin.al\/","name":"blogin.al","description":"","publisher":{"@id":"https:\/\/blogin.al\/#organization"},"potentialAction":[{"@type":"SearchAction","target":{"@type":"EntryPoint","urlTemplate":"https:\/\/blogin.al\/?s={search_term_string}"},"query-input":{"@type":"PropertyValueSpecification","valueRequired":true,"valueName":"search_term_string"}}],"inLanguage":"en-US"},{"@type":"Organization","@id":"https:\/\/blogin.al\/#organization","name":"BLOGIN.al","url":"https:\/\/blogin.al\/","logo":{"@type":"ImageObject","inLanguage":"en-US","@id":"https:\/\/blogin.al\/#\/schema\/logo\/image\/","url":"https:\/\/blogin.al\/wp-content\/uploads\/2022\/05\/Untitled-2-01-e1652084456514.png","contentUrl":"https:\/\/blogin.al\/wp-content\/uploads\/2022\/05\/Untitled-2-01-e1652084456514.png","width":3723,"height":1698,"caption":"BLOGIN.al"},"image":{"@id":"https:\/\/blogin.al\/#\/schema\/logo\/image\/"},"sameAs":["https:\/\/instagram.com\/blogin.al\/"]},{"@type":"Person","@id":"https:\/\/blogin.al\/#\/schema\/person\/abdd56bc912cd511db877b852b115399","name":"Blogin al","image":{"@type":"ImageObject","inLanguage":"en-US","@id":"https:\/\/secure.gravatar.com\/avatar\/60d5661aee6e835fb13dc75d2204cd0c1d61bef2efd137c0083e59ef831e235e?s=96&d=mm&r=g","url":"https:\/\/secure.gravatar.com\/avatar\/60d5661aee6e835fb13dc75d2204cd0c1d61bef2efd137c0083e59ef831e235e?s=96&d=mm&r=g","contentUrl":"https:\/\/secure.gravatar.com\/avatar\/60d5661aee6e835fb13dc75d2204cd0c1d61bef2efd137c0083e59ef831e235e?s=96&d=mm&r=g","caption":"Blogin al"},"sameAs":["https:\/\/blogin.al"],"url":"https:\/\/blogin.al\/?author=2"}]}},"_links":{"self":[{"href":"https:\/\/blogin.al\/index.php?rest_route=\/wp\/v2\/posts\/41761","targetHints":{"allow":["GET"]}}],"collection":[{"href":"https:\/\/blogin.al\/index.php?rest_route=\/wp\/v2\/posts"}],"about":[{"href":"https:\/\/blogin.al\/index.php?rest_route=\/wp\/v2\/types\/post"}],"author":[{"embeddable":true,"href":"https:\/\/blogin.al\/index.php?rest_route=\/wp\/v2\/users\/2"}],"replies":[{"embeddable":true,"href":"https:\/\/blogin.al\/index.php?rest_route=%2Fwp%2Fv2%2Fcomments&post=41761"}],"version-history":[{"count":1,"href":"https:\/\/blogin.al\/index.php?rest_route=\/wp\/v2\/posts\/41761\/revisions"}],"predecessor-version":[{"id":41762,"href":"https:\/\/blogin.al\/index.php?rest_route=\/wp\/v2\/posts\/41761\/revisions\/41762"}],"wp:featuredmedia":[{"embeddable":true,"href":"https:\/\/blogin.al\/index.php?rest_route=\/wp\/v2\/media\/39220"}],"wp:attachment":[{"href":"https:\/\/blogin.al\/index.php?rest_route=%2Fwp%2Fv2%2Fmedia&parent=41761"}],"wp:term":[{"taxonomy":"category","embeddable":true,"href":"https:\/\/blogin.al\/index.php?rest_route=%2Fwp%2Fv2%2Fcategories&post=41761"},{"taxonomy":"post_tag","embeddable":true,"href":"https:\/\/blogin.al\/index.php?rest_route=%2Fwp%2Fv2%2Ftags&post=41761"}],"curies":[{"name":"wp","href":"https:\/\/api.w.org\/{rel}","templated":true}]}}