{"id":41802,"date":"2023-12-28T08:20:12","date_gmt":"2023-12-28T08:20:12","guid":{"rendered":"https:\/\/blogin.al\/?p=41802"},"modified":"2023-12-28T08:20:15","modified_gmt":"2023-12-28T08:20:15","slug":"princ-leka-ne-nje-marredhenie-me-fotografen-shqiptare-reagon-blerta-celibashi","status":"publish","type":"post","link":"https:\/\/blogin.al\/?p=41802","title":{"rendered":"Princ Leka n\u00eb nj\u00eb marr\u00ebdh\u00ebnie me fotografen shqiptare? Reagon Blerta Celibashi"},"content":{"rendered":"\n<p>Princ Leka dhe Elisa Zaharia, prind\u00ebr t\u00eb nj\u00eb vazje &nbsp;vendos\u00ebn q\u00eb t\u2019i japin fund martes\u00ebs s\u00eb tyre. Nj\u00eb lajm ky i cili qarkulloi me shpejt\u00ebsi n\u00eb mediat shqiptare dhe ka qen\u00eb kryefjala p\u00ebrgjat\u00eb dit\u00ebve t\u00eb fundit.<\/p>\n\n\n\n<p>Por, cili ishte shkaku q\u00eb solli k\u00ebt\u00eb ndarje t\u00eb \u00e7iftit? Ende nuk dihet, por ajo q\u00eb po p\u00ebrflitet lart e posht\u00eb \u00ebsht\u00eb historia e re e dashuris\u00eb s\u00eb Princ Lek\u00ebs.<\/p>\n\n\n\n<p>Po thuhet se Princi aktualisht \u00ebsht\u00eb n\u00eb nj\u00eb marr\u00ebdh\u00ebnie t\u00eb re me nj\u00eb fotografe, t\u00eb quajtur Blerta Celibashi. Ndon\u00ebse e dim\u00eb se aty ku ka z\u00eb s\u2019\u00ebsht\u00eb pa z\u00eb, JOQ ka kontaktuar me Blert\u00ebn p\u00ebr t\u00eb kuptuar m\u00eb shum\u00eb.<\/p>\n\n\n\n<p>Ajo ka vendosur mos jap\u00eb asnj\u00eb koment lidhur me k\u00ebto \u2018thashetheme\u2019 q\u00eb jan\u00eb duke qarkulluar. Pra, nuk ka th\u00ebn\u00eb \u201cPo\u201d, por as \u201cJo\u201d, p\u00ebrgjigje e cila ka ngritur m\u00eb tep\u00ebr dyshime se \u00e7ifti m\u00eb i ri \u00ebsht\u00eb pik\u00ebrisht: Princ Leka dhe Blerta Celibashi.<\/p>\n\n\n\n<p>\u201cP\u00ebrsh\u00ebndetje Joq, ju fal\u00ebnderoj p\u00ebr mesazhin\/interesimin tuaj. Nuk dua t\u00eb b\u00ebj koment n\u00eb lidhje me k\u00ebt\u00eb \u00e7\u00ebshtje. K\u00ebrkoj mir\u00ebkuptimin tuaj\u201d, ka th\u00ebn\u00eb Celibashi.<\/p>\n\n\n\n<p>Nd\u00ebrkoh\u00eb, nga nj\u00eb v\u00ebshgim i shkurt\u00ebr n\u00eb rrjetet sociale Princ Leka dhe Blerta ndiqen me nj\u00ebri-tjetrin n\u00eb \u201cInstagram\u201d, madje ai e ka \u201cfollow\u201d edhe n\u00eb profilin e saj t\u00eb pun\u00ebs.<\/p>\n\n\n\n<figure class=\"wp-block-image size-full is-style-default\"><img fetchpriority=\"high\" decoding=\"async\" width=\"640\" height=\"640\" src=\"https:\/\/blogin.al\/wp-content\/uploads\/2023\/12\/image-194.png\" alt=\"\" class=\"wp-image-41803\" srcset=\"https:\/\/blogin.al\/wp-content\/uploads\/2023\/12\/image-194.png 640w, https:\/\/blogin.al\/wp-content\/uploads\/2023\/12\/image-194-300x300.png 300w, https:\/\/blogin.al\/wp-content\/uploads\/2023\/12\/image-194-150x150.png 150w\" sizes=\"(max-width: 640px) 100vw, 640px\" \/><\/figure>\n","protected":false},"excerpt":{"rendered":"<p>Princ Leka dhe Elisa Zaharia, prind\u00ebr t\u00eb nj\u00eb vazje &nbsp;vendos\u00ebn q\u00eb t\u2019i japin fund martes\u00ebs s\u00eb tyre. Nj\u00eb lajm ky i cili qarkulloi me shpejt\u00ebsi n\u00eb mediat shqiptare dhe ka qen\u00eb kryefjala p\u00ebrgjat\u00eb dit\u00ebve t\u00eb fundit. Por, cili ishte shkaku q\u00eb solli k\u00ebt\u00eb ndarje t\u00eb \u00e7iftit? Ende nuk dihet, por ajo q\u00eb po p\u00ebrflitet lart [&hellip;]<\/p>\n","protected":false},"author":2,"featured_media":41804,"comment_status":"open","ping_status":"open","sticky":false,"template":"","format":"standard","meta":{"footnotes":""},"categories":[33],"tags":[],"class_list":{"0":"post-41802","1":"post","2":"type-post","3":"status-publish","4":"format-standard","5":"has-post-thumbnail","7":"category-showbiz"},"yoast_head":"<!-- This site is optimized with the Yoast SEO plugin v27.5 - https:\/\/yoast.com\/product\/yoast-seo-wordpress\/ -->\n<title>Princ Leka n\u00eb nj\u00eb marr\u00ebdh\u00ebnie me fotografen shqiptare? Reagon Blerta Celibashi - blogin.al<\/title>\n<meta name=\"robots\" content=\"index, follow, max-snippet:-1, max-image-preview:large, max-video-preview:-1\" \/>\n<link rel=\"canonical\" href=\"https:\/\/blogin.al\/?p=41802\" \/>\n<meta property=\"og:locale\" content=\"en_US\" \/>\n<meta property=\"og:type\" content=\"article\" \/>\n<meta property=\"og:title\" content=\"Princ Leka n\u00eb nj\u00eb marr\u00ebdh\u00ebnie me fotografen shqiptare? Reagon Blerta Celibashi - blogin.al\" \/>\n<meta property=\"og:description\" content=\"Princ Leka dhe Elisa Zaharia, prind\u00ebr t\u00eb nj\u00eb vazje &nbsp;vendos\u00ebn q\u00eb t\u2019i japin fund martes\u00ebs s\u00eb tyre. Nj\u00eb lajm ky i cili qarkulloi me shpejt\u00ebsi n\u00eb mediat shqiptare dhe ka qen\u00eb kryefjala p\u00ebrgjat\u00eb dit\u00ebve t\u00eb fundit. Por, cili ishte shkaku q\u00eb solli k\u00ebt\u00eb ndarje t\u00eb \u00e7iftit? Ende nuk dihet, por ajo q\u00eb po p\u00ebrflitet lart [&hellip;]\" \/>\n<meta property=\"og:url\" content=\"https:\/\/blogin.al\/?p=41802\" \/>\n<meta property=\"og:site_name\" content=\"blogin.al\" \/>\n<meta property=\"article:published_time\" content=\"2023-12-28T08:20:12+00:00\" \/>\n<meta property=\"article:modified_time\" content=\"2023-12-28T08:20:15+00:00\" \/>\n<meta property=\"og:image\" content=\"https:\/\/blogin.al\/wp-content\/uploads\/2023\/12\/image-195.png\" \/>\n\t<meta property=\"og:image:width\" content=\"640\" \/>\n\t<meta property=\"og:image:height\" content=\"390\" \/>\n\t<meta property=\"og:image:type\" content=\"image\/png\" \/>\n<meta name=\"author\" content=\"Blogin al\" \/>\n<meta name=\"twitter:card\" content=\"summary_large_image\" \/>\n<meta name=\"twitter:label1\" content=\"Written by\" \/>\n\t<meta name=\"twitter:data1\" content=\"Blogin al\" \/>\n\t<meta name=\"twitter:label2\" content=\"Est. reading time\" \/>\n\t<meta name=\"twitter:data2\" content=\"2 minutes\" \/>\n<script type=\"application\/ld+json\" class=\"yoast-schema-graph\">{\"@context\":\"https:\\\/\\\/schema.org\",\"@graph\":[{\"@type\":\"Article\",\"@id\":\"https:\\\/\\\/blogin.al\\\/?p=41802#article\",\"isPartOf\":{\"@id\":\"https:\\\/\\\/blogin.al\\\/?p=41802\"},\"author\":{\"name\":\"Blogin al\",\"@id\":\"https:\\\/\\\/blogin.al\\\/#\\\/schema\\\/person\\\/abdd56bc912cd511db877b852b115399\"},\"headline\":\"Princ Leka n\u00eb nj\u00eb marr\u00ebdh\u00ebnie me fotografen shqiptare? Reagon Blerta Celibashi\",\"datePublished\":\"2023-12-28T08:20:12+00:00\",\"dateModified\":\"2023-12-28T08:20:15+00:00\",\"mainEntityOfPage\":{\"@id\":\"https:\\\/\\\/blogin.al\\\/?p=41802\"},\"wordCount\":251,\"commentCount\":0,\"publisher\":{\"@id\":\"https:\\\/\\\/blogin.al\\\/#organization\"},\"image\":{\"@id\":\"https:\\\/\\\/blogin.al\\\/?p=41802#primaryimage\"},\"thumbnailUrl\":\"https:\\\/\\\/blogin.al\\\/wp-content\\\/uploads\\\/2023\\\/12\\\/image-195.png\",\"articleSection\":[\"SHOWBIZ\"],\"inLanguage\":\"en-US\",\"potentialAction\":[{\"@type\":\"CommentAction\",\"name\":\"Comment\",\"target\":[\"https:\\\/\\\/blogin.al\\\/?p=41802#respond\"]}]},{\"@type\":\"WebPage\",\"@id\":\"https:\\\/\\\/blogin.al\\\/?p=41802\",\"url\":\"https:\\\/\\\/blogin.al\\\/?p=41802\",\"name\":\"Princ Leka n\u00eb nj\u00eb marr\u00ebdh\u00ebnie me fotografen shqiptare? Reagon Blerta Celibashi - blogin.al\",\"isPartOf\":{\"@id\":\"https:\\\/\\\/blogin.al\\\/#website\"},\"primaryImageOfPage\":{\"@id\":\"https:\\\/\\\/blogin.al\\\/?p=41802#primaryimage\"},\"image\":{\"@id\":\"https:\\\/\\\/blogin.al\\\/?p=41802#primaryimage\"},\"thumbnailUrl\":\"https:\\\/\\\/blogin.al\\\/wp-content\\\/uploads\\\/2023\\\/12\\\/image-195.png\",\"datePublished\":\"2023-12-28T08:20:12+00:00\",\"dateModified\":\"2023-12-28T08:20:15+00:00\",\"breadcrumb\":{\"@id\":\"https:\\\/\\\/blogin.al\\\/?p=41802#breadcrumb\"},\"inLanguage\":\"en-US\",\"potentialAction\":[{\"@type\":\"ReadAction\",\"target\":[\"https:\\\/\\\/blogin.al\\\/?p=41802\"]}]},{\"@type\":\"ImageObject\",\"inLanguage\":\"en-US\",\"@id\":\"https:\\\/\\\/blogin.al\\\/?p=41802#primaryimage\",\"url\":\"https:\\\/\\\/blogin.al\\\/wp-content\\\/uploads\\\/2023\\\/12\\\/image-195.png\",\"contentUrl\":\"https:\\\/\\\/blogin.al\\\/wp-content\\\/uploads\\\/2023\\\/12\\\/image-195.png\",\"width\":640,\"height\":390},{\"@type\":\"BreadcrumbList\",\"@id\":\"https:\\\/\\\/blogin.al\\\/?p=41802#breadcrumb\",\"itemListElement\":[{\"@type\":\"ListItem\",\"position\":1,\"name\":\"Home\",\"item\":\"https:\\\/\\\/blogin.al\\\/\"},{\"@type\":\"ListItem\",\"position\":2,\"name\":\"Princ Leka n\u00eb nj\u00eb marr\u00ebdh\u00ebnie me fotografen shqiptare? Reagon Blerta Celibashi\"}]},{\"@type\":\"WebSite\",\"@id\":\"https:\\\/\\\/blogin.al\\\/#website\",\"url\":\"https:\\\/\\\/blogin.al\\\/\",\"name\":\"blogin.al\",\"description\":\"\",\"publisher\":{\"@id\":\"https:\\\/\\\/blogin.al\\\/#organization\"},\"potentialAction\":[{\"@type\":\"SearchAction\",\"target\":{\"@type\":\"EntryPoint\",\"urlTemplate\":\"https:\\\/\\\/blogin.al\\\/?s={search_term_string}\"},\"query-input\":{\"@type\":\"PropertyValueSpecification\",\"valueRequired\":true,\"valueName\":\"search_term_string\"}}],\"inLanguage\":\"en-US\"},{\"@type\":\"Organization\",\"@id\":\"https:\\\/\\\/blogin.al\\\/#organization\",\"name\":\"BLOGIN.al\",\"url\":\"https:\\\/\\\/blogin.al\\\/\",\"logo\":{\"@type\":\"ImageObject\",\"inLanguage\":\"en-US\",\"@id\":\"https:\\\/\\\/blogin.al\\\/#\\\/schema\\\/logo\\\/image\\\/\",\"url\":\"https:\\\/\\\/blogin.al\\\/wp-content\\\/uploads\\\/2022\\\/05\\\/Untitled-2-01-e1652084456514.png\",\"contentUrl\":\"https:\\\/\\\/blogin.al\\\/wp-content\\\/uploads\\\/2022\\\/05\\\/Untitled-2-01-e1652084456514.png\",\"width\":3723,\"height\":1698,\"caption\":\"BLOGIN.al\"},\"image\":{\"@id\":\"https:\\\/\\\/blogin.al\\\/#\\\/schema\\\/logo\\\/image\\\/\"},\"sameAs\":[\"https:\\\/\\\/instagram.com\\\/blogin.al\\\/\"]},{\"@type\":\"Person\",\"@id\":\"https:\\\/\\\/blogin.al\\\/#\\\/schema\\\/person\\\/abdd56bc912cd511db877b852b115399\",\"name\":\"Blogin al\",\"image\":{\"@type\":\"ImageObject\",\"inLanguage\":\"en-US\",\"@id\":\"https:\\\/\\\/secure.gravatar.com\\\/avatar\\\/60d5661aee6e835fb13dc75d2204cd0c1d61bef2efd137c0083e59ef831e235e?s=96&d=mm&r=g\",\"url\":\"https:\\\/\\\/secure.gravatar.com\\\/avatar\\\/60d5661aee6e835fb13dc75d2204cd0c1d61bef2efd137c0083e59ef831e235e?s=96&d=mm&r=g\",\"contentUrl\":\"https:\\\/\\\/secure.gravatar.com\\\/avatar\\\/60d5661aee6e835fb13dc75d2204cd0c1d61bef2efd137c0083e59ef831e235e?s=96&d=mm&r=g\",\"caption\":\"Blogin al\"},\"sameAs\":[\"https:\\\/\\\/blogin.al\"],\"url\":\"https:\\\/\\\/blogin.al\\\/?author=2\"}]}<\/script>\n<!-- \/ Yoast SEO plugin. -->","yoast_head_json":{"title":"Princ Leka n\u00eb nj\u00eb marr\u00ebdh\u00ebnie me fotografen shqiptare? Reagon Blerta Celibashi - blogin.al","robots":{"index":"index","follow":"follow","max-snippet":"max-snippet:-1","max-image-preview":"max-image-preview:large","max-video-preview":"max-video-preview:-1"},"canonical":"https:\/\/blogin.al\/?p=41802","og_locale":"en_US","og_type":"article","og_title":"Princ Leka n\u00eb nj\u00eb marr\u00ebdh\u00ebnie me fotografen shqiptare? Reagon Blerta Celibashi - blogin.al","og_description":"Princ Leka dhe Elisa Zaharia, prind\u00ebr t\u00eb nj\u00eb vazje &nbsp;vendos\u00ebn q\u00eb t\u2019i japin fund martes\u00ebs s\u00eb tyre. Nj\u00eb lajm ky i cili qarkulloi me shpejt\u00ebsi n\u00eb mediat shqiptare dhe ka qen\u00eb kryefjala p\u00ebrgjat\u00eb dit\u00ebve t\u00eb fundit. Por, cili ishte shkaku q\u00eb solli k\u00ebt\u00eb ndarje t\u00eb \u00e7iftit? Ende nuk dihet, por ajo q\u00eb po p\u00ebrflitet lart [&hellip;]","og_url":"https:\/\/blogin.al\/?p=41802","og_site_name":"blogin.al","article_published_time":"2023-12-28T08:20:12+00:00","article_modified_time":"2023-12-28T08:20:15+00:00","og_image":[{"width":640,"height":390,"url":"https:\/\/blogin.al\/wp-content\/uploads\/2023\/12\/image-195.png","type":"image\/png"}],"author":"Blogin al","twitter_card":"summary_large_image","twitter_misc":{"Written by":"Blogin al","Est. reading time":"2 minutes"},"schema":{"@context":"https:\/\/schema.org","@graph":[{"@type":"Article","@id":"https:\/\/blogin.al\/?p=41802#article","isPartOf":{"@id":"https:\/\/blogin.al\/?p=41802"},"author":{"name":"Blogin al","@id":"https:\/\/blogin.al\/#\/schema\/person\/abdd56bc912cd511db877b852b115399"},"headline":"Princ Leka n\u00eb nj\u00eb marr\u00ebdh\u00ebnie me fotografen shqiptare? Reagon Blerta Celibashi","datePublished":"2023-12-28T08:20:12+00:00","dateModified":"2023-12-28T08:20:15+00:00","mainEntityOfPage":{"@id":"https:\/\/blogin.al\/?p=41802"},"wordCount":251,"commentCount":0,"publisher":{"@id":"https:\/\/blogin.al\/#organization"},"image":{"@id":"https:\/\/blogin.al\/?p=41802#primaryimage"},"thumbnailUrl":"https:\/\/blogin.al\/wp-content\/uploads\/2023\/12\/image-195.png","articleSection":["SHOWBIZ"],"inLanguage":"en-US","potentialAction":[{"@type":"CommentAction","name":"Comment","target":["https:\/\/blogin.al\/?p=41802#respond"]}]},{"@type":"WebPage","@id":"https:\/\/blogin.al\/?p=41802","url":"https:\/\/blogin.al\/?p=41802","name":"Princ Leka n\u00eb nj\u00eb marr\u00ebdh\u00ebnie me fotografen shqiptare? Reagon Blerta Celibashi - blogin.al","isPartOf":{"@id":"https:\/\/blogin.al\/#website"},"primaryImageOfPage":{"@id":"https:\/\/blogin.al\/?p=41802#primaryimage"},"image":{"@id":"https:\/\/blogin.al\/?p=41802#primaryimage"},"thumbnailUrl":"https:\/\/blogin.al\/wp-content\/uploads\/2023\/12\/image-195.png","datePublished":"2023-12-28T08:20:12+00:00","dateModified":"2023-12-28T08:20:15+00:00","breadcrumb":{"@id":"https:\/\/blogin.al\/?p=41802#breadcrumb"},"inLanguage":"en-US","potentialAction":[{"@type":"ReadAction","target":["https:\/\/blogin.al\/?p=41802"]}]},{"@type":"ImageObject","inLanguage":"en-US","@id":"https:\/\/blogin.al\/?p=41802#primaryimage","url":"https:\/\/blogin.al\/wp-content\/uploads\/2023\/12\/image-195.png","contentUrl":"https:\/\/blogin.al\/wp-content\/uploads\/2023\/12\/image-195.png","width":640,"height":390},{"@type":"BreadcrumbList","@id":"https:\/\/blogin.al\/?p=41802#breadcrumb","itemListElement":[{"@type":"ListItem","position":1,"name":"Home","item":"https:\/\/blogin.al\/"},{"@type":"ListItem","position":2,"name":"Princ Leka n\u00eb nj\u00eb marr\u00ebdh\u00ebnie me fotografen shqiptare? Reagon Blerta Celibashi"}]},{"@type":"WebSite","@id":"https:\/\/blogin.al\/#website","url":"https:\/\/blogin.al\/","name":"blogin.al","description":"","publisher":{"@id":"https:\/\/blogin.al\/#organization"},"potentialAction":[{"@type":"SearchAction","target":{"@type":"EntryPoint","urlTemplate":"https:\/\/blogin.al\/?s={search_term_string}"},"query-input":{"@type":"PropertyValueSpecification","valueRequired":true,"valueName":"search_term_string"}}],"inLanguage":"en-US"},{"@type":"Organization","@id":"https:\/\/blogin.al\/#organization","name":"BLOGIN.al","url":"https:\/\/blogin.al\/","logo":{"@type":"ImageObject","inLanguage":"en-US","@id":"https:\/\/blogin.al\/#\/schema\/logo\/image\/","url":"https:\/\/blogin.al\/wp-content\/uploads\/2022\/05\/Untitled-2-01-e1652084456514.png","contentUrl":"https:\/\/blogin.al\/wp-content\/uploads\/2022\/05\/Untitled-2-01-e1652084456514.png","width":3723,"height":1698,"caption":"BLOGIN.al"},"image":{"@id":"https:\/\/blogin.al\/#\/schema\/logo\/image\/"},"sameAs":["https:\/\/instagram.com\/blogin.al\/"]},{"@type":"Person","@id":"https:\/\/blogin.al\/#\/schema\/person\/abdd56bc912cd511db877b852b115399","name":"Blogin al","image":{"@type":"ImageObject","inLanguage":"en-US","@id":"https:\/\/secure.gravatar.com\/avatar\/60d5661aee6e835fb13dc75d2204cd0c1d61bef2efd137c0083e59ef831e235e?s=96&d=mm&r=g","url":"https:\/\/secure.gravatar.com\/avatar\/60d5661aee6e835fb13dc75d2204cd0c1d61bef2efd137c0083e59ef831e235e?s=96&d=mm&r=g","contentUrl":"https:\/\/secure.gravatar.com\/avatar\/60d5661aee6e835fb13dc75d2204cd0c1d61bef2efd137c0083e59ef831e235e?s=96&d=mm&r=g","caption":"Blogin al"},"sameAs":["https:\/\/blogin.al"],"url":"https:\/\/blogin.al\/?author=2"}]}},"_links":{"self":[{"href":"https:\/\/blogin.al\/index.php?rest_route=\/wp\/v2\/posts\/41802","targetHints":{"allow":["GET"]}}],"collection":[{"href":"https:\/\/blogin.al\/index.php?rest_route=\/wp\/v2\/posts"}],"about":[{"href":"https:\/\/blogin.al\/index.php?rest_route=\/wp\/v2\/types\/post"}],"author":[{"embeddable":true,"href":"https:\/\/blogin.al\/index.php?rest_route=\/wp\/v2\/users\/2"}],"replies":[{"embeddable":true,"href":"https:\/\/blogin.al\/index.php?rest_route=%2Fwp%2Fv2%2Fcomments&post=41802"}],"version-history":[{"count":1,"href":"https:\/\/blogin.al\/index.php?rest_route=\/wp\/v2\/posts\/41802\/revisions"}],"predecessor-version":[{"id":41805,"href":"https:\/\/blogin.al\/index.php?rest_route=\/wp\/v2\/posts\/41802\/revisions\/41805"}],"wp:featuredmedia":[{"embeddable":true,"href":"https:\/\/blogin.al\/index.php?rest_route=\/wp\/v2\/media\/41804"}],"wp:attachment":[{"href":"https:\/\/blogin.al\/index.php?rest_route=%2Fwp%2Fv2%2Fmedia&parent=41802"}],"wp:term":[{"taxonomy":"category","embeddable":true,"href":"https:\/\/blogin.al\/index.php?rest_route=%2Fwp%2Fv2%2Fcategories&post=41802"},{"taxonomy":"post_tag","embeddable":true,"href":"https:\/\/blogin.al\/index.php?rest_route=%2Fwp%2Fv2%2Ftags&post=41802"}],"curies":[{"name":"wp","href":"https:\/\/api.w.org\/{rel}","templated":true}]}}