{"id":41822,"date":"2023-12-28T10:17:54","date_gmt":"2023-12-28T10:17:54","guid":{"rendered":"https:\/\/blogin.al\/?p=41822"},"modified":"2023-12-28T10:17:56","modified_gmt":"2023-12-28T10:17:56","slug":"ish-partneri-i-mariah-carey-t-konfirmon-ndarjen-dhe-ka-dy-fjale-per-te","status":"publish","type":"post","link":"https:\/\/blogin.al\/?p=41822","title":{"rendered":"Ish-partneri i Mariah Carey-t konfirmon ndarjen dhe ka dy fjal\u00eb p\u00ebr t\u00eb"},"content":{"rendered":"\n<p>Bryan Tanaka ka konfirmuar ndarjen nga Mariah Carey. Tanaka foli p\u00ebr her\u00eb t\u00eb par\u00eb p\u00ebr ndarjen n\u00eb nj\u00eb postim t\u00eb gjat\u00eb n\u00eb rrjetet sociale.<\/p>\n\n\n\n<p>\u201cT\u00eb dashur miq dhe fansa, me emocione t\u00eb p\u00ebrziera, un\u00eb ndaj k\u00ebt\u00eb p\u00ebrdit\u00ebsim personal n\u00eb lidhje me ndarjen time miq\u00ebsore nga Mariah Carey pas shtat\u00eb vitesh t\u00eb jasht\u00ebzakonshme s\u00eb bashku. Vendimi yn\u00eb p\u00ebr t\u00eb nisur rrug\u00eb t\u00eb ndryshme \u00ebsht\u00eb i nd\u00ebrsjell\u00eb, dhe nd\u00ebrsa lundrojm\u00eb n\u00eb k\u00ebto udh\u00ebtime t\u00eb ndara, ne e b\u00ebjm\u00eb k\u00ebt\u00eb me respekt t\u00eb thell\u00eb, me ndjenj\u00ebn e mir\u00ebnjohjes p\u00ebr koh\u00ebn e pa\u00e7muar q\u00eb kemi ndar\u00eb. Kujtimet q\u00eb kemi krijuar dhe bashk\u00ebpunimet artistike jan\u00eb gdhendur n\u00eb zemr\u00ebn time p\u00ebrgjithmon\u00eb.\u201d<\/p>\n\n\n\n<p>Tanaka shtoi p\u00ebr binjak\u00ebt e saj 12-vje\u00e7ar\u00eb, Monroe dhe Moroccan,<\/p>\n\n\n\n<p>\u201cP\u00ebrkushtimi i Mariah ndaj familjes s\u00eb saj dhe p\u00ebrkushtimi i saj ndaj profesionit na kan\u00eb frym\u00ebzuar gjat\u00eb udh\u00ebtimit ton\u00eb t\u00eb p\u00ebrbashk\u00ebt. Un\u00eb dua t\u00eb shpreh dashurin\u00eb dhe vler\u00ebsimin tim p\u00ebr Mariah dhe f\u00ebmij\u00ebt e saj t\u00eb jasht\u00ebzakonsh\u00ebm, ngroht\u00ebsia dhe mir\u00ebsia e t\u00eb cil\u00ebve e kan\u00eb pasuruar jet\u00ebn time n\u00eb m\u00ebnyra q\u00eb fjal\u00ebt nuk mund t\u2019i shpjegojn\u00eb dot.\u201d<\/p>\n\n\n\n<p>Ai gjithashtu k\u00ebrkoi privat\u00ebsi, respekt dhe mir\u00ebkuptim gjat\u00eb \u201ck\u00ebsaj kohe t\u00eb ndjeshme\u201d \u2013 t\u00eb cil\u00ebn Tanaka planifikon t\u2019ia kushtoj\u00eb profesionit t\u00eb tij.<\/p>\n\n\n\n<p>Carey, 54 vje\u00e7, dhe Tanaka, 40 vje\u00e7, ndez\u00ebn fillimisht thashethemet p\u00ebr ndarjen e tyre kur fansat vun\u00eb re se ai mungonte n\u00eb turneun \u201cMerry Christmas One and All!\u201d, t\u00eb cilin ajo e p\u00ebrfundoi s\u00eb fundmi. M\u00eb pas, nj\u00eb burim i tha PEOPLE se Carey po kalonte pushimet n\u00eb Aspen pa Tanak\u00ebn, i cili tradicionalisht e ka shoq\u00ebruar at\u00eb n\u00eb k\u00ebt\u00eb vend.<\/p>\n\n\n\n<p>\u00c7ifti u lidh p\u00ebr her\u00eb t\u00eb par\u00eb n\u00eb vitin 2006 kur Tanaka iu bashkua Carey-t n\u00eb turneun e saj \u201cAdventures of Mimi\u201d. M\u00eb pas, pasi punuan s\u00eb bashku p\u00ebr nj\u00eb dekad\u00eb, k\u00ebng\u00ebtarja dhe koreografi u p\u00ebrfshin\u00eb n\u00eb m\u00ebnyr\u00eb romantike n\u00eb vitin 2016.<\/p>\n","protected":false},"excerpt":{"rendered":"<p>Bryan Tanaka ka konfirmuar ndarjen nga Mariah Carey. Tanaka foli p\u00ebr her\u00eb t\u00eb par\u00eb p\u00ebr ndarjen n\u00eb nj\u00eb postim t\u00eb gjat\u00eb n\u00eb rrjetet sociale. \u201cT\u00eb dashur miq dhe fansa, me emocione t\u00eb p\u00ebrziera, un\u00eb ndaj k\u00ebt\u00eb p\u00ebrdit\u00ebsim personal n\u00eb lidhje me ndarjen time miq\u00ebsore nga Mariah Carey pas shtat\u00eb vitesh t\u00eb jasht\u00ebzakonshme s\u00eb bashku. Vendimi [&hellip;]<\/p>\n","protected":false},"author":2,"featured_media":41823,"comment_status":"open","ping_status":"open","sticky":false,"template":"","format":"standard","meta":{"footnotes":""},"categories":[33],"tags":[],"class_list":{"0":"post-41822","1":"post","2":"type-post","3":"status-publish","4":"format-standard","5":"has-post-thumbnail","7":"category-showbiz"},"yoast_head":"<!-- This site is optimized with the Yoast SEO plugin v27.5 - https:\/\/yoast.com\/product\/yoast-seo-wordpress\/ -->\n<title>Ish-partneri i Mariah Carey-t konfirmon ndarjen dhe ka dy fjal\u00eb p\u00ebr t\u00eb - blogin.al<\/title>\n<meta name=\"robots\" content=\"index, follow, max-snippet:-1, max-image-preview:large, max-video-preview:-1\" \/>\n<link rel=\"canonical\" href=\"https:\/\/blogin.al\/?p=41822\" \/>\n<meta property=\"og:locale\" content=\"en_US\" \/>\n<meta property=\"og:type\" content=\"article\" \/>\n<meta property=\"og:title\" content=\"Ish-partneri i Mariah Carey-t konfirmon ndarjen dhe ka dy fjal\u00eb p\u00ebr t\u00eb - blogin.al\" \/>\n<meta property=\"og:description\" content=\"Bryan Tanaka ka konfirmuar ndarjen nga Mariah Carey. Tanaka foli p\u00ebr her\u00eb t\u00eb par\u00eb p\u00ebr ndarjen n\u00eb nj\u00eb postim t\u00eb gjat\u00eb n\u00eb rrjetet sociale. \u201cT\u00eb dashur miq dhe fansa, me emocione t\u00eb p\u00ebrziera, un\u00eb ndaj k\u00ebt\u00eb p\u00ebrdit\u00ebsim personal n\u00eb lidhje me ndarjen time miq\u00ebsore nga Mariah Carey pas shtat\u00eb vitesh t\u00eb jasht\u00ebzakonshme s\u00eb bashku. Vendimi [&hellip;]\" \/>\n<meta property=\"og:url\" content=\"https:\/\/blogin.al\/?p=41822\" \/>\n<meta property=\"og:site_name\" content=\"blogin.al\" \/>\n<meta property=\"article:published_time\" content=\"2023-12-28T10:17:54+00:00\" \/>\n<meta property=\"article:modified_time\" content=\"2023-12-28T10:17:56+00:00\" \/>\n<meta property=\"og:image\" content=\"https:\/\/blogin.al\/wp-content\/uploads\/2023\/12\/image-200.png\" \/>\n\t<meta property=\"og:image:width\" content=\"589\" \/>\n\t<meta property=\"og:image:height\" content=\"395\" \/>\n\t<meta property=\"og:image:type\" content=\"image\/png\" \/>\n<meta name=\"author\" content=\"Blogin al\" \/>\n<meta name=\"twitter:card\" content=\"summary_large_image\" \/>\n<meta name=\"twitter:label1\" content=\"Written by\" \/>\n\t<meta name=\"twitter:data1\" content=\"Blogin al\" \/>\n\t<meta name=\"twitter:label2\" content=\"Est. reading time\" \/>\n\t<meta name=\"twitter:data2\" content=\"2 minutes\" \/>\n<script type=\"application\/ld+json\" class=\"yoast-schema-graph\">{\"@context\":\"https:\\\/\\\/schema.org\",\"@graph\":[{\"@type\":\"Article\",\"@id\":\"https:\\\/\\\/blogin.al\\\/?p=41822#article\",\"isPartOf\":{\"@id\":\"https:\\\/\\\/blogin.al\\\/?p=41822\"},\"author\":{\"name\":\"Blogin al\",\"@id\":\"https:\\\/\\\/blogin.al\\\/#\\\/schema\\\/person\\\/abdd56bc912cd511db877b852b115399\"},\"headline\":\"Ish-partneri i Mariah Carey-t konfirmon ndarjen dhe ka dy fjal\u00eb p\u00ebr t\u00eb\",\"datePublished\":\"2023-12-28T10:17:54+00:00\",\"dateModified\":\"2023-12-28T10:17:56+00:00\",\"mainEntityOfPage\":{\"@id\":\"https:\\\/\\\/blogin.al\\\/?p=41822\"},\"wordCount\":368,\"commentCount\":0,\"publisher\":{\"@id\":\"https:\\\/\\\/blogin.al\\\/#organization\"},\"image\":{\"@id\":\"https:\\\/\\\/blogin.al\\\/?p=41822#primaryimage\"},\"thumbnailUrl\":\"https:\\\/\\\/blogin.al\\\/wp-content\\\/uploads\\\/2023\\\/12\\\/image-200.png\",\"articleSection\":[\"SHOWBIZ\"],\"inLanguage\":\"en-US\",\"potentialAction\":[{\"@type\":\"CommentAction\",\"name\":\"Comment\",\"target\":[\"https:\\\/\\\/blogin.al\\\/?p=41822#respond\"]}]},{\"@type\":\"WebPage\",\"@id\":\"https:\\\/\\\/blogin.al\\\/?p=41822\",\"url\":\"https:\\\/\\\/blogin.al\\\/?p=41822\",\"name\":\"Ish-partneri i Mariah Carey-t konfirmon ndarjen dhe ka dy fjal\u00eb p\u00ebr t\u00eb - blogin.al\",\"isPartOf\":{\"@id\":\"https:\\\/\\\/blogin.al\\\/#website\"},\"primaryImageOfPage\":{\"@id\":\"https:\\\/\\\/blogin.al\\\/?p=41822#primaryimage\"},\"image\":{\"@id\":\"https:\\\/\\\/blogin.al\\\/?p=41822#primaryimage\"},\"thumbnailUrl\":\"https:\\\/\\\/blogin.al\\\/wp-content\\\/uploads\\\/2023\\\/12\\\/image-200.png\",\"datePublished\":\"2023-12-28T10:17:54+00:00\",\"dateModified\":\"2023-12-28T10:17:56+00:00\",\"breadcrumb\":{\"@id\":\"https:\\\/\\\/blogin.al\\\/?p=41822#breadcrumb\"},\"inLanguage\":\"en-US\",\"potentialAction\":[{\"@type\":\"ReadAction\",\"target\":[\"https:\\\/\\\/blogin.al\\\/?p=41822\"]}]},{\"@type\":\"ImageObject\",\"inLanguage\":\"en-US\",\"@id\":\"https:\\\/\\\/blogin.al\\\/?p=41822#primaryimage\",\"url\":\"https:\\\/\\\/blogin.al\\\/wp-content\\\/uploads\\\/2023\\\/12\\\/image-200.png\",\"contentUrl\":\"https:\\\/\\\/blogin.al\\\/wp-content\\\/uploads\\\/2023\\\/12\\\/image-200.png\",\"width\":589,\"height\":395},{\"@type\":\"BreadcrumbList\",\"@id\":\"https:\\\/\\\/blogin.al\\\/?p=41822#breadcrumb\",\"itemListElement\":[{\"@type\":\"ListItem\",\"position\":1,\"name\":\"Home\",\"item\":\"https:\\\/\\\/blogin.al\\\/\"},{\"@type\":\"ListItem\",\"position\":2,\"name\":\"Ish-partneri i Mariah Carey-t konfirmon ndarjen dhe ka dy fjal\u00eb p\u00ebr t\u00eb\"}]},{\"@type\":\"WebSite\",\"@id\":\"https:\\\/\\\/blogin.al\\\/#website\",\"url\":\"https:\\\/\\\/blogin.al\\\/\",\"name\":\"blogin.al\",\"description\":\"\",\"publisher\":{\"@id\":\"https:\\\/\\\/blogin.al\\\/#organization\"},\"potentialAction\":[{\"@type\":\"SearchAction\",\"target\":{\"@type\":\"EntryPoint\",\"urlTemplate\":\"https:\\\/\\\/blogin.al\\\/?s={search_term_string}\"},\"query-input\":{\"@type\":\"PropertyValueSpecification\",\"valueRequired\":true,\"valueName\":\"search_term_string\"}}],\"inLanguage\":\"en-US\"},{\"@type\":\"Organization\",\"@id\":\"https:\\\/\\\/blogin.al\\\/#organization\",\"name\":\"BLOGIN.al\",\"url\":\"https:\\\/\\\/blogin.al\\\/\",\"logo\":{\"@type\":\"ImageObject\",\"inLanguage\":\"en-US\",\"@id\":\"https:\\\/\\\/blogin.al\\\/#\\\/schema\\\/logo\\\/image\\\/\",\"url\":\"https:\\\/\\\/blogin.al\\\/wp-content\\\/uploads\\\/2022\\\/05\\\/Untitled-2-01-e1652084456514.png\",\"contentUrl\":\"https:\\\/\\\/blogin.al\\\/wp-content\\\/uploads\\\/2022\\\/05\\\/Untitled-2-01-e1652084456514.png\",\"width\":3723,\"height\":1698,\"caption\":\"BLOGIN.al\"},\"image\":{\"@id\":\"https:\\\/\\\/blogin.al\\\/#\\\/schema\\\/logo\\\/image\\\/\"},\"sameAs\":[\"https:\\\/\\\/instagram.com\\\/blogin.al\\\/\"]},{\"@type\":\"Person\",\"@id\":\"https:\\\/\\\/blogin.al\\\/#\\\/schema\\\/person\\\/abdd56bc912cd511db877b852b115399\",\"name\":\"Blogin al\",\"image\":{\"@type\":\"ImageObject\",\"inLanguage\":\"en-US\",\"@id\":\"https:\\\/\\\/secure.gravatar.com\\\/avatar\\\/60d5661aee6e835fb13dc75d2204cd0c1d61bef2efd137c0083e59ef831e235e?s=96&d=mm&r=g\",\"url\":\"https:\\\/\\\/secure.gravatar.com\\\/avatar\\\/60d5661aee6e835fb13dc75d2204cd0c1d61bef2efd137c0083e59ef831e235e?s=96&d=mm&r=g\",\"contentUrl\":\"https:\\\/\\\/secure.gravatar.com\\\/avatar\\\/60d5661aee6e835fb13dc75d2204cd0c1d61bef2efd137c0083e59ef831e235e?s=96&d=mm&r=g\",\"caption\":\"Blogin al\"},\"sameAs\":[\"https:\\\/\\\/blogin.al\"],\"url\":\"https:\\\/\\\/blogin.al\\\/?author=2\"}]}<\/script>\n<!-- \/ Yoast SEO plugin. -->","yoast_head_json":{"title":"Ish-partneri i Mariah Carey-t konfirmon ndarjen dhe ka dy fjal\u00eb p\u00ebr t\u00eb - blogin.al","robots":{"index":"index","follow":"follow","max-snippet":"max-snippet:-1","max-image-preview":"max-image-preview:large","max-video-preview":"max-video-preview:-1"},"canonical":"https:\/\/blogin.al\/?p=41822","og_locale":"en_US","og_type":"article","og_title":"Ish-partneri i Mariah Carey-t konfirmon ndarjen dhe ka dy fjal\u00eb p\u00ebr t\u00eb - blogin.al","og_description":"Bryan Tanaka ka konfirmuar ndarjen nga Mariah Carey. Tanaka foli p\u00ebr her\u00eb t\u00eb par\u00eb p\u00ebr ndarjen n\u00eb nj\u00eb postim t\u00eb gjat\u00eb n\u00eb rrjetet sociale. \u201cT\u00eb dashur miq dhe fansa, me emocione t\u00eb p\u00ebrziera, un\u00eb ndaj k\u00ebt\u00eb p\u00ebrdit\u00ebsim personal n\u00eb lidhje me ndarjen time miq\u00ebsore nga Mariah Carey pas shtat\u00eb vitesh t\u00eb jasht\u00ebzakonshme s\u00eb bashku. Vendimi [&hellip;]","og_url":"https:\/\/blogin.al\/?p=41822","og_site_name":"blogin.al","article_published_time":"2023-12-28T10:17:54+00:00","article_modified_time":"2023-12-28T10:17:56+00:00","og_image":[{"width":589,"height":395,"url":"https:\/\/blogin.al\/wp-content\/uploads\/2023\/12\/image-200.png","type":"image\/png"}],"author":"Blogin al","twitter_card":"summary_large_image","twitter_misc":{"Written by":"Blogin al","Est. reading time":"2 minutes"},"schema":{"@context":"https:\/\/schema.org","@graph":[{"@type":"Article","@id":"https:\/\/blogin.al\/?p=41822#article","isPartOf":{"@id":"https:\/\/blogin.al\/?p=41822"},"author":{"name":"Blogin al","@id":"https:\/\/blogin.al\/#\/schema\/person\/abdd56bc912cd511db877b852b115399"},"headline":"Ish-partneri i Mariah Carey-t konfirmon ndarjen dhe ka dy fjal\u00eb p\u00ebr t\u00eb","datePublished":"2023-12-28T10:17:54+00:00","dateModified":"2023-12-28T10:17:56+00:00","mainEntityOfPage":{"@id":"https:\/\/blogin.al\/?p=41822"},"wordCount":368,"commentCount":0,"publisher":{"@id":"https:\/\/blogin.al\/#organization"},"image":{"@id":"https:\/\/blogin.al\/?p=41822#primaryimage"},"thumbnailUrl":"https:\/\/blogin.al\/wp-content\/uploads\/2023\/12\/image-200.png","articleSection":["SHOWBIZ"],"inLanguage":"en-US","potentialAction":[{"@type":"CommentAction","name":"Comment","target":["https:\/\/blogin.al\/?p=41822#respond"]}]},{"@type":"WebPage","@id":"https:\/\/blogin.al\/?p=41822","url":"https:\/\/blogin.al\/?p=41822","name":"Ish-partneri i Mariah Carey-t konfirmon ndarjen dhe ka dy fjal\u00eb p\u00ebr t\u00eb - blogin.al","isPartOf":{"@id":"https:\/\/blogin.al\/#website"},"primaryImageOfPage":{"@id":"https:\/\/blogin.al\/?p=41822#primaryimage"},"image":{"@id":"https:\/\/blogin.al\/?p=41822#primaryimage"},"thumbnailUrl":"https:\/\/blogin.al\/wp-content\/uploads\/2023\/12\/image-200.png","datePublished":"2023-12-28T10:17:54+00:00","dateModified":"2023-12-28T10:17:56+00:00","breadcrumb":{"@id":"https:\/\/blogin.al\/?p=41822#breadcrumb"},"inLanguage":"en-US","potentialAction":[{"@type":"ReadAction","target":["https:\/\/blogin.al\/?p=41822"]}]},{"@type":"ImageObject","inLanguage":"en-US","@id":"https:\/\/blogin.al\/?p=41822#primaryimage","url":"https:\/\/blogin.al\/wp-content\/uploads\/2023\/12\/image-200.png","contentUrl":"https:\/\/blogin.al\/wp-content\/uploads\/2023\/12\/image-200.png","width":589,"height":395},{"@type":"BreadcrumbList","@id":"https:\/\/blogin.al\/?p=41822#breadcrumb","itemListElement":[{"@type":"ListItem","position":1,"name":"Home","item":"https:\/\/blogin.al\/"},{"@type":"ListItem","position":2,"name":"Ish-partneri i Mariah Carey-t konfirmon ndarjen dhe ka dy fjal\u00eb p\u00ebr t\u00eb"}]},{"@type":"WebSite","@id":"https:\/\/blogin.al\/#website","url":"https:\/\/blogin.al\/","name":"blogin.al","description":"","publisher":{"@id":"https:\/\/blogin.al\/#organization"},"potentialAction":[{"@type":"SearchAction","target":{"@type":"EntryPoint","urlTemplate":"https:\/\/blogin.al\/?s={search_term_string}"},"query-input":{"@type":"PropertyValueSpecification","valueRequired":true,"valueName":"search_term_string"}}],"inLanguage":"en-US"},{"@type":"Organization","@id":"https:\/\/blogin.al\/#organization","name":"BLOGIN.al","url":"https:\/\/blogin.al\/","logo":{"@type":"ImageObject","inLanguage":"en-US","@id":"https:\/\/blogin.al\/#\/schema\/logo\/image\/","url":"https:\/\/blogin.al\/wp-content\/uploads\/2022\/05\/Untitled-2-01-e1652084456514.png","contentUrl":"https:\/\/blogin.al\/wp-content\/uploads\/2022\/05\/Untitled-2-01-e1652084456514.png","width":3723,"height":1698,"caption":"BLOGIN.al"},"image":{"@id":"https:\/\/blogin.al\/#\/schema\/logo\/image\/"},"sameAs":["https:\/\/instagram.com\/blogin.al\/"]},{"@type":"Person","@id":"https:\/\/blogin.al\/#\/schema\/person\/abdd56bc912cd511db877b852b115399","name":"Blogin al","image":{"@type":"ImageObject","inLanguage":"en-US","@id":"https:\/\/secure.gravatar.com\/avatar\/60d5661aee6e835fb13dc75d2204cd0c1d61bef2efd137c0083e59ef831e235e?s=96&d=mm&r=g","url":"https:\/\/secure.gravatar.com\/avatar\/60d5661aee6e835fb13dc75d2204cd0c1d61bef2efd137c0083e59ef831e235e?s=96&d=mm&r=g","contentUrl":"https:\/\/secure.gravatar.com\/avatar\/60d5661aee6e835fb13dc75d2204cd0c1d61bef2efd137c0083e59ef831e235e?s=96&d=mm&r=g","caption":"Blogin al"},"sameAs":["https:\/\/blogin.al"],"url":"https:\/\/blogin.al\/?author=2"}]}},"_links":{"self":[{"href":"https:\/\/blogin.al\/index.php?rest_route=\/wp\/v2\/posts\/41822","targetHints":{"allow":["GET"]}}],"collection":[{"href":"https:\/\/blogin.al\/index.php?rest_route=\/wp\/v2\/posts"}],"about":[{"href":"https:\/\/blogin.al\/index.php?rest_route=\/wp\/v2\/types\/post"}],"author":[{"embeddable":true,"href":"https:\/\/blogin.al\/index.php?rest_route=\/wp\/v2\/users\/2"}],"replies":[{"embeddable":true,"href":"https:\/\/blogin.al\/index.php?rest_route=%2Fwp%2Fv2%2Fcomments&post=41822"}],"version-history":[{"count":1,"href":"https:\/\/blogin.al\/index.php?rest_route=\/wp\/v2\/posts\/41822\/revisions"}],"predecessor-version":[{"id":41824,"href":"https:\/\/blogin.al\/index.php?rest_route=\/wp\/v2\/posts\/41822\/revisions\/41824"}],"wp:featuredmedia":[{"embeddable":true,"href":"https:\/\/blogin.al\/index.php?rest_route=\/wp\/v2\/media\/41823"}],"wp:attachment":[{"href":"https:\/\/blogin.al\/index.php?rest_route=%2Fwp%2Fv2%2Fmedia&parent=41822"}],"wp:term":[{"taxonomy":"category","embeddable":true,"href":"https:\/\/blogin.al\/index.php?rest_route=%2Fwp%2Fv2%2Fcategories&post=41822"},{"taxonomy":"post_tag","embeddable":true,"href":"https:\/\/blogin.al\/index.php?rest_route=%2Fwp%2Fv2%2Ftags&post=41822"}],"curies":[{"name":"wp","href":"https:\/\/api.w.org\/{rel}","templated":true}]}}