{"id":41862,"date":"2023-12-29T15:11:10","date_gmt":"2023-12-29T15:11:10","guid":{"rendered":"https:\/\/blogin.al\/?p=41862"},"modified":"2023-12-29T15:11:13","modified_gmt":"2023-12-29T15:11:13","slug":"inis-gjoni-prek-me-fjalet-per-humbjen-e-motres-se-saj","status":"publish","type":"post","link":"https:\/\/blogin.al\/?p=41862","title":{"rendered":"Inis Gjoni prek me fjal\u00ebt p\u00ebr humbjen e motr\u00ebs s\u00eb saj"},"content":{"rendered":"\n<p>Aktorja e njohur Inis Gjoni, ka b\u00ebr\u00eb nj\u00eb reagim prek\u00ebs, teksa shkruan nj\u00eb let\u00ebr drejtuar motr\u00ebs s\u00eb saj dhe udh\u00ebtimit t\u00eb fundit.<br>Trupi i pajet\u00eb i Ild\u00ebs kthehet sot n\u00eb Atdhe, p\u00ebr t\u2019u p\u00ebrcjell\u00eb p\u00ebr n\u00eb banes\u00ebn e fundit.<br>Inisi, e l\u00ebnduar n\u00eb palc\u00eb e quan nj\u00eb udh\u00ebtim t\u00eb ashp\u00ebr dhe gjen ngush\u00ebllim tek tre f\u00ebmij\u00ebt q\u00eb motra ka l\u00ebn\u00eb.<\/p>\n\n\n\n<p><strong>Reagimi:<\/strong><\/p>\n\n\n\n<p><em>\u201cld\u00ebs<\/em><em>\ud83d\udc94<\/em><em>mendimi q\u00eb do m\u00eb zgjoj\u00eb \u00e7do dit\u00eb dhe do ngrys\u00eb \u00e7do nat\u00eb t\u00eb jet\u00ebs sime! Sot e shtrenjta motra jon\u00eb, Ilda b\u00ebri kthimin e fundit p\u00ebr n\u00eb atdhe, p\u00ebr n\u00eb familje, p\u00ebr n\u00eb sht\u00ebpi, p\u00ebr tek n\u00ebna, p\u00ebr tek f\u00ebmij\u00ebt, pa frym\u00eb por me at\u00eb buz\u00ebqeshjen dhe sharmin e fytyr\u00ebs dhe shpirtit m\u00eb t\u00eb bukur n\u00eb bot\u00eb.<\/em><\/p>\n\n\n\n<p><em>Je nisur drejt Zotit, q\u00eb me shum\u00eb besim dhe p\u00ebrul\u00ebsi i lutemi t\u00eb t\u00eb strehoj\u00eb tek kopshtet e Parajs\u00ebs.<\/em><\/p>\n\n\n\n<p><em>Njeriu p\u00ebrballet dhe tejkalon shum\u00eb sprova n\u00eb jet\u00eb, por dhimbja q\u00eb solli ikja jote kaq e hershme, na ka d\u00ebrmuar zemrat dhe trishtuar pa fund, ndjesit\u00eb dhe mendimet tona.<\/em><\/p>\n\n\n\n<p><em>\u00c7do or\u00eb e ketyre dit\u00ebve peshon si gur\u00ebt e r\u00ebnda t\u00eb malit, q\u00eb hesht dhe d\u00ebgjon vet\u00ebm vajtimin e nj\u00eb ikje pa kthim. Por na ngroh dielli q\u00eb ti le pas, f\u00ebmij\u00ebt, pun\u00ebt e mira vler\u00ebsimet aq t\u00eb vyera t\u00eb miqve, t\u00eb af\u00ebrmve, koleg\u00ebve dhe kushdo q\u00eb t\u00eb ka njohur dhe ka d\u00ebgjuar p\u00ebr ty.<\/em><\/p>\n\n\n\n<p><em>Jeta q\u00eb ti jetove na frym\u00ebzon, dashuria energjia dhe mir\u00ebsia jjote na b\u00ebn\u00eb t\u00eb ndjehemi kaq shum\u00eb krenare q\u00eb ishim pjes\u00eb e \u00e7do dite dhe misioni t\u00ebnd.<\/em><\/p>\n\n\n\n<p><em>F\u00ebmij\u00ebt e tu t\u00eb bukur dhe t\u00eb mbar\u00eb do jen\u00eb amaneti yt i gjall\u00eb q\u00eb neve s\u00eb bashku t\u00eb q\u00ebndrojm\u00eb gjithmon\u00eb nj\u00eb familje e fort\u00eb, me vlera dhe me q\u00ebllime t\u00eb forta.<\/em><\/p>\n\n\n\n<p><em>Sot do mbesin dhe shum\u00eb shum\u00eb radh\u00eb t\u00eb tjera pa shkruar, por q\u00eb cdo nat\u00eb do ti them kur t\u00eb takoj n\u00eb \u00ebndrra, ti \u00ebngj\u00ebll n\u00eb qiell dhe un\u00eb duke lotuar n\u00eb shtrat nga malli p\u00ebr ty.<\/em><\/p>\n\n\n\n<p><em>Zoti u kujdest\u00eb p\u00ebr ty dhe p\u00ebr \u00e7do n\u00ebn\u00eb q\u00eb largohet nga kjo jet\u00eb q\u00eb mbetet nj\u00eb udh\u00ebtim i ashp\u00ebr dhe me fund t\u00eb sigurt. Amiin<\/em><em>\ud83d\ude4f\ud83c\udffc<\/em><em>\u201c,<\/em>&nbsp;shkruan Inisi.<\/p>\n","protected":false},"excerpt":{"rendered":"<p>Aktorja e njohur Inis Gjoni, ka b\u00ebr\u00eb nj\u00eb reagim prek\u00ebs, teksa shkruan nj\u00eb let\u00ebr drejtuar motr\u00ebs s\u00eb saj dhe udh\u00ebtimit t\u00eb fundit.Trupi i pajet\u00eb i Ild\u00ebs kthehet sot n\u00eb Atdhe, p\u00ebr t\u2019u p\u00ebrcjell\u00eb p\u00ebr n\u00eb banes\u00ebn e fundit.Inisi, e l\u00ebnduar n\u00eb palc\u00eb e quan nj\u00eb udh\u00ebtim t\u00eb ashp\u00ebr dhe gjen ngush\u00ebllim tek tre f\u00ebmij\u00ebt q\u00eb [&hellip;]<\/p>\n","protected":false},"author":2,"featured_media":21298,"comment_status":"open","ping_status":"open","sticky":false,"template":"","format":"standard","meta":{"footnotes":""},"categories":[33],"tags":[],"class_list":{"0":"post-41862","1":"post","2":"type-post","3":"status-publish","4":"format-standard","5":"has-post-thumbnail","7":"category-showbiz"},"yoast_head":"<!-- This site is optimized with the Yoast SEO plugin v27.5 - https:\/\/yoast.com\/product\/yoast-seo-wordpress\/ -->\n<title>Inis Gjoni prek me fjal\u00ebt p\u00ebr humbjen e motr\u00ebs s\u00eb saj - blogin.al<\/title>\n<meta name=\"robots\" content=\"index, follow, max-snippet:-1, max-image-preview:large, max-video-preview:-1\" \/>\n<link rel=\"canonical\" href=\"https:\/\/blogin.al\/?p=41862\" \/>\n<meta property=\"og:locale\" content=\"en_US\" \/>\n<meta property=\"og:type\" content=\"article\" \/>\n<meta property=\"og:title\" content=\"Inis Gjoni prek me fjal\u00ebt p\u00ebr humbjen e motr\u00ebs s\u00eb saj - blogin.al\" \/>\n<meta property=\"og:description\" content=\"Aktorja e njohur Inis Gjoni, ka b\u00ebr\u00eb nj\u00eb reagim prek\u00ebs, teksa shkruan nj\u00eb let\u00ebr drejtuar motr\u00ebs s\u00eb saj dhe udh\u00ebtimit t\u00eb fundit.Trupi i pajet\u00eb i Ild\u00ebs kthehet sot n\u00eb Atdhe, p\u00ebr t\u2019u p\u00ebrcjell\u00eb p\u00ebr n\u00eb banes\u00ebn e fundit.Inisi, e l\u00ebnduar n\u00eb palc\u00eb e quan nj\u00eb udh\u00ebtim t\u00eb ashp\u00ebr dhe gjen ngush\u00ebllim tek tre f\u00ebmij\u00ebt q\u00eb [&hellip;]\" \/>\n<meta property=\"og:url\" content=\"https:\/\/blogin.al\/?p=41862\" \/>\n<meta property=\"og:site_name\" content=\"blogin.al\" \/>\n<meta property=\"article:published_time\" content=\"2023-12-29T15:11:10+00:00\" \/>\n<meta property=\"article:modified_time\" content=\"2023-12-29T15:11:13+00:00\" \/>\n<meta property=\"og:image\" content=\"https:\/\/blogin.al\/wp-content\/uploads\/2023\/01\/20230105_154920.jpg\" \/>\n\t<meta property=\"og:image:width\" content=\"1005\" \/>\n\t<meta property=\"og:image:height\" content=\"1254\" \/>\n\t<meta property=\"og:image:type\" content=\"image\/jpeg\" \/>\n<meta name=\"author\" content=\"Blogin al\" \/>\n<meta name=\"twitter:card\" content=\"summary_large_image\" \/>\n<meta name=\"twitter:label1\" content=\"Written by\" \/>\n\t<meta name=\"twitter:data1\" content=\"Blogin al\" \/>\n\t<meta name=\"twitter:label2\" content=\"Est. reading time\" \/>\n\t<meta name=\"twitter:data2\" content=\"2 minutes\" \/>\n<script type=\"application\/ld+json\" class=\"yoast-schema-graph\">{\"@context\":\"https:\\\/\\\/schema.org\",\"@graph\":[{\"@type\":\"Article\",\"@id\":\"https:\\\/\\\/blogin.al\\\/?p=41862#article\",\"isPartOf\":{\"@id\":\"https:\\\/\\\/blogin.al\\\/?p=41862\"},\"author\":{\"name\":\"Blogin al\",\"@id\":\"https:\\\/\\\/blogin.al\\\/#\\\/schema\\\/person\\\/abdd56bc912cd511db877b852b115399\"},\"headline\":\"Inis Gjoni prek me fjal\u00ebt p\u00ebr humbjen e motr\u00ebs s\u00eb saj\",\"datePublished\":\"2023-12-29T15:11:10+00:00\",\"dateModified\":\"2023-12-29T15:11:13+00:00\",\"mainEntityOfPage\":{\"@id\":\"https:\\\/\\\/blogin.al\\\/?p=41862\"},\"wordCount\":426,\"commentCount\":0,\"publisher\":{\"@id\":\"https:\\\/\\\/blogin.al\\\/#organization\"},\"image\":{\"@id\":\"https:\\\/\\\/blogin.al\\\/?p=41862#primaryimage\"},\"thumbnailUrl\":\"https:\\\/\\\/blogin.al\\\/wp-content\\\/uploads\\\/2023\\\/01\\\/20230105_154920.jpg\",\"articleSection\":[\"SHOWBIZ\"],\"inLanguage\":\"en-US\",\"potentialAction\":[{\"@type\":\"CommentAction\",\"name\":\"Comment\",\"target\":[\"https:\\\/\\\/blogin.al\\\/?p=41862#respond\"]}]},{\"@type\":\"WebPage\",\"@id\":\"https:\\\/\\\/blogin.al\\\/?p=41862\",\"url\":\"https:\\\/\\\/blogin.al\\\/?p=41862\",\"name\":\"Inis Gjoni prek me fjal\u00ebt p\u00ebr humbjen e motr\u00ebs s\u00eb saj - blogin.al\",\"isPartOf\":{\"@id\":\"https:\\\/\\\/blogin.al\\\/#website\"},\"primaryImageOfPage\":{\"@id\":\"https:\\\/\\\/blogin.al\\\/?p=41862#primaryimage\"},\"image\":{\"@id\":\"https:\\\/\\\/blogin.al\\\/?p=41862#primaryimage\"},\"thumbnailUrl\":\"https:\\\/\\\/blogin.al\\\/wp-content\\\/uploads\\\/2023\\\/01\\\/20230105_154920.jpg\",\"datePublished\":\"2023-12-29T15:11:10+00:00\",\"dateModified\":\"2023-12-29T15:11:13+00:00\",\"breadcrumb\":{\"@id\":\"https:\\\/\\\/blogin.al\\\/?p=41862#breadcrumb\"},\"inLanguage\":\"en-US\",\"potentialAction\":[{\"@type\":\"ReadAction\",\"target\":[\"https:\\\/\\\/blogin.al\\\/?p=41862\"]}]},{\"@type\":\"ImageObject\",\"inLanguage\":\"en-US\",\"@id\":\"https:\\\/\\\/blogin.al\\\/?p=41862#primaryimage\",\"url\":\"https:\\\/\\\/blogin.al\\\/wp-content\\\/uploads\\\/2023\\\/01\\\/20230105_154920.jpg\",\"contentUrl\":\"https:\\\/\\\/blogin.al\\\/wp-content\\\/uploads\\\/2023\\\/01\\\/20230105_154920.jpg\",\"width\":1005,\"height\":1254},{\"@type\":\"BreadcrumbList\",\"@id\":\"https:\\\/\\\/blogin.al\\\/?p=41862#breadcrumb\",\"itemListElement\":[{\"@type\":\"ListItem\",\"position\":1,\"name\":\"Home\",\"item\":\"https:\\\/\\\/blogin.al\\\/\"},{\"@type\":\"ListItem\",\"position\":2,\"name\":\"Inis Gjoni prek me fjal\u00ebt p\u00ebr humbjen e motr\u00ebs s\u00eb saj\"}]},{\"@type\":\"WebSite\",\"@id\":\"https:\\\/\\\/blogin.al\\\/#website\",\"url\":\"https:\\\/\\\/blogin.al\\\/\",\"name\":\"blogin.al\",\"description\":\"\",\"publisher\":{\"@id\":\"https:\\\/\\\/blogin.al\\\/#organization\"},\"potentialAction\":[{\"@type\":\"SearchAction\",\"target\":{\"@type\":\"EntryPoint\",\"urlTemplate\":\"https:\\\/\\\/blogin.al\\\/?s={search_term_string}\"},\"query-input\":{\"@type\":\"PropertyValueSpecification\",\"valueRequired\":true,\"valueName\":\"search_term_string\"}}],\"inLanguage\":\"en-US\"},{\"@type\":\"Organization\",\"@id\":\"https:\\\/\\\/blogin.al\\\/#organization\",\"name\":\"BLOGIN.al\",\"url\":\"https:\\\/\\\/blogin.al\\\/\",\"logo\":{\"@type\":\"ImageObject\",\"inLanguage\":\"en-US\",\"@id\":\"https:\\\/\\\/blogin.al\\\/#\\\/schema\\\/logo\\\/image\\\/\",\"url\":\"https:\\\/\\\/blogin.al\\\/wp-content\\\/uploads\\\/2022\\\/05\\\/Untitled-2-01-e1652084456514.png\",\"contentUrl\":\"https:\\\/\\\/blogin.al\\\/wp-content\\\/uploads\\\/2022\\\/05\\\/Untitled-2-01-e1652084456514.png\",\"width\":3723,\"height\":1698,\"caption\":\"BLOGIN.al\"},\"image\":{\"@id\":\"https:\\\/\\\/blogin.al\\\/#\\\/schema\\\/logo\\\/image\\\/\"},\"sameAs\":[\"https:\\\/\\\/instagram.com\\\/blogin.al\\\/\"]},{\"@type\":\"Person\",\"@id\":\"https:\\\/\\\/blogin.al\\\/#\\\/schema\\\/person\\\/abdd56bc912cd511db877b852b115399\",\"name\":\"Blogin al\",\"image\":{\"@type\":\"ImageObject\",\"inLanguage\":\"en-US\",\"@id\":\"https:\\\/\\\/secure.gravatar.com\\\/avatar\\\/60d5661aee6e835fb13dc75d2204cd0c1d61bef2efd137c0083e59ef831e235e?s=96&d=mm&r=g\",\"url\":\"https:\\\/\\\/secure.gravatar.com\\\/avatar\\\/60d5661aee6e835fb13dc75d2204cd0c1d61bef2efd137c0083e59ef831e235e?s=96&d=mm&r=g\",\"contentUrl\":\"https:\\\/\\\/secure.gravatar.com\\\/avatar\\\/60d5661aee6e835fb13dc75d2204cd0c1d61bef2efd137c0083e59ef831e235e?s=96&d=mm&r=g\",\"caption\":\"Blogin al\"},\"sameAs\":[\"https:\\\/\\\/blogin.al\"],\"url\":\"https:\\\/\\\/blogin.al\\\/?author=2\"}]}<\/script>\n<!-- \/ Yoast SEO plugin. -->","yoast_head_json":{"title":"Inis Gjoni prek me fjal\u00ebt p\u00ebr humbjen e motr\u00ebs s\u00eb saj - blogin.al","robots":{"index":"index","follow":"follow","max-snippet":"max-snippet:-1","max-image-preview":"max-image-preview:large","max-video-preview":"max-video-preview:-1"},"canonical":"https:\/\/blogin.al\/?p=41862","og_locale":"en_US","og_type":"article","og_title":"Inis Gjoni prek me fjal\u00ebt p\u00ebr humbjen e motr\u00ebs s\u00eb saj - blogin.al","og_description":"Aktorja e njohur Inis Gjoni, ka b\u00ebr\u00eb nj\u00eb reagim prek\u00ebs, teksa shkruan nj\u00eb let\u00ebr drejtuar motr\u00ebs s\u00eb saj dhe udh\u00ebtimit t\u00eb fundit.Trupi i pajet\u00eb i Ild\u00ebs kthehet sot n\u00eb Atdhe, p\u00ebr t\u2019u p\u00ebrcjell\u00eb p\u00ebr n\u00eb banes\u00ebn e fundit.Inisi, e l\u00ebnduar n\u00eb palc\u00eb e quan nj\u00eb udh\u00ebtim t\u00eb ashp\u00ebr dhe gjen ngush\u00ebllim tek tre f\u00ebmij\u00ebt q\u00eb [&hellip;]","og_url":"https:\/\/blogin.al\/?p=41862","og_site_name":"blogin.al","article_published_time":"2023-12-29T15:11:10+00:00","article_modified_time":"2023-12-29T15:11:13+00:00","og_image":[{"width":1005,"height":1254,"url":"https:\/\/blogin.al\/wp-content\/uploads\/2023\/01\/20230105_154920.jpg","type":"image\/jpeg"}],"author":"Blogin al","twitter_card":"summary_large_image","twitter_misc":{"Written by":"Blogin al","Est. reading time":"2 minutes"},"schema":{"@context":"https:\/\/schema.org","@graph":[{"@type":"Article","@id":"https:\/\/blogin.al\/?p=41862#article","isPartOf":{"@id":"https:\/\/blogin.al\/?p=41862"},"author":{"name":"Blogin al","@id":"https:\/\/blogin.al\/#\/schema\/person\/abdd56bc912cd511db877b852b115399"},"headline":"Inis Gjoni prek me fjal\u00ebt p\u00ebr humbjen e motr\u00ebs s\u00eb saj","datePublished":"2023-12-29T15:11:10+00:00","dateModified":"2023-12-29T15:11:13+00:00","mainEntityOfPage":{"@id":"https:\/\/blogin.al\/?p=41862"},"wordCount":426,"commentCount":0,"publisher":{"@id":"https:\/\/blogin.al\/#organization"},"image":{"@id":"https:\/\/blogin.al\/?p=41862#primaryimage"},"thumbnailUrl":"https:\/\/blogin.al\/wp-content\/uploads\/2023\/01\/20230105_154920.jpg","articleSection":["SHOWBIZ"],"inLanguage":"en-US","potentialAction":[{"@type":"CommentAction","name":"Comment","target":["https:\/\/blogin.al\/?p=41862#respond"]}]},{"@type":"WebPage","@id":"https:\/\/blogin.al\/?p=41862","url":"https:\/\/blogin.al\/?p=41862","name":"Inis Gjoni prek me fjal\u00ebt p\u00ebr humbjen e motr\u00ebs s\u00eb saj - blogin.al","isPartOf":{"@id":"https:\/\/blogin.al\/#website"},"primaryImageOfPage":{"@id":"https:\/\/blogin.al\/?p=41862#primaryimage"},"image":{"@id":"https:\/\/blogin.al\/?p=41862#primaryimage"},"thumbnailUrl":"https:\/\/blogin.al\/wp-content\/uploads\/2023\/01\/20230105_154920.jpg","datePublished":"2023-12-29T15:11:10+00:00","dateModified":"2023-12-29T15:11:13+00:00","breadcrumb":{"@id":"https:\/\/blogin.al\/?p=41862#breadcrumb"},"inLanguage":"en-US","potentialAction":[{"@type":"ReadAction","target":["https:\/\/blogin.al\/?p=41862"]}]},{"@type":"ImageObject","inLanguage":"en-US","@id":"https:\/\/blogin.al\/?p=41862#primaryimage","url":"https:\/\/blogin.al\/wp-content\/uploads\/2023\/01\/20230105_154920.jpg","contentUrl":"https:\/\/blogin.al\/wp-content\/uploads\/2023\/01\/20230105_154920.jpg","width":1005,"height":1254},{"@type":"BreadcrumbList","@id":"https:\/\/blogin.al\/?p=41862#breadcrumb","itemListElement":[{"@type":"ListItem","position":1,"name":"Home","item":"https:\/\/blogin.al\/"},{"@type":"ListItem","position":2,"name":"Inis Gjoni prek me fjal\u00ebt p\u00ebr humbjen e motr\u00ebs s\u00eb saj"}]},{"@type":"WebSite","@id":"https:\/\/blogin.al\/#website","url":"https:\/\/blogin.al\/","name":"blogin.al","description":"","publisher":{"@id":"https:\/\/blogin.al\/#organization"},"potentialAction":[{"@type":"SearchAction","target":{"@type":"EntryPoint","urlTemplate":"https:\/\/blogin.al\/?s={search_term_string}"},"query-input":{"@type":"PropertyValueSpecification","valueRequired":true,"valueName":"search_term_string"}}],"inLanguage":"en-US"},{"@type":"Organization","@id":"https:\/\/blogin.al\/#organization","name":"BLOGIN.al","url":"https:\/\/blogin.al\/","logo":{"@type":"ImageObject","inLanguage":"en-US","@id":"https:\/\/blogin.al\/#\/schema\/logo\/image\/","url":"https:\/\/blogin.al\/wp-content\/uploads\/2022\/05\/Untitled-2-01-e1652084456514.png","contentUrl":"https:\/\/blogin.al\/wp-content\/uploads\/2022\/05\/Untitled-2-01-e1652084456514.png","width":3723,"height":1698,"caption":"BLOGIN.al"},"image":{"@id":"https:\/\/blogin.al\/#\/schema\/logo\/image\/"},"sameAs":["https:\/\/instagram.com\/blogin.al\/"]},{"@type":"Person","@id":"https:\/\/blogin.al\/#\/schema\/person\/abdd56bc912cd511db877b852b115399","name":"Blogin al","image":{"@type":"ImageObject","inLanguage":"en-US","@id":"https:\/\/secure.gravatar.com\/avatar\/60d5661aee6e835fb13dc75d2204cd0c1d61bef2efd137c0083e59ef831e235e?s=96&d=mm&r=g","url":"https:\/\/secure.gravatar.com\/avatar\/60d5661aee6e835fb13dc75d2204cd0c1d61bef2efd137c0083e59ef831e235e?s=96&d=mm&r=g","contentUrl":"https:\/\/secure.gravatar.com\/avatar\/60d5661aee6e835fb13dc75d2204cd0c1d61bef2efd137c0083e59ef831e235e?s=96&d=mm&r=g","caption":"Blogin al"},"sameAs":["https:\/\/blogin.al"],"url":"https:\/\/blogin.al\/?author=2"}]}},"_links":{"self":[{"href":"https:\/\/blogin.al\/index.php?rest_route=\/wp\/v2\/posts\/41862","targetHints":{"allow":["GET"]}}],"collection":[{"href":"https:\/\/blogin.al\/index.php?rest_route=\/wp\/v2\/posts"}],"about":[{"href":"https:\/\/blogin.al\/index.php?rest_route=\/wp\/v2\/types\/post"}],"author":[{"embeddable":true,"href":"https:\/\/blogin.al\/index.php?rest_route=\/wp\/v2\/users\/2"}],"replies":[{"embeddable":true,"href":"https:\/\/blogin.al\/index.php?rest_route=%2Fwp%2Fv2%2Fcomments&post=41862"}],"version-history":[{"count":1,"href":"https:\/\/blogin.al\/index.php?rest_route=\/wp\/v2\/posts\/41862\/revisions"}],"predecessor-version":[{"id":41863,"href":"https:\/\/blogin.al\/index.php?rest_route=\/wp\/v2\/posts\/41862\/revisions\/41863"}],"wp:featuredmedia":[{"embeddable":true,"href":"https:\/\/blogin.al\/index.php?rest_route=\/wp\/v2\/media\/21298"}],"wp:attachment":[{"href":"https:\/\/blogin.al\/index.php?rest_route=%2Fwp%2Fv2%2Fmedia&parent=41862"}],"wp:term":[{"taxonomy":"category","embeddable":true,"href":"https:\/\/blogin.al\/index.php?rest_route=%2Fwp%2Fv2%2Fcategories&post=41862"},{"taxonomy":"post_tag","embeddable":true,"href":"https:\/\/blogin.al\/index.php?rest_route=%2Fwp%2Fv2%2Ftags&post=41862"}],"curies":[{"name":"wp","href":"https:\/\/api.w.org\/{rel}","templated":true}]}}