{"id":41864,"date":"2023-12-29T15:18:37","date_gmt":"2023-12-29T15:18:37","guid":{"rendered":"https:\/\/blogin.al\/?p=41864"},"modified":"2023-12-29T15:18:40","modified_gmt":"2023-12-29T15:18:40","slug":"elsa-lila-reagon-per-here-te-pare-pasi-nuk-fitoi-asnje-cmim-ne-festivalin-e-kenges","status":"publish","type":"post","link":"https:\/\/blogin.al\/?p=41864","title":{"rendered":"Elsa Lila reagon p\u00ebr her\u00eb t\u00eb par\u00eb pasi nuk fitoi asnj\u00eb \u00e7mim n\u00eb \u201cFestivalin e K\u00ebng\u00ebs\u201d"},"content":{"rendered":"\n<p>K\u00ebng\u00ebtarja e njohur Elsa Lila ishte nj\u00eb nd\u00ebr artistet q\u00eb konkuroi n\u00eb edicionin e 62-t\u00eb t\u00eb \u201cFestivalit t\u00eb K\u00ebng\u00ebs\u201d n\u00eb \u201cRTSH\u201d.<\/p>\n\n\n\n<p>Ndon\u00ebse u p\u00ebrfol gjer\u00eb e gjat\u00eb n\u00eb rrjet se ajo \u00ebsht\u00eb p\u00ebrcaktuar fituesja, Elsa nuk arriti q\u00eb t\u00eb rr\u00ebmbej\u00eb asnj\u00eb \u00e7mim n\u00eb k\u00ebt\u00eb konkurs.<\/p>\n\n\n\n<p>K\u00ebng\u00ebtarja ka reaguar dit\u00ebn e sotme, p\u00ebrmes nj\u00eb postimi n\u00eb Instagram duke i falenderuar t\u00eb gjith\u00eb p\u00ebr mb\u00ebshtetjen dhe dashurin\u00eb q\u00eb i kan\u00eb dh\u00ebn\u00eb n\u00eb k\u00ebt\u00eb eksperienc\u00eb.<\/p>\n\n\n\n<p><em>\u201cFaleminderit t\u00eb gjith\u00ebve p\u00ebr dashurin\u00eb, mb\u00ebshtetjen dhe d\u00ebshir\u00ebn p\u00ebr t\u00eb d\u00ebgjuar muzik\u00eb t\u00eb mir\u00eb! Kaluam s\u00eb bashku nj\u00eb tjet\u00ebr aventur\u00eb muzikore plot e p\u00ebrplot me emocione dhe t\u00eb papritura! Por t\u00eb papriturat, kur ke miq e dashamir\u00ebs pran\u00eb, e b\u00ebjn\u00eb m\u00eb t\u00eb bukur udh\u00ebtimin, cilido qoft\u00eb ai! Duke ju uruar nj\u00eb vit plot drit\u00eb, ju p\u00ebrqafoj nj\u00eb e nga nj\u00eb e ju fal\u00ebnderoj \u00e7do sekond\u00eb! Ju dua, Elsa<\/em>\u201d- ka shkruar ajo krahas fotos s\u00eb saj duke buz\u00ebqeshur.<\/p>\n\n\n\n<figure class=\"wp-block-image size-large is-style-default\"><img fetchpriority=\"high\" decoding=\"async\" width=\"1024\" height=\"616\" src=\"https:\/\/blogin.al\/wp-content\/uploads\/2023\/12\/image-207-1024x616.png\" alt=\"\" class=\"wp-image-41865\" srcset=\"https:\/\/blogin.al\/wp-content\/uploads\/2023\/12\/image-207-1024x616.png 1024w, https:\/\/blogin.al\/wp-content\/uploads\/2023\/12\/image-207-300x180.png 300w, https:\/\/blogin.al\/wp-content\/uploads\/2023\/12\/image-207-768x462.png 768w, https:\/\/blogin.al\/wp-content\/uploads\/2023\/12\/image-207-150x90.png 150w, https:\/\/blogin.al\/wp-content\/uploads\/2023\/12\/image-207-696x419.png 696w, https:\/\/blogin.al\/wp-content\/uploads\/2023\/12\/image-207-1068x642.png 1068w, https:\/\/blogin.al\/wp-content\/uploads\/2023\/12\/image-207.png 1322w\" sizes=\"(max-width: 1024px) 100vw, 1024px\" \/><\/figure>\n","protected":false},"excerpt":{"rendered":"<p>K\u00ebng\u00ebtarja e njohur Elsa Lila ishte nj\u00eb nd\u00ebr artistet q\u00eb konkuroi n\u00eb edicionin e 62-t\u00eb t\u00eb \u201cFestivalit t\u00eb K\u00ebng\u00ebs\u201d n\u00eb \u201cRTSH\u201d. Ndon\u00ebse u p\u00ebrfol gjer\u00eb e gjat\u00eb n\u00eb rrjet se ajo \u00ebsht\u00eb p\u00ebrcaktuar fituesja, Elsa nuk arriti q\u00eb t\u00eb rr\u00ebmbej\u00eb asnj\u00eb \u00e7mim n\u00eb k\u00ebt\u00eb konkurs. K\u00ebng\u00ebtarja ka reaguar dit\u00ebn e sotme, p\u00ebrmes nj\u00eb postimi n\u00eb [&hellip;]<\/p>\n","protected":false},"author":2,"featured_media":20629,"comment_status":"open","ping_status":"open","sticky":false,"template":"","format":"standard","meta":{"footnotes":""},"categories":[33],"tags":[],"class_list":{"0":"post-41864","1":"post","2":"type-post","3":"status-publish","4":"format-standard","5":"has-post-thumbnail","7":"category-showbiz"},"yoast_head":"<!-- This site is optimized with the Yoast SEO plugin v27.5 - https:\/\/yoast.com\/product\/yoast-seo-wordpress\/ -->\n<title>Elsa Lila reagon p\u00ebr her\u00eb t\u00eb par\u00eb pasi nuk fitoi asnj\u00eb \u00e7mim n\u00eb \u201cFestivalin e K\u00ebng\u00ebs\u201d - blogin.al<\/title>\n<meta name=\"robots\" content=\"index, follow, max-snippet:-1, max-image-preview:large, max-video-preview:-1\" \/>\n<link rel=\"canonical\" href=\"https:\/\/blogin.al\/?p=41864\" \/>\n<meta property=\"og:locale\" content=\"en_US\" \/>\n<meta property=\"og:type\" content=\"article\" \/>\n<meta property=\"og:title\" content=\"Elsa Lila reagon p\u00ebr her\u00eb t\u00eb par\u00eb pasi nuk fitoi asnj\u00eb \u00e7mim n\u00eb \u201cFestivalin e K\u00ebng\u00ebs\u201d - blogin.al\" \/>\n<meta property=\"og:description\" content=\"K\u00ebng\u00ebtarja e njohur Elsa Lila ishte nj\u00eb nd\u00ebr artistet q\u00eb konkuroi n\u00eb edicionin e 62-t\u00eb t\u00eb \u201cFestivalit t\u00eb K\u00ebng\u00ebs\u201d n\u00eb \u201cRTSH\u201d. Ndon\u00ebse u p\u00ebrfol gjer\u00eb e gjat\u00eb n\u00eb rrjet se ajo \u00ebsht\u00eb p\u00ebrcaktuar fituesja, Elsa nuk arriti q\u00eb t\u00eb rr\u00ebmbej\u00eb asnj\u00eb \u00e7mim n\u00eb k\u00ebt\u00eb konkurs. K\u00ebng\u00ebtarja ka reaguar dit\u00ebn e sotme, p\u00ebrmes nj\u00eb postimi n\u00eb [&hellip;]\" \/>\n<meta property=\"og:url\" content=\"https:\/\/blogin.al\/?p=41864\" \/>\n<meta property=\"og:site_name\" content=\"blogin.al\" \/>\n<meta property=\"article:published_time\" content=\"2023-12-29T15:18:37+00:00\" \/>\n<meta property=\"article:modified_time\" content=\"2023-12-29T15:18:40+00:00\" \/>\n<meta property=\"og:image\" content=\"https:\/\/blogin.al\/wp-content\/uploads\/2022\/12\/20221223_103026.jpg\" \/>\n\t<meta property=\"og:image:width\" content=\"1440\" \/>\n\t<meta property=\"og:image:height\" content=\"1430\" \/>\n\t<meta property=\"og:image:type\" content=\"image\/jpeg\" \/>\n<meta name=\"author\" content=\"Blogin al\" \/>\n<meta name=\"twitter:card\" content=\"summary_large_image\" \/>\n<meta name=\"twitter:label1\" content=\"Written by\" \/>\n\t<meta name=\"twitter:data1\" content=\"Blogin al\" \/>\n\t<meta name=\"twitter:label2\" content=\"Est. reading time\" \/>\n\t<meta name=\"twitter:data2\" content=\"2 minutes\" \/>\n<script type=\"application\/ld+json\" class=\"yoast-schema-graph\">{\"@context\":\"https:\\\/\\\/schema.org\",\"@graph\":[{\"@type\":\"Article\",\"@id\":\"https:\\\/\\\/blogin.al\\\/?p=41864#article\",\"isPartOf\":{\"@id\":\"https:\\\/\\\/blogin.al\\\/?p=41864\"},\"author\":{\"name\":\"Blogin al\",\"@id\":\"https:\\\/\\\/blogin.al\\\/#\\\/schema\\\/person\\\/abdd56bc912cd511db877b852b115399\"},\"headline\":\"Elsa Lila reagon p\u00ebr her\u00eb t\u00eb par\u00eb pasi nuk fitoi asnj\u00eb \u00e7mim n\u00eb \u201cFestivalin e K\u00ebng\u00ebs\u201d\",\"datePublished\":\"2023-12-29T15:18:37+00:00\",\"dateModified\":\"2023-12-29T15:18:40+00:00\",\"mainEntityOfPage\":{\"@id\":\"https:\\\/\\\/blogin.al\\\/?p=41864\"},\"wordCount\":202,\"commentCount\":0,\"publisher\":{\"@id\":\"https:\\\/\\\/blogin.al\\\/#organization\"},\"image\":{\"@id\":\"https:\\\/\\\/blogin.al\\\/?p=41864#primaryimage\"},\"thumbnailUrl\":\"https:\\\/\\\/blogin.al\\\/wp-content\\\/uploads\\\/2022\\\/12\\\/20221223_103026.jpg\",\"articleSection\":[\"SHOWBIZ\"],\"inLanguage\":\"en-US\",\"potentialAction\":[{\"@type\":\"CommentAction\",\"name\":\"Comment\",\"target\":[\"https:\\\/\\\/blogin.al\\\/?p=41864#respond\"]}]},{\"@type\":\"WebPage\",\"@id\":\"https:\\\/\\\/blogin.al\\\/?p=41864\",\"url\":\"https:\\\/\\\/blogin.al\\\/?p=41864\",\"name\":\"Elsa Lila reagon p\u00ebr her\u00eb t\u00eb par\u00eb pasi nuk fitoi asnj\u00eb \u00e7mim n\u00eb \u201cFestivalin e K\u00ebng\u00ebs\u201d - blogin.al\",\"isPartOf\":{\"@id\":\"https:\\\/\\\/blogin.al\\\/#website\"},\"primaryImageOfPage\":{\"@id\":\"https:\\\/\\\/blogin.al\\\/?p=41864#primaryimage\"},\"image\":{\"@id\":\"https:\\\/\\\/blogin.al\\\/?p=41864#primaryimage\"},\"thumbnailUrl\":\"https:\\\/\\\/blogin.al\\\/wp-content\\\/uploads\\\/2022\\\/12\\\/20221223_103026.jpg\",\"datePublished\":\"2023-12-29T15:18:37+00:00\",\"dateModified\":\"2023-12-29T15:18:40+00:00\",\"breadcrumb\":{\"@id\":\"https:\\\/\\\/blogin.al\\\/?p=41864#breadcrumb\"},\"inLanguage\":\"en-US\",\"potentialAction\":[{\"@type\":\"ReadAction\",\"target\":[\"https:\\\/\\\/blogin.al\\\/?p=41864\"]}]},{\"@type\":\"ImageObject\",\"inLanguage\":\"en-US\",\"@id\":\"https:\\\/\\\/blogin.al\\\/?p=41864#primaryimage\",\"url\":\"https:\\\/\\\/blogin.al\\\/wp-content\\\/uploads\\\/2022\\\/12\\\/20221223_103026.jpg\",\"contentUrl\":\"https:\\\/\\\/blogin.al\\\/wp-content\\\/uploads\\\/2022\\\/12\\\/20221223_103026.jpg\",\"width\":1440,\"height\":1430},{\"@type\":\"BreadcrumbList\",\"@id\":\"https:\\\/\\\/blogin.al\\\/?p=41864#breadcrumb\",\"itemListElement\":[{\"@type\":\"ListItem\",\"position\":1,\"name\":\"Home\",\"item\":\"https:\\\/\\\/blogin.al\\\/\"},{\"@type\":\"ListItem\",\"position\":2,\"name\":\"Elsa Lila reagon p\u00ebr her\u00eb t\u00eb par\u00eb pasi nuk fitoi asnj\u00eb \u00e7mim n\u00eb \u201cFestivalin e K\u00ebng\u00ebs\u201d\"}]},{\"@type\":\"WebSite\",\"@id\":\"https:\\\/\\\/blogin.al\\\/#website\",\"url\":\"https:\\\/\\\/blogin.al\\\/\",\"name\":\"blogin.al\",\"description\":\"\",\"publisher\":{\"@id\":\"https:\\\/\\\/blogin.al\\\/#organization\"},\"potentialAction\":[{\"@type\":\"SearchAction\",\"target\":{\"@type\":\"EntryPoint\",\"urlTemplate\":\"https:\\\/\\\/blogin.al\\\/?s={search_term_string}\"},\"query-input\":{\"@type\":\"PropertyValueSpecification\",\"valueRequired\":true,\"valueName\":\"search_term_string\"}}],\"inLanguage\":\"en-US\"},{\"@type\":\"Organization\",\"@id\":\"https:\\\/\\\/blogin.al\\\/#organization\",\"name\":\"BLOGIN.al\",\"url\":\"https:\\\/\\\/blogin.al\\\/\",\"logo\":{\"@type\":\"ImageObject\",\"inLanguage\":\"en-US\",\"@id\":\"https:\\\/\\\/blogin.al\\\/#\\\/schema\\\/logo\\\/image\\\/\",\"url\":\"https:\\\/\\\/blogin.al\\\/wp-content\\\/uploads\\\/2022\\\/05\\\/Untitled-2-01-e1652084456514.png\",\"contentUrl\":\"https:\\\/\\\/blogin.al\\\/wp-content\\\/uploads\\\/2022\\\/05\\\/Untitled-2-01-e1652084456514.png\",\"width\":3723,\"height\":1698,\"caption\":\"BLOGIN.al\"},\"image\":{\"@id\":\"https:\\\/\\\/blogin.al\\\/#\\\/schema\\\/logo\\\/image\\\/\"},\"sameAs\":[\"https:\\\/\\\/instagram.com\\\/blogin.al\\\/\"]},{\"@type\":\"Person\",\"@id\":\"https:\\\/\\\/blogin.al\\\/#\\\/schema\\\/person\\\/abdd56bc912cd511db877b852b115399\",\"name\":\"Blogin al\",\"image\":{\"@type\":\"ImageObject\",\"inLanguage\":\"en-US\",\"@id\":\"https:\\\/\\\/secure.gravatar.com\\\/avatar\\\/60d5661aee6e835fb13dc75d2204cd0c1d61bef2efd137c0083e59ef831e235e?s=96&d=mm&r=g\",\"url\":\"https:\\\/\\\/secure.gravatar.com\\\/avatar\\\/60d5661aee6e835fb13dc75d2204cd0c1d61bef2efd137c0083e59ef831e235e?s=96&d=mm&r=g\",\"contentUrl\":\"https:\\\/\\\/secure.gravatar.com\\\/avatar\\\/60d5661aee6e835fb13dc75d2204cd0c1d61bef2efd137c0083e59ef831e235e?s=96&d=mm&r=g\",\"caption\":\"Blogin al\"},\"sameAs\":[\"https:\\\/\\\/blogin.al\"],\"url\":\"https:\\\/\\\/blogin.al\\\/?author=2\"}]}<\/script>\n<!-- \/ Yoast SEO plugin. -->","yoast_head_json":{"title":"Elsa Lila reagon p\u00ebr her\u00eb t\u00eb par\u00eb pasi nuk fitoi asnj\u00eb \u00e7mim n\u00eb \u201cFestivalin e K\u00ebng\u00ebs\u201d - blogin.al","robots":{"index":"index","follow":"follow","max-snippet":"max-snippet:-1","max-image-preview":"max-image-preview:large","max-video-preview":"max-video-preview:-1"},"canonical":"https:\/\/blogin.al\/?p=41864","og_locale":"en_US","og_type":"article","og_title":"Elsa Lila reagon p\u00ebr her\u00eb t\u00eb par\u00eb pasi nuk fitoi asnj\u00eb \u00e7mim n\u00eb \u201cFestivalin e K\u00ebng\u00ebs\u201d - blogin.al","og_description":"K\u00ebng\u00ebtarja e njohur Elsa Lila ishte nj\u00eb nd\u00ebr artistet q\u00eb konkuroi n\u00eb edicionin e 62-t\u00eb t\u00eb \u201cFestivalit t\u00eb K\u00ebng\u00ebs\u201d n\u00eb \u201cRTSH\u201d. Ndon\u00ebse u p\u00ebrfol gjer\u00eb e gjat\u00eb n\u00eb rrjet se ajo \u00ebsht\u00eb p\u00ebrcaktuar fituesja, Elsa nuk arriti q\u00eb t\u00eb rr\u00ebmbej\u00eb asnj\u00eb \u00e7mim n\u00eb k\u00ebt\u00eb konkurs. K\u00ebng\u00ebtarja ka reaguar dit\u00ebn e sotme, p\u00ebrmes nj\u00eb postimi n\u00eb [&hellip;]","og_url":"https:\/\/blogin.al\/?p=41864","og_site_name":"blogin.al","article_published_time":"2023-12-29T15:18:37+00:00","article_modified_time":"2023-12-29T15:18:40+00:00","og_image":[{"width":1440,"height":1430,"url":"https:\/\/blogin.al\/wp-content\/uploads\/2022\/12\/20221223_103026.jpg","type":"image\/jpeg"}],"author":"Blogin al","twitter_card":"summary_large_image","twitter_misc":{"Written by":"Blogin al","Est. reading time":"2 minutes"},"schema":{"@context":"https:\/\/schema.org","@graph":[{"@type":"Article","@id":"https:\/\/blogin.al\/?p=41864#article","isPartOf":{"@id":"https:\/\/blogin.al\/?p=41864"},"author":{"name":"Blogin al","@id":"https:\/\/blogin.al\/#\/schema\/person\/abdd56bc912cd511db877b852b115399"},"headline":"Elsa Lila reagon p\u00ebr her\u00eb t\u00eb par\u00eb pasi nuk fitoi asnj\u00eb \u00e7mim n\u00eb \u201cFestivalin e K\u00ebng\u00ebs\u201d","datePublished":"2023-12-29T15:18:37+00:00","dateModified":"2023-12-29T15:18:40+00:00","mainEntityOfPage":{"@id":"https:\/\/blogin.al\/?p=41864"},"wordCount":202,"commentCount":0,"publisher":{"@id":"https:\/\/blogin.al\/#organization"},"image":{"@id":"https:\/\/blogin.al\/?p=41864#primaryimage"},"thumbnailUrl":"https:\/\/blogin.al\/wp-content\/uploads\/2022\/12\/20221223_103026.jpg","articleSection":["SHOWBIZ"],"inLanguage":"en-US","potentialAction":[{"@type":"CommentAction","name":"Comment","target":["https:\/\/blogin.al\/?p=41864#respond"]}]},{"@type":"WebPage","@id":"https:\/\/blogin.al\/?p=41864","url":"https:\/\/blogin.al\/?p=41864","name":"Elsa Lila reagon p\u00ebr her\u00eb t\u00eb par\u00eb pasi nuk fitoi asnj\u00eb \u00e7mim n\u00eb \u201cFestivalin e K\u00ebng\u00ebs\u201d - blogin.al","isPartOf":{"@id":"https:\/\/blogin.al\/#website"},"primaryImageOfPage":{"@id":"https:\/\/blogin.al\/?p=41864#primaryimage"},"image":{"@id":"https:\/\/blogin.al\/?p=41864#primaryimage"},"thumbnailUrl":"https:\/\/blogin.al\/wp-content\/uploads\/2022\/12\/20221223_103026.jpg","datePublished":"2023-12-29T15:18:37+00:00","dateModified":"2023-12-29T15:18:40+00:00","breadcrumb":{"@id":"https:\/\/blogin.al\/?p=41864#breadcrumb"},"inLanguage":"en-US","potentialAction":[{"@type":"ReadAction","target":["https:\/\/blogin.al\/?p=41864"]}]},{"@type":"ImageObject","inLanguage":"en-US","@id":"https:\/\/blogin.al\/?p=41864#primaryimage","url":"https:\/\/blogin.al\/wp-content\/uploads\/2022\/12\/20221223_103026.jpg","contentUrl":"https:\/\/blogin.al\/wp-content\/uploads\/2022\/12\/20221223_103026.jpg","width":1440,"height":1430},{"@type":"BreadcrumbList","@id":"https:\/\/blogin.al\/?p=41864#breadcrumb","itemListElement":[{"@type":"ListItem","position":1,"name":"Home","item":"https:\/\/blogin.al\/"},{"@type":"ListItem","position":2,"name":"Elsa Lila reagon p\u00ebr her\u00eb t\u00eb par\u00eb pasi nuk fitoi asnj\u00eb \u00e7mim n\u00eb \u201cFestivalin e K\u00ebng\u00ebs\u201d"}]},{"@type":"WebSite","@id":"https:\/\/blogin.al\/#website","url":"https:\/\/blogin.al\/","name":"blogin.al","description":"","publisher":{"@id":"https:\/\/blogin.al\/#organization"},"potentialAction":[{"@type":"SearchAction","target":{"@type":"EntryPoint","urlTemplate":"https:\/\/blogin.al\/?s={search_term_string}"},"query-input":{"@type":"PropertyValueSpecification","valueRequired":true,"valueName":"search_term_string"}}],"inLanguage":"en-US"},{"@type":"Organization","@id":"https:\/\/blogin.al\/#organization","name":"BLOGIN.al","url":"https:\/\/blogin.al\/","logo":{"@type":"ImageObject","inLanguage":"en-US","@id":"https:\/\/blogin.al\/#\/schema\/logo\/image\/","url":"https:\/\/blogin.al\/wp-content\/uploads\/2022\/05\/Untitled-2-01-e1652084456514.png","contentUrl":"https:\/\/blogin.al\/wp-content\/uploads\/2022\/05\/Untitled-2-01-e1652084456514.png","width":3723,"height":1698,"caption":"BLOGIN.al"},"image":{"@id":"https:\/\/blogin.al\/#\/schema\/logo\/image\/"},"sameAs":["https:\/\/instagram.com\/blogin.al\/"]},{"@type":"Person","@id":"https:\/\/blogin.al\/#\/schema\/person\/abdd56bc912cd511db877b852b115399","name":"Blogin al","image":{"@type":"ImageObject","inLanguage":"en-US","@id":"https:\/\/secure.gravatar.com\/avatar\/60d5661aee6e835fb13dc75d2204cd0c1d61bef2efd137c0083e59ef831e235e?s=96&d=mm&r=g","url":"https:\/\/secure.gravatar.com\/avatar\/60d5661aee6e835fb13dc75d2204cd0c1d61bef2efd137c0083e59ef831e235e?s=96&d=mm&r=g","contentUrl":"https:\/\/secure.gravatar.com\/avatar\/60d5661aee6e835fb13dc75d2204cd0c1d61bef2efd137c0083e59ef831e235e?s=96&d=mm&r=g","caption":"Blogin al"},"sameAs":["https:\/\/blogin.al"],"url":"https:\/\/blogin.al\/?author=2"}]}},"_links":{"self":[{"href":"https:\/\/blogin.al\/index.php?rest_route=\/wp\/v2\/posts\/41864","targetHints":{"allow":["GET"]}}],"collection":[{"href":"https:\/\/blogin.al\/index.php?rest_route=\/wp\/v2\/posts"}],"about":[{"href":"https:\/\/blogin.al\/index.php?rest_route=\/wp\/v2\/types\/post"}],"author":[{"embeddable":true,"href":"https:\/\/blogin.al\/index.php?rest_route=\/wp\/v2\/users\/2"}],"replies":[{"embeddable":true,"href":"https:\/\/blogin.al\/index.php?rest_route=%2Fwp%2Fv2%2Fcomments&post=41864"}],"version-history":[{"count":1,"href":"https:\/\/blogin.al\/index.php?rest_route=\/wp\/v2\/posts\/41864\/revisions"}],"predecessor-version":[{"id":41866,"href":"https:\/\/blogin.al\/index.php?rest_route=\/wp\/v2\/posts\/41864\/revisions\/41866"}],"wp:featuredmedia":[{"embeddable":true,"href":"https:\/\/blogin.al\/index.php?rest_route=\/wp\/v2\/media\/20629"}],"wp:attachment":[{"href":"https:\/\/blogin.al\/index.php?rest_route=%2Fwp%2Fv2%2Fmedia&parent=41864"}],"wp:term":[{"taxonomy":"category","embeddable":true,"href":"https:\/\/blogin.al\/index.php?rest_route=%2Fwp%2Fv2%2Fcategories&post=41864"},{"taxonomy":"post_tag","embeddable":true,"href":"https:\/\/blogin.al\/index.php?rest_route=%2Fwp%2Fv2%2Ftags&post=41864"}],"curies":[{"name":"wp","href":"https:\/\/api.w.org\/{rel}","templated":true}]}}