{"id":41964,"date":"2024-01-01T18:35:51","date_gmt":"2024-01-01T18:35:51","guid":{"rendered":"https:\/\/blogin.al\/?p=41964"},"modified":"2024-01-01T18:37:07","modified_gmt":"2024-01-01T18:37:07","slug":"pas-skandalit-chiara-ferragni-rikthehet-ne-rrjetet-sociale","status":"publish","type":"post","link":"https:\/\/blogin.al\/?p=41964","title":{"rendered":"Pas skandalit Chiara Ferragni rikthehet n\u00eb rrjetet sociale"},"content":{"rendered":"\n<p>Profili i saj \u00ebsht\u00eb ende i heshtur, por i bashk\u00ebshortit jo. Dhe k\u00ebshtu Chiara Ferragni shfaqet m\u00eb n\u00eb fund n\u00eb mediat sociale, n\u00eb videon e postuar nga Fedez n\u00eb mbr\u00ebmjen e nd\u00ebrrimit t\u00eb viteve. Pas daljes s\u00eb fundit t\u00eb influencueses, e trishtuar dhe e veshur n\u00eb gri p\u00ebr t\u00eb k\u00ebrkuar falje p\u00ebr afer\u00ebn :Pandoro&#8221;, pasoi nj\u00eb heshtje e gjat\u00eb. Nj\u00eb situat\u00eb disi e pazakont\u00eb p\u00ebr Ferragni-n, e cila \u00ebsht\u00eb shum\u00eb aktive n\u00eb rrjetet sociale, p\u00ebr t\u00eb shuar kuriozitetet e gati 30 milion\u00eb ndjek\u00ebsve t\u00eb saj (t\u00eb cil\u00ebt ran\u00eb pas afer\u00ebs shum\u00eb t\u00eb err\u00ebt t\u00eb bamir\u00ebsis\u00eb). Por n\u00eb dat\u00ebn 31 ajo u shfaq s\u00ebrish, e buz\u00ebqeshur dhe e veshur me t\u00eb kuqe si\u00e7 e dikton tradita. Dhe n\u00ebn postim ka shum\u00eb ofendime t\u00eb drejtuara p\u00ebr \u00e7iftin.<\/p>\n\n\n\n<p>K\u00ebtu gjejm\u00eb nj\u00eb familje n\u00eb dukje t\u00eb lumtur &#8211; Chiara, Federico dy f\u00ebmij\u00ebt e tyre Leone dhe Vittoria, n\u00ebna e Chiar\u00ebs, e cila q\u00eb nga ajo dit\u00eb nuk e ka l\u00ebn\u00eb kurr\u00eb vet\u00ebm, duke i dh\u00ebn\u00eb mb\u00ebshtetje, t\u00eb af\u00ebrm, disa miq t\u00eb zgjedhur me f\u00ebmij\u00eb &#8211; t\u00eb cil\u00ebt b\u00ebjn\u00eb dolli p\u00ebr vitin e Ri. N\u00eb video ata shfaqen duke num\u00ebruar mbrapsht. Por nuk \u00ebsht\u00eb mesnat\u00eb. N\u00eb realitet Ferragni tregon telefonin e tij dhe \u00ebsht\u00eb ora 21:07, por me sa duket \u00ebsht\u00eb nj\u00eb fest\u00eb p\u00ebr t\u00eb b\u00ebr\u00eb dolli p\u00ebr ardhjen e vitit t\u00eb ri her\u00ebt p\u00ebr t&#8217;i lejuar f\u00ebmij\u00ebt t\u00eb festojn\u00eb dhe m\u00eb pas t\u00eb shkojn\u00eb n\u00eb shtrat n\u00eb or\u00ebn e zakonshme.<\/p>\n\n\n\n<p>Fedez \u00ebsht\u00eb ve\u00e7an\u00ebrisht aktiv, ai shfaqet m\u00eb normali. Familja e Chiar\u00ebs po kalon padyshim nj\u00eb moment t\u00eb v\u00ebshtir\u00eb, edhe pse ata po b\u00ebjn\u00eb nj\u00eb p\u00ebrpjekje p\u00ebr t\u00eb dh\u00ebn\u00eb nj\u00eb ndjenj\u00eb qet\u00ebsie. P\u00ebr f\u00ebmij\u00ebt, p\u00ebr ndjek\u00ebsit, p\u00ebr veten e tyre. Gjith\u00e7ka me sa duket ndodh n\u00eb sht\u00ebpin\u00eb e tyre t\u00eb re t\u00eb mrekullueshme n\u00eb Milano. Viti i ri ka ardhur v\u00ebrtet dhe p\u00ebr Chiara-n sigurisht q\u00eb do t\u00eb jet\u00eb nj\u00eb 2024 i rind\u00ebrtimit (t\u00eb imazhit t\u00eb saj).<br><br>Natyrisht, videoja \u00ebsht\u00eb shum\u00eb e komentuar: nga ndjek\u00ebsit dhe miqt\u00eb q\u00eb i urojn\u00eb p\u00ebt 2024, nga ata q\u00eb p\u00ebrdorin satir\u00eb dhe ironi, nga ata q\u00eb jan\u00eb t\u00eb zem\u00ebruar dhe t\u00eb zhg\u00ebnjyer,.<\/p>\n","protected":false},"excerpt":{"rendered":"<p>Profili i saj \u00ebsht\u00eb ende i heshtur, por i bashk\u00ebshortit jo. Dhe k\u00ebshtu Chiara Ferragni shfaqet m\u00eb n\u00eb fund n\u00eb mediat sociale, n\u00eb videon e postuar nga Fedez n\u00eb mbr\u00ebmjen e nd\u00ebrrimit t\u00eb viteve. Pas daljes s\u00eb fundit t\u00eb influencueses, e trishtuar dhe e veshur n\u00eb gri p\u00ebr t\u00eb k\u00ebrkuar falje p\u00ebr afer\u00ebn :Pandoro&#8221;, pasoi [&hellip;]<\/p>\n","protected":false},"author":2,"featured_media":41963,"comment_status":"open","ping_status":"open","sticky":false,"template":"","format":"standard","meta":{"footnotes":""},"categories":[33],"tags":[],"class_list":{"0":"post-41964","1":"post","2":"type-post","3":"status-publish","4":"format-standard","5":"has-post-thumbnail","7":"category-showbiz"},"yoast_head":"<!-- This site is optimized with the Yoast SEO plugin v27.5 - https:\/\/yoast.com\/product\/yoast-seo-wordpress\/ -->\n<title>Pas skandalit Chiara Ferragni rikthehet n\u00eb rrjetet sociale - blogin.al<\/title>\n<meta name=\"robots\" content=\"index, follow, max-snippet:-1, max-image-preview:large, max-video-preview:-1\" \/>\n<link rel=\"canonical\" href=\"https:\/\/blogin.al\/?p=41964\" \/>\n<meta property=\"og:locale\" content=\"en_US\" \/>\n<meta property=\"og:type\" content=\"article\" \/>\n<meta property=\"og:title\" content=\"Pas skandalit Chiara Ferragni rikthehet n\u00eb rrjetet sociale - blogin.al\" \/>\n<meta property=\"og:description\" content=\"Profili i saj \u00ebsht\u00eb ende i heshtur, por i bashk\u00ebshortit jo. Dhe k\u00ebshtu Chiara Ferragni shfaqet m\u00eb n\u00eb fund n\u00eb mediat sociale, n\u00eb videon e postuar nga Fedez n\u00eb mbr\u00ebmjen e nd\u00ebrrimit t\u00eb viteve. Pas daljes s\u00eb fundit t\u00eb influencueses, e trishtuar dhe e veshur n\u00eb gri p\u00ebr t\u00eb k\u00ebrkuar falje p\u00ebr afer\u00ebn :Pandoro&#8221;, pasoi [&hellip;]\" \/>\n<meta property=\"og:url\" content=\"https:\/\/blogin.al\/?p=41964\" \/>\n<meta property=\"og:site_name\" content=\"blogin.al\" \/>\n<meta property=\"article:published_time\" content=\"2024-01-01T18:35:51+00:00\" \/>\n<meta property=\"article:modified_time\" content=\"2024-01-01T18:37:07+00:00\" \/>\n<meta property=\"og:image\" content=\"https:\/\/blogin.al\/wp-content\/uploads\/2024\/01\/114010519-e2666799-0d55-4642-a3b6-6065266873c7.jpg\" \/>\n\t<meta property=\"og:image:width\" content=\"214\" \/>\n\t<meta property=\"og:image:height\" content=\"132\" \/>\n\t<meta property=\"og:image:type\" content=\"image\/jpeg\" \/>\n<meta name=\"author\" content=\"Blogin al\" \/>\n<meta name=\"twitter:card\" content=\"summary_large_image\" \/>\n<meta name=\"twitter:label1\" content=\"Written by\" \/>\n\t<meta name=\"twitter:data1\" content=\"Blogin al\" \/>\n\t<meta name=\"twitter:label2\" content=\"Est. reading time\" \/>\n\t<meta name=\"twitter:data2\" content=\"2 minutes\" \/>\n<script type=\"application\/ld+json\" class=\"yoast-schema-graph\">{\"@context\":\"https:\\\/\\\/schema.org\",\"@graph\":[{\"@type\":\"Article\",\"@id\":\"https:\\\/\\\/blogin.al\\\/?p=41964#article\",\"isPartOf\":{\"@id\":\"https:\\\/\\\/blogin.al\\\/?p=41964\"},\"author\":{\"name\":\"Blogin al\",\"@id\":\"https:\\\/\\\/blogin.al\\\/#\\\/schema\\\/person\\\/abdd56bc912cd511db877b852b115399\"},\"headline\":\"Pas skandalit Chiara Ferragni rikthehet n\u00eb rrjetet sociale\",\"datePublished\":\"2024-01-01T18:35:51+00:00\",\"dateModified\":\"2024-01-01T18:37:07+00:00\",\"mainEntityOfPage\":{\"@id\":\"https:\\\/\\\/blogin.al\\\/?p=41964\"},\"wordCount\":415,\"commentCount\":0,\"publisher\":{\"@id\":\"https:\\\/\\\/blogin.al\\\/#organization\"},\"image\":{\"@id\":\"https:\\\/\\\/blogin.al\\\/?p=41964#primaryimage\"},\"thumbnailUrl\":\"https:\\\/\\\/blogin.al\\\/wp-content\\\/uploads\\\/2024\\\/01\\\/114010519-e2666799-0d55-4642-a3b6-6065266873c7.jpg\",\"articleSection\":[\"SHOWBIZ\"],\"inLanguage\":\"en-US\",\"potentialAction\":[{\"@type\":\"CommentAction\",\"name\":\"Comment\",\"target\":[\"https:\\\/\\\/blogin.al\\\/?p=41964#respond\"]}]},{\"@type\":\"WebPage\",\"@id\":\"https:\\\/\\\/blogin.al\\\/?p=41964\",\"url\":\"https:\\\/\\\/blogin.al\\\/?p=41964\",\"name\":\"Pas skandalit Chiara Ferragni rikthehet n\u00eb rrjetet sociale - blogin.al\",\"isPartOf\":{\"@id\":\"https:\\\/\\\/blogin.al\\\/#website\"},\"primaryImageOfPage\":{\"@id\":\"https:\\\/\\\/blogin.al\\\/?p=41964#primaryimage\"},\"image\":{\"@id\":\"https:\\\/\\\/blogin.al\\\/?p=41964#primaryimage\"},\"thumbnailUrl\":\"https:\\\/\\\/blogin.al\\\/wp-content\\\/uploads\\\/2024\\\/01\\\/114010519-e2666799-0d55-4642-a3b6-6065266873c7.jpg\",\"datePublished\":\"2024-01-01T18:35:51+00:00\",\"dateModified\":\"2024-01-01T18:37:07+00:00\",\"breadcrumb\":{\"@id\":\"https:\\\/\\\/blogin.al\\\/?p=41964#breadcrumb\"},\"inLanguage\":\"en-US\",\"potentialAction\":[{\"@type\":\"ReadAction\",\"target\":[\"https:\\\/\\\/blogin.al\\\/?p=41964\"]}]},{\"@type\":\"ImageObject\",\"inLanguage\":\"en-US\",\"@id\":\"https:\\\/\\\/blogin.al\\\/?p=41964#primaryimage\",\"url\":\"https:\\\/\\\/blogin.al\\\/wp-content\\\/uploads\\\/2024\\\/01\\\/114010519-e2666799-0d55-4642-a3b6-6065266873c7.jpg\",\"contentUrl\":\"https:\\\/\\\/blogin.al\\\/wp-content\\\/uploads\\\/2024\\\/01\\\/114010519-e2666799-0d55-4642-a3b6-6065266873c7.jpg\",\"width\":214,\"height\":132},{\"@type\":\"BreadcrumbList\",\"@id\":\"https:\\\/\\\/blogin.al\\\/?p=41964#breadcrumb\",\"itemListElement\":[{\"@type\":\"ListItem\",\"position\":1,\"name\":\"Home\",\"item\":\"https:\\\/\\\/blogin.al\\\/\"},{\"@type\":\"ListItem\",\"position\":2,\"name\":\"Pas skandalit Chiara Ferragni rikthehet n\u00eb rrjetet sociale\"}]},{\"@type\":\"WebSite\",\"@id\":\"https:\\\/\\\/blogin.al\\\/#website\",\"url\":\"https:\\\/\\\/blogin.al\\\/\",\"name\":\"blogin.al\",\"description\":\"\",\"publisher\":{\"@id\":\"https:\\\/\\\/blogin.al\\\/#organization\"},\"potentialAction\":[{\"@type\":\"SearchAction\",\"target\":{\"@type\":\"EntryPoint\",\"urlTemplate\":\"https:\\\/\\\/blogin.al\\\/?s={search_term_string}\"},\"query-input\":{\"@type\":\"PropertyValueSpecification\",\"valueRequired\":true,\"valueName\":\"search_term_string\"}}],\"inLanguage\":\"en-US\"},{\"@type\":\"Organization\",\"@id\":\"https:\\\/\\\/blogin.al\\\/#organization\",\"name\":\"BLOGIN.al\",\"url\":\"https:\\\/\\\/blogin.al\\\/\",\"logo\":{\"@type\":\"ImageObject\",\"inLanguage\":\"en-US\",\"@id\":\"https:\\\/\\\/blogin.al\\\/#\\\/schema\\\/logo\\\/image\\\/\",\"url\":\"https:\\\/\\\/blogin.al\\\/wp-content\\\/uploads\\\/2022\\\/05\\\/Untitled-2-01-e1652084456514.png\",\"contentUrl\":\"https:\\\/\\\/blogin.al\\\/wp-content\\\/uploads\\\/2022\\\/05\\\/Untitled-2-01-e1652084456514.png\",\"width\":3723,\"height\":1698,\"caption\":\"BLOGIN.al\"},\"image\":{\"@id\":\"https:\\\/\\\/blogin.al\\\/#\\\/schema\\\/logo\\\/image\\\/\"},\"sameAs\":[\"https:\\\/\\\/instagram.com\\\/blogin.al\\\/\"]},{\"@type\":\"Person\",\"@id\":\"https:\\\/\\\/blogin.al\\\/#\\\/schema\\\/person\\\/abdd56bc912cd511db877b852b115399\",\"name\":\"Blogin al\",\"image\":{\"@type\":\"ImageObject\",\"inLanguage\":\"en-US\",\"@id\":\"https:\\\/\\\/secure.gravatar.com\\\/avatar\\\/60d5661aee6e835fb13dc75d2204cd0c1d61bef2efd137c0083e59ef831e235e?s=96&d=mm&r=g\",\"url\":\"https:\\\/\\\/secure.gravatar.com\\\/avatar\\\/60d5661aee6e835fb13dc75d2204cd0c1d61bef2efd137c0083e59ef831e235e?s=96&d=mm&r=g\",\"contentUrl\":\"https:\\\/\\\/secure.gravatar.com\\\/avatar\\\/60d5661aee6e835fb13dc75d2204cd0c1d61bef2efd137c0083e59ef831e235e?s=96&d=mm&r=g\",\"caption\":\"Blogin al\"},\"sameAs\":[\"https:\\\/\\\/blogin.al\"],\"url\":\"https:\\\/\\\/blogin.al\\\/?author=2\"}]}<\/script>\n<!-- \/ Yoast SEO plugin. -->","yoast_head_json":{"title":"Pas skandalit Chiara Ferragni rikthehet n\u00eb rrjetet sociale - blogin.al","robots":{"index":"index","follow":"follow","max-snippet":"max-snippet:-1","max-image-preview":"max-image-preview:large","max-video-preview":"max-video-preview:-1"},"canonical":"https:\/\/blogin.al\/?p=41964","og_locale":"en_US","og_type":"article","og_title":"Pas skandalit Chiara Ferragni rikthehet n\u00eb rrjetet sociale - blogin.al","og_description":"Profili i saj \u00ebsht\u00eb ende i heshtur, por i bashk\u00ebshortit jo. Dhe k\u00ebshtu Chiara Ferragni shfaqet m\u00eb n\u00eb fund n\u00eb mediat sociale, n\u00eb videon e postuar nga Fedez n\u00eb mbr\u00ebmjen e nd\u00ebrrimit t\u00eb viteve. Pas daljes s\u00eb fundit t\u00eb influencueses, e trishtuar dhe e veshur n\u00eb gri p\u00ebr t\u00eb k\u00ebrkuar falje p\u00ebr afer\u00ebn :Pandoro&#8221;, pasoi [&hellip;]","og_url":"https:\/\/blogin.al\/?p=41964","og_site_name":"blogin.al","article_published_time":"2024-01-01T18:35:51+00:00","article_modified_time":"2024-01-01T18:37:07+00:00","og_image":[{"width":214,"height":132,"url":"https:\/\/blogin.al\/wp-content\/uploads\/2024\/01\/114010519-e2666799-0d55-4642-a3b6-6065266873c7.jpg","type":"image\/jpeg"}],"author":"Blogin al","twitter_card":"summary_large_image","twitter_misc":{"Written by":"Blogin al","Est. reading time":"2 minutes"},"schema":{"@context":"https:\/\/schema.org","@graph":[{"@type":"Article","@id":"https:\/\/blogin.al\/?p=41964#article","isPartOf":{"@id":"https:\/\/blogin.al\/?p=41964"},"author":{"name":"Blogin al","@id":"https:\/\/blogin.al\/#\/schema\/person\/abdd56bc912cd511db877b852b115399"},"headline":"Pas skandalit Chiara Ferragni rikthehet n\u00eb rrjetet sociale","datePublished":"2024-01-01T18:35:51+00:00","dateModified":"2024-01-01T18:37:07+00:00","mainEntityOfPage":{"@id":"https:\/\/blogin.al\/?p=41964"},"wordCount":415,"commentCount":0,"publisher":{"@id":"https:\/\/blogin.al\/#organization"},"image":{"@id":"https:\/\/blogin.al\/?p=41964#primaryimage"},"thumbnailUrl":"https:\/\/blogin.al\/wp-content\/uploads\/2024\/01\/114010519-e2666799-0d55-4642-a3b6-6065266873c7.jpg","articleSection":["SHOWBIZ"],"inLanguage":"en-US","potentialAction":[{"@type":"CommentAction","name":"Comment","target":["https:\/\/blogin.al\/?p=41964#respond"]}]},{"@type":"WebPage","@id":"https:\/\/blogin.al\/?p=41964","url":"https:\/\/blogin.al\/?p=41964","name":"Pas skandalit Chiara Ferragni rikthehet n\u00eb rrjetet sociale - blogin.al","isPartOf":{"@id":"https:\/\/blogin.al\/#website"},"primaryImageOfPage":{"@id":"https:\/\/blogin.al\/?p=41964#primaryimage"},"image":{"@id":"https:\/\/blogin.al\/?p=41964#primaryimage"},"thumbnailUrl":"https:\/\/blogin.al\/wp-content\/uploads\/2024\/01\/114010519-e2666799-0d55-4642-a3b6-6065266873c7.jpg","datePublished":"2024-01-01T18:35:51+00:00","dateModified":"2024-01-01T18:37:07+00:00","breadcrumb":{"@id":"https:\/\/blogin.al\/?p=41964#breadcrumb"},"inLanguage":"en-US","potentialAction":[{"@type":"ReadAction","target":["https:\/\/blogin.al\/?p=41964"]}]},{"@type":"ImageObject","inLanguage":"en-US","@id":"https:\/\/blogin.al\/?p=41964#primaryimage","url":"https:\/\/blogin.al\/wp-content\/uploads\/2024\/01\/114010519-e2666799-0d55-4642-a3b6-6065266873c7.jpg","contentUrl":"https:\/\/blogin.al\/wp-content\/uploads\/2024\/01\/114010519-e2666799-0d55-4642-a3b6-6065266873c7.jpg","width":214,"height":132},{"@type":"BreadcrumbList","@id":"https:\/\/blogin.al\/?p=41964#breadcrumb","itemListElement":[{"@type":"ListItem","position":1,"name":"Home","item":"https:\/\/blogin.al\/"},{"@type":"ListItem","position":2,"name":"Pas skandalit Chiara Ferragni rikthehet n\u00eb rrjetet sociale"}]},{"@type":"WebSite","@id":"https:\/\/blogin.al\/#website","url":"https:\/\/blogin.al\/","name":"blogin.al","description":"","publisher":{"@id":"https:\/\/blogin.al\/#organization"},"potentialAction":[{"@type":"SearchAction","target":{"@type":"EntryPoint","urlTemplate":"https:\/\/blogin.al\/?s={search_term_string}"},"query-input":{"@type":"PropertyValueSpecification","valueRequired":true,"valueName":"search_term_string"}}],"inLanguage":"en-US"},{"@type":"Organization","@id":"https:\/\/blogin.al\/#organization","name":"BLOGIN.al","url":"https:\/\/blogin.al\/","logo":{"@type":"ImageObject","inLanguage":"en-US","@id":"https:\/\/blogin.al\/#\/schema\/logo\/image\/","url":"https:\/\/blogin.al\/wp-content\/uploads\/2022\/05\/Untitled-2-01-e1652084456514.png","contentUrl":"https:\/\/blogin.al\/wp-content\/uploads\/2022\/05\/Untitled-2-01-e1652084456514.png","width":3723,"height":1698,"caption":"BLOGIN.al"},"image":{"@id":"https:\/\/blogin.al\/#\/schema\/logo\/image\/"},"sameAs":["https:\/\/instagram.com\/blogin.al\/"]},{"@type":"Person","@id":"https:\/\/blogin.al\/#\/schema\/person\/abdd56bc912cd511db877b852b115399","name":"Blogin al","image":{"@type":"ImageObject","inLanguage":"en-US","@id":"https:\/\/secure.gravatar.com\/avatar\/60d5661aee6e835fb13dc75d2204cd0c1d61bef2efd137c0083e59ef831e235e?s=96&d=mm&r=g","url":"https:\/\/secure.gravatar.com\/avatar\/60d5661aee6e835fb13dc75d2204cd0c1d61bef2efd137c0083e59ef831e235e?s=96&d=mm&r=g","contentUrl":"https:\/\/secure.gravatar.com\/avatar\/60d5661aee6e835fb13dc75d2204cd0c1d61bef2efd137c0083e59ef831e235e?s=96&d=mm&r=g","caption":"Blogin al"},"sameAs":["https:\/\/blogin.al"],"url":"https:\/\/blogin.al\/?author=2"}]}},"_links":{"self":[{"href":"https:\/\/blogin.al\/index.php?rest_route=\/wp\/v2\/posts\/41964","targetHints":{"allow":["GET"]}}],"collection":[{"href":"https:\/\/blogin.al\/index.php?rest_route=\/wp\/v2\/posts"}],"about":[{"href":"https:\/\/blogin.al\/index.php?rest_route=\/wp\/v2\/types\/post"}],"author":[{"embeddable":true,"href":"https:\/\/blogin.al\/index.php?rest_route=\/wp\/v2\/users\/2"}],"replies":[{"embeddable":true,"href":"https:\/\/blogin.al\/index.php?rest_route=%2Fwp%2Fv2%2Fcomments&post=41964"}],"version-history":[{"count":1,"href":"https:\/\/blogin.al\/index.php?rest_route=\/wp\/v2\/posts\/41964\/revisions"}],"predecessor-version":[{"id":41965,"href":"https:\/\/blogin.al\/index.php?rest_route=\/wp\/v2\/posts\/41964\/revisions\/41965"}],"wp:featuredmedia":[{"embeddable":true,"href":"https:\/\/blogin.al\/index.php?rest_route=\/wp\/v2\/media\/41963"}],"wp:attachment":[{"href":"https:\/\/blogin.al\/index.php?rest_route=%2Fwp%2Fv2%2Fmedia&parent=41964"}],"wp:term":[{"taxonomy":"category","embeddable":true,"href":"https:\/\/blogin.al\/index.php?rest_route=%2Fwp%2Fv2%2Fcategories&post=41964"},{"taxonomy":"post_tag","embeddable":true,"href":"https:\/\/blogin.al\/index.php?rest_route=%2Fwp%2Fv2%2Ftags&post=41964"}],"curies":[{"name":"wp","href":"https:\/\/api.w.org\/{rel}","templated":true}]}}