{"id":41984,"date":"2024-01-01T19:20:31","date_gmt":"2024-01-01T19:20:31","guid":{"rendered":"https:\/\/blogin.al\/?p=41984"},"modified":"2024-01-01T19:22:41","modified_gmt":"2024-01-01T19:22:41","slug":"pse-e-festojme-vitin-e-ri-me-1-janar","status":"publish","type":"post","link":"https:\/\/blogin.al\/?p=41984","title":{"rendered":"Pse e festojm\u00eb Vitin e Ri m\u00eb 1 Janar?"},"content":{"rendered":"\n<p>M\u00eb 1 janar mir\u00ebpret Vitin e Ri 2024 me premtimin p\u00ebr nj\u00eb t\u00eb ardhme m\u00eb t\u00eb begat\u00eb dhe m\u00eb t\u00eb ndritshme. N\u00eb k\u00ebt\u00eb dit\u00eb njer\u00ebzit mblidhen me miqt\u00eb dhe familjen n\u00eb 31 Dhjetor, nat\u00ebn e Vitit t\u00eb Ri, p\u00ebr t\u00eb festuar rastin e mrekulluesh\u00ebm me dhurata, festa dhe m\u00eb shum\u00eb.<br><br>Nga shfaqjet e p\u00ebrpunuara t\u00eb fishekzjarreve deri te mbledhjet intime familjare, traditat e Vitit t\u00eb Ri p\u00ebrmbledhin thelbin e lamtumir\u00ebs s\u00eb vjet\u00ebr dhe p\u00ebrqafimit t\u00eb premtimit t\u00eb s\u00eb res\u00eb.  Fillimi i nj\u00eb viti t\u00eb ri p\u00ebrfaq\u00ebson g\u00ebzim, forc\u00eb dhe optimiz\u00ebm p\u00ebr nj\u00eb t\u00eb ardhme m\u00eb t\u00eb mir\u00eb.<br><br>Por pse 1 Janari festohet si Viti i Ri?<\/p>\n\n\n\n<p>1 janari u vu re p\u00ebr her\u00eb t\u00eb par\u00eb si fillimi i vitit t\u00eb ri n\u00eb vitin 45 para Krishtit. Para k\u00ebsaj, kalendari romak filloi n\u00eb mars dhe zgjati 355 dit\u00eb. Pasi erdhi n\u00eb pushtet, diktatori romak Jul Cezari ndryshoi kalendarin. Pjes\u00ebrisht p\u00ebr t\u00eb nderuar adhuruesin e muajit, Janus, per\u00ebndia romake e fillimeve, dy fytyrat e t\u00eb cilit e lejonin t\u00eb shikonte p\u00ebrpara n\u00eb t\u00eb ardhmen si dhe mbrapsht n\u00eb t\u00eb kaluar\u00ebn, e b\u00ebri 1 janarin dit\u00ebn e par\u00eb t\u00eb vitit.<br><br>Megjithat\u00eb, ajo nuk u pranua gjer\u00ebsisht n\u00eb Evrop\u00eb deri n\u00eb mesin e shekullit t\u00eb 16-t\u00eb. Pas hyrjes s\u00eb krishterimit, 25 dhjetori, dita e lindjes s\u00eb Jezusit, u pranua dhe 1 janari, fillimi i vitit t\u00eb ri, u konsiderua pagan. Vet\u00ebm Papa Gregori ndryshoi kalendarin Julian p\u00ebr ta b\u00ebr\u00eb 1 janarin fillimin zyrtar t\u00eb vitit q\u00eb u pranua, shkruajn\u00eb mediat e huaja.<\/p>\n\n\n\n<p>P\u00ebr m\u00eb tep\u00ebr, mendohet se viti i ri filloi af\u00ebrsisht 2000 para Krishtit, ose mbi 4000 vjet m\u00eb par\u00eb, n\u00eb Babilonin\u00eb e lasht\u00eb. N\u00eb h\u00ebn\u00ebn e par\u00eb t\u00eb re pas ekuinoksit pranveror, zakonisht n\u00eb fund t\u00eb marsit, babilonasit festuan vitin e ri me nj\u00eb fest\u00eb 11-ditore t\u00eb quajtur Akitu, e cila p\u00ebrfshinte nj\u00eb ceremoni t\u00eb ve\u00e7ant\u00eb n\u00eb secil\u00ebn prej dit\u00ebve.<\/p>\n","protected":false},"excerpt":{"rendered":"<p>M\u00eb 1 janar mir\u00ebpret Vitin e Ri 2024 me premtimin p\u00ebr nj\u00eb t\u00eb ardhme m\u00eb t\u00eb begat\u00eb dhe m\u00eb t\u00eb ndritshme. N\u00eb k\u00ebt\u00eb dit\u00eb njer\u00ebzit mblidhen me miqt\u00eb dhe familjen n\u00eb 31 Dhjetor, nat\u00ebn e Vitit t\u00eb Ri, p\u00ebr t\u00eb festuar rastin e mrekulluesh\u00ebm me dhurata, festa dhe m\u00eb shum\u00eb. Nga shfaqjet e p\u00ebrpunuara t\u00eb [&hellip;]<\/p>\n","protected":false},"author":2,"featured_media":41983,"comment_status":"open","ping_status":"open","sticky":false,"template":"","format":"standard","meta":{"footnotes":""},"categories":[28],"tags":[],"class_list":{"0":"post-41984","1":"post","2":"type-post","3":"status-publish","4":"format-standard","5":"has-post-thumbnail","7":"category-lifestyle"},"yoast_head":"<!-- This site is optimized with the Yoast SEO plugin v27.4 - https:\/\/yoast.com\/product\/yoast-seo-wordpress\/ -->\n<title>Pse e festojm\u00eb Vitin e Ri m\u00eb 1 Janar? - blogin.al<\/title>\n<meta name=\"robots\" content=\"index, follow, max-snippet:-1, max-image-preview:large, max-video-preview:-1\" \/>\n<link rel=\"canonical\" href=\"https:\/\/blogin.al\/?p=41984\" \/>\n<meta property=\"og:locale\" content=\"en_US\" \/>\n<meta property=\"og:type\" content=\"article\" \/>\n<meta property=\"og:title\" content=\"Pse e festojm\u00eb Vitin e Ri m\u00eb 1 Janar? - blogin.al\" \/>\n<meta property=\"og:description\" content=\"M\u00eb 1 janar mir\u00ebpret Vitin e Ri 2024 me premtimin p\u00ebr nj\u00eb t\u00eb ardhme m\u00eb t\u00eb begat\u00eb dhe m\u00eb t\u00eb ndritshme. N\u00eb k\u00ebt\u00eb dit\u00eb njer\u00ebzit mblidhen me miqt\u00eb dhe familjen n\u00eb 31 Dhjetor, nat\u00ebn e Vitit t\u00eb Ri, p\u00ebr t\u00eb festuar rastin e mrekulluesh\u00ebm me dhurata, festa dhe m\u00eb shum\u00eb. Nga shfaqjet e p\u00ebrpunuara t\u00eb [&hellip;]\" \/>\n<meta property=\"og:url\" content=\"https:\/\/blogin.al\/?p=41984\" \/>\n<meta property=\"og:site_name\" content=\"blogin.al\" \/>\n<meta property=\"article:published_time\" content=\"2024-01-01T19:20:31+00:00\" \/>\n<meta property=\"article:modified_time\" content=\"2024-01-01T19:22:41+00:00\" \/>\n<meta property=\"og:image\" content=\"https:\/\/blogin.al\/wp-content\/uploads\/2024\/01\/sheshi-dekorime-viti-ri.jpg\" \/>\n\t<meta property=\"og:image:width\" content=\"898\" \/>\n\t<meta property=\"og:image:height\" content=\"492\" \/>\n\t<meta property=\"og:image:type\" content=\"image\/jpeg\" \/>\n<meta name=\"author\" content=\"Blogin al\" \/>\n<meta name=\"twitter:card\" content=\"summary_large_image\" \/>\n<meta name=\"twitter:label1\" content=\"Written by\" \/>\n\t<meta name=\"twitter:data1\" content=\"Blogin al\" \/>\n\t<meta name=\"twitter:label2\" content=\"Est. reading time\" \/>\n\t<meta name=\"twitter:data2\" content=\"2 minutes\" \/>\n<script type=\"application\/ld+json\" class=\"yoast-schema-graph\">{\"@context\":\"https:\\\/\\\/schema.org\",\"@graph\":[{\"@type\":\"Article\",\"@id\":\"https:\\\/\\\/blogin.al\\\/?p=41984#article\",\"isPartOf\":{\"@id\":\"https:\\\/\\\/blogin.al\\\/?p=41984\"},\"author\":{\"name\":\"Blogin al\",\"@id\":\"https:\\\/\\\/blogin.al\\\/#\\\/schema\\\/person\\\/abdd56bc912cd511db877b852b115399\"},\"headline\":\"Pse e festojm\u00eb Vitin e Ri m\u00eb 1 Janar?\",\"datePublished\":\"2024-01-01T19:20:31+00:00\",\"dateModified\":\"2024-01-01T19:22:41+00:00\",\"mainEntityOfPage\":{\"@id\":\"https:\\\/\\\/blogin.al\\\/?p=41984\"},\"wordCount\":342,\"commentCount\":0,\"publisher\":{\"@id\":\"https:\\\/\\\/blogin.al\\\/#organization\"},\"image\":{\"@id\":\"https:\\\/\\\/blogin.al\\\/?p=41984#primaryimage\"},\"thumbnailUrl\":\"https:\\\/\\\/blogin.al\\\/wp-content\\\/uploads\\\/2024\\\/01\\\/sheshi-dekorime-viti-ri.jpg\",\"articleSection\":[\"LIFESTYLE\"],\"inLanguage\":\"en-US\",\"potentialAction\":[{\"@type\":\"CommentAction\",\"name\":\"Comment\",\"target\":[\"https:\\\/\\\/blogin.al\\\/?p=41984#respond\"]}]},{\"@type\":\"WebPage\",\"@id\":\"https:\\\/\\\/blogin.al\\\/?p=41984\",\"url\":\"https:\\\/\\\/blogin.al\\\/?p=41984\",\"name\":\"Pse e festojm\u00eb Vitin e Ri m\u00eb 1 Janar? - blogin.al\",\"isPartOf\":{\"@id\":\"https:\\\/\\\/blogin.al\\\/#website\"},\"primaryImageOfPage\":{\"@id\":\"https:\\\/\\\/blogin.al\\\/?p=41984#primaryimage\"},\"image\":{\"@id\":\"https:\\\/\\\/blogin.al\\\/?p=41984#primaryimage\"},\"thumbnailUrl\":\"https:\\\/\\\/blogin.al\\\/wp-content\\\/uploads\\\/2024\\\/01\\\/sheshi-dekorime-viti-ri.jpg\",\"datePublished\":\"2024-01-01T19:20:31+00:00\",\"dateModified\":\"2024-01-01T19:22:41+00:00\",\"breadcrumb\":{\"@id\":\"https:\\\/\\\/blogin.al\\\/?p=41984#breadcrumb\"},\"inLanguage\":\"en-US\",\"potentialAction\":[{\"@type\":\"ReadAction\",\"target\":[\"https:\\\/\\\/blogin.al\\\/?p=41984\"]}]},{\"@type\":\"ImageObject\",\"inLanguage\":\"en-US\",\"@id\":\"https:\\\/\\\/blogin.al\\\/?p=41984#primaryimage\",\"url\":\"https:\\\/\\\/blogin.al\\\/wp-content\\\/uploads\\\/2024\\\/01\\\/sheshi-dekorime-viti-ri.jpg\",\"contentUrl\":\"https:\\\/\\\/blogin.al\\\/wp-content\\\/uploads\\\/2024\\\/01\\\/sheshi-dekorime-viti-ri.jpg\",\"width\":898,\"height\":492},{\"@type\":\"BreadcrumbList\",\"@id\":\"https:\\\/\\\/blogin.al\\\/?p=41984#breadcrumb\",\"itemListElement\":[{\"@type\":\"ListItem\",\"position\":1,\"name\":\"Home\",\"item\":\"https:\\\/\\\/blogin.al\\\/\"},{\"@type\":\"ListItem\",\"position\":2,\"name\":\"Pse e festojm\u00eb Vitin e Ri m\u00eb 1 Janar?\"}]},{\"@type\":\"WebSite\",\"@id\":\"https:\\\/\\\/blogin.al\\\/#website\",\"url\":\"https:\\\/\\\/blogin.al\\\/\",\"name\":\"blogin.al\",\"description\":\"\",\"publisher\":{\"@id\":\"https:\\\/\\\/blogin.al\\\/#organization\"},\"potentialAction\":[{\"@type\":\"SearchAction\",\"target\":{\"@type\":\"EntryPoint\",\"urlTemplate\":\"https:\\\/\\\/blogin.al\\\/?s={search_term_string}\"},\"query-input\":{\"@type\":\"PropertyValueSpecification\",\"valueRequired\":true,\"valueName\":\"search_term_string\"}}],\"inLanguage\":\"en-US\"},{\"@type\":\"Organization\",\"@id\":\"https:\\\/\\\/blogin.al\\\/#organization\",\"name\":\"BLOGIN.al\",\"url\":\"https:\\\/\\\/blogin.al\\\/\",\"logo\":{\"@type\":\"ImageObject\",\"inLanguage\":\"en-US\",\"@id\":\"https:\\\/\\\/blogin.al\\\/#\\\/schema\\\/logo\\\/image\\\/\",\"url\":\"https:\\\/\\\/blogin.al\\\/wp-content\\\/uploads\\\/2022\\\/05\\\/Untitled-2-01-e1652084456514.png\",\"contentUrl\":\"https:\\\/\\\/blogin.al\\\/wp-content\\\/uploads\\\/2022\\\/05\\\/Untitled-2-01-e1652084456514.png\",\"width\":3723,\"height\":1698,\"caption\":\"BLOGIN.al\"},\"image\":{\"@id\":\"https:\\\/\\\/blogin.al\\\/#\\\/schema\\\/logo\\\/image\\\/\"},\"sameAs\":[\"https:\\\/\\\/instagram.com\\\/blogin.al\\\/\"]},{\"@type\":\"Person\",\"@id\":\"https:\\\/\\\/blogin.al\\\/#\\\/schema\\\/person\\\/abdd56bc912cd511db877b852b115399\",\"name\":\"Blogin al\",\"image\":{\"@type\":\"ImageObject\",\"inLanguage\":\"en-US\",\"@id\":\"https:\\\/\\\/secure.gravatar.com\\\/avatar\\\/60d5661aee6e835fb13dc75d2204cd0c1d61bef2efd137c0083e59ef831e235e?s=96&d=mm&r=g\",\"url\":\"https:\\\/\\\/secure.gravatar.com\\\/avatar\\\/60d5661aee6e835fb13dc75d2204cd0c1d61bef2efd137c0083e59ef831e235e?s=96&d=mm&r=g\",\"contentUrl\":\"https:\\\/\\\/secure.gravatar.com\\\/avatar\\\/60d5661aee6e835fb13dc75d2204cd0c1d61bef2efd137c0083e59ef831e235e?s=96&d=mm&r=g\",\"caption\":\"Blogin al\"},\"sameAs\":[\"https:\\\/\\\/blogin.al\"],\"url\":\"https:\\\/\\\/blogin.al\\\/?author=2\"}]}<\/script>\n<!-- \/ Yoast SEO plugin. -->","yoast_head_json":{"title":"Pse e festojm\u00eb Vitin e Ri m\u00eb 1 Janar? - blogin.al","robots":{"index":"index","follow":"follow","max-snippet":"max-snippet:-1","max-image-preview":"max-image-preview:large","max-video-preview":"max-video-preview:-1"},"canonical":"https:\/\/blogin.al\/?p=41984","og_locale":"en_US","og_type":"article","og_title":"Pse e festojm\u00eb Vitin e Ri m\u00eb 1 Janar? - blogin.al","og_description":"M\u00eb 1 janar mir\u00ebpret Vitin e Ri 2024 me premtimin p\u00ebr nj\u00eb t\u00eb ardhme m\u00eb t\u00eb begat\u00eb dhe m\u00eb t\u00eb ndritshme. N\u00eb k\u00ebt\u00eb dit\u00eb njer\u00ebzit mblidhen me miqt\u00eb dhe familjen n\u00eb 31 Dhjetor, nat\u00ebn e Vitit t\u00eb Ri, p\u00ebr t\u00eb festuar rastin e mrekulluesh\u00ebm me dhurata, festa dhe m\u00eb shum\u00eb. Nga shfaqjet e p\u00ebrpunuara t\u00eb [&hellip;]","og_url":"https:\/\/blogin.al\/?p=41984","og_site_name":"blogin.al","article_published_time":"2024-01-01T19:20:31+00:00","article_modified_time":"2024-01-01T19:22:41+00:00","og_image":[{"width":898,"height":492,"url":"https:\/\/blogin.al\/wp-content\/uploads\/2024\/01\/sheshi-dekorime-viti-ri.jpg","type":"image\/jpeg"}],"author":"Blogin al","twitter_card":"summary_large_image","twitter_misc":{"Written by":"Blogin al","Est. reading time":"2 minutes"},"schema":{"@context":"https:\/\/schema.org","@graph":[{"@type":"Article","@id":"https:\/\/blogin.al\/?p=41984#article","isPartOf":{"@id":"https:\/\/blogin.al\/?p=41984"},"author":{"name":"Blogin al","@id":"https:\/\/blogin.al\/#\/schema\/person\/abdd56bc912cd511db877b852b115399"},"headline":"Pse e festojm\u00eb Vitin e Ri m\u00eb 1 Janar?","datePublished":"2024-01-01T19:20:31+00:00","dateModified":"2024-01-01T19:22:41+00:00","mainEntityOfPage":{"@id":"https:\/\/blogin.al\/?p=41984"},"wordCount":342,"commentCount":0,"publisher":{"@id":"https:\/\/blogin.al\/#organization"},"image":{"@id":"https:\/\/blogin.al\/?p=41984#primaryimage"},"thumbnailUrl":"https:\/\/blogin.al\/wp-content\/uploads\/2024\/01\/sheshi-dekorime-viti-ri.jpg","articleSection":["LIFESTYLE"],"inLanguage":"en-US","potentialAction":[{"@type":"CommentAction","name":"Comment","target":["https:\/\/blogin.al\/?p=41984#respond"]}]},{"@type":"WebPage","@id":"https:\/\/blogin.al\/?p=41984","url":"https:\/\/blogin.al\/?p=41984","name":"Pse e festojm\u00eb Vitin e Ri m\u00eb 1 Janar? - blogin.al","isPartOf":{"@id":"https:\/\/blogin.al\/#website"},"primaryImageOfPage":{"@id":"https:\/\/blogin.al\/?p=41984#primaryimage"},"image":{"@id":"https:\/\/blogin.al\/?p=41984#primaryimage"},"thumbnailUrl":"https:\/\/blogin.al\/wp-content\/uploads\/2024\/01\/sheshi-dekorime-viti-ri.jpg","datePublished":"2024-01-01T19:20:31+00:00","dateModified":"2024-01-01T19:22:41+00:00","breadcrumb":{"@id":"https:\/\/blogin.al\/?p=41984#breadcrumb"},"inLanguage":"en-US","potentialAction":[{"@type":"ReadAction","target":["https:\/\/blogin.al\/?p=41984"]}]},{"@type":"ImageObject","inLanguage":"en-US","@id":"https:\/\/blogin.al\/?p=41984#primaryimage","url":"https:\/\/blogin.al\/wp-content\/uploads\/2024\/01\/sheshi-dekorime-viti-ri.jpg","contentUrl":"https:\/\/blogin.al\/wp-content\/uploads\/2024\/01\/sheshi-dekorime-viti-ri.jpg","width":898,"height":492},{"@type":"BreadcrumbList","@id":"https:\/\/blogin.al\/?p=41984#breadcrumb","itemListElement":[{"@type":"ListItem","position":1,"name":"Home","item":"https:\/\/blogin.al\/"},{"@type":"ListItem","position":2,"name":"Pse e festojm\u00eb Vitin e Ri m\u00eb 1 Janar?"}]},{"@type":"WebSite","@id":"https:\/\/blogin.al\/#website","url":"https:\/\/blogin.al\/","name":"blogin.al","description":"","publisher":{"@id":"https:\/\/blogin.al\/#organization"},"potentialAction":[{"@type":"SearchAction","target":{"@type":"EntryPoint","urlTemplate":"https:\/\/blogin.al\/?s={search_term_string}"},"query-input":{"@type":"PropertyValueSpecification","valueRequired":true,"valueName":"search_term_string"}}],"inLanguage":"en-US"},{"@type":"Organization","@id":"https:\/\/blogin.al\/#organization","name":"BLOGIN.al","url":"https:\/\/blogin.al\/","logo":{"@type":"ImageObject","inLanguage":"en-US","@id":"https:\/\/blogin.al\/#\/schema\/logo\/image\/","url":"https:\/\/blogin.al\/wp-content\/uploads\/2022\/05\/Untitled-2-01-e1652084456514.png","contentUrl":"https:\/\/blogin.al\/wp-content\/uploads\/2022\/05\/Untitled-2-01-e1652084456514.png","width":3723,"height":1698,"caption":"BLOGIN.al"},"image":{"@id":"https:\/\/blogin.al\/#\/schema\/logo\/image\/"},"sameAs":["https:\/\/instagram.com\/blogin.al\/"]},{"@type":"Person","@id":"https:\/\/blogin.al\/#\/schema\/person\/abdd56bc912cd511db877b852b115399","name":"Blogin al","image":{"@type":"ImageObject","inLanguage":"en-US","@id":"https:\/\/secure.gravatar.com\/avatar\/60d5661aee6e835fb13dc75d2204cd0c1d61bef2efd137c0083e59ef831e235e?s=96&d=mm&r=g","url":"https:\/\/secure.gravatar.com\/avatar\/60d5661aee6e835fb13dc75d2204cd0c1d61bef2efd137c0083e59ef831e235e?s=96&d=mm&r=g","contentUrl":"https:\/\/secure.gravatar.com\/avatar\/60d5661aee6e835fb13dc75d2204cd0c1d61bef2efd137c0083e59ef831e235e?s=96&d=mm&r=g","caption":"Blogin al"},"sameAs":["https:\/\/blogin.al"],"url":"https:\/\/blogin.al\/?author=2"}]}},"_links":{"self":[{"href":"https:\/\/blogin.al\/index.php?rest_route=\/wp\/v2\/posts\/41984","targetHints":{"allow":["GET"]}}],"collection":[{"href":"https:\/\/blogin.al\/index.php?rest_route=\/wp\/v2\/posts"}],"about":[{"href":"https:\/\/blogin.al\/index.php?rest_route=\/wp\/v2\/types\/post"}],"author":[{"embeddable":true,"href":"https:\/\/blogin.al\/index.php?rest_route=\/wp\/v2\/users\/2"}],"replies":[{"embeddable":true,"href":"https:\/\/blogin.al\/index.php?rest_route=%2Fwp%2Fv2%2Fcomments&post=41984"}],"version-history":[{"count":1,"href":"https:\/\/blogin.al\/index.php?rest_route=\/wp\/v2\/posts\/41984\/revisions"}],"predecessor-version":[{"id":41985,"href":"https:\/\/blogin.al\/index.php?rest_route=\/wp\/v2\/posts\/41984\/revisions\/41985"}],"wp:featuredmedia":[{"embeddable":true,"href":"https:\/\/blogin.al\/index.php?rest_route=\/wp\/v2\/media\/41983"}],"wp:attachment":[{"href":"https:\/\/blogin.al\/index.php?rest_route=%2Fwp%2Fv2%2Fmedia&parent=41984"}],"wp:term":[{"taxonomy":"category","embeddable":true,"href":"https:\/\/blogin.al\/index.php?rest_route=%2Fwp%2Fv2%2Fcategories&post=41984"},{"taxonomy":"post_tag","embeddable":true,"href":"https:\/\/blogin.al\/index.php?rest_route=%2Fwp%2Fv2%2Ftags&post=41984"}],"curies":[{"name":"wp","href":"https:\/\/api.w.org\/{rel}","templated":true}]}}