{"id":42116,"date":"2024-01-05T08:03:18","date_gmt":"2024-01-05T08:03:18","guid":{"rendered":"https:\/\/blogin.al\/?p=42116"},"modified":"2024-01-05T09:14:18","modified_gmt":"2024-01-05T09:14:18","slug":"u-kritikua-per-deklaratat-e-saj-dojna-mema-reagon-per-here-te-pare-njerezit-nuk-jane-budallenj","status":"publish","type":"post","link":"https:\/\/blogin.al\/?p=42116","title":{"rendered":"U kritikua p\u00ebr deklaratat e saj, Dojna Mema reagon p\u00ebr her\u00eb t\u00eb par\u00eb: Njer\u00ebzit nuk jan\u00eb budallenj\u2026"},"content":{"rendered":"\n<p>Moderatorja e njohur Dojna Mema ka reaguar p\u00ebr her\u00eb t\u00eb par\u00eb pas kritikave q\u00eb mori nga disa personazhe t\u00eb njohura shqiptare p\u00ebr shkak t\u00eb disa deklaratave t\u00eb saj gjat\u00eb nj\u00eb interviste n\u00eb emisionin \u201cOxygen\u201d.<\/p>\n\n\n\n<p>Ajo tha q\u00eb \u00ebsht\u00eb nj\u00eb personazh i rritur n\u00eb bot\u00ebn e televizionit dhe po shfryt\u00ebzohet p\u00ebr t\u00eb marr\u00eb pak v\u00ebmendje.<\/p>\n\n\n\n<p><em>\u201cP\u00ebrsh\u00ebndetje t\u00eb gjith\u00ebve nj\u00eb vit i mbar\u00eb, kjo story shkon n\u00eb ve\u00e7anti si nj\u00eb falenderim p\u00ebr t\u00eb gjith\u00eb njer\u00ebzit q\u00eb kan\u00eb marr\u00eb koh\u00eb nga koha e tyre, p\u00ebr t\u00eb m\u00eb ndjekur, p\u00ebr t\u00eb m\u00eb shkruar, p\u00ebr t\u00eb m\u00eb vler\u00ebsuar dhe realisht ma keni mbushur zemr\u00ebn plot. Edhe mir\u00eb se erdh\u00ebt t\u00eb gjith\u00eb ju q\u00eb jeni t\u00eb rinj t\u00eb komunitetin tim t\u00eb instagramit. P\u00ebrsa i p\u00ebrket atyre q\u00eb flasin, lart\u00eb e posht\u00eb p\u00ebr hir t\u00eb t\u00eb folurit se do marrin pak v\u00ebmendje dhe kjo pun\u00eb \u00ebsht\u00eb e vjet\u00ebr sa bota, t\u00eb vazhdojn\u00eb, ta b\u00ebjn\u00eb. Fatmir\u00ebsisht un\u00eb jam nj\u00eb personazh jam rritur n\u00eb televizion q\u00eb nga mosha 21 vje\u00e7are kam qen\u00eb n\u00eb tv \u00e7do gj\u00eb \u00ebsht\u00eb publike, \u00e7do gj\u00eb \u00ebsht\u00eb leht\u00ebsisht e v\u00ebrtetueshme ndaj vazhdoni nxirrni foto, mesazhe, video, fraza nga konteksti televiziv dhe i show-t dhe p\u00ebrdorini si t\u00eb keni qejf se njer\u00ebzit nuk jan\u00eb budallenj\u201d,<\/em>&nbsp;tha ajo.<\/p>\n\n\n\n<figure class=\"wp-block-image size-large\"><img fetchpriority=\"high\" decoding=\"async\" width=\"498\" height=\"1024\" src=\"https:\/\/blogin.al\/wp-content\/uploads\/2024\/01\/screenshot_20240105-101918_instagram2724993156096540652-498x1024.jpg\" alt=\"\" class=\"wp-image-42118\" srcset=\"https:\/\/blogin.al\/wp-content\/uploads\/2024\/01\/screenshot_20240105-101918_instagram2724993156096540652-498x1024.jpg 498w, https:\/\/blogin.al\/wp-content\/uploads\/2024\/01\/screenshot_20240105-101918_instagram2724993156096540652-146x300.jpg 146w, https:\/\/blogin.al\/wp-content\/uploads\/2024\/01\/screenshot_20240105-101918_instagram2724993156096540652-768x1579.jpg 768w, https:\/\/blogin.al\/wp-content\/uploads\/2024\/01\/screenshot_20240105-101918_instagram2724993156096540652-747x1536.jpg 747w, https:\/\/blogin.al\/wp-content\/uploads\/2024\/01\/screenshot_20240105-101918_instagram2724993156096540652-150x308.jpg 150w, https:\/\/blogin.al\/wp-content\/uploads\/2024\/01\/screenshot_20240105-101918_instagram2724993156096540652-300x617.jpg 300w, https:\/\/blogin.al\/wp-content\/uploads\/2024\/01\/screenshot_20240105-101918_instagram2724993156096540652-696x1431.jpg 696w, https:\/\/blogin.al\/wp-content\/uploads\/2024\/01\/screenshot_20240105-101918_instagram2724993156096540652.jpg 973w\" sizes=\"(max-width: 498px) 100vw, 498px\" \/><\/figure>\n","protected":false},"excerpt":{"rendered":"<p>Moderatorja e njohur Dojna Mema ka reaguar p\u00ebr her\u00eb t\u00eb par\u00eb pas kritikave q\u00eb mori nga disa personazhe t\u00eb njohura shqiptare p\u00ebr shkak t\u00eb disa deklaratave t\u00eb saj gjat\u00eb nj\u00eb interviste n\u00eb emisionin \u201cOxygen\u201d. Ajo tha q\u00eb \u00ebsht\u00eb nj\u00eb personazh i rritur n\u00eb bot\u00ebn e televizionit dhe po shfryt\u00ebzohet p\u00ebr t\u00eb marr\u00eb pak v\u00ebmendje. \u201cP\u00ebrsh\u00ebndetje [&hellip;]<\/p>\n","protected":false},"author":2,"featured_media":42115,"comment_status":"open","ping_status":"open","sticky":false,"template":"","format":"standard","meta":{"footnotes":""},"categories":[33],"tags":[],"class_list":{"0":"post-42116","1":"post","2":"type-post","3":"status-publish","4":"format-standard","5":"has-post-thumbnail","7":"category-showbiz"},"yoast_head":"<!-- This site is optimized with the Yoast SEO plugin v27.5 - https:\/\/yoast.com\/product\/yoast-seo-wordpress\/ -->\n<title>U kritikua p\u00ebr deklaratat e saj, Dojna Mema reagon p\u00ebr her\u00eb t\u00eb par\u00eb: Njer\u00ebzit nuk jan\u00eb budallenj\u2026 - blogin.al<\/title>\n<meta name=\"robots\" content=\"index, follow, max-snippet:-1, max-image-preview:large, max-video-preview:-1\" \/>\n<link rel=\"canonical\" href=\"https:\/\/blogin.al\/?p=42116\" \/>\n<meta property=\"og:locale\" content=\"en_US\" \/>\n<meta property=\"og:type\" content=\"article\" \/>\n<meta property=\"og:title\" content=\"U kritikua p\u00ebr deklaratat e saj, Dojna Mema reagon p\u00ebr her\u00eb t\u00eb par\u00eb: Njer\u00ebzit nuk jan\u00eb budallenj\u2026 - blogin.al\" \/>\n<meta property=\"og:description\" content=\"Moderatorja e njohur Dojna Mema ka reaguar p\u00ebr her\u00eb t\u00eb par\u00eb pas kritikave q\u00eb mori nga disa personazhe t\u00eb njohura shqiptare p\u00ebr shkak t\u00eb disa deklaratave t\u00eb saj gjat\u00eb nj\u00eb interviste n\u00eb emisionin \u201cOxygen\u201d. Ajo tha q\u00eb \u00ebsht\u00eb nj\u00eb personazh i rritur n\u00eb bot\u00ebn e televizionit dhe po shfryt\u00ebzohet p\u00ebr t\u00eb marr\u00eb pak v\u00ebmendje. \u201cP\u00ebrsh\u00ebndetje [&hellip;]\" \/>\n<meta property=\"og:url\" content=\"https:\/\/blogin.al\/?p=42116\" \/>\n<meta property=\"og:site_name\" content=\"blogin.al\" \/>\n<meta property=\"article:published_time\" content=\"2024-01-05T08:03:18+00:00\" \/>\n<meta property=\"article:modified_time\" content=\"2024-01-05T09:14:18+00:00\" \/>\n<meta property=\"og:image\" content=\"https:\/\/blogin.al\/wp-content\/uploads\/2024\/01\/image_editor_output_image1421939945-1704441901294.jpg\" \/>\n\t<meta property=\"og:image:width\" content=\"1440\" \/>\n\t<meta property=\"og:image:height\" content=\"1458\" \/>\n\t<meta property=\"og:image:type\" content=\"image\/jpeg\" \/>\n<meta name=\"author\" content=\"Blogin al\" \/>\n<meta name=\"twitter:card\" content=\"summary_large_image\" \/>\n<meta name=\"twitter:label1\" content=\"Written by\" \/>\n\t<meta name=\"twitter:data1\" content=\"Blogin al\" \/>\n\t<meta name=\"twitter:label2\" content=\"Est. reading time\" \/>\n\t<meta name=\"twitter:data2\" content=\"1 minute\" \/>\n<script type=\"application\/ld+json\" class=\"yoast-schema-graph\">{\"@context\":\"https:\\\/\\\/schema.org\",\"@graph\":[{\"@type\":\"Article\",\"@id\":\"https:\\\/\\\/blogin.al\\\/?p=42116#article\",\"isPartOf\":{\"@id\":\"https:\\\/\\\/blogin.al\\\/?p=42116\"},\"author\":{\"name\":\"Blogin al\",\"@id\":\"https:\\\/\\\/blogin.al\\\/#\\\/schema\\\/person\\\/abdd56bc912cd511db877b852b115399\"},\"headline\":\"U kritikua p\u00ebr deklaratat e saj, Dojna Mema reagon p\u00ebr her\u00eb t\u00eb par\u00eb: Njer\u00ebzit nuk jan\u00eb budallenj\u2026\",\"datePublished\":\"2024-01-05T08:03:18+00:00\",\"dateModified\":\"2024-01-05T09:14:18+00:00\",\"mainEntityOfPage\":{\"@id\":\"https:\\\/\\\/blogin.al\\\/?p=42116\"},\"wordCount\":251,\"commentCount\":0,\"publisher\":{\"@id\":\"https:\\\/\\\/blogin.al\\\/#organization\"},\"image\":{\"@id\":\"https:\\\/\\\/blogin.al\\\/?p=42116#primaryimage\"},\"thumbnailUrl\":\"https:\\\/\\\/blogin.al\\\/wp-content\\\/uploads\\\/2024\\\/01\\\/image_editor_output_image1421939945-1704441901294.jpg\",\"articleSection\":[\"SHOWBIZ\"],\"inLanguage\":\"en-US\",\"potentialAction\":[{\"@type\":\"CommentAction\",\"name\":\"Comment\",\"target\":[\"https:\\\/\\\/blogin.al\\\/?p=42116#respond\"]}]},{\"@type\":\"WebPage\",\"@id\":\"https:\\\/\\\/blogin.al\\\/?p=42116\",\"url\":\"https:\\\/\\\/blogin.al\\\/?p=42116\",\"name\":\"U kritikua p\u00ebr deklaratat e saj, Dojna Mema reagon p\u00ebr her\u00eb t\u00eb par\u00eb: Njer\u00ebzit nuk jan\u00eb budallenj\u2026 - blogin.al\",\"isPartOf\":{\"@id\":\"https:\\\/\\\/blogin.al\\\/#website\"},\"primaryImageOfPage\":{\"@id\":\"https:\\\/\\\/blogin.al\\\/?p=42116#primaryimage\"},\"image\":{\"@id\":\"https:\\\/\\\/blogin.al\\\/?p=42116#primaryimage\"},\"thumbnailUrl\":\"https:\\\/\\\/blogin.al\\\/wp-content\\\/uploads\\\/2024\\\/01\\\/image_editor_output_image1421939945-1704441901294.jpg\",\"datePublished\":\"2024-01-05T08:03:18+00:00\",\"dateModified\":\"2024-01-05T09:14:18+00:00\",\"breadcrumb\":{\"@id\":\"https:\\\/\\\/blogin.al\\\/?p=42116#breadcrumb\"},\"inLanguage\":\"en-US\",\"potentialAction\":[{\"@type\":\"ReadAction\",\"target\":[\"https:\\\/\\\/blogin.al\\\/?p=42116\"]}]},{\"@type\":\"ImageObject\",\"inLanguage\":\"en-US\",\"@id\":\"https:\\\/\\\/blogin.al\\\/?p=42116#primaryimage\",\"url\":\"https:\\\/\\\/blogin.al\\\/wp-content\\\/uploads\\\/2024\\\/01\\\/image_editor_output_image1421939945-1704441901294.jpg\",\"contentUrl\":\"https:\\\/\\\/blogin.al\\\/wp-content\\\/uploads\\\/2024\\\/01\\\/image_editor_output_image1421939945-1704441901294.jpg\",\"width\":1440,\"height\":1458},{\"@type\":\"BreadcrumbList\",\"@id\":\"https:\\\/\\\/blogin.al\\\/?p=42116#breadcrumb\",\"itemListElement\":[{\"@type\":\"ListItem\",\"position\":1,\"name\":\"Home\",\"item\":\"https:\\\/\\\/blogin.al\\\/\"},{\"@type\":\"ListItem\",\"position\":2,\"name\":\"U kritikua p\u00ebr deklaratat e saj, Dojna Mema reagon p\u00ebr her\u00eb t\u00eb par\u00eb: Njer\u00ebzit nuk jan\u00eb budallenj\u2026\"}]},{\"@type\":\"WebSite\",\"@id\":\"https:\\\/\\\/blogin.al\\\/#website\",\"url\":\"https:\\\/\\\/blogin.al\\\/\",\"name\":\"blogin.al\",\"description\":\"\",\"publisher\":{\"@id\":\"https:\\\/\\\/blogin.al\\\/#organization\"},\"potentialAction\":[{\"@type\":\"SearchAction\",\"target\":{\"@type\":\"EntryPoint\",\"urlTemplate\":\"https:\\\/\\\/blogin.al\\\/?s={search_term_string}\"},\"query-input\":{\"@type\":\"PropertyValueSpecification\",\"valueRequired\":true,\"valueName\":\"search_term_string\"}}],\"inLanguage\":\"en-US\"},{\"@type\":\"Organization\",\"@id\":\"https:\\\/\\\/blogin.al\\\/#organization\",\"name\":\"BLOGIN.al\",\"url\":\"https:\\\/\\\/blogin.al\\\/\",\"logo\":{\"@type\":\"ImageObject\",\"inLanguage\":\"en-US\",\"@id\":\"https:\\\/\\\/blogin.al\\\/#\\\/schema\\\/logo\\\/image\\\/\",\"url\":\"https:\\\/\\\/blogin.al\\\/wp-content\\\/uploads\\\/2022\\\/05\\\/Untitled-2-01-e1652084456514.png\",\"contentUrl\":\"https:\\\/\\\/blogin.al\\\/wp-content\\\/uploads\\\/2022\\\/05\\\/Untitled-2-01-e1652084456514.png\",\"width\":3723,\"height\":1698,\"caption\":\"BLOGIN.al\"},\"image\":{\"@id\":\"https:\\\/\\\/blogin.al\\\/#\\\/schema\\\/logo\\\/image\\\/\"},\"sameAs\":[\"https:\\\/\\\/instagram.com\\\/blogin.al\\\/\"]},{\"@type\":\"Person\",\"@id\":\"https:\\\/\\\/blogin.al\\\/#\\\/schema\\\/person\\\/abdd56bc912cd511db877b852b115399\",\"name\":\"Blogin al\",\"image\":{\"@type\":\"ImageObject\",\"inLanguage\":\"en-US\",\"@id\":\"https:\\\/\\\/secure.gravatar.com\\\/avatar\\\/60d5661aee6e835fb13dc75d2204cd0c1d61bef2efd137c0083e59ef831e235e?s=96&d=mm&r=g\",\"url\":\"https:\\\/\\\/secure.gravatar.com\\\/avatar\\\/60d5661aee6e835fb13dc75d2204cd0c1d61bef2efd137c0083e59ef831e235e?s=96&d=mm&r=g\",\"contentUrl\":\"https:\\\/\\\/secure.gravatar.com\\\/avatar\\\/60d5661aee6e835fb13dc75d2204cd0c1d61bef2efd137c0083e59ef831e235e?s=96&d=mm&r=g\",\"caption\":\"Blogin al\"},\"sameAs\":[\"https:\\\/\\\/blogin.al\"],\"url\":\"https:\\\/\\\/blogin.al\\\/?author=2\"}]}<\/script>\n<!-- \/ Yoast SEO plugin. -->","yoast_head_json":{"title":"U kritikua p\u00ebr deklaratat e saj, Dojna Mema reagon p\u00ebr her\u00eb t\u00eb par\u00eb: Njer\u00ebzit nuk jan\u00eb budallenj\u2026 - blogin.al","robots":{"index":"index","follow":"follow","max-snippet":"max-snippet:-1","max-image-preview":"max-image-preview:large","max-video-preview":"max-video-preview:-1"},"canonical":"https:\/\/blogin.al\/?p=42116","og_locale":"en_US","og_type":"article","og_title":"U kritikua p\u00ebr deklaratat e saj, Dojna Mema reagon p\u00ebr her\u00eb t\u00eb par\u00eb: Njer\u00ebzit nuk jan\u00eb budallenj\u2026 - blogin.al","og_description":"Moderatorja e njohur Dojna Mema ka reaguar p\u00ebr her\u00eb t\u00eb par\u00eb pas kritikave q\u00eb mori nga disa personazhe t\u00eb njohura shqiptare p\u00ebr shkak t\u00eb disa deklaratave t\u00eb saj gjat\u00eb nj\u00eb interviste n\u00eb emisionin \u201cOxygen\u201d. Ajo tha q\u00eb \u00ebsht\u00eb nj\u00eb personazh i rritur n\u00eb bot\u00ebn e televizionit dhe po shfryt\u00ebzohet p\u00ebr t\u00eb marr\u00eb pak v\u00ebmendje. \u201cP\u00ebrsh\u00ebndetje [&hellip;]","og_url":"https:\/\/blogin.al\/?p=42116","og_site_name":"blogin.al","article_published_time":"2024-01-05T08:03:18+00:00","article_modified_time":"2024-01-05T09:14:18+00:00","og_image":[{"width":1440,"height":1458,"url":"https:\/\/blogin.al\/wp-content\/uploads\/2024\/01\/image_editor_output_image1421939945-1704441901294.jpg","type":"image\/jpeg"}],"author":"Blogin al","twitter_card":"summary_large_image","twitter_misc":{"Written by":"Blogin al","Est. reading time":"1 minute"},"schema":{"@context":"https:\/\/schema.org","@graph":[{"@type":"Article","@id":"https:\/\/blogin.al\/?p=42116#article","isPartOf":{"@id":"https:\/\/blogin.al\/?p=42116"},"author":{"name":"Blogin al","@id":"https:\/\/blogin.al\/#\/schema\/person\/abdd56bc912cd511db877b852b115399"},"headline":"U kritikua p\u00ebr deklaratat e saj, Dojna Mema reagon p\u00ebr her\u00eb t\u00eb par\u00eb: Njer\u00ebzit nuk jan\u00eb budallenj\u2026","datePublished":"2024-01-05T08:03:18+00:00","dateModified":"2024-01-05T09:14:18+00:00","mainEntityOfPage":{"@id":"https:\/\/blogin.al\/?p=42116"},"wordCount":251,"commentCount":0,"publisher":{"@id":"https:\/\/blogin.al\/#organization"},"image":{"@id":"https:\/\/blogin.al\/?p=42116#primaryimage"},"thumbnailUrl":"https:\/\/blogin.al\/wp-content\/uploads\/2024\/01\/image_editor_output_image1421939945-1704441901294.jpg","articleSection":["SHOWBIZ"],"inLanguage":"en-US","potentialAction":[{"@type":"CommentAction","name":"Comment","target":["https:\/\/blogin.al\/?p=42116#respond"]}]},{"@type":"WebPage","@id":"https:\/\/blogin.al\/?p=42116","url":"https:\/\/blogin.al\/?p=42116","name":"U kritikua p\u00ebr deklaratat e saj, Dojna Mema reagon p\u00ebr her\u00eb t\u00eb par\u00eb: Njer\u00ebzit nuk jan\u00eb budallenj\u2026 - blogin.al","isPartOf":{"@id":"https:\/\/blogin.al\/#website"},"primaryImageOfPage":{"@id":"https:\/\/blogin.al\/?p=42116#primaryimage"},"image":{"@id":"https:\/\/blogin.al\/?p=42116#primaryimage"},"thumbnailUrl":"https:\/\/blogin.al\/wp-content\/uploads\/2024\/01\/image_editor_output_image1421939945-1704441901294.jpg","datePublished":"2024-01-05T08:03:18+00:00","dateModified":"2024-01-05T09:14:18+00:00","breadcrumb":{"@id":"https:\/\/blogin.al\/?p=42116#breadcrumb"},"inLanguage":"en-US","potentialAction":[{"@type":"ReadAction","target":["https:\/\/blogin.al\/?p=42116"]}]},{"@type":"ImageObject","inLanguage":"en-US","@id":"https:\/\/blogin.al\/?p=42116#primaryimage","url":"https:\/\/blogin.al\/wp-content\/uploads\/2024\/01\/image_editor_output_image1421939945-1704441901294.jpg","contentUrl":"https:\/\/blogin.al\/wp-content\/uploads\/2024\/01\/image_editor_output_image1421939945-1704441901294.jpg","width":1440,"height":1458},{"@type":"BreadcrumbList","@id":"https:\/\/blogin.al\/?p=42116#breadcrumb","itemListElement":[{"@type":"ListItem","position":1,"name":"Home","item":"https:\/\/blogin.al\/"},{"@type":"ListItem","position":2,"name":"U kritikua p\u00ebr deklaratat e saj, Dojna Mema reagon p\u00ebr her\u00eb t\u00eb par\u00eb: Njer\u00ebzit nuk jan\u00eb budallenj\u2026"}]},{"@type":"WebSite","@id":"https:\/\/blogin.al\/#website","url":"https:\/\/blogin.al\/","name":"blogin.al","description":"","publisher":{"@id":"https:\/\/blogin.al\/#organization"},"potentialAction":[{"@type":"SearchAction","target":{"@type":"EntryPoint","urlTemplate":"https:\/\/blogin.al\/?s={search_term_string}"},"query-input":{"@type":"PropertyValueSpecification","valueRequired":true,"valueName":"search_term_string"}}],"inLanguage":"en-US"},{"@type":"Organization","@id":"https:\/\/blogin.al\/#organization","name":"BLOGIN.al","url":"https:\/\/blogin.al\/","logo":{"@type":"ImageObject","inLanguage":"en-US","@id":"https:\/\/blogin.al\/#\/schema\/logo\/image\/","url":"https:\/\/blogin.al\/wp-content\/uploads\/2022\/05\/Untitled-2-01-e1652084456514.png","contentUrl":"https:\/\/blogin.al\/wp-content\/uploads\/2022\/05\/Untitled-2-01-e1652084456514.png","width":3723,"height":1698,"caption":"BLOGIN.al"},"image":{"@id":"https:\/\/blogin.al\/#\/schema\/logo\/image\/"},"sameAs":["https:\/\/instagram.com\/blogin.al\/"]},{"@type":"Person","@id":"https:\/\/blogin.al\/#\/schema\/person\/abdd56bc912cd511db877b852b115399","name":"Blogin al","image":{"@type":"ImageObject","inLanguage":"en-US","@id":"https:\/\/secure.gravatar.com\/avatar\/60d5661aee6e835fb13dc75d2204cd0c1d61bef2efd137c0083e59ef831e235e?s=96&d=mm&r=g","url":"https:\/\/secure.gravatar.com\/avatar\/60d5661aee6e835fb13dc75d2204cd0c1d61bef2efd137c0083e59ef831e235e?s=96&d=mm&r=g","contentUrl":"https:\/\/secure.gravatar.com\/avatar\/60d5661aee6e835fb13dc75d2204cd0c1d61bef2efd137c0083e59ef831e235e?s=96&d=mm&r=g","caption":"Blogin al"},"sameAs":["https:\/\/blogin.al"],"url":"https:\/\/blogin.al\/?author=2"}]}},"_links":{"self":[{"href":"https:\/\/blogin.al\/index.php?rest_route=\/wp\/v2\/posts\/42116","targetHints":{"allow":["GET"]}}],"collection":[{"href":"https:\/\/blogin.al\/index.php?rest_route=\/wp\/v2\/posts"}],"about":[{"href":"https:\/\/blogin.al\/index.php?rest_route=\/wp\/v2\/types\/post"}],"author":[{"embeddable":true,"href":"https:\/\/blogin.al\/index.php?rest_route=\/wp\/v2\/users\/2"}],"replies":[{"embeddable":true,"href":"https:\/\/blogin.al\/index.php?rest_route=%2Fwp%2Fv2%2Fcomments&post=42116"}],"version-history":[{"count":2,"href":"https:\/\/blogin.al\/index.php?rest_route=\/wp\/v2\/posts\/42116\/revisions"}],"predecessor-version":[{"id":42119,"href":"https:\/\/blogin.al\/index.php?rest_route=\/wp\/v2\/posts\/42116\/revisions\/42119"}],"wp:featuredmedia":[{"embeddable":true,"href":"https:\/\/blogin.al\/index.php?rest_route=\/wp\/v2\/media\/42115"}],"wp:attachment":[{"href":"https:\/\/blogin.al\/index.php?rest_route=%2Fwp%2Fv2%2Fmedia&parent=42116"}],"wp:term":[{"taxonomy":"category","embeddable":true,"href":"https:\/\/blogin.al\/index.php?rest_route=%2Fwp%2Fv2%2Fcategories&post=42116"},{"taxonomy":"post_tag","embeddable":true,"href":"https:\/\/blogin.al\/index.php?rest_route=%2Fwp%2Fv2%2Ftags&post=42116"}],"curies":[{"name":"wp","href":"https:\/\/api.w.org\/{rel}","templated":true}]}}