{"id":42146,"date":"2024-01-05T18:36:21","date_gmt":"2024-01-05T18:36:21","guid":{"rendered":"https:\/\/blogin.al\/?p=42146"},"modified":"2024-01-05T18:36:22","modified_gmt":"2024-01-05T18:36:22","slug":"sdo-ta-fal-kurre-alketa-vejsiu-shperthen-ndaj-alfred-pezes-ti-nuk-di-te-jesh-njeri","status":"publish","type":"post","link":"https:\/\/blogin.al\/?p=42146","title":{"rendered":"&#8216;S&#8217;do ta fal kurr\u00eb&#8217;, Alketa Vejsiu shp\u00ebrthen ndaj Alfred Pez\u00ebs: Ti nuk di t\u00eb jesh njeri"},"content":{"rendered":"\n<p>Alketa Vejsiu i ka dh\u00ebn\u00eb sot mund\u00ebsin\u00eb ndjek\u00ebsve q\u00eb t&#8217;i b\u00ebjn\u00eb pyetje n\u00eb Instagram dhe dy prej tyre e kan\u00eb pyetur p\u00ebr Festivalin e K\u00ebng\u00ebs n\u00eb RTSH. Fillimisht Alketa u shpreh se do ta b\u00ebnte s\u00ebrish me shum\u00eb d\u00ebshir\u00eb festivalin, por n\u00ebse do t\u00eb nd\u00ebrrohej drejtori.&nbsp;<\/p>\n\n\n\n<p>Moderatorja ka kritikuar drejtorin aktual t\u00eb RTSH-s\u00eb, duke e shprehur se nuk do ta fal\u00eb kurr\u00eb.<\/p>\n\n\n\n<p>&#8220;Un\u00eb i zgjedh njer\u00ebzit q\u00eb punoj dhe kriteri nr. 1 \u00ebsht\u00eb \u201ct\u00eb jen\u00eb njer\u00ebz\u201d, shkruan Alketa.<\/p>\n\n\n\n<p>N\u00eb postimin e rradh\u00ebs ajo vazhdoi: \u201cS\u2019do ia fal kurr\u00eb drejtorit aktual at\u00eb q\u00eb i b\u00ebri gruas s\u00eb babait tim n\u00eb dit\u00ebt m\u00eb t\u00eb v\u00ebshtira. Edlira mori leje pa t\u00eb drejt\u00eb page dhe nd\u00ebrsa i sh\u00ebrbente nj\u00eb t\u00eb s\u00ebmuri q\u00eb luftonte me jet\u00ebn n\u00eb spital, edhe pasi lajm\u00ebroi, e hoq\u00ebn nga puna n\u00eb m\u00ebnyr\u00ebn m\u00eb t\u00eb sh\u00ebmtuar q\u00eb mund t\u00eb ekzistoj\u00eb. 32 vite pun\u00eb n\u00eb at\u00eb televizion. I ka hedhur n\u00eb gjyq dhe pretendon shum\u00eb paga dhe do ta fitoj\u00eb gjyqin, si shum\u00eb t\u00eb tjer\u00eb q\u00eb kishin t\u00eb nj\u00ebjtin fat dhe kan\u00eb ndjekur t\u00eb nj\u00ebjt\u00ebn rrug\u00eb ligjore. Koston e mban shteti shqiptar p\u00ebr shkeljet e drejtoresh\u00ebs s\u00eb DBNJ, Anila Agalliu, e cila nuk denjon t\u00eb kthej\u00eb as p\u00ebrgjigje, harron q\u00eb \u00ebsht\u00eb e p\u00ebrkohshme aty dhe nuk \u00ebsht\u00eb n\u00eb biznesin e saj privat q\u00eb t\u00eb b\u00ebj\u00eb \u00e7\u2019t\u00eb doj\u00eb\u201d.<\/p>\n\n\n\n<p>\u201cUn\u00eb i shmang polemikat, por m\u00eb duhet t\u00eb mbaj q\u00ebndrim publik sot. Kam lexuar shum\u00eb p\u00ebr Fredin k\u00ebt\u00eb koh\u00eb. T\u00eb gjith\u00eb ata q\u00eb e atakojn\u00eb nuk e kan\u00eb dritaren time, k\u00ebshtu q\u00eb po flas edhe p\u00ebr ata. Mos i shkel kurr\u00eb njer\u00ebzit q\u00eb t\u00eb shtruan rrug\u00ebn ku ec\u00ebn ti sot, Fred, me kostumin e nj\u00eb drejtori q\u00eb s\u2019di ta mbash e nuk t\u00eb shkon fare, se ti nuk di t\u00eb jesh njeri dhe ky \u00ebsht\u00eb kriteri i par\u00eb i njer\u00ebzve q\u00eb sjellin progress. At\u00eb pozicion pak njer\u00ebz mund ta din\u00eb ta mbajn\u00eb. Ti thjesht nuk je i denj\u00eb! T\u00eb rroft\u00eb xhaketa me shami\u00e7k\u00eb!\u201d.<\/p>\n\n\n\n<p>\u201cRastin e k\u00ebsaj gruaje t\u00eb mir\u00eb q\u00eb hoq\u00ebn nga puna do e b\u00ebj un\u00eb publik (edhe pse mori leje pa t\u00eb drejt\u00eb page, p\u00ebr emergjenc\u00eb fatkeq\u00ebsi) e paparashikuar me ligj dhe kjo m\u00eb mir\u00ebkuptoni, nuk \u00ebsht\u00eb revolt banale p\u00ebr \u00e7\u00ebshtje page, se at\u00eb do ta ket\u00eb sa t\u00eb ket\u00eb jet\u00ebn, por \u00e7\u00ebshtje dinjiteti dhe t\u00eb drejt\u00eb p\u00ebr at\u00eb nepotizmin q\u00eb ulet k\u00ebmb\u00ebkryq n\u00eb shum\u00eb institucione duke i hequr mund\u00ebsit\u00eb merit\u00ebs dhe kontributeve t\u00eb shum\u00eb njer\u00ebzve. T\u00eb shkosh n\u00eb pension me dinjitet, meq\u00eb ka punuar me korrektes\u00eb p\u00ebr 32 vjet, \u00ebsht\u00eb trofe i r\u00ebnd\u00ebsish\u00ebm, q\u00eb ti ia vodhe\u201d, shkruan Alketa.<\/p>\n\n\n\n<p>\u201cKarma \u00ebsht\u00eb nj\u00eb k*rv\u00eb, mos e harro, Alfred Peza! Ne t\u00eb gjith\u00eb e marrim at\u00eb q\u00eb meritojm\u00eb! Ka Zot!\u201d, p\u00ebrfundon moderatorja.<\/p>\n\n\n\n<figure class=\"wp-block-image is-style-default\"><img decoding=\"async\" src=\"https:\/\/media.dailyxing.com\/v.xing.al\/media3\/-640-0-screenshot-5-1704471030.jpg\" alt=\"'S'do ta fal kurr\u00eb', Alketa Vejsiu shp\u00ebrthen ndaj\"\/><\/figure>\n\n\n\n<figure class=\"wp-block-image is-style-default\"><img decoding=\"async\" src=\"https:\/\/media.dailyxing.com\/v.xing.al\/media3\/-640-0-screenshot-4-1704471030.jpg\" alt=\"'S'do ta fal kurr\u00eb', Alketa Vejsiu shp\u00ebrthen ndaj\"\/><\/figure>\n","protected":false},"excerpt":{"rendered":"<p>Alketa Vejsiu i ka dh\u00ebn\u00eb sot mund\u00ebsin\u00eb ndjek\u00ebsve q\u00eb t&#8217;i b\u00ebjn\u00eb pyetje n\u00eb Instagram dhe dy prej tyre e kan\u00eb pyetur p\u00ebr Festivalin e K\u00ebng\u00ebs n\u00eb RTSH. Fillimisht Alketa u shpreh se do ta b\u00ebnte s\u00ebrish me shum\u00eb d\u00ebshir\u00eb festivalin, por n\u00ebse do t\u00eb nd\u00ebrrohej drejtori.&nbsp; Moderatorja ka kritikuar drejtorin aktual t\u00eb RTSH-s\u00eb, duke e [&hellip;]<\/p>\n","protected":false},"author":2,"featured_media":7580,"comment_status":"open","ping_status":"open","sticky":false,"template":"","format":"standard","meta":{"footnotes":""},"categories":[33],"tags":[],"class_list":{"0":"post-42146","1":"post","2":"type-post","3":"status-publish","4":"format-standard","5":"has-post-thumbnail","7":"category-showbiz"},"yoast_head":"<!-- This site is optimized with the Yoast SEO plugin v27.5 - https:\/\/yoast.com\/product\/yoast-seo-wordpress\/ -->\n<title>&#039;S&#039;do ta fal kurr\u00eb&#039;, Alketa Vejsiu shp\u00ebrthen ndaj Alfred Pez\u00ebs: Ti nuk di t\u00eb jesh njeri - blogin.al<\/title>\n<meta name=\"robots\" content=\"index, follow, max-snippet:-1, max-image-preview:large, max-video-preview:-1\" \/>\n<link rel=\"canonical\" href=\"https:\/\/blogin.al\/?p=42146\" \/>\n<meta property=\"og:locale\" content=\"en_US\" \/>\n<meta property=\"og:type\" content=\"article\" \/>\n<meta property=\"og:title\" content=\"&#039;S&#039;do ta fal kurr\u00eb&#039;, Alketa Vejsiu shp\u00ebrthen ndaj Alfred Pez\u00ebs: Ti nuk di t\u00eb jesh njeri - blogin.al\" \/>\n<meta property=\"og:description\" content=\"Alketa Vejsiu i ka dh\u00ebn\u00eb sot mund\u00ebsin\u00eb ndjek\u00ebsve q\u00eb t&#8217;i b\u00ebjn\u00eb pyetje n\u00eb Instagram dhe dy prej tyre e kan\u00eb pyetur p\u00ebr Festivalin e K\u00ebng\u00ebs n\u00eb RTSH. Fillimisht Alketa u shpreh se do ta b\u00ebnte s\u00ebrish me shum\u00eb d\u00ebshir\u00eb festivalin, por n\u00ebse do t\u00eb nd\u00ebrrohej drejtori.&nbsp; Moderatorja ka kritikuar drejtorin aktual t\u00eb RTSH-s\u00eb, duke e [&hellip;]\" \/>\n<meta property=\"og:url\" content=\"https:\/\/blogin.al\/?p=42146\" \/>\n<meta property=\"og:site_name\" content=\"blogin.al\" \/>\n<meta property=\"article:published_time\" content=\"2024-01-05T18:36:21+00:00\" \/>\n<meta property=\"article:modified_time\" content=\"2024-01-05T18:36:22+00:00\" \/>\n<meta property=\"og:image\" content=\"https:\/\/blogin.al\/wp-content\/uploads\/2022\/06\/ALKETA.jpg\" \/>\n\t<meta property=\"og:image:width\" content=\"640\" \/>\n\t<meta property=\"og:image:height\" content=\"553\" \/>\n\t<meta property=\"og:image:type\" content=\"image\/jpeg\" \/>\n<meta name=\"author\" content=\"Blogin al\" \/>\n<meta name=\"twitter:card\" content=\"summary_large_image\" \/>\n<meta name=\"twitter:label1\" content=\"Written by\" \/>\n\t<meta name=\"twitter:data1\" content=\"Blogin al\" \/>\n\t<meta name=\"twitter:label2\" content=\"Est. reading time\" \/>\n\t<meta name=\"twitter:data2\" content=\"3 minutes\" \/>\n<script type=\"application\/ld+json\" class=\"yoast-schema-graph\">{\"@context\":\"https:\\\/\\\/schema.org\",\"@graph\":[{\"@type\":\"Article\",\"@id\":\"https:\\\/\\\/blogin.al\\\/?p=42146#article\",\"isPartOf\":{\"@id\":\"https:\\\/\\\/blogin.al\\\/?p=42146\"},\"author\":{\"name\":\"Blogin al\",\"@id\":\"https:\\\/\\\/blogin.al\\\/#\\\/schema\\\/person\\\/abdd56bc912cd511db877b852b115399\"},\"headline\":\"&#8216;S&#8217;do ta fal kurr\u00eb&#8217;, Alketa Vejsiu shp\u00ebrthen ndaj Alfred Pez\u00ebs: Ti nuk di t\u00eb jesh njeri\",\"datePublished\":\"2024-01-05T18:36:21+00:00\",\"dateModified\":\"2024-01-05T18:36:22+00:00\",\"mainEntityOfPage\":{\"@id\":\"https:\\\/\\\/blogin.al\\\/?p=42146\"},\"wordCount\":524,\"commentCount\":0,\"publisher\":{\"@id\":\"https:\\\/\\\/blogin.al\\\/#organization\"},\"image\":{\"@id\":\"https:\\\/\\\/blogin.al\\\/?p=42146#primaryimage\"},\"thumbnailUrl\":\"https:\\\/\\\/blogin.al\\\/wp-content\\\/uploads\\\/2022\\\/06\\\/ALKETA.jpg\",\"articleSection\":[\"SHOWBIZ\"],\"inLanguage\":\"en-US\",\"potentialAction\":[{\"@type\":\"CommentAction\",\"name\":\"Comment\",\"target\":[\"https:\\\/\\\/blogin.al\\\/?p=42146#respond\"]}]},{\"@type\":\"WebPage\",\"@id\":\"https:\\\/\\\/blogin.al\\\/?p=42146\",\"url\":\"https:\\\/\\\/blogin.al\\\/?p=42146\",\"name\":\"'S'do ta fal kurr\u00eb', Alketa Vejsiu shp\u00ebrthen ndaj Alfred Pez\u00ebs: Ti nuk di t\u00eb jesh njeri - blogin.al\",\"isPartOf\":{\"@id\":\"https:\\\/\\\/blogin.al\\\/#website\"},\"primaryImageOfPage\":{\"@id\":\"https:\\\/\\\/blogin.al\\\/?p=42146#primaryimage\"},\"image\":{\"@id\":\"https:\\\/\\\/blogin.al\\\/?p=42146#primaryimage\"},\"thumbnailUrl\":\"https:\\\/\\\/blogin.al\\\/wp-content\\\/uploads\\\/2022\\\/06\\\/ALKETA.jpg\",\"datePublished\":\"2024-01-05T18:36:21+00:00\",\"dateModified\":\"2024-01-05T18:36:22+00:00\",\"breadcrumb\":{\"@id\":\"https:\\\/\\\/blogin.al\\\/?p=42146#breadcrumb\"},\"inLanguage\":\"en-US\",\"potentialAction\":[{\"@type\":\"ReadAction\",\"target\":[\"https:\\\/\\\/blogin.al\\\/?p=42146\"]}]},{\"@type\":\"ImageObject\",\"inLanguage\":\"en-US\",\"@id\":\"https:\\\/\\\/blogin.al\\\/?p=42146#primaryimage\",\"url\":\"https:\\\/\\\/blogin.al\\\/wp-content\\\/uploads\\\/2022\\\/06\\\/ALKETA.jpg\",\"contentUrl\":\"https:\\\/\\\/blogin.al\\\/wp-content\\\/uploads\\\/2022\\\/06\\\/ALKETA.jpg\",\"width\":640,\"height\":553},{\"@type\":\"BreadcrumbList\",\"@id\":\"https:\\\/\\\/blogin.al\\\/?p=42146#breadcrumb\",\"itemListElement\":[{\"@type\":\"ListItem\",\"position\":1,\"name\":\"Home\",\"item\":\"https:\\\/\\\/blogin.al\\\/\"},{\"@type\":\"ListItem\",\"position\":2,\"name\":\"&#8216;S&#8217;do ta fal kurr\u00eb&#8217;, Alketa Vejsiu shp\u00ebrthen ndaj Alfred Pez\u00ebs: Ti nuk di t\u00eb jesh njeri\"}]},{\"@type\":\"WebSite\",\"@id\":\"https:\\\/\\\/blogin.al\\\/#website\",\"url\":\"https:\\\/\\\/blogin.al\\\/\",\"name\":\"blogin.al\",\"description\":\"\",\"publisher\":{\"@id\":\"https:\\\/\\\/blogin.al\\\/#organization\"},\"potentialAction\":[{\"@type\":\"SearchAction\",\"target\":{\"@type\":\"EntryPoint\",\"urlTemplate\":\"https:\\\/\\\/blogin.al\\\/?s={search_term_string}\"},\"query-input\":{\"@type\":\"PropertyValueSpecification\",\"valueRequired\":true,\"valueName\":\"search_term_string\"}}],\"inLanguage\":\"en-US\"},{\"@type\":\"Organization\",\"@id\":\"https:\\\/\\\/blogin.al\\\/#organization\",\"name\":\"BLOGIN.al\",\"url\":\"https:\\\/\\\/blogin.al\\\/\",\"logo\":{\"@type\":\"ImageObject\",\"inLanguage\":\"en-US\",\"@id\":\"https:\\\/\\\/blogin.al\\\/#\\\/schema\\\/logo\\\/image\\\/\",\"url\":\"https:\\\/\\\/blogin.al\\\/wp-content\\\/uploads\\\/2022\\\/05\\\/Untitled-2-01-e1652084456514.png\",\"contentUrl\":\"https:\\\/\\\/blogin.al\\\/wp-content\\\/uploads\\\/2022\\\/05\\\/Untitled-2-01-e1652084456514.png\",\"width\":3723,\"height\":1698,\"caption\":\"BLOGIN.al\"},\"image\":{\"@id\":\"https:\\\/\\\/blogin.al\\\/#\\\/schema\\\/logo\\\/image\\\/\"},\"sameAs\":[\"https:\\\/\\\/instagram.com\\\/blogin.al\\\/\"]},{\"@type\":\"Person\",\"@id\":\"https:\\\/\\\/blogin.al\\\/#\\\/schema\\\/person\\\/abdd56bc912cd511db877b852b115399\",\"name\":\"Blogin al\",\"image\":{\"@type\":\"ImageObject\",\"inLanguage\":\"en-US\",\"@id\":\"https:\\\/\\\/secure.gravatar.com\\\/avatar\\\/60d5661aee6e835fb13dc75d2204cd0c1d61bef2efd137c0083e59ef831e235e?s=96&d=mm&r=g\",\"url\":\"https:\\\/\\\/secure.gravatar.com\\\/avatar\\\/60d5661aee6e835fb13dc75d2204cd0c1d61bef2efd137c0083e59ef831e235e?s=96&d=mm&r=g\",\"contentUrl\":\"https:\\\/\\\/secure.gravatar.com\\\/avatar\\\/60d5661aee6e835fb13dc75d2204cd0c1d61bef2efd137c0083e59ef831e235e?s=96&d=mm&r=g\",\"caption\":\"Blogin al\"},\"sameAs\":[\"https:\\\/\\\/blogin.al\"],\"url\":\"https:\\\/\\\/blogin.al\\\/?author=2\"}]}<\/script>\n<!-- \/ Yoast SEO plugin. -->","yoast_head_json":{"title":"'S'do ta fal kurr\u00eb', Alketa Vejsiu shp\u00ebrthen ndaj Alfred Pez\u00ebs: Ti nuk di t\u00eb jesh njeri - blogin.al","robots":{"index":"index","follow":"follow","max-snippet":"max-snippet:-1","max-image-preview":"max-image-preview:large","max-video-preview":"max-video-preview:-1"},"canonical":"https:\/\/blogin.al\/?p=42146","og_locale":"en_US","og_type":"article","og_title":"'S'do ta fal kurr\u00eb', Alketa Vejsiu shp\u00ebrthen ndaj Alfred Pez\u00ebs: Ti nuk di t\u00eb jesh njeri - blogin.al","og_description":"Alketa Vejsiu i ka dh\u00ebn\u00eb sot mund\u00ebsin\u00eb ndjek\u00ebsve q\u00eb t&#8217;i b\u00ebjn\u00eb pyetje n\u00eb Instagram dhe dy prej tyre e kan\u00eb pyetur p\u00ebr Festivalin e K\u00ebng\u00ebs n\u00eb RTSH. Fillimisht Alketa u shpreh se do ta b\u00ebnte s\u00ebrish me shum\u00eb d\u00ebshir\u00eb festivalin, por n\u00ebse do t\u00eb nd\u00ebrrohej drejtori.&nbsp; Moderatorja ka kritikuar drejtorin aktual t\u00eb RTSH-s\u00eb, duke e [&hellip;]","og_url":"https:\/\/blogin.al\/?p=42146","og_site_name":"blogin.al","article_published_time":"2024-01-05T18:36:21+00:00","article_modified_time":"2024-01-05T18:36:22+00:00","og_image":[{"width":640,"height":553,"url":"https:\/\/blogin.al\/wp-content\/uploads\/2022\/06\/ALKETA.jpg","type":"image\/jpeg"}],"author":"Blogin al","twitter_card":"summary_large_image","twitter_misc":{"Written by":"Blogin al","Est. reading time":"3 minutes"},"schema":{"@context":"https:\/\/schema.org","@graph":[{"@type":"Article","@id":"https:\/\/blogin.al\/?p=42146#article","isPartOf":{"@id":"https:\/\/blogin.al\/?p=42146"},"author":{"name":"Blogin al","@id":"https:\/\/blogin.al\/#\/schema\/person\/abdd56bc912cd511db877b852b115399"},"headline":"&#8216;S&#8217;do ta fal kurr\u00eb&#8217;, Alketa Vejsiu shp\u00ebrthen ndaj Alfred Pez\u00ebs: Ti nuk di t\u00eb jesh njeri","datePublished":"2024-01-05T18:36:21+00:00","dateModified":"2024-01-05T18:36:22+00:00","mainEntityOfPage":{"@id":"https:\/\/blogin.al\/?p=42146"},"wordCount":524,"commentCount":0,"publisher":{"@id":"https:\/\/blogin.al\/#organization"},"image":{"@id":"https:\/\/blogin.al\/?p=42146#primaryimage"},"thumbnailUrl":"https:\/\/blogin.al\/wp-content\/uploads\/2022\/06\/ALKETA.jpg","articleSection":["SHOWBIZ"],"inLanguage":"en-US","potentialAction":[{"@type":"CommentAction","name":"Comment","target":["https:\/\/blogin.al\/?p=42146#respond"]}]},{"@type":"WebPage","@id":"https:\/\/blogin.al\/?p=42146","url":"https:\/\/blogin.al\/?p=42146","name":"'S'do ta fal kurr\u00eb', Alketa Vejsiu shp\u00ebrthen ndaj Alfred Pez\u00ebs: Ti nuk di t\u00eb jesh njeri - blogin.al","isPartOf":{"@id":"https:\/\/blogin.al\/#website"},"primaryImageOfPage":{"@id":"https:\/\/blogin.al\/?p=42146#primaryimage"},"image":{"@id":"https:\/\/blogin.al\/?p=42146#primaryimage"},"thumbnailUrl":"https:\/\/blogin.al\/wp-content\/uploads\/2022\/06\/ALKETA.jpg","datePublished":"2024-01-05T18:36:21+00:00","dateModified":"2024-01-05T18:36:22+00:00","breadcrumb":{"@id":"https:\/\/blogin.al\/?p=42146#breadcrumb"},"inLanguage":"en-US","potentialAction":[{"@type":"ReadAction","target":["https:\/\/blogin.al\/?p=42146"]}]},{"@type":"ImageObject","inLanguage":"en-US","@id":"https:\/\/blogin.al\/?p=42146#primaryimage","url":"https:\/\/blogin.al\/wp-content\/uploads\/2022\/06\/ALKETA.jpg","contentUrl":"https:\/\/blogin.al\/wp-content\/uploads\/2022\/06\/ALKETA.jpg","width":640,"height":553},{"@type":"BreadcrumbList","@id":"https:\/\/blogin.al\/?p=42146#breadcrumb","itemListElement":[{"@type":"ListItem","position":1,"name":"Home","item":"https:\/\/blogin.al\/"},{"@type":"ListItem","position":2,"name":"&#8216;S&#8217;do ta fal kurr\u00eb&#8217;, Alketa Vejsiu shp\u00ebrthen ndaj Alfred Pez\u00ebs: Ti nuk di t\u00eb jesh njeri"}]},{"@type":"WebSite","@id":"https:\/\/blogin.al\/#website","url":"https:\/\/blogin.al\/","name":"blogin.al","description":"","publisher":{"@id":"https:\/\/blogin.al\/#organization"},"potentialAction":[{"@type":"SearchAction","target":{"@type":"EntryPoint","urlTemplate":"https:\/\/blogin.al\/?s={search_term_string}"},"query-input":{"@type":"PropertyValueSpecification","valueRequired":true,"valueName":"search_term_string"}}],"inLanguage":"en-US"},{"@type":"Organization","@id":"https:\/\/blogin.al\/#organization","name":"BLOGIN.al","url":"https:\/\/blogin.al\/","logo":{"@type":"ImageObject","inLanguage":"en-US","@id":"https:\/\/blogin.al\/#\/schema\/logo\/image\/","url":"https:\/\/blogin.al\/wp-content\/uploads\/2022\/05\/Untitled-2-01-e1652084456514.png","contentUrl":"https:\/\/blogin.al\/wp-content\/uploads\/2022\/05\/Untitled-2-01-e1652084456514.png","width":3723,"height":1698,"caption":"BLOGIN.al"},"image":{"@id":"https:\/\/blogin.al\/#\/schema\/logo\/image\/"},"sameAs":["https:\/\/instagram.com\/blogin.al\/"]},{"@type":"Person","@id":"https:\/\/blogin.al\/#\/schema\/person\/abdd56bc912cd511db877b852b115399","name":"Blogin al","image":{"@type":"ImageObject","inLanguage":"en-US","@id":"https:\/\/secure.gravatar.com\/avatar\/60d5661aee6e835fb13dc75d2204cd0c1d61bef2efd137c0083e59ef831e235e?s=96&d=mm&r=g","url":"https:\/\/secure.gravatar.com\/avatar\/60d5661aee6e835fb13dc75d2204cd0c1d61bef2efd137c0083e59ef831e235e?s=96&d=mm&r=g","contentUrl":"https:\/\/secure.gravatar.com\/avatar\/60d5661aee6e835fb13dc75d2204cd0c1d61bef2efd137c0083e59ef831e235e?s=96&d=mm&r=g","caption":"Blogin al"},"sameAs":["https:\/\/blogin.al"],"url":"https:\/\/blogin.al\/?author=2"}]}},"_links":{"self":[{"href":"https:\/\/blogin.al\/index.php?rest_route=\/wp\/v2\/posts\/42146","targetHints":{"allow":["GET"]}}],"collection":[{"href":"https:\/\/blogin.al\/index.php?rest_route=\/wp\/v2\/posts"}],"about":[{"href":"https:\/\/blogin.al\/index.php?rest_route=\/wp\/v2\/types\/post"}],"author":[{"embeddable":true,"href":"https:\/\/blogin.al\/index.php?rest_route=\/wp\/v2\/users\/2"}],"replies":[{"embeddable":true,"href":"https:\/\/blogin.al\/index.php?rest_route=%2Fwp%2Fv2%2Fcomments&post=42146"}],"version-history":[{"count":1,"href":"https:\/\/blogin.al\/index.php?rest_route=\/wp\/v2\/posts\/42146\/revisions"}],"predecessor-version":[{"id":42147,"href":"https:\/\/blogin.al\/index.php?rest_route=\/wp\/v2\/posts\/42146\/revisions\/42147"}],"wp:featuredmedia":[{"embeddable":true,"href":"https:\/\/blogin.al\/index.php?rest_route=\/wp\/v2\/media\/7580"}],"wp:attachment":[{"href":"https:\/\/blogin.al\/index.php?rest_route=%2Fwp%2Fv2%2Fmedia&parent=42146"}],"wp:term":[{"taxonomy":"category","embeddable":true,"href":"https:\/\/blogin.al\/index.php?rest_route=%2Fwp%2Fv2%2Fcategories&post=42146"},{"taxonomy":"post_tag","embeddable":true,"href":"https:\/\/blogin.al\/index.php?rest_route=%2Fwp%2Fv2%2Ftags&post=42146"}],"curies":[{"name":"wp","href":"https:\/\/api.w.org\/{rel}","templated":true}]}}