{"id":42178,"date":"2024-01-06T14:02:29","date_gmt":"2024-01-06T14:02:29","guid":{"rendered":"https:\/\/blogin.al\/?p=42178"},"modified":"2024-01-06T14:02:32","modified_gmt":"2024-01-06T14:02:32","slug":"nga-shtatzenia-e-kiares-tek-perplasjet-me-ermal-mamaqin-luiz-ejlli-flet-per-jeten-private","status":"publish","type":"post","link":"https:\/\/blogin.al\/?p=42178","title":{"rendered":"Nga shtatz\u00ebnia e Kiar\u00ebs, tek p\u00ebrplasjet me Ermal Mamaqin, Luiz Ejlli flet p\u00ebr jet\u00ebn private"},"content":{"rendered":"\n<p>Luiz Ejlli e ka nisur vitin 2024, duke folur m\u00eb shum\u00eb p\u00ebr planet e tij si n\u00eb jet\u00ebn private, ashtu edhe at\u00eb profesionale. Artisti, n\u00eb nj\u00eb nd\u00ebr intervistat e tij t\u00eb rralla, ka zbuluar jet\u00ebn e re, tashm\u00eb si baba n\u00eb pritje, por nuk ka l\u00ebn\u00eb pa p\u00ebrmendur as armiq\u00ebsit\u00eb e reja.<\/p>\n\n\n\n<p>Edhe pse u insistua nga moderator\u00ebt e programit, ai nuk tregoi p\u00ebr emrin q\u00eb do t\u2019i vendosin vajz\u00ebs q\u00eb pritet t\u00eb vij\u00eb n\u00eb jet\u00eb.<\/p>\n\n\n\n<p>\u201cAi f\u00ebmij\u00eb \u00ebsht\u00eb i joni, por e ndjej se \u00ebsht\u00eb edhe nj\u00eb pjes\u00eb shum\u00eb e madhe e shqiptar\u00ebve se q\u00eb prej fillimit. Un\u00eb e shikoj q\u00eb kan\u00eb ardhur koh\u00eb t\u00eb v\u00ebshtira, du me ia v\u00ebn emrin skedin\u00eb q\u00eb t\u00eb mos e kap\u00eb kush kurr\u00eb. Ju keni p\u00ebr ta provu edhe vet\u00eb, pjesa m\u00eb e bukur n\u00eb t\u00eb gjith\u00eb k\u00ebt\u00eb \u00ebsht\u00eb q\u00eb kur t\u00eb thot\u00eb bashk\u00ebshortja, n\u00eb k\u00ebt\u00eb rast Kiara q\u00eb thot\u00eb zem\u00ebr si do ia v\u00ebm\u00eb emrin, t\u00eb pyet kot, ajo e ka ndar\u00eb mendjen, gjoja kot ta dhash\u00eb nj\u00eb alternativ\u00eb.<\/p>\n\n\n\n<p>Ju duhet t\u00eb pyesni Kiar\u00ebn, un\u00eb i kam th\u00ebn\u00eb vet\u00ebm kaq, vet\u00ebm t\u00eb jesh ti mir\u00eb, t\u00eb jet\u00eb vajza mir\u00eb, un\u00eb s\u2019do e th\u00ebrras kurr\u00eb n\u00eb em\u00ebr sido q\u00eb t\u2019ia vesh ti, ajo do t\u00eb jet\u00eb gjithmon\u00eb princesha e bab\u00ebs, vija ti si t\u00eb t\u00eb vij\u00eb m\u00eb mbar\u00eb\u201d, tha ai.<\/p>\n\n\n\n<p>Luiz Ejlli nuk la pa prekur edhe spektaklin q\u00eb e ktheu n\u00eb personazhin m\u00eb t\u00eb komentuar nga publiku.<\/p>\n\n\n\n<p>\u201cVit i madh p\u00ebr mua \u00ebsht\u00eb vet\u00ebm 2024 sepse b\u00ebhem bab\u00eb, e di i madh dhe i vog\u00ebl \u00ebsht\u00eb nj\u00eb emocion i jasht\u00ebzakonsh\u00ebm, m\u00eb ka ndryshuar jet\u00ebn. N\u00eb vitin 2024 do t\u00eb jem me njeriun e jet\u00ebs dhe me vajz\u00ebn ton\u00eb\u201d, u shpreh Luizi.<\/p>\n\n\n\n<p>Nj\u00eb debat virtual \u00ebsht\u00eb krijuar mes tij dhe Ermal Mamaqit, ndaj fituesi i \u201cBig Brother\u201d, nuk mund ta linte me aq. Pak koh\u00eb m\u00eb par\u00eb Ermal Mamaqi ishte i ftuar n\u00eb nj\u00eb program televiziv ku teksa u pyet p\u00ebr aft\u00ebsit\u00eb e Luiz Ejllit n\u00eb aktrim, dha nj\u00eb p\u00ebrgjigje ironike. Ai u p\u00ebrgjigj se Luizi \u00ebsht\u00eb aktor m\u00eb i mir\u00eb sesa k\u00ebng\u00ebtar, deklarat\u00eb q\u00eb nuk u prit mir\u00eb nga fansat e k\u00ebng\u00ebtarit. Ky i fundit ishte i ftuar n\u00eb t\u00eb nj\u00ebjtin program, ku ia ktheu flak\u00eb p\u00ebr flak\u00eb Ermalit.<\/p>\n\n\n\n<p>\u201cUn\u00eb nuk jam i k\u00ebsaj fushe q\u00eb t\u00eb them jam aktor i mir\u00eb apo jo, por mund t\u00eb them realisht q\u00eb edhe ai \u00ebsht\u00eb shkrimtar shum\u00eb m\u00eb i mir\u00eb sesa humorist. Sepse e mbaj mend kur ka qen\u00eb panairi i librit, ka pas shkruar nj\u00eb lib\u00ebr ky edhe isha duke pir\u00eb kafe, pash\u00eb nj\u00ebrin q\u00eb kaloi me librin e tij n\u00eb dor\u00eb. Duke e ndjekur me sy shkoi u ul n\u00eb trotuar, nxorri stolin e filloi duke i grisur faqet t\u00eb shiste g\u00ebshtenja\u201d, ia ktheu Luizi po me ironi.<\/p>\n\n\n\n<p>I pyetur n\u00ebse do t\u00eb kthehet e \u00ebma n\u00eb Shqip\u00ebri p\u00ebr t\u2019i rritur vajz\u00ebn, Luizi tha q\u00eb p\u00ebr momentin ajo ndodhet jasht\u00eb vendit n\u00ebn kujdesin e mjek\u00ebve, megjith\u00ebse sipas tij n\u00ebna gjithmon\u00eb i thoshte q\u00eb t\u00eb b\u00ebj\u00eb nj\u00eb f\u00ebmij\u00eb p\u00ebr t\u2019ia rritur ajo.<\/p>\n\n\n\n<p>\u201cN\u00ebna p\u00ebr momentin \u00ebsht\u00eb n\u00ebn kujdesin e mjek\u00ebve, atje \u00ebsht\u00eb af\u00ebr motr\u00ebs. Gjithmon\u00eb m\u00eb thoshte b\u00ebje nj\u00eb f\u00ebmij\u00eb q\u00eb ta rris un\u00eb, tani i them jepi erdhi koha\u201d, tha ai.<\/p>\n\n\n\n<p>Nga ana tjet\u00ebr, k\u00ebng\u00ebtari nuk la pa p\u00ebrmendur edhe babain e tij t\u00eb ndjer\u00eb, ku mes lot\u00ebsh Luizi tha se \u00ebsht\u00eb i gatsh\u00ebm t\u00eb l\u00ebr\u00eb \u00e7do gj\u00eb q\u00eb ka arritur vet\u00ebm q\u00eb ta takoj\u00eb 5 minuta p\u00ebr ta par\u00eb se ku ka arritur i biri.<\/p>\n\n\n\n<p>\u201cJam gati t\u00eb l\u00eb \u00e7do gj\u00eb, q\u00eb askush t\u00eb mos m\u00eb njoh n\u00eb rrug\u00eb vet\u00ebm t\u00eb takoja babain tim 5 minuta t\u00eb shikonte se \u00e7far\u00eb kam sot, ku kam arritur\u201d, u shpreh ai i p\u00ebrlotur.<\/p>\n","protected":false},"excerpt":{"rendered":"<p>Luiz Ejlli e ka nisur vitin 2024, duke folur m\u00eb shum\u00eb p\u00ebr planet e tij si n\u00eb jet\u00ebn private, ashtu edhe at\u00eb profesionale. Artisti, n\u00eb nj\u00eb nd\u00ebr intervistat e tij t\u00eb rralla, ka zbuluar jet\u00ebn e re, tashm\u00eb si baba n\u00eb pritje, por nuk ka l\u00ebn\u00eb pa p\u00ebrmendur as armiq\u00ebsit\u00eb e reja. Edhe pse u [&hellip;]<\/p>\n","protected":false},"author":2,"featured_media":31941,"comment_status":"open","ping_status":"open","sticky":false,"template":"","format":"standard","meta":{"footnotes":""},"categories":[33],"tags":[],"class_list":{"0":"post-42178","1":"post","2":"type-post","3":"status-publish","4":"format-standard","5":"has-post-thumbnail","7":"category-showbiz"},"yoast_head":"<!-- This site is optimized with the Yoast SEO plugin v27.5 - https:\/\/yoast.com\/product\/yoast-seo-wordpress\/ -->\n<title>Nga shtatz\u00ebnia e Kiar\u00ebs, tek p\u00ebrplasjet me Ermal Mamaqin, Luiz Ejlli flet p\u00ebr jet\u00ebn private - blogin.al<\/title>\n<meta name=\"robots\" content=\"index, follow, max-snippet:-1, max-image-preview:large, max-video-preview:-1\" \/>\n<link rel=\"canonical\" href=\"https:\/\/blogin.al\/?p=42178\" \/>\n<meta property=\"og:locale\" content=\"en_US\" \/>\n<meta property=\"og:type\" content=\"article\" \/>\n<meta property=\"og:title\" content=\"Nga shtatz\u00ebnia e Kiar\u00ebs, tek p\u00ebrplasjet me Ermal Mamaqin, Luiz Ejlli flet p\u00ebr jet\u00ebn private - blogin.al\" \/>\n<meta property=\"og:description\" content=\"Luiz Ejlli e ka nisur vitin 2024, duke folur m\u00eb shum\u00eb p\u00ebr planet e tij si n\u00eb jet\u00ebn private, ashtu edhe at\u00eb profesionale. Artisti, n\u00eb nj\u00eb nd\u00ebr intervistat e tij t\u00eb rralla, ka zbuluar jet\u00ebn e re, tashm\u00eb si baba n\u00eb pritje, por nuk ka l\u00ebn\u00eb pa p\u00ebrmendur as armiq\u00ebsit\u00eb e reja. Edhe pse u [&hellip;]\" \/>\n<meta property=\"og:url\" content=\"https:\/\/blogin.al\/?p=42178\" \/>\n<meta property=\"og:site_name\" content=\"blogin.al\" \/>\n<meta property=\"article:published_time\" content=\"2024-01-06T14:02:29+00:00\" \/>\n<meta property=\"article:modified_time\" content=\"2024-01-06T14:02:32+00:00\" \/>\n<meta property=\"og:image\" content=\"https:\/\/blogin.al\/wp-content\/uploads\/2023\/05\/20230526_151738-1.jpg\" \/>\n\t<meta property=\"og:image:width\" content=\"1440\" \/>\n\t<meta property=\"og:image:height\" content=\"1547\" \/>\n\t<meta property=\"og:image:type\" content=\"image\/jpeg\" \/>\n<meta name=\"author\" content=\"Blogin al\" \/>\n<meta name=\"twitter:card\" content=\"summary_large_image\" \/>\n<meta name=\"twitter:label1\" content=\"Written by\" \/>\n\t<meta name=\"twitter:data1\" content=\"Blogin al\" \/>\n\t<meta name=\"twitter:label2\" content=\"Est. reading time\" \/>\n\t<meta name=\"twitter:data2\" content=\"3 minutes\" \/>\n<script type=\"application\/ld+json\" class=\"yoast-schema-graph\">{\"@context\":\"https:\\\/\\\/schema.org\",\"@graph\":[{\"@type\":\"Article\",\"@id\":\"https:\\\/\\\/blogin.al\\\/?p=42178#article\",\"isPartOf\":{\"@id\":\"https:\\\/\\\/blogin.al\\\/?p=42178\"},\"author\":{\"name\":\"Blogin al\",\"@id\":\"https:\\\/\\\/blogin.al\\\/#\\\/schema\\\/person\\\/abdd56bc912cd511db877b852b115399\"},\"headline\":\"Nga shtatz\u00ebnia e Kiar\u00ebs, tek p\u00ebrplasjet me Ermal Mamaqin, Luiz Ejlli flet p\u00ebr jet\u00ebn private\",\"datePublished\":\"2024-01-06T14:02:29+00:00\",\"dateModified\":\"2024-01-06T14:02:32+00:00\",\"mainEntityOfPage\":{\"@id\":\"https:\\\/\\\/blogin.al\\\/?p=42178\"},\"wordCount\":710,\"commentCount\":0,\"publisher\":{\"@id\":\"https:\\\/\\\/blogin.al\\\/#organization\"},\"image\":{\"@id\":\"https:\\\/\\\/blogin.al\\\/?p=42178#primaryimage\"},\"thumbnailUrl\":\"https:\\\/\\\/blogin.al\\\/wp-content\\\/uploads\\\/2023\\\/05\\\/20230526_151738-1.jpg\",\"articleSection\":[\"SHOWBIZ\"],\"inLanguage\":\"en-US\",\"potentialAction\":[{\"@type\":\"CommentAction\",\"name\":\"Comment\",\"target\":[\"https:\\\/\\\/blogin.al\\\/?p=42178#respond\"]}]},{\"@type\":\"WebPage\",\"@id\":\"https:\\\/\\\/blogin.al\\\/?p=42178\",\"url\":\"https:\\\/\\\/blogin.al\\\/?p=42178\",\"name\":\"Nga shtatz\u00ebnia e Kiar\u00ebs, tek p\u00ebrplasjet me Ermal Mamaqin, Luiz Ejlli flet p\u00ebr jet\u00ebn private - blogin.al\",\"isPartOf\":{\"@id\":\"https:\\\/\\\/blogin.al\\\/#website\"},\"primaryImageOfPage\":{\"@id\":\"https:\\\/\\\/blogin.al\\\/?p=42178#primaryimage\"},\"image\":{\"@id\":\"https:\\\/\\\/blogin.al\\\/?p=42178#primaryimage\"},\"thumbnailUrl\":\"https:\\\/\\\/blogin.al\\\/wp-content\\\/uploads\\\/2023\\\/05\\\/20230526_151738-1.jpg\",\"datePublished\":\"2024-01-06T14:02:29+00:00\",\"dateModified\":\"2024-01-06T14:02:32+00:00\",\"breadcrumb\":{\"@id\":\"https:\\\/\\\/blogin.al\\\/?p=42178#breadcrumb\"},\"inLanguage\":\"en-US\",\"potentialAction\":[{\"@type\":\"ReadAction\",\"target\":[\"https:\\\/\\\/blogin.al\\\/?p=42178\"]}]},{\"@type\":\"ImageObject\",\"inLanguage\":\"en-US\",\"@id\":\"https:\\\/\\\/blogin.al\\\/?p=42178#primaryimage\",\"url\":\"https:\\\/\\\/blogin.al\\\/wp-content\\\/uploads\\\/2023\\\/05\\\/20230526_151738-1.jpg\",\"contentUrl\":\"https:\\\/\\\/blogin.al\\\/wp-content\\\/uploads\\\/2023\\\/05\\\/20230526_151738-1.jpg\",\"width\":1440,\"height\":1547},{\"@type\":\"BreadcrumbList\",\"@id\":\"https:\\\/\\\/blogin.al\\\/?p=42178#breadcrumb\",\"itemListElement\":[{\"@type\":\"ListItem\",\"position\":1,\"name\":\"Home\",\"item\":\"https:\\\/\\\/blogin.al\\\/\"},{\"@type\":\"ListItem\",\"position\":2,\"name\":\"Nga shtatz\u00ebnia e Kiar\u00ebs, tek p\u00ebrplasjet me Ermal Mamaqin, Luiz Ejlli flet p\u00ebr jet\u00ebn private\"}]},{\"@type\":\"WebSite\",\"@id\":\"https:\\\/\\\/blogin.al\\\/#website\",\"url\":\"https:\\\/\\\/blogin.al\\\/\",\"name\":\"blogin.al\",\"description\":\"\",\"publisher\":{\"@id\":\"https:\\\/\\\/blogin.al\\\/#organization\"},\"potentialAction\":[{\"@type\":\"SearchAction\",\"target\":{\"@type\":\"EntryPoint\",\"urlTemplate\":\"https:\\\/\\\/blogin.al\\\/?s={search_term_string}\"},\"query-input\":{\"@type\":\"PropertyValueSpecification\",\"valueRequired\":true,\"valueName\":\"search_term_string\"}}],\"inLanguage\":\"en-US\"},{\"@type\":\"Organization\",\"@id\":\"https:\\\/\\\/blogin.al\\\/#organization\",\"name\":\"BLOGIN.al\",\"url\":\"https:\\\/\\\/blogin.al\\\/\",\"logo\":{\"@type\":\"ImageObject\",\"inLanguage\":\"en-US\",\"@id\":\"https:\\\/\\\/blogin.al\\\/#\\\/schema\\\/logo\\\/image\\\/\",\"url\":\"https:\\\/\\\/blogin.al\\\/wp-content\\\/uploads\\\/2022\\\/05\\\/Untitled-2-01-e1652084456514.png\",\"contentUrl\":\"https:\\\/\\\/blogin.al\\\/wp-content\\\/uploads\\\/2022\\\/05\\\/Untitled-2-01-e1652084456514.png\",\"width\":3723,\"height\":1698,\"caption\":\"BLOGIN.al\"},\"image\":{\"@id\":\"https:\\\/\\\/blogin.al\\\/#\\\/schema\\\/logo\\\/image\\\/\"},\"sameAs\":[\"https:\\\/\\\/instagram.com\\\/blogin.al\\\/\"]},{\"@type\":\"Person\",\"@id\":\"https:\\\/\\\/blogin.al\\\/#\\\/schema\\\/person\\\/abdd56bc912cd511db877b852b115399\",\"name\":\"Blogin al\",\"image\":{\"@type\":\"ImageObject\",\"inLanguage\":\"en-US\",\"@id\":\"https:\\\/\\\/secure.gravatar.com\\\/avatar\\\/60d5661aee6e835fb13dc75d2204cd0c1d61bef2efd137c0083e59ef831e235e?s=96&d=mm&r=g\",\"url\":\"https:\\\/\\\/secure.gravatar.com\\\/avatar\\\/60d5661aee6e835fb13dc75d2204cd0c1d61bef2efd137c0083e59ef831e235e?s=96&d=mm&r=g\",\"contentUrl\":\"https:\\\/\\\/secure.gravatar.com\\\/avatar\\\/60d5661aee6e835fb13dc75d2204cd0c1d61bef2efd137c0083e59ef831e235e?s=96&d=mm&r=g\",\"caption\":\"Blogin al\"},\"sameAs\":[\"https:\\\/\\\/blogin.al\"],\"url\":\"https:\\\/\\\/blogin.al\\\/?author=2\"}]}<\/script>\n<!-- \/ Yoast SEO plugin. -->","yoast_head_json":{"title":"Nga shtatz\u00ebnia e Kiar\u00ebs, tek p\u00ebrplasjet me Ermal Mamaqin, Luiz Ejlli flet p\u00ebr jet\u00ebn private - blogin.al","robots":{"index":"index","follow":"follow","max-snippet":"max-snippet:-1","max-image-preview":"max-image-preview:large","max-video-preview":"max-video-preview:-1"},"canonical":"https:\/\/blogin.al\/?p=42178","og_locale":"en_US","og_type":"article","og_title":"Nga shtatz\u00ebnia e Kiar\u00ebs, tek p\u00ebrplasjet me Ermal Mamaqin, Luiz Ejlli flet p\u00ebr jet\u00ebn private - blogin.al","og_description":"Luiz Ejlli e ka nisur vitin 2024, duke folur m\u00eb shum\u00eb p\u00ebr planet e tij si n\u00eb jet\u00ebn private, ashtu edhe at\u00eb profesionale. Artisti, n\u00eb nj\u00eb nd\u00ebr intervistat e tij t\u00eb rralla, ka zbuluar jet\u00ebn e re, tashm\u00eb si baba n\u00eb pritje, por nuk ka l\u00ebn\u00eb pa p\u00ebrmendur as armiq\u00ebsit\u00eb e reja. Edhe pse u [&hellip;]","og_url":"https:\/\/blogin.al\/?p=42178","og_site_name":"blogin.al","article_published_time":"2024-01-06T14:02:29+00:00","article_modified_time":"2024-01-06T14:02:32+00:00","og_image":[{"width":1440,"height":1547,"url":"https:\/\/blogin.al\/wp-content\/uploads\/2023\/05\/20230526_151738-1.jpg","type":"image\/jpeg"}],"author":"Blogin al","twitter_card":"summary_large_image","twitter_misc":{"Written by":"Blogin al","Est. reading time":"3 minutes"},"schema":{"@context":"https:\/\/schema.org","@graph":[{"@type":"Article","@id":"https:\/\/blogin.al\/?p=42178#article","isPartOf":{"@id":"https:\/\/blogin.al\/?p=42178"},"author":{"name":"Blogin al","@id":"https:\/\/blogin.al\/#\/schema\/person\/abdd56bc912cd511db877b852b115399"},"headline":"Nga shtatz\u00ebnia e Kiar\u00ebs, tek p\u00ebrplasjet me Ermal Mamaqin, Luiz Ejlli flet p\u00ebr jet\u00ebn private","datePublished":"2024-01-06T14:02:29+00:00","dateModified":"2024-01-06T14:02:32+00:00","mainEntityOfPage":{"@id":"https:\/\/blogin.al\/?p=42178"},"wordCount":710,"commentCount":0,"publisher":{"@id":"https:\/\/blogin.al\/#organization"},"image":{"@id":"https:\/\/blogin.al\/?p=42178#primaryimage"},"thumbnailUrl":"https:\/\/blogin.al\/wp-content\/uploads\/2023\/05\/20230526_151738-1.jpg","articleSection":["SHOWBIZ"],"inLanguage":"en-US","potentialAction":[{"@type":"CommentAction","name":"Comment","target":["https:\/\/blogin.al\/?p=42178#respond"]}]},{"@type":"WebPage","@id":"https:\/\/blogin.al\/?p=42178","url":"https:\/\/blogin.al\/?p=42178","name":"Nga shtatz\u00ebnia e Kiar\u00ebs, tek p\u00ebrplasjet me Ermal Mamaqin, Luiz Ejlli flet p\u00ebr jet\u00ebn private - blogin.al","isPartOf":{"@id":"https:\/\/blogin.al\/#website"},"primaryImageOfPage":{"@id":"https:\/\/blogin.al\/?p=42178#primaryimage"},"image":{"@id":"https:\/\/blogin.al\/?p=42178#primaryimage"},"thumbnailUrl":"https:\/\/blogin.al\/wp-content\/uploads\/2023\/05\/20230526_151738-1.jpg","datePublished":"2024-01-06T14:02:29+00:00","dateModified":"2024-01-06T14:02:32+00:00","breadcrumb":{"@id":"https:\/\/blogin.al\/?p=42178#breadcrumb"},"inLanguage":"en-US","potentialAction":[{"@type":"ReadAction","target":["https:\/\/blogin.al\/?p=42178"]}]},{"@type":"ImageObject","inLanguage":"en-US","@id":"https:\/\/blogin.al\/?p=42178#primaryimage","url":"https:\/\/blogin.al\/wp-content\/uploads\/2023\/05\/20230526_151738-1.jpg","contentUrl":"https:\/\/blogin.al\/wp-content\/uploads\/2023\/05\/20230526_151738-1.jpg","width":1440,"height":1547},{"@type":"BreadcrumbList","@id":"https:\/\/blogin.al\/?p=42178#breadcrumb","itemListElement":[{"@type":"ListItem","position":1,"name":"Home","item":"https:\/\/blogin.al\/"},{"@type":"ListItem","position":2,"name":"Nga shtatz\u00ebnia e Kiar\u00ebs, tek p\u00ebrplasjet me Ermal Mamaqin, Luiz Ejlli flet p\u00ebr jet\u00ebn private"}]},{"@type":"WebSite","@id":"https:\/\/blogin.al\/#website","url":"https:\/\/blogin.al\/","name":"blogin.al","description":"","publisher":{"@id":"https:\/\/blogin.al\/#organization"},"potentialAction":[{"@type":"SearchAction","target":{"@type":"EntryPoint","urlTemplate":"https:\/\/blogin.al\/?s={search_term_string}"},"query-input":{"@type":"PropertyValueSpecification","valueRequired":true,"valueName":"search_term_string"}}],"inLanguage":"en-US"},{"@type":"Organization","@id":"https:\/\/blogin.al\/#organization","name":"BLOGIN.al","url":"https:\/\/blogin.al\/","logo":{"@type":"ImageObject","inLanguage":"en-US","@id":"https:\/\/blogin.al\/#\/schema\/logo\/image\/","url":"https:\/\/blogin.al\/wp-content\/uploads\/2022\/05\/Untitled-2-01-e1652084456514.png","contentUrl":"https:\/\/blogin.al\/wp-content\/uploads\/2022\/05\/Untitled-2-01-e1652084456514.png","width":3723,"height":1698,"caption":"BLOGIN.al"},"image":{"@id":"https:\/\/blogin.al\/#\/schema\/logo\/image\/"},"sameAs":["https:\/\/instagram.com\/blogin.al\/"]},{"@type":"Person","@id":"https:\/\/blogin.al\/#\/schema\/person\/abdd56bc912cd511db877b852b115399","name":"Blogin al","image":{"@type":"ImageObject","inLanguage":"en-US","@id":"https:\/\/secure.gravatar.com\/avatar\/60d5661aee6e835fb13dc75d2204cd0c1d61bef2efd137c0083e59ef831e235e?s=96&d=mm&r=g","url":"https:\/\/secure.gravatar.com\/avatar\/60d5661aee6e835fb13dc75d2204cd0c1d61bef2efd137c0083e59ef831e235e?s=96&d=mm&r=g","contentUrl":"https:\/\/secure.gravatar.com\/avatar\/60d5661aee6e835fb13dc75d2204cd0c1d61bef2efd137c0083e59ef831e235e?s=96&d=mm&r=g","caption":"Blogin al"},"sameAs":["https:\/\/blogin.al"],"url":"https:\/\/blogin.al\/?author=2"}]}},"_links":{"self":[{"href":"https:\/\/blogin.al\/index.php?rest_route=\/wp\/v2\/posts\/42178","targetHints":{"allow":["GET"]}}],"collection":[{"href":"https:\/\/blogin.al\/index.php?rest_route=\/wp\/v2\/posts"}],"about":[{"href":"https:\/\/blogin.al\/index.php?rest_route=\/wp\/v2\/types\/post"}],"author":[{"embeddable":true,"href":"https:\/\/blogin.al\/index.php?rest_route=\/wp\/v2\/users\/2"}],"replies":[{"embeddable":true,"href":"https:\/\/blogin.al\/index.php?rest_route=%2Fwp%2Fv2%2Fcomments&post=42178"}],"version-history":[{"count":1,"href":"https:\/\/blogin.al\/index.php?rest_route=\/wp\/v2\/posts\/42178\/revisions"}],"predecessor-version":[{"id":42179,"href":"https:\/\/blogin.al\/index.php?rest_route=\/wp\/v2\/posts\/42178\/revisions\/42179"}],"wp:featuredmedia":[{"embeddable":true,"href":"https:\/\/blogin.al\/index.php?rest_route=\/wp\/v2\/media\/31941"}],"wp:attachment":[{"href":"https:\/\/blogin.al\/index.php?rest_route=%2Fwp%2Fv2%2Fmedia&parent=42178"}],"wp:term":[{"taxonomy":"category","embeddable":true,"href":"https:\/\/blogin.al\/index.php?rest_route=%2Fwp%2Fv2%2Fcategories&post=42178"},{"taxonomy":"post_tag","embeddable":true,"href":"https:\/\/blogin.al\/index.php?rest_route=%2Fwp%2Fv2%2Ftags&post=42178"}],"curies":[{"name":"wp","href":"https:\/\/api.w.org\/{rel}","templated":true}]}}