{"id":42183,"date":"2024-01-06T14:27:36","date_gmt":"2024-01-06T14:27:36","guid":{"rendered":"https:\/\/blogin.al\/?p=42183"},"modified":"2024-01-06T14:27:37","modified_gmt":"2024-01-06T14:27:37","slug":"rita-ora-shpreh-deshiren-per-te-bashkepunuar-me-dua-lipen","status":"publish","type":"post","link":"https:\/\/blogin.al\/?p=42183","title":{"rendered":"Rita Ora shpreh d\u00ebshir\u00ebn p\u00ebr t\u00eb bashk\u00ebpunuar me Dua Lip\u00ebn"},"content":{"rendered":"\n<p>Rita Ora i ka hedhur p\u00ebrfundimisht posht\u00eb thashethemet p\u00ebr nj\u00eb \u201csherr\u201d mes saj dhe Dua Lip\u00ebs, duke shprehur d\u00ebshir\u00ebn p\u00ebr t\u00eb bashk\u00ebpunuar me Dua Lip\u00ebn dhe dy artiste t\u00eb tjera britanike.<\/p>\n\n\n\n<p>K\u00ebng\u00ebtarja 33-vjecare \u00ebsht\u00eb optimiste rreth mund\u00ebsis\u00eb p\u00ebr t\u00eb punuar s\u00eb bashku p\u00ebr nj\u00eb projekt t\u00eb ri muzikor me Dua, Bebe Rexha dhe Ava Max, me t\u00eb cilat ka t\u00eb nj\u00ebjt\u00ebn origjin\u00eb.<\/p>\n\n\n\n<p>Duke folur rreth spekulimeve mbi nj\u00eb revalitet me Duan, n\u00eb nj\u00eb intervist\u00eb t\u00eb dh\u00ebn\u00eb s\u00eb fundmi p\u00ebr podcastin \u201cNot Skinny But Not Fat\u201d, drejtuar nga Amanda Hirsch, Rita diskutoi rreth d\u00ebshir\u00ebs p\u00ebr nj\u00eb bashk\u00ebpunim.<\/p>\n\n\n\n<p>Amanda theksoi prezenc\u00ebn e r\u00ebnd\u00ebsishme t\u00eb artisteve shqiptare n\u00eb industrin\u00eb e muzik\u00ebs, p\u00ebr t\u00eb cil\u00ebn Rita u p\u00ebrgjigj tep\u00ebr pozitivisht, duke treguar ndryshimin pozitiv q\u00eb ka ndodhur q\u00eb nga koha kur ajo nisi karrier\u00ebn e saj n\u00eb vitin 2012, ku artistet shqiptaren ishin t\u00eb pakta n\u00eb num\u00ebr.<\/p>\n\n\n\n<p>E pyetur n\u00ebse Rita \u00ebsht\u00eb krahasuar ndonj\u00ebher\u00eb me to, k\u00ebng\u00ebtarja \u00ebsht\u00eb p\u00ebrgjigjur:&nbsp;<em>\u201cMendoj se \u00ebsht\u00eb dicka natyrale q\u00eb njer\u00ebzit t\u00eb krahasohen me nj\u00ebri-tjetrin, sidomos kur nuk ka shum\u00eb si ne n\u00eb bot\u00eb<\/em>\u201c.<\/p>\n\n\n\n<p>Amanda ka pyetur gjithashtu Rit\u00ebn n\u00ebse ato jan\u00eb takuar ndonj\u00ebher\u00eb s\u00eb bashku, Rita ka th\u00ebn\u00eb<em>:<\/em><\/p>\n\n\n\n<blockquote class=\"wp-block-quote is-layout-flow wp-block-quote-is-layout-flow\">\n<p><em>\u201cPo, Me Ava Max dhe Beben jam takuar. Jo aq shum\u00eb me Dua Lip\u00ebn por do ishte e mrekullueshme n\u00ebse t\u00eb gjitha s\u00eb bashku do b\u00ebnim dicka t\u00eb bukur. N\u00eb nj\u00eb far\u00eb m\u00ebnyr\u00eb p\u00ebr t\u00eb p\u00ebrfaq\u00ebsuar vendin ton\u00eb\u201d.<\/em><\/p>\n<\/blockquote>\n\n\n\n<p>T\u00eb dyja, Rita dhe Dua, me origjin\u00eb nga Kosova, kan\u00eb nj\u00eb lidhje akoma edhe m\u00eb t\u00eb madhe me nj\u00ebra-tjetr\u00ebn pasi gjysh\u00ebrit e tyre kan\u00eb qen\u00eb miq. Pavar\u00ebsisht thashethemeve nd\u00ebr vite se mes dy artisteve ka patur nj\u00eb krisje t\u00eb miq\u00ebsis\u00eb, Rita ka vendosur t\u2019ju jap\u00eb nj\u00eb her\u00eb e mir\u00eb fund k\u00ebtyre spekulimeve.<\/p>\n\n\n\n<figure class=\"wp-block-image is-style-default\"><img decoding=\"async\" src=\"https:\/\/gsh.top-media.al\/media10\/Screenshot-2024-01-06-140721.png\" alt=\"\" class=\"wp-image-414884\"\/><\/figure>\n","protected":false},"excerpt":{"rendered":"<p>Rita Ora i ka hedhur p\u00ebrfundimisht posht\u00eb thashethemet p\u00ebr nj\u00eb \u201csherr\u201d mes saj dhe Dua Lip\u00ebs, duke shprehur d\u00ebshir\u00ebn p\u00ebr t\u00eb bashk\u00ebpunuar me Dua Lip\u00ebn dhe dy artiste t\u00eb tjera britanike. K\u00ebng\u00ebtarja 33-vjecare \u00ebsht\u00eb optimiste rreth mund\u00ebsis\u00eb p\u00ebr t\u00eb punuar s\u00eb bashku p\u00ebr nj\u00eb projekt t\u00eb ri muzikor me Dua, Bebe Rexha dhe Ava Max, [&hellip;]<\/p>\n","protected":false},"author":2,"featured_media":19098,"comment_status":"open","ping_status":"open","sticky":false,"template":"","format":"standard","meta":{"footnotes":""},"categories":[33],"tags":[],"class_list":{"0":"post-42183","1":"post","2":"type-post","3":"status-publish","4":"format-standard","5":"has-post-thumbnail","7":"category-showbiz"},"yoast_head":"<!-- This site is optimized with the Yoast SEO plugin v27.4 - https:\/\/yoast.com\/product\/yoast-seo-wordpress\/ -->\n<title>Rita Ora shpreh d\u00ebshir\u00ebn p\u00ebr t\u00eb bashk\u00ebpunuar me Dua Lip\u00ebn - blogin.al<\/title>\n<meta name=\"robots\" content=\"index, follow, max-snippet:-1, max-image-preview:large, max-video-preview:-1\" \/>\n<link rel=\"canonical\" href=\"https:\/\/blogin.al\/?p=42183\" \/>\n<meta property=\"og:locale\" content=\"en_US\" \/>\n<meta property=\"og:type\" content=\"article\" \/>\n<meta property=\"og:title\" content=\"Rita Ora shpreh d\u00ebshir\u00ebn p\u00ebr t\u00eb bashk\u00ebpunuar me Dua Lip\u00ebn - blogin.al\" \/>\n<meta property=\"og:description\" content=\"Rita Ora i ka hedhur p\u00ebrfundimisht posht\u00eb thashethemet p\u00ebr nj\u00eb \u201csherr\u201d mes saj dhe Dua Lip\u00ebs, duke shprehur d\u00ebshir\u00ebn p\u00ebr t\u00eb bashk\u00ebpunuar me Dua Lip\u00ebn dhe dy artiste t\u00eb tjera britanike. K\u00ebng\u00ebtarja 33-vjecare \u00ebsht\u00eb optimiste rreth mund\u00ebsis\u00eb p\u00ebr t\u00eb punuar s\u00eb bashku p\u00ebr nj\u00eb projekt t\u00eb ri muzikor me Dua, Bebe Rexha dhe Ava Max, [&hellip;]\" \/>\n<meta property=\"og:url\" content=\"https:\/\/blogin.al\/?p=42183\" \/>\n<meta property=\"og:site_name\" content=\"blogin.al\" \/>\n<meta property=\"article:published_time\" content=\"2024-01-06T14:27:36+00:00\" \/>\n<meta property=\"article:modified_time\" content=\"2024-01-06T14:27:37+00:00\" \/>\n<meta property=\"og:image\" content=\"https:\/\/blogin.al\/wp-content\/uploads\/2022\/11\/20221130_101410-scaled.jpg\" \/>\n\t<meta property=\"og:image:width\" content=\"2560\" \/>\n\t<meta property=\"og:image:height\" content=\"2560\" \/>\n\t<meta property=\"og:image:type\" content=\"image\/jpeg\" \/>\n<meta name=\"author\" content=\"Blogin al\" \/>\n<meta name=\"twitter:card\" content=\"summary_large_image\" \/>\n<meta name=\"twitter:label1\" content=\"Written by\" \/>\n\t<meta name=\"twitter:data1\" content=\"Blogin al\" \/>\n\t<meta name=\"twitter:label2\" content=\"Est. reading time\" \/>\n\t<meta name=\"twitter:data2\" content=\"2 minutes\" \/>\n<script type=\"application\/ld+json\" class=\"yoast-schema-graph\">{\"@context\":\"https:\\\/\\\/schema.org\",\"@graph\":[{\"@type\":\"Article\",\"@id\":\"https:\\\/\\\/blogin.al\\\/?p=42183#article\",\"isPartOf\":{\"@id\":\"https:\\\/\\\/blogin.al\\\/?p=42183\"},\"author\":{\"name\":\"Blogin al\",\"@id\":\"https:\\\/\\\/blogin.al\\\/#\\\/schema\\\/person\\\/abdd56bc912cd511db877b852b115399\"},\"headline\":\"Rita Ora shpreh d\u00ebshir\u00ebn p\u00ebr t\u00eb bashk\u00ebpunuar me Dua Lip\u00ebn\",\"datePublished\":\"2024-01-06T14:27:36+00:00\",\"dateModified\":\"2024-01-06T14:27:37+00:00\",\"mainEntityOfPage\":{\"@id\":\"https:\\\/\\\/blogin.al\\\/?p=42183\"},\"wordCount\":352,\"commentCount\":0,\"publisher\":{\"@id\":\"https:\\\/\\\/blogin.al\\\/#organization\"},\"image\":{\"@id\":\"https:\\\/\\\/blogin.al\\\/?p=42183#primaryimage\"},\"thumbnailUrl\":\"https:\\\/\\\/blogin.al\\\/wp-content\\\/uploads\\\/2022\\\/11\\\/20221130_101410-scaled.jpg\",\"articleSection\":[\"SHOWBIZ\"],\"inLanguage\":\"en-US\",\"potentialAction\":[{\"@type\":\"CommentAction\",\"name\":\"Comment\",\"target\":[\"https:\\\/\\\/blogin.al\\\/?p=42183#respond\"]}]},{\"@type\":\"WebPage\",\"@id\":\"https:\\\/\\\/blogin.al\\\/?p=42183\",\"url\":\"https:\\\/\\\/blogin.al\\\/?p=42183\",\"name\":\"Rita Ora shpreh d\u00ebshir\u00ebn p\u00ebr t\u00eb bashk\u00ebpunuar me Dua Lip\u00ebn - blogin.al\",\"isPartOf\":{\"@id\":\"https:\\\/\\\/blogin.al\\\/#website\"},\"primaryImageOfPage\":{\"@id\":\"https:\\\/\\\/blogin.al\\\/?p=42183#primaryimage\"},\"image\":{\"@id\":\"https:\\\/\\\/blogin.al\\\/?p=42183#primaryimage\"},\"thumbnailUrl\":\"https:\\\/\\\/blogin.al\\\/wp-content\\\/uploads\\\/2022\\\/11\\\/20221130_101410-scaled.jpg\",\"datePublished\":\"2024-01-06T14:27:36+00:00\",\"dateModified\":\"2024-01-06T14:27:37+00:00\",\"breadcrumb\":{\"@id\":\"https:\\\/\\\/blogin.al\\\/?p=42183#breadcrumb\"},\"inLanguage\":\"en-US\",\"potentialAction\":[{\"@type\":\"ReadAction\",\"target\":[\"https:\\\/\\\/blogin.al\\\/?p=42183\"]}]},{\"@type\":\"ImageObject\",\"inLanguage\":\"en-US\",\"@id\":\"https:\\\/\\\/blogin.al\\\/?p=42183#primaryimage\",\"url\":\"https:\\\/\\\/blogin.al\\\/wp-content\\\/uploads\\\/2022\\\/11\\\/20221130_101410-scaled.jpg\",\"contentUrl\":\"https:\\\/\\\/blogin.al\\\/wp-content\\\/uploads\\\/2022\\\/11\\\/20221130_101410-scaled.jpg\",\"width\":2560,\"height\":2560},{\"@type\":\"BreadcrumbList\",\"@id\":\"https:\\\/\\\/blogin.al\\\/?p=42183#breadcrumb\",\"itemListElement\":[{\"@type\":\"ListItem\",\"position\":1,\"name\":\"Home\",\"item\":\"https:\\\/\\\/blogin.al\\\/\"},{\"@type\":\"ListItem\",\"position\":2,\"name\":\"Rita Ora shpreh d\u00ebshir\u00ebn p\u00ebr t\u00eb bashk\u00ebpunuar me Dua Lip\u00ebn\"}]},{\"@type\":\"WebSite\",\"@id\":\"https:\\\/\\\/blogin.al\\\/#website\",\"url\":\"https:\\\/\\\/blogin.al\\\/\",\"name\":\"blogin.al\",\"description\":\"\",\"publisher\":{\"@id\":\"https:\\\/\\\/blogin.al\\\/#organization\"},\"potentialAction\":[{\"@type\":\"SearchAction\",\"target\":{\"@type\":\"EntryPoint\",\"urlTemplate\":\"https:\\\/\\\/blogin.al\\\/?s={search_term_string}\"},\"query-input\":{\"@type\":\"PropertyValueSpecification\",\"valueRequired\":true,\"valueName\":\"search_term_string\"}}],\"inLanguage\":\"en-US\"},{\"@type\":\"Organization\",\"@id\":\"https:\\\/\\\/blogin.al\\\/#organization\",\"name\":\"BLOGIN.al\",\"url\":\"https:\\\/\\\/blogin.al\\\/\",\"logo\":{\"@type\":\"ImageObject\",\"inLanguage\":\"en-US\",\"@id\":\"https:\\\/\\\/blogin.al\\\/#\\\/schema\\\/logo\\\/image\\\/\",\"url\":\"https:\\\/\\\/blogin.al\\\/wp-content\\\/uploads\\\/2022\\\/05\\\/Untitled-2-01-e1652084456514.png\",\"contentUrl\":\"https:\\\/\\\/blogin.al\\\/wp-content\\\/uploads\\\/2022\\\/05\\\/Untitled-2-01-e1652084456514.png\",\"width\":3723,\"height\":1698,\"caption\":\"BLOGIN.al\"},\"image\":{\"@id\":\"https:\\\/\\\/blogin.al\\\/#\\\/schema\\\/logo\\\/image\\\/\"},\"sameAs\":[\"https:\\\/\\\/instagram.com\\\/blogin.al\\\/\"]},{\"@type\":\"Person\",\"@id\":\"https:\\\/\\\/blogin.al\\\/#\\\/schema\\\/person\\\/abdd56bc912cd511db877b852b115399\",\"name\":\"Blogin al\",\"image\":{\"@type\":\"ImageObject\",\"inLanguage\":\"en-US\",\"@id\":\"https:\\\/\\\/secure.gravatar.com\\\/avatar\\\/60d5661aee6e835fb13dc75d2204cd0c1d61bef2efd137c0083e59ef831e235e?s=96&d=mm&r=g\",\"url\":\"https:\\\/\\\/secure.gravatar.com\\\/avatar\\\/60d5661aee6e835fb13dc75d2204cd0c1d61bef2efd137c0083e59ef831e235e?s=96&d=mm&r=g\",\"contentUrl\":\"https:\\\/\\\/secure.gravatar.com\\\/avatar\\\/60d5661aee6e835fb13dc75d2204cd0c1d61bef2efd137c0083e59ef831e235e?s=96&d=mm&r=g\",\"caption\":\"Blogin al\"},\"sameAs\":[\"https:\\\/\\\/blogin.al\"],\"url\":\"https:\\\/\\\/blogin.al\\\/?author=2\"}]}<\/script>\n<!-- \/ Yoast SEO plugin. -->","yoast_head_json":{"title":"Rita Ora shpreh d\u00ebshir\u00ebn p\u00ebr t\u00eb bashk\u00ebpunuar me Dua Lip\u00ebn - blogin.al","robots":{"index":"index","follow":"follow","max-snippet":"max-snippet:-1","max-image-preview":"max-image-preview:large","max-video-preview":"max-video-preview:-1"},"canonical":"https:\/\/blogin.al\/?p=42183","og_locale":"en_US","og_type":"article","og_title":"Rita Ora shpreh d\u00ebshir\u00ebn p\u00ebr t\u00eb bashk\u00ebpunuar me Dua Lip\u00ebn - blogin.al","og_description":"Rita Ora i ka hedhur p\u00ebrfundimisht posht\u00eb thashethemet p\u00ebr nj\u00eb \u201csherr\u201d mes saj dhe Dua Lip\u00ebs, duke shprehur d\u00ebshir\u00ebn p\u00ebr t\u00eb bashk\u00ebpunuar me Dua Lip\u00ebn dhe dy artiste t\u00eb tjera britanike. K\u00ebng\u00ebtarja 33-vjecare \u00ebsht\u00eb optimiste rreth mund\u00ebsis\u00eb p\u00ebr t\u00eb punuar s\u00eb bashku p\u00ebr nj\u00eb projekt t\u00eb ri muzikor me Dua, Bebe Rexha dhe Ava Max, [&hellip;]","og_url":"https:\/\/blogin.al\/?p=42183","og_site_name":"blogin.al","article_published_time":"2024-01-06T14:27:36+00:00","article_modified_time":"2024-01-06T14:27:37+00:00","og_image":[{"width":2560,"height":2560,"url":"https:\/\/blogin.al\/wp-content\/uploads\/2022\/11\/20221130_101410-scaled.jpg","type":"image\/jpeg"}],"author":"Blogin al","twitter_card":"summary_large_image","twitter_misc":{"Written by":"Blogin al","Est. reading time":"2 minutes"},"schema":{"@context":"https:\/\/schema.org","@graph":[{"@type":"Article","@id":"https:\/\/blogin.al\/?p=42183#article","isPartOf":{"@id":"https:\/\/blogin.al\/?p=42183"},"author":{"name":"Blogin al","@id":"https:\/\/blogin.al\/#\/schema\/person\/abdd56bc912cd511db877b852b115399"},"headline":"Rita Ora shpreh d\u00ebshir\u00ebn p\u00ebr t\u00eb bashk\u00ebpunuar me Dua Lip\u00ebn","datePublished":"2024-01-06T14:27:36+00:00","dateModified":"2024-01-06T14:27:37+00:00","mainEntityOfPage":{"@id":"https:\/\/blogin.al\/?p=42183"},"wordCount":352,"commentCount":0,"publisher":{"@id":"https:\/\/blogin.al\/#organization"},"image":{"@id":"https:\/\/blogin.al\/?p=42183#primaryimage"},"thumbnailUrl":"https:\/\/blogin.al\/wp-content\/uploads\/2022\/11\/20221130_101410-scaled.jpg","articleSection":["SHOWBIZ"],"inLanguage":"en-US","potentialAction":[{"@type":"CommentAction","name":"Comment","target":["https:\/\/blogin.al\/?p=42183#respond"]}]},{"@type":"WebPage","@id":"https:\/\/blogin.al\/?p=42183","url":"https:\/\/blogin.al\/?p=42183","name":"Rita Ora shpreh d\u00ebshir\u00ebn p\u00ebr t\u00eb bashk\u00ebpunuar me Dua Lip\u00ebn - blogin.al","isPartOf":{"@id":"https:\/\/blogin.al\/#website"},"primaryImageOfPage":{"@id":"https:\/\/blogin.al\/?p=42183#primaryimage"},"image":{"@id":"https:\/\/blogin.al\/?p=42183#primaryimage"},"thumbnailUrl":"https:\/\/blogin.al\/wp-content\/uploads\/2022\/11\/20221130_101410-scaled.jpg","datePublished":"2024-01-06T14:27:36+00:00","dateModified":"2024-01-06T14:27:37+00:00","breadcrumb":{"@id":"https:\/\/blogin.al\/?p=42183#breadcrumb"},"inLanguage":"en-US","potentialAction":[{"@type":"ReadAction","target":["https:\/\/blogin.al\/?p=42183"]}]},{"@type":"ImageObject","inLanguage":"en-US","@id":"https:\/\/blogin.al\/?p=42183#primaryimage","url":"https:\/\/blogin.al\/wp-content\/uploads\/2022\/11\/20221130_101410-scaled.jpg","contentUrl":"https:\/\/blogin.al\/wp-content\/uploads\/2022\/11\/20221130_101410-scaled.jpg","width":2560,"height":2560},{"@type":"BreadcrumbList","@id":"https:\/\/blogin.al\/?p=42183#breadcrumb","itemListElement":[{"@type":"ListItem","position":1,"name":"Home","item":"https:\/\/blogin.al\/"},{"@type":"ListItem","position":2,"name":"Rita Ora shpreh d\u00ebshir\u00ebn p\u00ebr t\u00eb bashk\u00ebpunuar me Dua Lip\u00ebn"}]},{"@type":"WebSite","@id":"https:\/\/blogin.al\/#website","url":"https:\/\/blogin.al\/","name":"blogin.al","description":"","publisher":{"@id":"https:\/\/blogin.al\/#organization"},"potentialAction":[{"@type":"SearchAction","target":{"@type":"EntryPoint","urlTemplate":"https:\/\/blogin.al\/?s={search_term_string}"},"query-input":{"@type":"PropertyValueSpecification","valueRequired":true,"valueName":"search_term_string"}}],"inLanguage":"en-US"},{"@type":"Organization","@id":"https:\/\/blogin.al\/#organization","name":"BLOGIN.al","url":"https:\/\/blogin.al\/","logo":{"@type":"ImageObject","inLanguage":"en-US","@id":"https:\/\/blogin.al\/#\/schema\/logo\/image\/","url":"https:\/\/blogin.al\/wp-content\/uploads\/2022\/05\/Untitled-2-01-e1652084456514.png","contentUrl":"https:\/\/blogin.al\/wp-content\/uploads\/2022\/05\/Untitled-2-01-e1652084456514.png","width":3723,"height":1698,"caption":"BLOGIN.al"},"image":{"@id":"https:\/\/blogin.al\/#\/schema\/logo\/image\/"},"sameAs":["https:\/\/instagram.com\/blogin.al\/"]},{"@type":"Person","@id":"https:\/\/blogin.al\/#\/schema\/person\/abdd56bc912cd511db877b852b115399","name":"Blogin al","image":{"@type":"ImageObject","inLanguage":"en-US","@id":"https:\/\/secure.gravatar.com\/avatar\/60d5661aee6e835fb13dc75d2204cd0c1d61bef2efd137c0083e59ef831e235e?s=96&d=mm&r=g","url":"https:\/\/secure.gravatar.com\/avatar\/60d5661aee6e835fb13dc75d2204cd0c1d61bef2efd137c0083e59ef831e235e?s=96&d=mm&r=g","contentUrl":"https:\/\/secure.gravatar.com\/avatar\/60d5661aee6e835fb13dc75d2204cd0c1d61bef2efd137c0083e59ef831e235e?s=96&d=mm&r=g","caption":"Blogin al"},"sameAs":["https:\/\/blogin.al"],"url":"https:\/\/blogin.al\/?author=2"}]}},"_links":{"self":[{"href":"https:\/\/blogin.al\/index.php?rest_route=\/wp\/v2\/posts\/42183","targetHints":{"allow":["GET"]}}],"collection":[{"href":"https:\/\/blogin.al\/index.php?rest_route=\/wp\/v2\/posts"}],"about":[{"href":"https:\/\/blogin.al\/index.php?rest_route=\/wp\/v2\/types\/post"}],"author":[{"embeddable":true,"href":"https:\/\/blogin.al\/index.php?rest_route=\/wp\/v2\/users\/2"}],"replies":[{"embeddable":true,"href":"https:\/\/blogin.al\/index.php?rest_route=%2Fwp%2Fv2%2Fcomments&post=42183"}],"version-history":[{"count":1,"href":"https:\/\/blogin.al\/index.php?rest_route=\/wp\/v2\/posts\/42183\/revisions"}],"predecessor-version":[{"id":42184,"href":"https:\/\/blogin.al\/index.php?rest_route=\/wp\/v2\/posts\/42183\/revisions\/42184"}],"wp:featuredmedia":[{"embeddable":true,"href":"https:\/\/blogin.al\/index.php?rest_route=\/wp\/v2\/media\/19098"}],"wp:attachment":[{"href":"https:\/\/blogin.al\/index.php?rest_route=%2Fwp%2Fv2%2Fmedia&parent=42183"}],"wp:term":[{"taxonomy":"category","embeddable":true,"href":"https:\/\/blogin.al\/index.php?rest_route=%2Fwp%2Fv2%2Fcategories&post=42183"},{"taxonomy":"post_tag","embeddable":true,"href":"https:\/\/blogin.al\/index.php?rest_route=%2Fwp%2Fv2%2Ftags&post=42183"}],"curies":[{"name":"wp","href":"https:\/\/api.w.org\/{rel}","templated":true}]}}