{"id":42189,"date":"2024-01-07T08:41:59","date_gmt":"2024-01-07T08:41:59","guid":{"rendered":"https:\/\/blogin.al\/?p=42189"},"modified":"2024-01-07T08:42:02","modified_gmt":"2024-01-07T08:42:02","slug":"beniada-rrefen-tmerrin-e-largimit-drejt-italise-skafi-u-perplas-me-shkembin","status":"publish","type":"post","link":"https:\/\/blogin.al\/?p=42189","title":{"rendered":"Beniada rr\u00ebfen tmerrin e largimit drejt Italis\u00eb: Skafi u p\u00ebrplas me shk\u00ebmbin&#8230;"},"content":{"rendered":"\n<p>Modelja Beniada Nishani, e ftuar k\u00ebt\u00eb t\u00eb shtun\u00eb n\u00eb \u201cS\u2019e Luan Topi\u201d, kujtoi momentet e v\u00ebshtira t\u00eb emigrimit n\u00eb Itali n\u00eb vitet \u201990.<\/p>\n\n\n\n<p>Modelja ishte vet\u00ebm tre vje\u00e7e kur hipi n\u00eb nj\u00eb skaf bashk\u00eb me maman\u00eb, nd\u00ebrkoh\u00eb q\u00eb n\u00eb vendin fqinj i priste babai. Ndon\u00ebse nuk mban mend shum\u00eb gj\u00ebra, Beniada tregoi si skafi u p\u00ebrplas me shk\u00ebmbin, duke rrezikuar pasagjer\u00ebt.<\/p>\n\n\n\n<p><em>\u201cU nis\u00ebm vet\u00ebm me nj\u00eb shishe uj\u00eb dhe nj\u00eb panine, sepse ishim shum\u00eb njer\u00ebz dhe anija nuk duhet t\u00eb kishte pesh\u00eb t\u00eb madhe. Kujtoj zhurm\u00ebn e policis\u00eb, helikopterin, b\u00ebheshin shum\u00eb kontrolle kur arrit\u00ebm n\u00eb Itali. Mbaj mend q\u00eb skafi u p\u00ebrplas me nj\u00eb shk\u00ebmb. Kur erdh\u00ebm n\u00eb Itali na priti babi, q\u00eb na kishte p\u00ebrgatitur t\u00eb gjitha gj\u00ebrat p\u00ebr mua dhe p\u00ebr mamin\u201d.<\/em><\/p>\n\n\n\n<p>Fillimi ishte i v\u00ebshtir\u00eb, por fal\u00eb prind\u00ebrve kam kujtime t\u00eb bukura, u shpreh ajo.<\/p>\n\n\n\n<p><em>\u201cFillimi ishte i v\u00ebshtir\u00eb. Prind\u00ebrit e kan\u00eb vuajtur m\u00eb shum\u00eb pjes\u00ebn e emigrimit. Un\u00eb si f\u00ebmij\u00eb kam vet\u00ebm kujtime t\u00eb bukura. Babi punonte gjith\u00eb dit\u00ebn, b\u00ebnte dy or\u00eb rrug\u00eb. Po kam kujtime t\u00eb bukura. Kur mami me babin ishte n\u00eb pun\u00eb, vinte n\u00ebna. Ose rrija me grat\u00eb e lagjes, luanim me letra. Jam rritur me gjyshen, tezen, n\u00eb nj\u00eb fis t\u00eb madh\u201d.<\/em><\/p>\n\n\n\n<p>Nj\u00eb tjet\u00ebr moment i v\u00ebshtir\u00eb p\u00ebr familjen ishte shtatz\u00ebnia e mamit, tha Beniada, pasi prind\u00ebrit kishin dilem\u00ebn si do t\u2019ia dilnin, teksa nuk kishin dokumente.<\/p>\n\n\n\n<p><em>\u201cIshte moment delikat, sepse nuk kishim akoma dokumente. Un\u00eb isha 6 vje\u00e7e. Mami me babi kishin frik\u00eb se nuk do t\u2019ia dilnin. Kan\u00eb kaluar momente t\u00eb v\u00ebshtira. Babi kishte frik\u00eb a do ia dalim. Mami u tregua e fort\u00eb dhe i tha babit m\u00eb ke p\u00ebrkrah mua, m\u00eb ke zgjedhur si nuse, un\u00eb t\u00eb kam zgjedhur ty dhe \u00e7do gj\u00eb do t\u00eb shkoj\u00eb mir\u00eb dhe lindi Albano\u201d.<\/em><\/p>\n","protected":false},"excerpt":{"rendered":"<p>Modelja Beniada Nishani, e ftuar k\u00ebt\u00eb t\u00eb shtun\u00eb n\u00eb \u201cS\u2019e Luan Topi\u201d, kujtoi momentet e v\u00ebshtira t\u00eb emigrimit n\u00eb Itali n\u00eb vitet \u201990. Modelja ishte vet\u00ebm tre vje\u00e7e kur hipi n\u00eb nj\u00eb skaf bashk\u00eb me maman\u00eb, nd\u00ebrkoh\u00eb q\u00eb n\u00eb vendin fqinj i priste babai. Ndon\u00ebse nuk mban mend shum\u00eb gj\u00ebra, Beniada tregoi si skafi u [&hellip;]<\/p>\n","protected":false},"author":2,"featured_media":6548,"comment_status":"open","ping_status":"open","sticky":false,"template":"","format":"standard","meta":{"footnotes":""},"categories":[33],"tags":[],"class_list":{"0":"post-42189","1":"post","2":"type-post","3":"status-publish","4":"format-standard","5":"has-post-thumbnail","7":"category-showbiz"},"yoast_head":"<!-- This site is optimized with the Yoast SEO plugin v27.4 - https:\/\/yoast.com\/product\/yoast-seo-wordpress\/ -->\n<title>Beniada rr\u00ebfen tmerrin e largimit drejt Italis\u00eb: Skafi u p\u00ebrplas me shk\u00ebmbin... - blogin.al<\/title>\n<meta name=\"robots\" content=\"index, follow, max-snippet:-1, max-image-preview:large, max-video-preview:-1\" \/>\n<link rel=\"canonical\" href=\"https:\/\/blogin.al\/?p=42189\" \/>\n<meta property=\"og:locale\" content=\"en_US\" \/>\n<meta property=\"og:type\" content=\"article\" \/>\n<meta property=\"og:title\" content=\"Beniada rr\u00ebfen tmerrin e largimit drejt Italis\u00eb: Skafi u p\u00ebrplas me shk\u00ebmbin... - blogin.al\" \/>\n<meta property=\"og:description\" content=\"Modelja Beniada Nishani, e ftuar k\u00ebt\u00eb t\u00eb shtun\u00eb n\u00eb \u201cS\u2019e Luan Topi\u201d, kujtoi momentet e v\u00ebshtira t\u00eb emigrimit n\u00eb Itali n\u00eb vitet \u201990. Modelja ishte vet\u00ebm tre vje\u00e7e kur hipi n\u00eb nj\u00eb skaf bashk\u00eb me maman\u00eb, nd\u00ebrkoh\u00eb q\u00eb n\u00eb vendin fqinj i priste babai. Ndon\u00ebse nuk mban mend shum\u00eb gj\u00ebra, Beniada tregoi si skafi u [&hellip;]\" \/>\n<meta property=\"og:url\" content=\"https:\/\/blogin.al\/?p=42189\" \/>\n<meta property=\"og:site_name\" content=\"blogin.al\" \/>\n<meta property=\"article:published_time\" content=\"2024-01-07T08:41:59+00:00\" \/>\n<meta property=\"article:modified_time\" content=\"2024-01-07T08:42:02+00:00\" \/>\n<meta property=\"og:image\" content=\"https:\/\/blogin.al\/wp-content\/uploads\/2022\/06\/beniada-908x1024.png\" \/>\n\t<meta property=\"og:image:width\" content=\"908\" \/>\n\t<meta property=\"og:image:height\" content=\"1024\" \/>\n\t<meta property=\"og:image:type\" content=\"image\/png\" \/>\n<meta name=\"author\" content=\"Blogin al\" \/>\n<meta name=\"twitter:card\" content=\"summary_large_image\" \/>\n<meta name=\"twitter:label1\" content=\"Written by\" \/>\n\t<meta name=\"twitter:data1\" content=\"Blogin al\" \/>\n\t<meta name=\"twitter:label2\" content=\"Est. reading time\" \/>\n\t<meta name=\"twitter:data2\" content=\"2 minutes\" \/>\n<script type=\"application\/ld+json\" class=\"yoast-schema-graph\">{\"@context\":\"https:\\\/\\\/schema.org\",\"@graph\":[{\"@type\":\"Article\",\"@id\":\"https:\\\/\\\/blogin.al\\\/?p=42189#article\",\"isPartOf\":{\"@id\":\"https:\\\/\\\/blogin.al\\\/?p=42189\"},\"author\":{\"name\":\"Blogin al\",\"@id\":\"https:\\\/\\\/blogin.al\\\/#\\\/schema\\\/person\\\/abdd56bc912cd511db877b852b115399\"},\"headline\":\"Beniada rr\u00ebfen tmerrin e largimit drejt Italis\u00eb: Skafi u p\u00ebrplas me shk\u00ebmbin&#8230;\",\"datePublished\":\"2024-01-07T08:41:59+00:00\",\"dateModified\":\"2024-01-07T08:42:02+00:00\",\"mainEntityOfPage\":{\"@id\":\"https:\\\/\\\/blogin.al\\\/?p=42189\"},\"wordCount\":350,\"commentCount\":0,\"publisher\":{\"@id\":\"https:\\\/\\\/blogin.al\\\/#organization\"},\"image\":{\"@id\":\"https:\\\/\\\/blogin.al\\\/?p=42189#primaryimage\"},\"thumbnailUrl\":\"https:\\\/\\\/blogin.al\\\/wp-content\\\/uploads\\\/2022\\\/06\\\/beniada.png\",\"articleSection\":[\"SHOWBIZ\"],\"inLanguage\":\"en-US\",\"potentialAction\":[{\"@type\":\"CommentAction\",\"name\":\"Comment\",\"target\":[\"https:\\\/\\\/blogin.al\\\/?p=42189#respond\"]}]},{\"@type\":\"WebPage\",\"@id\":\"https:\\\/\\\/blogin.al\\\/?p=42189\",\"url\":\"https:\\\/\\\/blogin.al\\\/?p=42189\",\"name\":\"Beniada rr\u00ebfen tmerrin e largimit drejt Italis\u00eb: Skafi u p\u00ebrplas me shk\u00ebmbin... - blogin.al\",\"isPartOf\":{\"@id\":\"https:\\\/\\\/blogin.al\\\/#website\"},\"primaryImageOfPage\":{\"@id\":\"https:\\\/\\\/blogin.al\\\/?p=42189#primaryimage\"},\"image\":{\"@id\":\"https:\\\/\\\/blogin.al\\\/?p=42189#primaryimage\"},\"thumbnailUrl\":\"https:\\\/\\\/blogin.al\\\/wp-content\\\/uploads\\\/2022\\\/06\\\/beniada.png\",\"datePublished\":\"2024-01-07T08:41:59+00:00\",\"dateModified\":\"2024-01-07T08:42:02+00:00\",\"breadcrumb\":{\"@id\":\"https:\\\/\\\/blogin.al\\\/?p=42189#breadcrumb\"},\"inLanguage\":\"en-US\",\"potentialAction\":[{\"@type\":\"ReadAction\",\"target\":[\"https:\\\/\\\/blogin.al\\\/?p=42189\"]}]},{\"@type\":\"ImageObject\",\"inLanguage\":\"en-US\",\"@id\":\"https:\\\/\\\/blogin.al\\\/?p=42189#primaryimage\",\"url\":\"https:\\\/\\\/blogin.al\\\/wp-content\\\/uploads\\\/2022\\\/06\\\/beniada.png\",\"contentUrl\":\"https:\\\/\\\/blogin.al\\\/wp-content\\\/uploads\\\/2022\\\/06\\\/beniada.png\",\"width\":1242,\"height\":1401},{\"@type\":\"BreadcrumbList\",\"@id\":\"https:\\\/\\\/blogin.al\\\/?p=42189#breadcrumb\",\"itemListElement\":[{\"@type\":\"ListItem\",\"position\":1,\"name\":\"Home\",\"item\":\"https:\\\/\\\/blogin.al\\\/\"},{\"@type\":\"ListItem\",\"position\":2,\"name\":\"Beniada rr\u00ebfen tmerrin e largimit drejt Italis\u00eb: Skafi u p\u00ebrplas me shk\u00ebmbin&#8230;\"}]},{\"@type\":\"WebSite\",\"@id\":\"https:\\\/\\\/blogin.al\\\/#website\",\"url\":\"https:\\\/\\\/blogin.al\\\/\",\"name\":\"blogin.al\",\"description\":\"\",\"publisher\":{\"@id\":\"https:\\\/\\\/blogin.al\\\/#organization\"},\"potentialAction\":[{\"@type\":\"SearchAction\",\"target\":{\"@type\":\"EntryPoint\",\"urlTemplate\":\"https:\\\/\\\/blogin.al\\\/?s={search_term_string}\"},\"query-input\":{\"@type\":\"PropertyValueSpecification\",\"valueRequired\":true,\"valueName\":\"search_term_string\"}}],\"inLanguage\":\"en-US\"},{\"@type\":\"Organization\",\"@id\":\"https:\\\/\\\/blogin.al\\\/#organization\",\"name\":\"BLOGIN.al\",\"url\":\"https:\\\/\\\/blogin.al\\\/\",\"logo\":{\"@type\":\"ImageObject\",\"inLanguage\":\"en-US\",\"@id\":\"https:\\\/\\\/blogin.al\\\/#\\\/schema\\\/logo\\\/image\\\/\",\"url\":\"https:\\\/\\\/blogin.al\\\/wp-content\\\/uploads\\\/2022\\\/05\\\/Untitled-2-01-e1652084456514.png\",\"contentUrl\":\"https:\\\/\\\/blogin.al\\\/wp-content\\\/uploads\\\/2022\\\/05\\\/Untitled-2-01-e1652084456514.png\",\"width\":3723,\"height\":1698,\"caption\":\"BLOGIN.al\"},\"image\":{\"@id\":\"https:\\\/\\\/blogin.al\\\/#\\\/schema\\\/logo\\\/image\\\/\"},\"sameAs\":[\"https:\\\/\\\/instagram.com\\\/blogin.al\\\/\"]},{\"@type\":\"Person\",\"@id\":\"https:\\\/\\\/blogin.al\\\/#\\\/schema\\\/person\\\/abdd56bc912cd511db877b852b115399\",\"name\":\"Blogin al\",\"image\":{\"@type\":\"ImageObject\",\"inLanguage\":\"en-US\",\"@id\":\"https:\\\/\\\/secure.gravatar.com\\\/avatar\\\/60d5661aee6e835fb13dc75d2204cd0c1d61bef2efd137c0083e59ef831e235e?s=96&d=mm&r=g\",\"url\":\"https:\\\/\\\/secure.gravatar.com\\\/avatar\\\/60d5661aee6e835fb13dc75d2204cd0c1d61bef2efd137c0083e59ef831e235e?s=96&d=mm&r=g\",\"contentUrl\":\"https:\\\/\\\/secure.gravatar.com\\\/avatar\\\/60d5661aee6e835fb13dc75d2204cd0c1d61bef2efd137c0083e59ef831e235e?s=96&d=mm&r=g\",\"caption\":\"Blogin al\"},\"sameAs\":[\"https:\\\/\\\/blogin.al\"],\"url\":\"https:\\\/\\\/blogin.al\\\/?author=2\"}]}<\/script>\n<!-- \/ Yoast SEO plugin. -->","yoast_head_json":{"title":"Beniada rr\u00ebfen tmerrin e largimit drejt Italis\u00eb: Skafi u p\u00ebrplas me shk\u00ebmbin... - blogin.al","robots":{"index":"index","follow":"follow","max-snippet":"max-snippet:-1","max-image-preview":"max-image-preview:large","max-video-preview":"max-video-preview:-1"},"canonical":"https:\/\/blogin.al\/?p=42189","og_locale":"en_US","og_type":"article","og_title":"Beniada rr\u00ebfen tmerrin e largimit drejt Italis\u00eb: Skafi u p\u00ebrplas me shk\u00ebmbin... - blogin.al","og_description":"Modelja Beniada Nishani, e ftuar k\u00ebt\u00eb t\u00eb shtun\u00eb n\u00eb \u201cS\u2019e Luan Topi\u201d, kujtoi momentet e v\u00ebshtira t\u00eb emigrimit n\u00eb Itali n\u00eb vitet \u201990. Modelja ishte vet\u00ebm tre vje\u00e7e kur hipi n\u00eb nj\u00eb skaf bashk\u00eb me maman\u00eb, nd\u00ebrkoh\u00eb q\u00eb n\u00eb vendin fqinj i priste babai. Ndon\u00ebse nuk mban mend shum\u00eb gj\u00ebra, Beniada tregoi si skafi u [&hellip;]","og_url":"https:\/\/blogin.al\/?p=42189","og_site_name":"blogin.al","article_published_time":"2024-01-07T08:41:59+00:00","article_modified_time":"2024-01-07T08:42:02+00:00","og_image":[{"width":908,"height":1024,"url":"https:\/\/blogin.al\/wp-content\/uploads\/2022\/06\/beniada-908x1024.png","type":"image\/png"}],"author":"Blogin al","twitter_card":"summary_large_image","twitter_misc":{"Written by":"Blogin al","Est. reading time":"2 minutes"},"schema":{"@context":"https:\/\/schema.org","@graph":[{"@type":"Article","@id":"https:\/\/blogin.al\/?p=42189#article","isPartOf":{"@id":"https:\/\/blogin.al\/?p=42189"},"author":{"name":"Blogin al","@id":"https:\/\/blogin.al\/#\/schema\/person\/abdd56bc912cd511db877b852b115399"},"headline":"Beniada rr\u00ebfen tmerrin e largimit drejt Italis\u00eb: Skafi u p\u00ebrplas me shk\u00ebmbin&#8230;","datePublished":"2024-01-07T08:41:59+00:00","dateModified":"2024-01-07T08:42:02+00:00","mainEntityOfPage":{"@id":"https:\/\/blogin.al\/?p=42189"},"wordCount":350,"commentCount":0,"publisher":{"@id":"https:\/\/blogin.al\/#organization"},"image":{"@id":"https:\/\/blogin.al\/?p=42189#primaryimage"},"thumbnailUrl":"https:\/\/blogin.al\/wp-content\/uploads\/2022\/06\/beniada.png","articleSection":["SHOWBIZ"],"inLanguage":"en-US","potentialAction":[{"@type":"CommentAction","name":"Comment","target":["https:\/\/blogin.al\/?p=42189#respond"]}]},{"@type":"WebPage","@id":"https:\/\/blogin.al\/?p=42189","url":"https:\/\/blogin.al\/?p=42189","name":"Beniada rr\u00ebfen tmerrin e largimit drejt Italis\u00eb: Skafi u p\u00ebrplas me shk\u00ebmbin... - blogin.al","isPartOf":{"@id":"https:\/\/blogin.al\/#website"},"primaryImageOfPage":{"@id":"https:\/\/blogin.al\/?p=42189#primaryimage"},"image":{"@id":"https:\/\/blogin.al\/?p=42189#primaryimage"},"thumbnailUrl":"https:\/\/blogin.al\/wp-content\/uploads\/2022\/06\/beniada.png","datePublished":"2024-01-07T08:41:59+00:00","dateModified":"2024-01-07T08:42:02+00:00","breadcrumb":{"@id":"https:\/\/blogin.al\/?p=42189#breadcrumb"},"inLanguage":"en-US","potentialAction":[{"@type":"ReadAction","target":["https:\/\/blogin.al\/?p=42189"]}]},{"@type":"ImageObject","inLanguage":"en-US","@id":"https:\/\/blogin.al\/?p=42189#primaryimage","url":"https:\/\/blogin.al\/wp-content\/uploads\/2022\/06\/beniada.png","contentUrl":"https:\/\/blogin.al\/wp-content\/uploads\/2022\/06\/beniada.png","width":1242,"height":1401},{"@type":"BreadcrumbList","@id":"https:\/\/blogin.al\/?p=42189#breadcrumb","itemListElement":[{"@type":"ListItem","position":1,"name":"Home","item":"https:\/\/blogin.al\/"},{"@type":"ListItem","position":2,"name":"Beniada rr\u00ebfen tmerrin e largimit drejt Italis\u00eb: Skafi u p\u00ebrplas me shk\u00ebmbin&#8230;"}]},{"@type":"WebSite","@id":"https:\/\/blogin.al\/#website","url":"https:\/\/blogin.al\/","name":"blogin.al","description":"","publisher":{"@id":"https:\/\/blogin.al\/#organization"},"potentialAction":[{"@type":"SearchAction","target":{"@type":"EntryPoint","urlTemplate":"https:\/\/blogin.al\/?s={search_term_string}"},"query-input":{"@type":"PropertyValueSpecification","valueRequired":true,"valueName":"search_term_string"}}],"inLanguage":"en-US"},{"@type":"Organization","@id":"https:\/\/blogin.al\/#organization","name":"BLOGIN.al","url":"https:\/\/blogin.al\/","logo":{"@type":"ImageObject","inLanguage":"en-US","@id":"https:\/\/blogin.al\/#\/schema\/logo\/image\/","url":"https:\/\/blogin.al\/wp-content\/uploads\/2022\/05\/Untitled-2-01-e1652084456514.png","contentUrl":"https:\/\/blogin.al\/wp-content\/uploads\/2022\/05\/Untitled-2-01-e1652084456514.png","width":3723,"height":1698,"caption":"BLOGIN.al"},"image":{"@id":"https:\/\/blogin.al\/#\/schema\/logo\/image\/"},"sameAs":["https:\/\/instagram.com\/blogin.al\/"]},{"@type":"Person","@id":"https:\/\/blogin.al\/#\/schema\/person\/abdd56bc912cd511db877b852b115399","name":"Blogin al","image":{"@type":"ImageObject","inLanguage":"en-US","@id":"https:\/\/secure.gravatar.com\/avatar\/60d5661aee6e835fb13dc75d2204cd0c1d61bef2efd137c0083e59ef831e235e?s=96&d=mm&r=g","url":"https:\/\/secure.gravatar.com\/avatar\/60d5661aee6e835fb13dc75d2204cd0c1d61bef2efd137c0083e59ef831e235e?s=96&d=mm&r=g","contentUrl":"https:\/\/secure.gravatar.com\/avatar\/60d5661aee6e835fb13dc75d2204cd0c1d61bef2efd137c0083e59ef831e235e?s=96&d=mm&r=g","caption":"Blogin al"},"sameAs":["https:\/\/blogin.al"],"url":"https:\/\/blogin.al\/?author=2"}]}},"_links":{"self":[{"href":"https:\/\/blogin.al\/index.php?rest_route=\/wp\/v2\/posts\/42189","targetHints":{"allow":["GET"]}}],"collection":[{"href":"https:\/\/blogin.al\/index.php?rest_route=\/wp\/v2\/posts"}],"about":[{"href":"https:\/\/blogin.al\/index.php?rest_route=\/wp\/v2\/types\/post"}],"author":[{"embeddable":true,"href":"https:\/\/blogin.al\/index.php?rest_route=\/wp\/v2\/users\/2"}],"replies":[{"embeddable":true,"href":"https:\/\/blogin.al\/index.php?rest_route=%2Fwp%2Fv2%2Fcomments&post=42189"}],"version-history":[{"count":1,"href":"https:\/\/blogin.al\/index.php?rest_route=\/wp\/v2\/posts\/42189\/revisions"}],"predecessor-version":[{"id":42190,"href":"https:\/\/blogin.al\/index.php?rest_route=\/wp\/v2\/posts\/42189\/revisions\/42190"}],"wp:featuredmedia":[{"embeddable":true,"href":"https:\/\/blogin.al\/index.php?rest_route=\/wp\/v2\/media\/6548"}],"wp:attachment":[{"href":"https:\/\/blogin.al\/index.php?rest_route=%2Fwp%2Fv2%2Fmedia&parent=42189"}],"wp:term":[{"taxonomy":"category","embeddable":true,"href":"https:\/\/blogin.al\/index.php?rest_route=%2Fwp%2Fv2%2Fcategories&post=42189"},{"taxonomy":"post_tag","embeddable":true,"href":"https:\/\/blogin.al\/index.php?rest_route=%2Fwp%2Fv2%2Ftags&post=42189"}],"curies":[{"name":"wp","href":"https:\/\/api.w.org\/{rel}","templated":true}]}}