{"id":42191,"date":"2024-01-07T08:43:39","date_gmt":"2024-01-07T08:43:39","guid":{"rendered":"https:\/\/blogin.al\/?p=42191"},"modified":"2024-01-07T08:43:41","modified_gmt":"2024-01-07T08:43:41","slug":"eshte-ndare-apo-jo-me-kreshnikun-dafina-u-pergjigjet-aludimeve","status":"publish","type":"post","link":"https:\/\/blogin.al\/?p=42191","title":{"rendered":"\u00cbsht\u00eb ndar\u00eb apo jo me Kreshnikun? Dafina u p\u00ebrgjigjet aludimeve"},"content":{"rendered":"\n<p>K\u00ebng\u00ebtarja Dafina Zeqiri u \u00ebsht\u00eb p\u00ebrgjigjur n\u00eb m\u00ebnyr\u00eb epike aludimeve p\u00ebr ndarjen nga partneri i saj Kreshnik Gjergji.<\/p>\n\n\n\n<p>E gjitha nisi, kur ndjek\u00ebsit pan\u00eb se artistja fshiu t\u00eb gjith\u00eb ndjek\u00ebsit n\u00eb faqen e saj zyrtare n\u00eb Instagram. Ajo ndiqte vet\u00ebm n\u00ebn\u00ebn e saj, studion muzikore dhe Presidenten Vjosa Osmani, por emri i Kreshnikut nuk u pa askund.<\/p>\n\n\n\n<p>Menj\u00ebher\u00eb nis\u00ebn thashethemet se \u00e7ifti po kalonin nj\u00eb periudh\u00eb krize ose m\u00eb e keqja, mund t\u00eb ishin ndar\u00eb.<\/p>\n\n\n\n<p>Megjithat\u00eb n\u00eb p\u00ebrgjigje t\u00eb t\u00eb gjitha dyshimeve, Dafina zgjodhi m\u00ebnyr\u00ebn epike p\u00ebr t\u2019u v\u00ebrtetuar t\u00eb kund\u00ebrt\u00ebn. Me dy postime n\u00eb Instagram, ku shfaqen pran\u00eb nj\u00ebri tjetrit m\u00eb t\u00eb dashuruar se kurr\u00eb, Dafina shkruan: Tu e p\u00ebrpilu list\u00ebn e dasm\u00ebs\u2026<\/p>\n\n\n\n<figure class=\"wp-block-image is-style-default\"><img decoding=\"async\" src=\"https:\/\/iconstyle.al\/wp-content\/uploads\/2024\/01\/4E4277ED-4A63-49CB-BDAC-E7D7AC972B1A-300x649.jpeg\" alt=\"\" class=\"wp-image-623065\"\/><\/figure>\n\n\n\n<figure class=\"wp-block-image is-style-default\"><img decoding=\"async\" src=\"https:\/\/iconstyle.al\/wp-content\/uploads\/2024\/01\/776D1496-04D2-43EE-B107-6EF39F0FDA8E-300x649.jpeg\" alt=\"\" class=\"wp-image-623066\"\/><\/figure>\n","protected":false},"excerpt":{"rendered":"<p>K\u00ebng\u00ebtarja Dafina Zeqiri u \u00ebsht\u00eb p\u00ebrgjigjur n\u00eb m\u00ebnyr\u00eb epike aludimeve p\u00ebr ndarjen nga partneri i saj Kreshnik Gjergji. E gjitha nisi, kur ndjek\u00ebsit pan\u00eb se artistja fshiu t\u00eb gjith\u00eb ndjek\u00ebsit n\u00eb faqen e saj zyrtare n\u00eb Instagram. Ajo ndiqte vet\u00ebm n\u00ebn\u00ebn e saj, studion muzikore dhe Presidenten Vjosa Osmani, por emri i Kreshnikut nuk u [&hellip;]<\/p>\n","protected":false},"author":2,"featured_media":39331,"comment_status":"open","ping_status":"open","sticky":false,"template":"","format":"standard","meta":{"footnotes":""},"categories":[33],"tags":[],"class_list":{"0":"post-42191","1":"post","2":"type-post","3":"status-publish","4":"format-standard","5":"has-post-thumbnail","7":"category-showbiz"},"yoast_head":"<!-- This site is optimized with the Yoast SEO plugin v27.4 - https:\/\/yoast.com\/product\/yoast-seo-wordpress\/ -->\n<title>\u00cbsht\u00eb ndar\u00eb apo jo me Kreshnikun? Dafina u p\u00ebrgjigjet aludimeve - blogin.al<\/title>\n<meta name=\"robots\" content=\"index, follow, max-snippet:-1, max-image-preview:large, max-video-preview:-1\" \/>\n<link rel=\"canonical\" href=\"https:\/\/blogin.al\/?p=42191\" \/>\n<meta property=\"og:locale\" content=\"en_US\" \/>\n<meta property=\"og:type\" content=\"article\" \/>\n<meta property=\"og:title\" content=\"\u00cbsht\u00eb ndar\u00eb apo jo me Kreshnikun? Dafina u p\u00ebrgjigjet aludimeve - blogin.al\" \/>\n<meta property=\"og:description\" content=\"K\u00ebng\u00ebtarja Dafina Zeqiri u \u00ebsht\u00eb p\u00ebrgjigjur n\u00eb m\u00ebnyr\u00eb epike aludimeve p\u00ebr ndarjen nga partneri i saj Kreshnik Gjergji. E gjitha nisi, kur ndjek\u00ebsit pan\u00eb se artistja fshiu t\u00eb gjith\u00eb ndjek\u00ebsit n\u00eb faqen e saj zyrtare n\u00eb Instagram. Ajo ndiqte vet\u00ebm n\u00ebn\u00ebn e saj, studion muzikore dhe Presidenten Vjosa Osmani, por emri i Kreshnikut nuk u [&hellip;]\" \/>\n<meta property=\"og:url\" content=\"https:\/\/blogin.al\/?p=42191\" \/>\n<meta property=\"og:site_name\" content=\"blogin.al\" \/>\n<meta property=\"article:published_time\" content=\"2024-01-07T08:43:39+00:00\" \/>\n<meta property=\"article:modified_time\" content=\"2024-01-07T08:43:41+00:00\" \/>\n<meta property=\"og:image\" content=\"https:\/\/blogin.al\/wp-content\/uploads\/2023\/10\/20231031_095748.jpg\" \/>\n\t<meta property=\"og:image:width\" content=\"1440\" \/>\n\t<meta property=\"og:image:height\" content=\"1502\" \/>\n\t<meta property=\"og:image:type\" content=\"image\/jpeg\" \/>\n<meta name=\"author\" content=\"Blogin al\" \/>\n<meta name=\"twitter:card\" content=\"summary_large_image\" \/>\n<meta name=\"twitter:label1\" content=\"Written by\" \/>\n\t<meta name=\"twitter:data1\" content=\"Blogin al\" \/>\n\t<meta name=\"twitter:label2\" content=\"Est. reading time\" \/>\n\t<meta name=\"twitter:data2\" content=\"2 minutes\" \/>\n<script type=\"application\/ld+json\" class=\"yoast-schema-graph\">{\"@context\":\"https:\\\/\\\/schema.org\",\"@graph\":[{\"@type\":\"Article\",\"@id\":\"https:\\\/\\\/blogin.al\\\/?p=42191#article\",\"isPartOf\":{\"@id\":\"https:\\\/\\\/blogin.al\\\/?p=42191\"},\"author\":{\"name\":\"Blogin al\",\"@id\":\"https:\\\/\\\/blogin.al\\\/#\\\/schema\\\/person\\\/abdd56bc912cd511db877b852b115399\"},\"headline\":\"\u00cbsht\u00eb ndar\u00eb apo jo me Kreshnikun? Dafina u p\u00ebrgjigjet aludimeve\",\"datePublished\":\"2024-01-07T08:43:39+00:00\",\"dateModified\":\"2024-01-07T08:43:41+00:00\",\"mainEntityOfPage\":{\"@id\":\"https:\\\/\\\/blogin.al\\\/?p=42191\"},\"wordCount\":149,\"commentCount\":0,\"publisher\":{\"@id\":\"https:\\\/\\\/blogin.al\\\/#organization\"},\"image\":{\"@id\":\"https:\\\/\\\/blogin.al\\\/?p=42191#primaryimage\"},\"thumbnailUrl\":\"https:\\\/\\\/blogin.al\\\/wp-content\\\/uploads\\\/2023\\\/10\\\/20231031_095748.jpg\",\"articleSection\":[\"SHOWBIZ\"],\"inLanguage\":\"en-US\",\"potentialAction\":[{\"@type\":\"CommentAction\",\"name\":\"Comment\",\"target\":[\"https:\\\/\\\/blogin.al\\\/?p=42191#respond\"]}]},{\"@type\":\"WebPage\",\"@id\":\"https:\\\/\\\/blogin.al\\\/?p=42191\",\"url\":\"https:\\\/\\\/blogin.al\\\/?p=42191\",\"name\":\"\u00cbsht\u00eb ndar\u00eb apo jo me Kreshnikun? Dafina u p\u00ebrgjigjet aludimeve - blogin.al\",\"isPartOf\":{\"@id\":\"https:\\\/\\\/blogin.al\\\/#website\"},\"primaryImageOfPage\":{\"@id\":\"https:\\\/\\\/blogin.al\\\/?p=42191#primaryimage\"},\"image\":{\"@id\":\"https:\\\/\\\/blogin.al\\\/?p=42191#primaryimage\"},\"thumbnailUrl\":\"https:\\\/\\\/blogin.al\\\/wp-content\\\/uploads\\\/2023\\\/10\\\/20231031_095748.jpg\",\"datePublished\":\"2024-01-07T08:43:39+00:00\",\"dateModified\":\"2024-01-07T08:43:41+00:00\",\"breadcrumb\":{\"@id\":\"https:\\\/\\\/blogin.al\\\/?p=42191#breadcrumb\"},\"inLanguage\":\"en-US\",\"potentialAction\":[{\"@type\":\"ReadAction\",\"target\":[\"https:\\\/\\\/blogin.al\\\/?p=42191\"]}]},{\"@type\":\"ImageObject\",\"inLanguage\":\"en-US\",\"@id\":\"https:\\\/\\\/blogin.al\\\/?p=42191#primaryimage\",\"url\":\"https:\\\/\\\/blogin.al\\\/wp-content\\\/uploads\\\/2023\\\/10\\\/20231031_095748.jpg\",\"contentUrl\":\"https:\\\/\\\/blogin.al\\\/wp-content\\\/uploads\\\/2023\\\/10\\\/20231031_095748.jpg\",\"width\":1440,\"height\":1502},{\"@type\":\"BreadcrumbList\",\"@id\":\"https:\\\/\\\/blogin.al\\\/?p=42191#breadcrumb\",\"itemListElement\":[{\"@type\":\"ListItem\",\"position\":1,\"name\":\"Home\",\"item\":\"https:\\\/\\\/blogin.al\\\/\"},{\"@type\":\"ListItem\",\"position\":2,\"name\":\"\u00cbsht\u00eb ndar\u00eb apo jo me Kreshnikun? Dafina u p\u00ebrgjigjet aludimeve\"}]},{\"@type\":\"WebSite\",\"@id\":\"https:\\\/\\\/blogin.al\\\/#website\",\"url\":\"https:\\\/\\\/blogin.al\\\/\",\"name\":\"blogin.al\",\"description\":\"\",\"publisher\":{\"@id\":\"https:\\\/\\\/blogin.al\\\/#organization\"},\"potentialAction\":[{\"@type\":\"SearchAction\",\"target\":{\"@type\":\"EntryPoint\",\"urlTemplate\":\"https:\\\/\\\/blogin.al\\\/?s={search_term_string}\"},\"query-input\":{\"@type\":\"PropertyValueSpecification\",\"valueRequired\":true,\"valueName\":\"search_term_string\"}}],\"inLanguage\":\"en-US\"},{\"@type\":\"Organization\",\"@id\":\"https:\\\/\\\/blogin.al\\\/#organization\",\"name\":\"BLOGIN.al\",\"url\":\"https:\\\/\\\/blogin.al\\\/\",\"logo\":{\"@type\":\"ImageObject\",\"inLanguage\":\"en-US\",\"@id\":\"https:\\\/\\\/blogin.al\\\/#\\\/schema\\\/logo\\\/image\\\/\",\"url\":\"https:\\\/\\\/blogin.al\\\/wp-content\\\/uploads\\\/2022\\\/05\\\/Untitled-2-01-e1652084456514.png\",\"contentUrl\":\"https:\\\/\\\/blogin.al\\\/wp-content\\\/uploads\\\/2022\\\/05\\\/Untitled-2-01-e1652084456514.png\",\"width\":3723,\"height\":1698,\"caption\":\"BLOGIN.al\"},\"image\":{\"@id\":\"https:\\\/\\\/blogin.al\\\/#\\\/schema\\\/logo\\\/image\\\/\"},\"sameAs\":[\"https:\\\/\\\/instagram.com\\\/blogin.al\\\/\"]},{\"@type\":\"Person\",\"@id\":\"https:\\\/\\\/blogin.al\\\/#\\\/schema\\\/person\\\/abdd56bc912cd511db877b852b115399\",\"name\":\"Blogin al\",\"image\":{\"@type\":\"ImageObject\",\"inLanguage\":\"en-US\",\"@id\":\"https:\\\/\\\/secure.gravatar.com\\\/avatar\\\/60d5661aee6e835fb13dc75d2204cd0c1d61bef2efd137c0083e59ef831e235e?s=96&d=mm&r=g\",\"url\":\"https:\\\/\\\/secure.gravatar.com\\\/avatar\\\/60d5661aee6e835fb13dc75d2204cd0c1d61bef2efd137c0083e59ef831e235e?s=96&d=mm&r=g\",\"contentUrl\":\"https:\\\/\\\/secure.gravatar.com\\\/avatar\\\/60d5661aee6e835fb13dc75d2204cd0c1d61bef2efd137c0083e59ef831e235e?s=96&d=mm&r=g\",\"caption\":\"Blogin al\"},\"sameAs\":[\"https:\\\/\\\/blogin.al\"],\"url\":\"https:\\\/\\\/blogin.al\\\/?author=2\"}]}<\/script>\n<!-- \/ Yoast SEO plugin. -->","yoast_head_json":{"title":"\u00cbsht\u00eb ndar\u00eb apo jo me Kreshnikun? Dafina u p\u00ebrgjigjet aludimeve - blogin.al","robots":{"index":"index","follow":"follow","max-snippet":"max-snippet:-1","max-image-preview":"max-image-preview:large","max-video-preview":"max-video-preview:-1"},"canonical":"https:\/\/blogin.al\/?p=42191","og_locale":"en_US","og_type":"article","og_title":"\u00cbsht\u00eb ndar\u00eb apo jo me Kreshnikun? Dafina u p\u00ebrgjigjet aludimeve - blogin.al","og_description":"K\u00ebng\u00ebtarja Dafina Zeqiri u \u00ebsht\u00eb p\u00ebrgjigjur n\u00eb m\u00ebnyr\u00eb epike aludimeve p\u00ebr ndarjen nga partneri i saj Kreshnik Gjergji. E gjitha nisi, kur ndjek\u00ebsit pan\u00eb se artistja fshiu t\u00eb gjith\u00eb ndjek\u00ebsit n\u00eb faqen e saj zyrtare n\u00eb Instagram. Ajo ndiqte vet\u00ebm n\u00ebn\u00ebn e saj, studion muzikore dhe Presidenten Vjosa Osmani, por emri i Kreshnikut nuk u [&hellip;]","og_url":"https:\/\/blogin.al\/?p=42191","og_site_name":"blogin.al","article_published_time":"2024-01-07T08:43:39+00:00","article_modified_time":"2024-01-07T08:43:41+00:00","og_image":[{"width":1440,"height":1502,"url":"https:\/\/blogin.al\/wp-content\/uploads\/2023\/10\/20231031_095748.jpg","type":"image\/jpeg"}],"author":"Blogin al","twitter_card":"summary_large_image","twitter_misc":{"Written by":"Blogin al","Est. reading time":"2 minutes"},"schema":{"@context":"https:\/\/schema.org","@graph":[{"@type":"Article","@id":"https:\/\/blogin.al\/?p=42191#article","isPartOf":{"@id":"https:\/\/blogin.al\/?p=42191"},"author":{"name":"Blogin al","@id":"https:\/\/blogin.al\/#\/schema\/person\/abdd56bc912cd511db877b852b115399"},"headline":"\u00cbsht\u00eb ndar\u00eb apo jo me Kreshnikun? Dafina u p\u00ebrgjigjet aludimeve","datePublished":"2024-01-07T08:43:39+00:00","dateModified":"2024-01-07T08:43:41+00:00","mainEntityOfPage":{"@id":"https:\/\/blogin.al\/?p=42191"},"wordCount":149,"commentCount":0,"publisher":{"@id":"https:\/\/blogin.al\/#organization"},"image":{"@id":"https:\/\/blogin.al\/?p=42191#primaryimage"},"thumbnailUrl":"https:\/\/blogin.al\/wp-content\/uploads\/2023\/10\/20231031_095748.jpg","articleSection":["SHOWBIZ"],"inLanguage":"en-US","potentialAction":[{"@type":"CommentAction","name":"Comment","target":["https:\/\/blogin.al\/?p=42191#respond"]}]},{"@type":"WebPage","@id":"https:\/\/blogin.al\/?p=42191","url":"https:\/\/blogin.al\/?p=42191","name":"\u00cbsht\u00eb ndar\u00eb apo jo me Kreshnikun? Dafina u p\u00ebrgjigjet aludimeve - blogin.al","isPartOf":{"@id":"https:\/\/blogin.al\/#website"},"primaryImageOfPage":{"@id":"https:\/\/blogin.al\/?p=42191#primaryimage"},"image":{"@id":"https:\/\/blogin.al\/?p=42191#primaryimage"},"thumbnailUrl":"https:\/\/blogin.al\/wp-content\/uploads\/2023\/10\/20231031_095748.jpg","datePublished":"2024-01-07T08:43:39+00:00","dateModified":"2024-01-07T08:43:41+00:00","breadcrumb":{"@id":"https:\/\/blogin.al\/?p=42191#breadcrumb"},"inLanguage":"en-US","potentialAction":[{"@type":"ReadAction","target":["https:\/\/blogin.al\/?p=42191"]}]},{"@type":"ImageObject","inLanguage":"en-US","@id":"https:\/\/blogin.al\/?p=42191#primaryimage","url":"https:\/\/blogin.al\/wp-content\/uploads\/2023\/10\/20231031_095748.jpg","contentUrl":"https:\/\/blogin.al\/wp-content\/uploads\/2023\/10\/20231031_095748.jpg","width":1440,"height":1502},{"@type":"BreadcrumbList","@id":"https:\/\/blogin.al\/?p=42191#breadcrumb","itemListElement":[{"@type":"ListItem","position":1,"name":"Home","item":"https:\/\/blogin.al\/"},{"@type":"ListItem","position":2,"name":"\u00cbsht\u00eb ndar\u00eb apo jo me Kreshnikun? Dafina u p\u00ebrgjigjet aludimeve"}]},{"@type":"WebSite","@id":"https:\/\/blogin.al\/#website","url":"https:\/\/blogin.al\/","name":"blogin.al","description":"","publisher":{"@id":"https:\/\/blogin.al\/#organization"},"potentialAction":[{"@type":"SearchAction","target":{"@type":"EntryPoint","urlTemplate":"https:\/\/blogin.al\/?s={search_term_string}"},"query-input":{"@type":"PropertyValueSpecification","valueRequired":true,"valueName":"search_term_string"}}],"inLanguage":"en-US"},{"@type":"Organization","@id":"https:\/\/blogin.al\/#organization","name":"BLOGIN.al","url":"https:\/\/blogin.al\/","logo":{"@type":"ImageObject","inLanguage":"en-US","@id":"https:\/\/blogin.al\/#\/schema\/logo\/image\/","url":"https:\/\/blogin.al\/wp-content\/uploads\/2022\/05\/Untitled-2-01-e1652084456514.png","contentUrl":"https:\/\/blogin.al\/wp-content\/uploads\/2022\/05\/Untitled-2-01-e1652084456514.png","width":3723,"height":1698,"caption":"BLOGIN.al"},"image":{"@id":"https:\/\/blogin.al\/#\/schema\/logo\/image\/"},"sameAs":["https:\/\/instagram.com\/blogin.al\/"]},{"@type":"Person","@id":"https:\/\/blogin.al\/#\/schema\/person\/abdd56bc912cd511db877b852b115399","name":"Blogin al","image":{"@type":"ImageObject","inLanguage":"en-US","@id":"https:\/\/secure.gravatar.com\/avatar\/60d5661aee6e835fb13dc75d2204cd0c1d61bef2efd137c0083e59ef831e235e?s=96&d=mm&r=g","url":"https:\/\/secure.gravatar.com\/avatar\/60d5661aee6e835fb13dc75d2204cd0c1d61bef2efd137c0083e59ef831e235e?s=96&d=mm&r=g","contentUrl":"https:\/\/secure.gravatar.com\/avatar\/60d5661aee6e835fb13dc75d2204cd0c1d61bef2efd137c0083e59ef831e235e?s=96&d=mm&r=g","caption":"Blogin al"},"sameAs":["https:\/\/blogin.al"],"url":"https:\/\/blogin.al\/?author=2"}]}},"_links":{"self":[{"href":"https:\/\/blogin.al\/index.php?rest_route=\/wp\/v2\/posts\/42191","targetHints":{"allow":["GET"]}}],"collection":[{"href":"https:\/\/blogin.al\/index.php?rest_route=\/wp\/v2\/posts"}],"about":[{"href":"https:\/\/blogin.al\/index.php?rest_route=\/wp\/v2\/types\/post"}],"author":[{"embeddable":true,"href":"https:\/\/blogin.al\/index.php?rest_route=\/wp\/v2\/users\/2"}],"replies":[{"embeddable":true,"href":"https:\/\/blogin.al\/index.php?rest_route=%2Fwp%2Fv2%2Fcomments&post=42191"}],"version-history":[{"count":1,"href":"https:\/\/blogin.al\/index.php?rest_route=\/wp\/v2\/posts\/42191\/revisions"}],"predecessor-version":[{"id":42192,"href":"https:\/\/blogin.al\/index.php?rest_route=\/wp\/v2\/posts\/42191\/revisions\/42192"}],"wp:featuredmedia":[{"embeddable":true,"href":"https:\/\/blogin.al\/index.php?rest_route=\/wp\/v2\/media\/39331"}],"wp:attachment":[{"href":"https:\/\/blogin.al\/index.php?rest_route=%2Fwp%2Fv2%2Fmedia&parent=42191"}],"wp:term":[{"taxonomy":"category","embeddable":true,"href":"https:\/\/blogin.al\/index.php?rest_route=%2Fwp%2Fv2%2Fcategories&post=42191"},{"taxonomy":"post_tag","embeddable":true,"href":"https:\/\/blogin.al\/index.php?rest_route=%2Fwp%2Fv2%2Ftags&post=42191"}],"curies":[{"name":"wp","href":"https:\/\/api.w.org\/{rel}","templated":true}]}}