{"id":42200,"date":"2024-01-07T11:05:41","date_gmt":"2024-01-07T11:05:41","guid":{"rendered":"https:\/\/blogin.al\/?p=42200"},"modified":"2024-01-07T11:05:43","modified_gmt":"2024-01-07T11:05:43","slug":"a-e-ka-prishur-miqesine-e-arbanes-dhe-ledionit-vendimi-per-moderatorin-e-ri-te-big-brother-vip-3","status":"publish","type":"post","link":"https:\/\/blogin.al\/?p=42200","title":{"rendered":"A e ka prishur miq\u00ebsin\u00eb e Arban\u00ebs dhe Ledionit vendimi p\u00ebr moderatorin e ri t\u00eb Big Brother Vip 3?"},"content":{"rendered":"\n<p>Sezoni i ri i \u201cBig Brother\u201d pritet t\u00eb nis\u00eb fundjav\u00ebn e ardhshme. Ndryshe nga vitet e shkuara, k\u00ebt\u00eb her\u00eb, nj\u00eb kuriozitet t\u00eb madh ka pasur edhe p\u00ebr moderimin e k\u00ebtij formati.<\/p>\n\n\n\n<p>Muaj m\u00eb par\u00eb, nisi t\u00eb shkruhej se Arbana nuk do t\u00eb ishte m\u00eb mikprit\u00ebsja e k\u00ebtij formati dhe se Ledioni do t\u00eb rikthehej n\u00eb ekran si moderatori i ri. E n\u00eb fakt, spoti i \u201cBig Brother\u201d e konfirmoi k\u00ebt\u00eb fakt, teksa ishte Ledioni n\u00eb qend\u00ebr t\u00eb reklam\u00ebs p\u00ebr startimin e spektaklit.<\/p>\n\n\n\n<p>Me t\u2019u konfirmuar lajmi se \u201cBBV\u201d do t\u00eb moderohet nga Li\u00e7o, fansat kan\u00eb shprehur d\u00ebshir\u00ebn q\u00eb kan\u00eb q\u00eb Osmani t\u00eb prezantoj\u00eb k\u00ebt\u00eb \u2018reality show\u201d, pasi n\u00eb t\u00eb kund\u00ebrt spektakli do t\u00eb \u201cd\u00ebshtoj\u00eb\u201d. S\u00eb fundmi p\u00ebrmes nj\u00eb postimi n\u00eb \u201cInstaStory\u201d ka reaguar vet\u00eb Ledioni, duke publikuar nj\u00eb th\u00ebnie, shkruan Panorama.<\/p>\n\n\n\n<p>\u201cBesoni n\u00eb fillimet e reja\u201d, ka shkruar moderatori duke iu k\u00ebrkuar fansave q\u00eb t\u00eb besojn\u00eb dhe ta m\u00ebbshtesin at\u00eb n\u00eb k\u00ebt\u00eb hap t\u00eb madh q\u00eb ai do t\u00eb marr\u00eb. Pasi u zyrtarizua se k\u00ebt\u00eb edicion do ta prezantonte Ledion Li\u00e7o, mesa duket surprizat sapo kan\u00eb nisur ende pa filluar zyrtarisht sezoni i ri.<\/p>\n\n\n\n<p>N\u00eb profilin e formatit n\u00eb \u201cWikipedia\u201d, krah\u00eb emrit t\u00eb Ledionit \u00ebsht\u00eb shtuar dhe emri i moderatores \u201cikon\u00eb\u201d t\u00eb spektaklit, Arbana Osmani. Ndon\u00ebse jav\u00ebt e fundit emri i saj, nuk \u00ebsht\u00eb lakuar m\u00eb n\u00eb \u201cTop\u201d, n\u00eb faqen e \u201cWikipedia\u201d, shfaqet s\u00ebrish, duke na b\u00ebr\u00eb t\u00eb besojm\u00eb se n\u00eb fakt, k\u00ebt\u00eb vit moderator\u00eb do t\u00eb jen\u00eb dy.<\/p>\n\n\n\n<p>Nj\u00eb format ky i ngjash\u00ebm me at\u00eb t\u00eb Kosov\u00ebs, ku n\u00eb prezantim jan\u00eb si Jonida Vokshi, ashtu edhe Alaudin Hamiti. Shenjat p\u00ebr nj\u00eb krisje mes Arban\u00ebs dhe producent\u00ebve u \u2018konfirmuan\u201d kur moderatorja mungoi n\u00eb fest\u00ebn q\u00eb \u201cTop Channel\u201d organizoi p\u00ebr fundvit.<\/p>\n\n\n\n<p>Mes shum\u00eb pjes\u00ebmarr\u00ebsve ajo q\u00eb u vu re ishte mungesa e moderatores, e cila nuk mori pjes\u00eb n\u00eb k\u00ebt\u00eb event p\u00ebr t\u00eb festuar me pjes\u00ebn tjet\u00ebr t\u00eb stafit t\u00eb k\u00ebsaj media. Arbana vendosi q\u00eb n\u00eb vend t\u00eb k\u00ebsaj k\u00ebt\u00eb feste, ta festonte me miqt\u00eb e saj m\u00eb t\u00eb af\u00ebrt dhe me stafin e restorantit t\u00eb saj, t\u00eb cilin e ka hapur disa jav\u00eb m\u00eb par\u00eb.<\/p>\n\n\n\n<p>Kaq ka mjaftuar q\u00eb publiku t\u00eb binden se mes moderatores dhe Ledion Li\u00e7os nuk kan\u00eb nj\u00eb marr\u00ebdh\u00ebnie t\u00eb mir\u00eb me nj\u00ebri-tjetrin, megjth\u00ebse nj\u00eb lajm i till\u00eb nuk \u00ebsht\u00eb konfirmuar nga ana e dyshes.<\/p>\n\n\n\n<p>Megjithat\u00eb, Arbana Osmani n\u00eb rrjetet sociale ka folur mbi angazhimet e saj t\u00eb fundit, t\u00eb cilat duken se e kan\u00eb mbajtur jo pak larg ndjek\u00ebsve t\u00eb saj muajt e fundit. Dhe midis shum\u00eb aludimesh n\u00eb rrjet se k\u00ebt\u00eb sezon t\u00eb ri t\u00eb Big Brother Vip nuk do ta moderonte ajo, duket se nj\u00eb p\u00ebrgjigje e dha edhe p\u00ebr k\u00ebt\u00eb.<\/p>\n\n\n\n<p>Nd\u00ebrsa shpjegonte pun\u00ebn e saj gjat\u00eb muajve t\u00eb fundit, p\u00ebr nj\u00eb sip\u00ebrmarrje t\u00eb re q\u00eb pritet t\u00eb marr\u00eb jet\u00eb s\u00eb shpejti, ajo duket se iu mbylli goj\u00ebn t\u00eb gjith\u00eb z\u00ebrave q\u00eb sugjeronin se Arbana mund t\u00eb ishte shk\u00ebputur nga produksioni i BBV3. P\u00ebrmes nj\u00eb statusi t\u00eb fundit n\u00eb \u201cInstagram\u201d ajo thekson se rikthimi n\u00eb ekran do t\u00eb jet\u00eb i shpejt\u00eb, pik\u00ebrisht aty ku nisi para 25 viteve.<\/p>\n\n\n\n<p>\u201cDhe p\u00ebr ta mbyllur, p\u00ebr t\u00eb gjith\u00eb ju q\u00eb m\u00eb pyesni pafund \u00e7do dit\u00eb, shpejt do shihemi edhe n\u00eb ekran, p\u00ebr te vazhduar nj\u00eb pasion q\u00eb m\u00eb entuziasmon nj\u00eblloj si para 25 vitesh, dhe q\u00eb lindi po aty, te Piramida\u201d, e mbyll Arbana duke dashur t\u00eb mbyll\u00eb nj\u00eb her\u00eb e p\u00ebrgjithmon\u00eb z\u00ebrat p\u00ebr largimin nga \u201cTop Channel\u201d.<\/p>\n\n\n\n<p>Lajmi q\u00eb b\u00ebri konfuz rrjetin, nisi fillimisht nga nj\u00eb miq\u00ebsi e munguar n\u00eb \u201cInstagram\u201d mes Ledion Li\u00e7os dhe Arbana Osmanit, \u00e7far\u00eb u interpretua se kjo e fundit ishte hakmarr\u00eb, pasi moderatori ia kishte dal\u00eb q\u00eb t\u00eb merrte drejtimin e formatit t\u00eb njohur. M\u00eb pas z\u00ebrat nis\u00ebn t\u00eb flisnin se moderimi i BBVA mbetej i paqart\u00eb, p\u00ebr shkak t\u00eb nj\u00eb \u201cng\u00ebr\u00e7i\u201d mes administrator\u00ebve t\u00eb televizionit dhe Arban\u00ebs, q\u00eb mendohet se ka lidhje me negociatat mbi kompensimin financiar.<\/p>\n\n\n\n<p>At\u00ebher\u00eb kur gjith\u00e7ka dukej se po shkonte drejt finalizimit, doli n\u00eb pah p\u00ebrs\u00ebri emri i Ledionit, si kandidati potencial p\u00ebr ta moderuar. E teksa na ndajn\u00eb edhe pak dit\u00eb nga nisja e k\u00ebtij edicioni, duket se emri i Arban\u00ebs, vijon t\u00eb p\u00ebrmendet ende si moderatore.<\/p>\n\n\n\n<p>Sakaq n\u00eb media, \u00ebsht\u00eb folur shum\u00eb edhe p\u00ebr emrat e konkrurent\u00ebve, q\u00eb k\u00ebt\u00eb vit kan\u00eb dal\u00eb disi n\u00eb plan t\u00eb dyt\u00eb, p\u00ebr shkak t\u00eb \u201cdyluftimit\u201d n\u00eb moderim. Kast\u00ebs s\u00eb personazheve q\u00eb do ti bashkohen loj\u00ebs k\u00ebt\u00eb sezon do t\u00eb jet\u00eb edhe ish-futbollisti Klodian Duro.<\/p>\n\n\n\n<p>Duro ka qen\u00eb mjaft aktiv edhe vitin e fundit n\u00eb BBVA2, por nga ekrani duke suportuar shpeshher\u00eb me mesazhe dhe vota fituesin e vjetsh\u00ebm Luiz Ejllin. Tashm\u00eb \u00ebsht\u00eb momenti i tij p\u00ebr t\u2019u b\u00ebr\u00eb pjes\u00eb e gar\u00ebs s\u00eb madhe. Nga ana tjet\u00ebr nj\u00eb rikthim n\u00eb Big Brother do t\u00eb ket\u00eb edhe Rike Roci.<\/p>\n\n\n\n<p>Modelja bukuroshe e cila jeton n\u00eb Itali, duket se i ka th\u00ebn\u00eb \u201cPo\u201d ftes\u00ebs p\u00ebr tu rikthyer n\u00eb \u201cBig Brother\u201d, por k\u00ebt\u00eb her\u00eb n\u00eb at\u00eb t\u00eb VIP-ave. Tashm\u00eb mbetet p\u00ebr tu par\u00eb sesi do t\u00eb pozicionet Rikja, e cila n\u00eb rrjet \u00ebsht\u00eb shpesh e njohur p\u00ebr deklaratat e saj t\u00eb forta.<\/p>\n","protected":false},"excerpt":{"rendered":"<p>Sezoni i ri i \u201cBig Brother\u201d pritet t\u00eb nis\u00eb fundjav\u00ebn e ardhshme. Ndryshe nga vitet e shkuara, k\u00ebt\u00eb her\u00eb, nj\u00eb kuriozitet t\u00eb madh ka pasur edhe p\u00ebr moderimin e k\u00ebtij formati. Muaj m\u00eb par\u00eb, nisi t\u00eb shkruhej se Arbana nuk do t\u00eb ishte m\u00eb mikprit\u00ebsja e k\u00ebtij formati dhe se Ledioni do t\u00eb rikthehej n\u00eb [&hellip;]<\/p>\n","protected":false},"author":2,"featured_media":39386,"comment_status":"open","ping_status":"open","sticky":false,"template":"","format":"standard","meta":{"footnotes":""},"categories":[33],"tags":[],"class_list":{"0":"post-42200","1":"post","2":"type-post","3":"status-publish","4":"format-standard","5":"has-post-thumbnail","7":"category-showbiz"},"yoast_head":"<!-- This site is optimized with the Yoast SEO plugin v27.5 - https:\/\/yoast.com\/product\/yoast-seo-wordpress\/ -->\n<title>A e ka prishur miq\u00ebsin\u00eb e Arban\u00ebs dhe Ledionit vendimi p\u00ebr moderatorin e ri t\u00eb Big Brother Vip 3? - blogin.al<\/title>\n<meta name=\"robots\" content=\"index, follow, max-snippet:-1, max-image-preview:large, max-video-preview:-1\" \/>\n<link rel=\"canonical\" href=\"https:\/\/blogin.al\/?p=42200\" \/>\n<meta property=\"og:locale\" content=\"en_US\" \/>\n<meta property=\"og:type\" content=\"article\" \/>\n<meta property=\"og:title\" content=\"A e ka prishur miq\u00ebsin\u00eb e Arban\u00ebs dhe Ledionit vendimi p\u00ebr moderatorin e ri t\u00eb Big Brother Vip 3? - blogin.al\" \/>\n<meta property=\"og:description\" content=\"Sezoni i ri i \u201cBig Brother\u201d pritet t\u00eb nis\u00eb fundjav\u00ebn e ardhshme. Ndryshe nga vitet e shkuara, k\u00ebt\u00eb her\u00eb, nj\u00eb kuriozitet t\u00eb madh ka pasur edhe p\u00ebr moderimin e k\u00ebtij formati. Muaj m\u00eb par\u00eb, nisi t\u00eb shkruhej se Arbana nuk do t\u00eb ishte m\u00eb mikprit\u00ebsja e k\u00ebtij formati dhe se Ledioni do t\u00eb rikthehej n\u00eb [&hellip;]\" \/>\n<meta property=\"og:url\" content=\"https:\/\/blogin.al\/?p=42200\" \/>\n<meta property=\"og:site_name\" content=\"blogin.al\" \/>\n<meta property=\"article:published_time\" content=\"2024-01-07T11:05:41+00:00\" \/>\n<meta property=\"article:modified_time\" content=\"2024-01-07T11:05:43+00:00\" \/>\n<meta property=\"og:image\" content=\"https:\/\/blogin.al\/wp-content\/uploads\/2023\/11\/image-3.png\" \/>\n\t<meta property=\"og:image:width\" content=\"900\" \/>\n\t<meta property=\"og:image:height\" content=\"713\" \/>\n\t<meta property=\"og:image:type\" content=\"image\/png\" \/>\n<meta name=\"author\" content=\"Blogin al\" \/>\n<meta name=\"twitter:card\" content=\"summary_large_image\" \/>\n<meta name=\"twitter:label1\" content=\"Written by\" \/>\n\t<meta name=\"twitter:data1\" content=\"Blogin al\" \/>\n\t<meta name=\"twitter:label2\" content=\"Est. reading time\" \/>\n\t<meta name=\"twitter:data2\" content=\"4 minutes\" \/>\n<script type=\"application\/ld+json\" class=\"yoast-schema-graph\">{\"@context\":\"https:\\\/\\\/schema.org\",\"@graph\":[{\"@type\":\"Article\",\"@id\":\"https:\\\/\\\/blogin.al\\\/?p=42200#article\",\"isPartOf\":{\"@id\":\"https:\\\/\\\/blogin.al\\\/?p=42200\"},\"author\":{\"name\":\"Blogin al\",\"@id\":\"https:\\\/\\\/blogin.al\\\/#\\\/schema\\\/person\\\/abdd56bc912cd511db877b852b115399\"},\"headline\":\"A e ka prishur miq\u00ebsin\u00eb e Arban\u00ebs dhe Ledionit vendimi p\u00ebr moderatorin e ri t\u00eb Big Brother Vip 3?\",\"datePublished\":\"2024-01-07T11:05:41+00:00\",\"dateModified\":\"2024-01-07T11:05:43+00:00\",\"mainEntityOfPage\":{\"@id\":\"https:\\\/\\\/blogin.al\\\/?p=42200\"},\"wordCount\":958,\"commentCount\":0,\"publisher\":{\"@id\":\"https:\\\/\\\/blogin.al\\\/#organization\"},\"image\":{\"@id\":\"https:\\\/\\\/blogin.al\\\/?p=42200#primaryimage\"},\"thumbnailUrl\":\"https:\\\/\\\/blogin.al\\\/wp-content\\\/uploads\\\/2023\\\/11\\\/image-3.png\",\"articleSection\":[\"SHOWBIZ\"],\"inLanguage\":\"en-US\",\"potentialAction\":[{\"@type\":\"CommentAction\",\"name\":\"Comment\",\"target\":[\"https:\\\/\\\/blogin.al\\\/?p=42200#respond\"]}]},{\"@type\":\"WebPage\",\"@id\":\"https:\\\/\\\/blogin.al\\\/?p=42200\",\"url\":\"https:\\\/\\\/blogin.al\\\/?p=42200\",\"name\":\"A e ka prishur miq\u00ebsin\u00eb e Arban\u00ebs dhe Ledionit vendimi p\u00ebr moderatorin e ri t\u00eb Big Brother Vip 3? - blogin.al\",\"isPartOf\":{\"@id\":\"https:\\\/\\\/blogin.al\\\/#website\"},\"primaryImageOfPage\":{\"@id\":\"https:\\\/\\\/blogin.al\\\/?p=42200#primaryimage\"},\"image\":{\"@id\":\"https:\\\/\\\/blogin.al\\\/?p=42200#primaryimage\"},\"thumbnailUrl\":\"https:\\\/\\\/blogin.al\\\/wp-content\\\/uploads\\\/2023\\\/11\\\/image-3.png\",\"datePublished\":\"2024-01-07T11:05:41+00:00\",\"dateModified\":\"2024-01-07T11:05:43+00:00\",\"breadcrumb\":{\"@id\":\"https:\\\/\\\/blogin.al\\\/?p=42200#breadcrumb\"},\"inLanguage\":\"en-US\",\"potentialAction\":[{\"@type\":\"ReadAction\",\"target\":[\"https:\\\/\\\/blogin.al\\\/?p=42200\"]}]},{\"@type\":\"ImageObject\",\"inLanguage\":\"en-US\",\"@id\":\"https:\\\/\\\/blogin.al\\\/?p=42200#primaryimage\",\"url\":\"https:\\\/\\\/blogin.al\\\/wp-content\\\/uploads\\\/2023\\\/11\\\/image-3.png\",\"contentUrl\":\"https:\\\/\\\/blogin.al\\\/wp-content\\\/uploads\\\/2023\\\/11\\\/image-3.png\",\"width\":900,\"height\":713},{\"@type\":\"BreadcrumbList\",\"@id\":\"https:\\\/\\\/blogin.al\\\/?p=42200#breadcrumb\",\"itemListElement\":[{\"@type\":\"ListItem\",\"position\":1,\"name\":\"Home\",\"item\":\"https:\\\/\\\/blogin.al\\\/\"},{\"@type\":\"ListItem\",\"position\":2,\"name\":\"A e ka prishur miq\u00ebsin\u00eb e Arban\u00ebs dhe Ledionit vendimi p\u00ebr moderatorin e ri t\u00eb Big Brother Vip 3?\"}]},{\"@type\":\"WebSite\",\"@id\":\"https:\\\/\\\/blogin.al\\\/#website\",\"url\":\"https:\\\/\\\/blogin.al\\\/\",\"name\":\"blogin.al\",\"description\":\"\",\"publisher\":{\"@id\":\"https:\\\/\\\/blogin.al\\\/#organization\"},\"potentialAction\":[{\"@type\":\"SearchAction\",\"target\":{\"@type\":\"EntryPoint\",\"urlTemplate\":\"https:\\\/\\\/blogin.al\\\/?s={search_term_string}\"},\"query-input\":{\"@type\":\"PropertyValueSpecification\",\"valueRequired\":true,\"valueName\":\"search_term_string\"}}],\"inLanguage\":\"en-US\"},{\"@type\":\"Organization\",\"@id\":\"https:\\\/\\\/blogin.al\\\/#organization\",\"name\":\"BLOGIN.al\",\"url\":\"https:\\\/\\\/blogin.al\\\/\",\"logo\":{\"@type\":\"ImageObject\",\"inLanguage\":\"en-US\",\"@id\":\"https:\\\/\\\/blogin.al\\\/#\\\/schema\\\/logo\\\/image\\\/\",\"url\":\"https:\\\/\\\/blogin.al\\\/wp-content\\\/uploads\\\/2022\\\/05\\\/Untitled-2-01-e1652084456514.png\",\"contentUrl\":\"https:\\\/\\\/blogin.al\\\/wp-content\\\/uploads\\\/2022\\\/05\\\/Untitled-2-01-e1652084456514.png\",\"width\":3723,\"height\":1698,\"caption\":\"BLOGIN.al\"},\"image\":{\"@id\":\"https:\\\/\\\/blogin.al\\\/#\\\/schema\\\/logo\\\/image\\\/\"},\"sameAs\":[\"https:\\\/\\\/instagram.com\\\/blogin.al\\\/\"]},{\"@type\":\"Person\",\"@id\":\"https:\\\/\\\/blogin.al\\\/#\\\/schema\\\/person\\\/abdd56bc912cd511db877b852b115399\",\"name\":\"Blogin al\",\"image\":{\"@type\":\"ImageObject\",\"inLanguage\":\"en-US\",\"@id\":\"https:\\\/\\\/secure.gravatar.com\\\/avatar\\\/60d5661aee6e835fb13dc75d2204cd0c1d61bef2efd137c0083e59ef831e235e?s=96&d=mm&r=g\",\"url\":\"https:\\\/\\\/secure.gravatar.com\\\/avatar\\\/60d5661aee6e835fb13dc75d2204cd0c1d61bef2efd137c0083e59ef831e235e?s=96&d=mm&r=g\",\"contentUrl\":\"https:\\\/\\\/secure.gravatar.com\\\/avatar\\\/60d5661aee6e835fb13dc75d2204cd0c1d61bef2efd137c0083e59ef831e235e?s=96&d=mm&r=g\",\"caption\":\"Blogin al\"},\"sameAs\":[\"https:\\\/\\\/blogin.al\"],\"url\":\"https:\\\/\\\/blogin.al\\\/?author=2\"}]}<\/script>\n<!-- \/ Yoast SEO plugin. -->","yoast_head_json":{"title":"A e ka prishur miq\u00ebsin\u00eb e Arban\u00ebs dhe Ledionit vendimi p\u00ebr moderatorin e ri t\u00eb Big Brother Vip 3? - blogin.al","robots":{"index":"index","follow":"follow","max-snippet":"max-snippet:-1","max-image-preview":"max-image-preview:large","max-video-preview":"max-video-preview:-1"},"canonical":"https:\/\/blogin.al\/?p=42200","og_locale":"en_US","og_type":"article","og_title":"A e ka prishur miq\u00ebsin\u00eb e Arban\u00ebs dhe Ledionit vendimi p\u00ebr moderatorin e ri t\u00eb Big Brother Vip 3? - blogin.al","og_description":"Sezoni i ri i \u201cBig Brother\u201d pritet t\u00eb nis\u00eb fundjav\u00ebn e ardhshme. Ndryshe nga vitet e shkuara, k\u00ebt\u00eb her\u00eb, nj\u00eb kuriozitet t\u00eb madh ka pasur edhe p\u00ebr moderimin e k\u00ebtij formati. Muaj m\u00eb par\u00eb, nisi t\u00eb shkruhej se Arbana nuk do t\u00eb ishte m\u00eb mikprit\u00ebsja e k\u00ebtij formati dhe se Ledioni do t\u00eb rikthehej n\u00eb [&hellip;]","og_url":"https:\/\/blogin.al\/?p=42200","og_site_name":"blogin.al","article_published_time":"2024-01-07T11:05:41+00:00","article_modified_time":"2024-01-07T11:05:43+00:00","og_image":[{"width":900,"height":713,"url":"https:\/\/blogin.al\/wp-content\/uploads\/2023\/11\/image-3.png","type":"image\/png"}],"author":"Blogin al","twitter_card":"summary_large_image","twitter_misc":{"Written by":"Blogin al","Est. reading time":"4 minutes"},"schema":{"@context":"https:\/\/schema.org","@graph":[{"@type":"Article","@id":"https:\/\/blogin.al\/?p=42200#article","isPartOf":{"@id":"https:\/\/blogin.al\/?p=42200"},"author":{"name":"Blogin al","@id":"https:\/\/blogin.al\/#\/schema\/person\/abdd56bc912cd511db877b852b115399"},"headline":"A e ka prishur miq\u00ebsin\u00eb e Arban\u00ebs dhe Ledionit vendimi p\u00ebr moderatorin e ri t\u00eb Big Brother Vip 3?","datePublished":"2024-01-07T11:05:41+00:00","dateModified":"2024-01-07T11:05:43+00:00","mainEntityOfPage":{"@id":"https:\/\/blogin.al\/?p=42200"},"wordCount":958,"commentCount":0,"publisher":{"@id":"https:\/\/blogin.al\/#organization"},"image":{"@id":"https:\/\/blogin.al\/?p=42200#primaryimage"},"thumbnailUrl":"https:\/\/blogin.al\/wp-content\/uploads\/2023\/11\/image-3.png","articleSection":["SHOWBIZ"],"inLanguage":"en-US","potentialAction":[{"@type":"CommentAction","name":"Comment","target":["https:\/\/blogin.al\/?p=42200#respond"]}]},{"@type":"WebPage","@id":"https:\/\/blogin.al\/?p=42200","url":"https:\/\/blogin.al\/?p=42200","name":"A e ka prishur miq\u00ebsin\u00eb e Arban\u00ebs dhe Ledionit vendimi p\u00ebr moderatorin e ri t\u00eb Big Brother Vip 3? - blogin.al","isPartOf":{"@id":"https:\/\/blogin.al\/#website"},"primaryImageOfPage":{"@id":"https:\/\/blogin.al\/?p=42200#primaryimage"},"image":{"@id":"https:\/\/blogin.al\/?p=42200#primaryimage"},"thumbnailUrl":"https:\/\/blogin.al\/wp-content\/uploads\/2023\/11\/image-3.png","datePublished":"2024-01-07T11:05:41+00:00","dateModified":"2024-01-07T11:05:43+00:00","breadcrumb":{"@id":"https:\/\/blogin.al\/?p=42200#breadcrumb"},"inLanguage":"en-US","potentialAction":[{"@type":"ReadAction","target":["https:\/\/blogin.al\/?p=42200"]}]},{"@type":"ImageObject","inLanguage":"en-US","@id":"https:\/\/blogin.al\/?p=42200#primaryimage","url":"https:\/\/blogin.al\/wp-content\/uploads\/2023\/11\/image-3.png","contentUrl":"https:\/\/blogin.al\/wp-content\/uploads\/2023\/11\/image-3.png","width":900,"height":713},{"@type":"BreadcrumbList","@id":"https:\/\/blogin.al\/?p=42200#breadcrumb","itemListElement":[{"@type":"ListItem","position":1,"name":"Home","item":"https:\/\/blogin.al\/"},{"@type":"ListItem","position":2,"name":"A e ka prishur miq\u00ebsin\u00eb e Arban\u00ebs dhe Ledionit vendimi p\u00ebr moderatorin e ri t\u00eb Big Brother Vip 3?"}]},{"@type":"WebSite","@id":"https:\/\/blogin.al\/#website","url":"https:\/\/blogin.al\/","name":"blogin.al","description":"","publisher":{"@id":"https:\/\/blogin.al\/#organization"},"potentialAction":[{"@type":"SearchAction","target":{"@type":"EntryPoint","urlTemplate":"https:\/\/blogin.al\/?s={search_term_string}"},"query-input":{"@type":"PropertyValueSpecification","valueRequired":true,"valueName":"search_term_string"}}],"inLanguage":"en-US"},{"@type":"Organization","@id":"https:\/\/blogin.al\/#organization","name":"BLOGIN.al","url":"https:\/\/blogin.al\/","logo":{"@type":"ImageObject","inLanguage":"en-US","@id":"https:\/\/blogin.al\/#\/schema\/logo\/image\/","url":"https:\/\/blogin.al\/wp-content\/uploads\/2022\/05\/Untitled-2-01-e1652084456514.png","contentUrl":"https:\/\/blogin.al\/wp-content\/uploads\/2022\/05\/Untitled-2-01-e1652084456514.png","width":3723,"height":1698,"caption":"BLOGIN.al"},"image":{"@id":"https:\/\/blogin.al\/#\/schema\/logo\/image\/"},"sameAs":["https:\/\/instagram.com\/blogin.al\/"]},{"@type":"Person","@id":"https:\/\/blogin.al\/#\/schema\/person\/abdd56bc912cd511db877b852b115399","name":"Blogin al","image":{"@type":"ImageObject","inLanguage":"en-US","@id":"https:\/\/secure.gravatar.com\/avatar\/60d5661aee6e835fb13dc75d2204cd0c1d61bef2efd137c0083e59ef831e235e?s=96&d=mm&r=g","url":"https:\/\/secure.gravatar.com\/avatar\/60d5661aee6e835fb13dc75d2204cd0c1d61bef2efd137c0083e59ef831e235e?s=96&d=mm&r=g","contentUrl":"https:\/\/secure.gravatar.com\/avatar\/60d5661aee6e835fb13dc75d2204cd0c1d61bef2efd137c0083e59ef831e235e?s=96&d=mm&r=g","caption":"Blogin al"},"sameAs":["https:\/\/blogin.al"],"url":"https:\/\/blogin.al\/?author=2"}]}},"_links":{"self":[{"href":"https:\/\/blogin.al\/index.php?rest_route=\/wp\/v2\/posts\/42200","targetHints":{"allow":["GET"]}}],"collection":[{"href":"https:\/\/blogin.al\/index.php?rest_route=\/wp\/v2\/posts"}],"about":[{"href":"https:\/\/blogin.al\/index.php?rest_route=\/wp\/v2\/types\/post"}],"author":[{"embeddable":true,"href":"https:\/\/blogin.al\/index.php?rest_route=\/wp\/v2\/users\/2"}],"replies":[{"embeddable":true,"href":"https:\/\/blogin.al\/index.php?rest_route=%2Fwp%2Fv2%2Fcomments&post=42200"}],"version-history":[{"count":1,"href":"https:\/\/blogin.al\/index.php?rest_route=\/wp\/v2\/posts\/42200\/revisions"}],"predecessor-version":[{"id":42201,"href":"https:\/\/blogin.al\/index.php?rest_route=\/wp\/v2\/posts\/42200\/revisions\/42201"}],"wp:featuredmedia":[{"embeddable":true,"href":"https:\/\/blogin.al\/index.php?rest_route=\/wp\/v2\/media\/39386"}],"wp:attachment":[{"href":"https:\/\/blogin.al\/index.php?rest_route=%2Fwp%2Fv2%2Fmedia&parent=42200"}],"wp:term":[{"taxonomy":"category","embeddable":true,"href":"https:\/\/blogin.al\/index.php?rest_route=%2Fwp%2Fv2%2Fcategories&post=42200"},{"taxonomy":"post_tag","embeddable":true,"href":"https:\/\/blogin.al\/index.php?rest_route=%2Fwp%2Fv2%2Ftags&post=42200"}],"curies":[{"name":"wp","href":"https:\/\/api.w.org\/{rel}","templated":true}]}}