{"id":42208,"date":"2024-01-07T13:37:36","date_gmt":"2024-01-07T13:37:36","guid":{"rendered":"https:\/\/blogin.al\/?p=42208"},"modified":"2024-01-07T13:37:39","modified_gmt":"2024-01-07T13:37:39","slug":"si-asnjehere-me-pare-alketa-vejsiu-poston-fotot-me-mamane","status":"publish","type":"post","link":"https:\/\/blogin.al\/?p=42208","title":{"rendered":"Si asnj\u00ebher\u00eb m\u00eb par\u00eb, Alketa Vejsiu poston fotot me maman\u00eb"},"content":{"rendered":"\n<p>Moderatorja e njohur, Alketa Vejsiu, \u00ebsht\u00eb mjaft aktive n\u00eb profilet e saj n\u00eb rrjetet sociale. N\u00eb \u201cInstagram\u201d, ajo ndan me 1.1 milion ndjek\u00ebsit momente t\u00eb ndryshme nga p\u00ebrditshm\u00ebria.<\/p>\n\n\n\n<p>Gjithashtu Alketa mundohet q\u00eb t\u00eb jet\u00eb sa m\u00eb pran\u00eb fansave edhe me bashk\u00ebbisedimet virtuale q\u00eb b\u00ebn her\u00eb pas here me ta.<\/p>\n\n\n\n<p>K\u00ebshtu ka b\u00ebr\u00eb edhe s\u00eb fundmi, e ndjek\u00ebsit k\u00ebsaj radhe kan\u00eb qen\u00eb shum\u00eb kuiroz\u00eb t\u00eb din\u00eb sa m\u00eb shum\u00eb p\u00ebr familjen e moderatores.<\/p>\n\n\n\n<p>T\u00eb shumt\u00eb kan\u00eb qen\u00eb ata q\u00eb i kan\u00eb k\u00ebrkuar foto me maman\u00eb e saj dhe Vejsiu nuk ka ngurruar q\u00eb t\u2019u b\u00ebj\u00eb qejfin ndjek\u00ebsve t\u00eb saj.<\/p>\n\n\n\n<p>\u201cMamin s\u2019t\u00eb kam par\u00eb asnj\u00ebher\u00eb t\u2019i b\u00ebsh surpriz\u00eb apo t\u2019a nxjerr\u00eb n\u00eb nj\u00eb foto bashk\u00eb! N\u00ebna \u00ebsht\u00eb e shtrenjt\u00eb!\u201d, i ka shkruar dikush.<\/p>\n\n\n\n<figure class=\"wp-block-image is-style-default\"><img decoding=\"async\" src=\"https:\/\/gsh.top-media.al\/media10\/alketa.png\" alt=\"\" class=\"wp-image-415147\"\/><\/figure>\n\n\n\n<p>E k\u00ebsaj, moderatorja e dashur p\u00ebr publikun i \u00ebsht\u00eb p\u00ebrgjigjur me nj\u00eb video ku shfaqet krah n\u00ebn\u00ebs s\u00eb saj. Q\u00eb t\u00eb dyja d\u00ebgjohen duke i th\u00ebn\u00eb fjal\u00eb dashurie nj\u00ebra-tjetr\u00ebs.<\/p>\n\n\n\n<p>\u201cGjeta nj\u00eb video t\u00eb para dy viteve\u201d, ka shkruar nd\u00ebrkoh\u00eb Alketa bashk\u00ebngjitur me imazhin n\u00eb fjal\u00eb.<\/p>\n\n\n\n<p>\u201cAlketa p\u00ebr babin ke folur dhe ngush\u00ebllime, po p\u00ebr mamin nuk dim\u00eb asgj\u00eb\u201d, i ka shkruar nj\u00eb tjet\u00ebr m\u00eb pas.<\/p>\n\n\n\n<p>Vejsiu ka postuar s\u00ebrish nj\u00eb foto me maman\u00eb e saj dhe krahas shkruan:<\/p>\n\n\n\n<p>\u201cXhulja\u201d, duke e shoq\u00ebruar me nj\u00eb zem\u00ebr t\u00eb madhe.<\/p>\n\n\n\n<figure class=\"wp-block-image is-style-default\"><img decoding=\"async\" src=\"https:\/\/gsh.top-media.al\/media10\/alketa-1.png\" alt=\"\" class=\"wp-image-415149\"\/><\/figure>\n","protected":false},"excerpt":{"rendered":"<p>Moderatorja e njohur, Alketa Vejsiu, \u00ebsht\u00eb mjaft aktive n\u00eb profilet e saj n\u00eb rrjetet sociale. N\u00eb \u201cInstagram\u201d, ajo ndan me 1.1 milion ndjek\u00ebsit momente t\u00eb ndryshme nga p\u00ebrditshm\u00ebria. Gjithashtu Alketa mundohet q\u00eb t\u00eb jet\u00eb sa m\u00eb pran\u00eb fansave edhe me bashk\u00ebbisedimet virtuale q\u00eb b\u00ebn her\u00eb pas here me ta. K\u00ebshtu ka b\u00ebr\u00eb edhe s\u00eb fundmi, [&hellip;]<\/p>\n","protected":false},"author":2,"featured_media":20082,"comment_status":"open","ping_status":"open","sticky":false,"template":"","format":"standard","meta":{"footnotes":""},"categories":[33],"tags":[],"class_list":{"0":"post-42208","1":"post","2":"type-post","3":"status-publish","4":"format-standard","5":"has-post-thumbnail","7":"category-showbiz"},"yoast_head":"<!-- This site is optimized with the Yoast SEO plugin v27.5 - https:\/\/yoast.com\/product\/yoast-seo-wordpress\/ -->\n<title>Si asnj\u00ebher\u00eb m\u00eb par\u00eb, Alketa Vejsiu poston fotot me maman\u00eb - blogin.al<\/title>\n<meta name=\"robots\" content=\"index, follow, max-snippet:-1, max-image-preview:large, max-video-preview:-1\" \/>\n<link rel=\"canonical\" href=\"https:\/\/blogin.al\/?p=42208\" \/>\n<meta property=\"og:locale\" content=\"en_US\" \/>\n<meta property=\"og:type\" content=\"article\" \/>\n<meta property=\"og:title\" content=\"Si asnj\u00ebher\u00eb m\u00eb par\u00eb, Alketa Vejsiu poston fotot me maman\u00eb - blogin.al\" \/>\n<meta property=\"og:description\" content=\"Moderatorja e njohur, Alketa Vejsiu, \u00ebsht\u00eb mjaft aktive n\u00eb profilet e saj n\u00eb rrjetet sociale. N\u00eb \u201cInstagram\u201d, ajo ndan me 1.1 milion ndjek\u00ebsit momente t\u00eb ndryshme nga p\u00ebrditshm\u00ebria. Gjithashtu Alketa mundohet q\u00eb t\u00eb jet\u00eb sa m\u00eb pran\u00eb fansave edhe me bashk\u00ebbisedimet virtuale q\u00eb b\u00ebn her\u00eb pas here me ta. K\u00ebshtu ka b\u00ebr\u00eb edhe s\u00eb fundmi, [&hellip;]\" \/>\n<meta property=\"og:url\" content=\"https:\/\/blogin.al\/?p=42208\" \/>\n<meta property=\"og:site_name\" content=\"blogin.al\" \/>\n<meta property=\"article:published_time\" content=\"2024-01-07T13:37:36+00:00\" \/>\n<meta property=\"article:modified_time\" content=\"2024-01-07T13:37:39+00:00\" \/>\n<meta property=\"og:image\" content=\"https:\/\/blogin.al\/wp-content\/uploads\/2022\/12\/20221215_161017-1.jpg\" \/>\n\t<meta property=\"og:image:width\" content=\"1307\" \/>\n\t<meta property=\"og:image:height\" content=\"1419\" \/>\n\t<meta property=\"og:image:type\" content=\"image\/jpeg\" \/>\n<meta name=\"author\" content=\"Blogin al\" \/>\n<meta name=\"twitter:card\" content=\"summary_large_image\" \/>\n<meta name=\"twitter:label1\" content=\"Written by\" \/>\n\t<meta name=\"twitter:data1\" content=\"Blogin al\" \/>\n\t<meta name=\"twitter:label2\" content=\"Est. reading time\" \/>\n\t<meta name=\"twitter:data2\" content=\"2 minutes\" \/>\n<script type=\"application\/ld+json\" class=\"yoast-schema-graph\">{\"@context\":\"https:\\\/\\\/schema.org\",\"@graph\":[{\"@type\":\"Article\",\"@id\":\"https:\\\/\\\/blogin.al\\\/?p=42208#article\",\"isPartOf\":{\"@id\":\"https:\\\/\\\/blogin.al\\\/?p=42208\"},\"author\":{\"name\":\"Blogin al\",\"@id\":\"https:\\\/\\\/blogin.al\\\/#\\\/schema\\\/person\\\/abdd56bc912cd511db877b852b115399\"},\"headline\":\"Si asnj\u00ebher\u00eb m\u00eb par\u00eb, Alketa Vejsiu poston fotot me maman\u00eb\",\"datePublished\":\"2024-01-07T13:37:36+00:00\",\"dateModified\":\"2024-01-07T13:37:39+00:00\",\"mainEntityOfPage\":{\"@id\":\"https:\\\/\\\/blogin.al\\\/?p=42208\"},\"wordCount\":256,\"commentCount\":0,\"publisher\":{\"@id\":\"https:\\\/\\\/blogin.al\\\/#organization\"},\"image\":{\"@id\":\"https:\\\/\\\/blogin.al\\\/?p=42208#primaryimage\"},\"thumbnailUrl\":\"https:\\\/\\\/blogin.al\\\/wp-content\\\/uploads\\\/2022\\\/12\\\/20221215_161017-1.jpg\",\"articleSection\":[\"SHOWBIZ\"],\"inLanguage\":\"en-US\",\"potentialAction\":[{\"@type\":\"CommentAction\",\"name\":\"Comment\",\"target\":[\"https:\\\/\\\/blogin.al\\\/?p=42208#respond\"]}]},{\"@type\":\"WebPage\",\"@id\":\"https:\\\/\\\/blogin.al\\\/?p=42208\",\"url\":\"https:\\\/\\\/blogin.al\\\/?p=42208\",\"name\":\"Si asnj\u00ebher\u00eb m\u00eb par\u00eb, Alketa Vejsiu poston fotot me maman\u00eb - blogin.al\",\"isPartOf\":{\"@id\":\"https:\\\/\\\/blogin.al\\\/#website\"},\"primaryImageOfPage\":{\"@id\":\"https:\\\/\\\/blogin.al\\\/?p=42208#primaryimage\"},\"image\":{\"@id\":\"https:\\\/\\\/blogin.al\\\/?p=42208#primaryimage\"},\"thumbnailUrl\":\"https:\\\/\\\/blogin.al\\\/wp-content\\\/uploads\\\/2022\\\/12\\\/20221215_161017-1.jpg\",\"datePublished\":\"2024-01-07T13:37:36+00:00\",\"dateModified\":\"2024-01-07T13:37:39+00:00\",\"breadcrumb\":{\"@id\":\"https:\\\/\\\/blogin.al\\\/?p=42208#breadcrumb\"},\"inLanguage\":\"en-US\",\"potentialAction\":[{\"@type\":\"ReadAction\",\"target\":[\"https:\\\/\\\/blogin.al\\\/?p=42208\"]}]},{\"@type\":\"ImageObject\",\"inLanguage\":\"en-US\",\"@id\":\"https:\\\/\\\/blogin.al\\\/?p=42208#primaryimage\",\"url\":\"https:\\\/\\\/blogin.al\\\/wp-content\\\/uploads\\\/2022\\\/12\\\/20221215_161017-1.jpg\",\"contentUrl\":\"https:\\\/\\\/blogin.al\\\/wp-content\\\/uploads\\\/2022\\\/12\\\/20221215_161017-1.jpg\",\"width\":1307,\"height\":1419},{\"@type\":\"BreadcrumbList\",\"@id\":\"https:\\\/\\\/blogin.al\\\/?p=42208#breadcrumb\",\"itemListElement\":[{\"@type\":\"ListItem\",\"position\":1,\"name\":\"Home\",\"item\":\"https:\\\/\\\/blogin.al\\\/\"},{\"@type\":\"ListItem\",\"position\":2,\"name\":\"Si asnj\u00ebher\u00eb m\u00eb par\u00eb, Alketa Vejsiu poston fotot me maman\u00eb\"}]},{\"@type\":\"WebSite\",\"@id\":\"https:\\\/\\\/blogin.al\\\/#website\",\"url\":\"https:\\\/\\\/blogin.al\\\/\",\"name\":\"blogin.al\",\"description\":\"\",\"publisher\":{\"@id\":\"https:\\\/\\\/blogin.al\\\/#organization\"},\"potentialAction\":[{\"@type\":\"SearchAction\",\"target\":{\"@type\":\"EntryPoint\",\"urlTemplate\":\"https:\\\/\\\/blogin.al\\\/?s={search_term_string}\"},\"query-input\":{\"@type\":\"PropertyValueSpecification\",\"valueRequired\":true,\"valueName\":\"search_term_string\"}}],\"inLanguage\":\"en-US\"},{\"@type\":\"Organization\",\"@id\":\"https:\\\/\\\/blogin.al\\\/#organization\",\"name\":\"BLOGIN.al\",\"url\":\"https:\\\/\\\/blogin.al\\\/\",\"logo\":{\"@type\":\"ImageObject\",\"inLanguage\":\"en-US\",\"@id\":\"https:\\\/\\\/blogin.al\\\/#\\\/schema\\\/logo\\\/image\\\/\",\"url\":\"https:\\\/\\\/blogin.al\\\/wp-content\\\/uploads\\\/2022\\\/05\\\/Untitled-2-01-e1652084456514.png\",\"contentUrl\":\"https:\\\/\\\/blogin.al\\\/wp-content\\\/uploads\\\/2022\\\/05\\\/Untitled-2-01-e1652084456514.png\",\"width\":3723,\"height\":1698,\"caption\":\"BLOGIN.al\"},\"image\":{\"@id\":\"https:\\\/\\\/blogin.al\\\/#\\\/schema\\\/logo\\\/image\\\/\"},\"sameAs\":[\"https:\\\/\\\/instagram.com\\\/blogin.al\\\/\"]},{\"@type\":\"Person\",\"@id\":\"https:\\\/\\\/blogin.al\\\/#\\\/schema\\\/person\\\/abdd56bc912cd511db877b852b115399\",\"name\":\"Blogin al\",\"image\":{\"@type\":\"ImageObject\",\"inLanguage\":\"en-US\",\"@id\":\"https:\\\/\\\/secure.gravatar.com\\\/avatar\\\/60d5661aee6e835fb13dc75d2204cd0c1d61bef2efd137c0083e59ef831e235e?s=96&d=mm&r=g\",\"url\":\"https:\\\/\\\/secure.gravatar.com\\\/avatar\\\/60d5661aee6e835fb13dc75d2204cd0c1d61bef2efd137c0083e59ef831e235e?s=96&d=mm&r=g\",\"contentUrl\":\"https:\\\/\\\/secure.gravatar.com\\\/avatar\\\/60d5661aee6e835fb13dc75d2204cd0c1d61bef2efd137c0083e59ef831e235e?s=96&d=mm&r=g\",\"caption\":\"Blogin al\"},\"sameAs\":[\"https:\\\/\\\/blogin.al\"],\"url\":\"https:\\\/\\\/blogin.al\\\/?author=2\"}]}<\/script>\n<!-- \/ Yoast SEO plugin. -->","yoast_head_json":{"title":"Si asnj\u00ebher\u00eb m\u00eb par\u00eb, Alketa Vejsiu poston fotot me maman\u00eb - blogin.al","robots":{"index":"index","follow":"follow","max-snippet":"max-snippet:-1","max-image-preview":"max-image-preview:large","max-video-preview":"max-video-preview:-1"},"canonical":"https:\/\/blogin.al\/?p=42208","og_locale":"en_US","og_type":"article","og_title":"Si asnj\u00ebher\u00eb m\u00eb par\u00eb, Alketa Vejsiu poston fotot me maman\u00eb - blogin.al","og_description":"Moderatorja e njohur, Alketa Vejsiu, \u00ebsht\u00eb mjaft aktive n\u00eb profilet e saj n\u00eb rrjetet sociale. N\u00eb \u201cInstagram\u201d, ajo ndan me 1.1 milion ndjek\u00ebsit momente t\u00eb ndryshme nga p\u00ebrditshm\u00ebria. Gjithashtu Alketa mundohet q\u00eb t\u00eb jet\u00eb sa m\u00eb pran\u00eb fansave edhe me bashk\u00ebbisedimet virtuale q\u00eb b\u00ebn her\u00eb pas here me ta. K\u00ebshtu ka b\u00ebr\u00eb edhe s\u00eb fundmi, [&hellip;]","og_url":"https:\/\/blogin.al\/?p=42208","og_site_name":"blogin.al","article_published_time":"2024-01-07T13:37:36+00:00","article_modified_time":"2024-01-07T13:37:39+00:00","og_image":[{"width":1307,"height":1419,"url":"https:\/\/blogin.al\/wp-content\/uploads\/2022\/12\/20221215_161017-1.jpg","type":"image\/jpeg"}],"author":"Blogin al","twitter_card":"summary_large_image","twitter_misc":{"Written by":"Blogin al","Est. reading time":"2 minutes"},"schema":{"@context":"https:\/\/schema.org","@graph":[{"@type":"Article","@id":"https:\/\/blogin.al\/?p=42208#article","isPartOf":{"@id":"https:\/\/blogin.al\/?p=42208"},"author":{"name":"Blogin al","@id":"https:\/\/blogin.al\/#\/schema\/person\/abdd56bc912cd511db877b852b115399"},"headline":"Si asnj\u00ebher\u00eb m\u00eb par\u00eb, Alketa Vejsiu poston fotot me maman\u00eb","datePublished":"2024-01-07T13:37:36+00:00","dateModified":"2024-01-07T13:37:39+00:00","mainEntityOfPage":{"@id":"https:\/\/blogin.al\/?p=42208"},"wordCount":256,"commentCount":0,"publisher":{"@id":"https:\/\/blogin.al\/#organization"},"image":{"@id":"https:\/\/blogin.al\/?p=42208#primaryimage"},"thumbnailUrl":"https:\/\/blogin.al\/wp-content\/uploads\/2022\/12\/20221215_161017-1.jpg","articleSection":["SHOWBIZ"],"inLanguage":"en-US","potentialAction":[{"@type":"CommentAction","name":"Comment","target":["https:\/\/blogin.al\/?p=42208#respond"]}]},{"@type":"WebPage","@id":"https:\/\/blogin.al\/?p=42208","url":"https:\/\/blogin.al\/?p=42208","name":"Si asnj\u00ebher\u00eb m\u00eb par\u00eb, Alketa Vejsiu poston fotot me maman\u00eb - blogin.al","isPartOf":{"@id":"https:\/\/blogin.al\/#website"},"primaryImageOfPage":{"@id":"https:\/\/blogin.al\/?p=42208#primaryimage"},"image":{"@id":"https:\/\/blogin.al\/?p=42208#primaryimage"},"thumbnailUrl":"https:\/\/blogin.al\/wp-content\/uploads\/2022\/12\/20221215_161017-1.jpg","datePublished":"2024-01-07T13:37:36+00:00","dateModified":"2024-01-07T13:37:39+00:00","breadcrumb":{"@id":"https:\/\/blogin.al\/?p=42208#breadcrumb"},"inLanguage":"en-US","potentialAction":[{"@type":"ReadAction","target":["https:\/\/blogin.al\/?p=42208"]}]},{"@type":"ImageObject","inLanguage":"en-US","@id":"https:\/\/blogin.al\/?p=42208#primaryimage","url":"https:\/\/blogin.al\/wp-content\/uploads\/2022\/12\/20221215_161017-1.jpg","contentUrl":"https:\/\/blogin.al\/wp-content\/uploads\/2022\/12\/20221215_161017-1.jpg","width":1307,"height":1419},{"@type":"BreadcrumbList","@id":"https:\/\/blogin.al\/?p=42208#breadcrumb","itemListElement":[{"@type":"ListItem","position":1,"name":"Home","item":"https:\/\/blogin.al\/"},{"@type":"ListItem","position":2,"name":"Si asnj\u00ebher\u00eb m\u00eb par\u00eb, Alketa Vejsiu poston fotot me maman\u00eb"}]},{"@type":"WebSite","@id":"https:\/\/blogin.al\/#website","url":"https:\/\/blogin.al\/","name":"blogin.al","description":"","publisher":{"@id":"https:\/\/blogin.al\/#organization"},"potentialAction":[{"@type":"SearchAction","target":{"@type":"EntryPoint","urlTemplate":"https:\/\/blogin.al\/?s={search_term_string}"},"query-input":{"@type":"PropertyValueSpecification","valueRequired":true,"valueName":"search_term_string"}}],"inLanguage":"en-US"},{"@type":"Organization","@id":"https:\/\/blogin.al\/#organization","name":"BLOGIN.al","url":"https:\/\/blogin.al\/","logo":{"@type":"ImageObject","inLanguage":"en-US","@id":"https:\/\/blogin.al\/#\/schema\/logo\/image\/","url":"https:\/\/blogin.al\/wp-content\/uploads\/2022\/05\/Untitled-2-01-e1652084456514.png","contentUrl":"https:\/\/blogin.al\/wp-content\/uploads\/2022\/05\/Untitled-2-01-e1652084456514.png","width":3723,"height":1698,"caption":"BLOGIN.al"},"image":{"@id":"https:\/\/blogin.al\/#\/schema\/logo\/image\/"},"sameAs":["https:\/\/instagram.com\/blogin.al\/"]},{"@type":"Person","@id":"https:\/\/blogin.al\/#\/schema\/person\/abdd56bc912cd511db877b852b115399","name":"Blogin al","image":{"@type":"ImageObject","inLanguage":"en-US","@id":"https:\/\/secure.gravatar.com\/avatar\/60d5661aee6e835fb13dc75d2204cd0c1d61bef2efd137c0083e59ef831e235e?s=96&d=mm&r=g","url":"https:\/\/secure.gravatar.com\/avatar\/60d5661aee6e835fb13dc75d2204cd0c1d61bef2efd137c0083e59ef831e235e?s=96&d=mm&r=g","contentUrl":"https:\/\/secure.gravatar.com\/avatar\/60d5661aee6e835fb13dc75d2204cd0c1d61bef2efd137c0083e59ef831e235e?s=96&d=mm&r=g","caption":"Blogin al"},"sameAs":["https:\/\/blogin.al"],"url":"https:\/\/blogin.al\/?author=2"}]}},"_links":{"self":[{"href":"https:\/\/blogin.al\/index.php?rest_route=\/wp\/v2\/posts\/42208","targetHints":{"allow":["GET"]}}],"collection":[{"href":"https:\/\/blogin.al\/index.php?rest_route=\/wp\/v2\/posts"}],"about":[{"href":"https:\/\/blogin.al\/index.php?rest_route=\/wp\/v2\/types\/post"}],"author":[{"embeddable":true,"href":"https:\/\/blogin.al\/index.php?rest_route=\/wp\/v2\/users\/2"}],"replies":[{"embeddable":true,"href":"https:\/\/blogin.al\/index.php?rest_route=%2Fwp%2Fv2%2Fcomments&post=42208"}],"version-history":[{"count":1,"href":"https:\/\/blogin.al\/index.php?rest_route=\/wp\/v2\/posts\/42208\/revisions"}],"predecessor-version":[{"id":42209,"href":"https:\/\/blogin.al\/index.php?rest_route=\/wp\/v2\/posts\/42208\/revisions\/42209"}],"wp:featuredmedia":[{"embeddable":true,"href":"https:\/\/blogin.al\/index.php?rest_route=\/wp\/v2\/media\/20082"}],"wp:attachment":[{"href":"https:\/\/blogin.al\/index.php?rest_route=%2Fwp%2Fv2%2Fmedia&parent=42208"}],"wp:term":[{"taxonomy":"category","embeddable":true,"href":"https:\/\/blogin.al\/index.php?rest_route=%2Fwp%2Fv2%2Fcategories&post=42208"},{"taxonomy":"post_tag","embeddable":true,"href":"https:\/\/blogin.al\/index.php?rest_route=%2Fwp%2Fv2%2Ftags&post=42208"}],"curies":[{"name":"wp","href":"https:\/\/api.w.org\/{rel}","templated":true}]}}