{"id":42237,"date":"2024-01-08T12:33:44","date_gmt":"2024-01-08T12:33:44","guid":{"rendered":"https:\/\/blogin.al\/?p=42237"},"modified":"2024-01-08T13:34:22","modified_gmt":"2024-01-08T13:34:22","slug":"fama-e-luiz-ejlli-u-rrit-jo-nga-talenti-por-gazetarja-me-kritika-te-ashpra","status":"publish","type":"post","link":"https:\/\/blogin.al\/?p=42237","title":{"rendered":"Fama e Luiz Ejlli u rrit jo nga talenti por&#8230;\/ Gazetarja me kritika t\u00eb ashpra p\u00ebr Luizin"},"content":{"rendered":"\n<p>Gazetarja Malvina Duraku tha nj\u00eb dit\u00eb m\u00eb par\u00eb se fama e k\u00ebng\u00ebtarit t\u00eb dashur p\u00ebr publikun, Luiz Ejlli, u rrit jo nga talenti, por nga veprimet q\u00eb b\u00ebri p\u00ebr v\u00ebmendje.<\/p>\n\n\n\n<p>K\u00ebt\u00eb deklarat\u00eb Duraku e b\u00ebri teksa ishte e ftuar n\u00eb rubrik\u00ebn \u201cTrotuar\u201d n\u00eb \u201cE Diell\u201d, ku po flitej n\u00eb lidhje me fam\u00ebn e personazheve t\u00eb ndrysh\u00ebm, qoft\u00eb nga televizioni apo nga rrjetet sociale.<\/p>\n\n\n\n<p>Nd\u00ebr t\u00eb tjera ajo sqaroi:<\/p>\n\n\n\n<blockquote class=\"wp-block-quote is-layout-flow wp-block-quote-is-layout-flow\">\n<p><strong>\u201cPo t\u2019i pyes\u00ebsh njer\u00ebzit se pse e kan\u00eb zgjedhur Luizin si dikush q\u00eb i frym\u00ebzon, jam e sigurt q\u00eb nuk do thon\u00eb sepse \u00ebsht\u00eb nj\u00eb k\u00ebng\u00ebtar i mir\u00eb. Sepse realisht \u00ebsht\u00eb super k\u00ebng\u00ebtar. Nuk ia kan\u00eb d\u00ebgjuar fare k\u00ebng\u00ebt, jam shum\u00eb e bindur, p\u00ebrve\u00e7 k\u00ebtyre t\u00eb fundit q\u00eb ka nxjerr\u00eb tani. E kan\u00eb zgjedhur p\u00ebr gjurulldin\u00eb e madhe q\u00eb ka b\u00ebr\u00eb aty 4 muaj. Leu ai flok\u00ebt, i lyen t\u00eb gjith\u00eb, u b\u00ebn\u00eb me kok\u00eb t\u00eb bardh\u00eb\u2026 Shante ai, shanin t\u00eb gjith\u00eb si\u00e7 shante ai\u2026 K\u00ebrcente ai tallava, k\u00ebrcenin t\u00eb gjith\u00eb\u2026 Ne jemi popull tallava, ne k\u00ebt\u00eb duam. Nuk frym\u00ebzohemi nga nj\u00eb njeri intelektual. Ky \u00ebsht\u00eb mendimi im\u201d.<\/strong><\/p>\n<\/blockquote>\n","protected":false},"excerpt":{"rendered":"<p>Gazetarja Malvina Duraku tha nj\u00eb dit\u00eb m\u00eb par\u00eb se fama e k\u00ebng\u00ebtarit t\u00eb dashur p\u00ebr publikun, Luiz Ejlli, u rrit jo nga talenti, por nga veprimet q\u00eb b\u00ebri p\u00ebr v\u00ebmendje. K\u00ebt\u00eb deklarat\u00eb Duraku e b\u00ebri teksa ishte e ftuar n\u00eb rubrik\u00ebn \u201cTrotuar\u201d n\u00eb \u201cE Diell\u201d, ku po flitej n\u00eb lidhje me fam\u00ebn e personazheve t\u00eb [&hellip;]<\/p>\n","protected":false},"author":2,"featured_media":42238,"comment_status":"open","ping_status":"open","sticky":false,"template":"","format":"standard","meta":{"footnotes":""},"categories":[33],"tags":[],"class_list":{"0":"post-42237","1":"post","2":"type-post","3":"status-publish","4":"format-standard","5":"has-post-thumbnail","7":"category-showbiz"},"yoast_head":"<!-- This site is optimized with the Yoast SEO plugin v27.4 - https:\/\/yoast.com\/product\/yoast-seo-wordpress\/ -->\n<title>Fama e Luiz Ejlli u rrit jo nga talenti por...\/ Gazetarja me kritika t\u00eb ashpra p\u00ebr Luizin - blogin.al<\/title>\n<meta name=\"robots\" content=\"index, follow, max-snippet:-1, max-image-preview:large, max-video-preview:-1\" \/>\n<link rel=\"canonical\" href=\"https:\/\/blogin.al\/?p=42237\" \/>\n<meta property=\"og:locale\" content=\"en_US\" \/>\n<meta property=\"og:type\" content=\"article\" \/>\n<meta property=\"og:title\" content=\"Fama e Luiz Ejlli u rrit jo nga talenti por...\/ Gazetarja me kritika t\u00eb ashpra p\u00ebr Luizin - blogin.al\" \/>\n<meta property=\"og:description\" content=\"Gazetarja Malvina Duraku tha nj\u00eb dit\u00eb m\u00eb par\u00eb se fama e k\u00ebng\u00ebtarit t\u00eb dashur p\u00ebr publikun, Luiz Ejlli, u rrit jo nga talenti, por nga veprimet q\u00eb b\u00ebri p\u00ebr v\u00ebmendje. K\u00ebt\u00eb deklarat\u00eb Duraku e b\u00ebri teksa ishte e ftuar n\u00eb rubrik\u00ebn \u201cTrotuar\u201d n\u00eb \u201cE Diell\u201d, ku po flitej n\u00eb lidhje me fam\u00ebn e personazheve t\u00eb [&hellip;]\" \/>\n<meta property=\"og:url\" content=\"https:\/\/blogin.al\/?p=42237\" \/>\n<meta property=\"og:site_name\" content=\"blogin.al\" \/>\n<meta property=\"article:published_time\" content=\"2024-01-08T12:33:44+00:00\" \/>\n<meta property=\"article:modified_time\" content=\"2024-01-08T13:34:22+00:00\" \/>\n<meta property=\"og:image\" content=\"https:\/\/blogin.al\/wp-content\/uploads\/2024\/01\/image-24.png\" \/>\n\t<meta property=\"og:image:width\" content=\"813\" \/>\n\t<meta property=\"og:image:height\" content=\"443\" \/>\n\t<meta property=\"og:image:type\" content=\"image\/png\" \/>\n<meta name=\"author\" content=\"Blogin al\" \/>\n<meta name=\"twitter:card\" content=\"summary_large_image\" \/>\n<meta name=\"twitter:label1\" content=\"Written by\" \/>\n\t<meta name=\"twitter:data1\" content=\"Blogin al\" \/>\n\t<meta name=\"twitter:label2\" content=\"Est. reading time\" \/>\n\t<meta name=\"twitter:data2\" content=\"1 minute\" \/>\n<script type=\"application\/ld+json\" class=\"yoast-schema-graph\">{\"@context\":\"https:\\\/\\\/schema.org\",\"@graph\":[{\"@type\":\"Article\",\"@id\":\"https:\\\/\\\/blogin.al\\\/?p=42237#article\",\"isPartOf\":{\"@id\":\"https:\\\/\\\/blogin.al\\\/?p=42237\"},\"author\":{\"name\":\"Blogin al\",\"@id\":\"https:\\\/\\\/blogin.al\\\/#\\\/schema\\\/person\\\/abdd56bc912cd511db877b852b115399\"},\"headline\":\"Fama e Luiz Ejlli u rrit jo nga talenti por&#8230;\\\/ Gazetarja me kritika t\u00eb ashpra p\u00ebr Luizin\",\"datePublished\":\"2024-01-08T12:33:44+00:00\",\"dateModified\":\"2024-01-08T13:34:22+00:00\",\"mainEntityOfPage\":{\"@id\":\"https:\\\/\\\/blogin.al\\\/?p=42237\"},\"wordCount\":226,\"commentCount\":0,\"publisher\":{\"@id\":\"https:\\\/\\\/blogin.al\\\/#organization\"},\"image\":{\"@id\":\"https:\\\/\\\/blogin.al\\\/?p=42237#primaryimage\"},\"thumbnailUrl\":\"https:\\\/\\\/blogin.al\\\/wp-content\\\/uploads\\\/2024\\\/01\\\/image-24.png\",\"articleSection\":[\"SHOWBIZ\"],\"inLanguage\":\"en-US\",\"potentialAction\":[{\"@type\":\"CommentAction\",\"name\":\"Comment\",\"target\":[\"https:\\\/\\\/blogin.al\\\/?p=42237#respond\"]}]},{\"@type\":\"WebPage\",\"@id\":\"https:\\\/\\\/blogin.al\\\/?p=42237\",\"url\":\"https:\\\/\\\/blogin.al\\\/?p=42237\",\"name\":\"Fama e Luiz Ejlli u rrit jo nga talenti por...\\\/ Gazetarja me kritika t\u00eb ashpra p\u00ebr Luizin - blogin.al\",\"isPartOf\":{\"@id\":\"https:\\\/\\\/blogin.al\\\/#website\"},\"primaryImageOfPage\":{\"@id\":\"https:\\\/\\\/blogin.al\\\/?p=42237#primaryimage\"},\"image\":{\"@id\":\"https:\\\/\\\/blogin.al\\\/?p=42237#primaryimage\"},\"thumbnailUrl\":\"https:\\\/\\\/blogin.al\\\/wp-content\\\/uploads\\\/2024\\\/01\\\/image-24.png\",\"datePublished\":\"2024-01-08T12:33:44+00:00\",\"dateModified\":\"2024-01-08T13:34:22+00:00\",\"breadcrumb\":{\"@id\":\"https:\\\/\\\/blogin.al\\\/?p=42237#breadcrumb\"},\"inLanguage\":\"en-US\",\"potentialAction\":[{\"@type\":\"ReadAction\",\"target\":[\"https:\\\/\\\/blogin.al\\\/?p=42237\"]}]},{\"@type\":\"ImageObject\",\"inLanguage\":\"en-US\",\"@id\":\"https:\\\/\\\/blogin.al\\\/?p=42237#primaryimage\",\"url\":\"https:\\\/\\\/blogin.al\\\/wp-content\\\/uploads\\\/2024\\\/01\\\/image-24.png\",\"contentUrl\":\"https:\\\/\\\/blogin.al\\\/wp-content\\\/uploads\\\/2024\\\/01\\\/image-24.png\",\"width\":813,\"height\":443},{\"@type\":\"BreadcrumbList\",\"@id\":\"https:\\\/\\\/blogin.al\\\/?p=42237#breadcrumb\",\"itemListElement\":[{\"@type\":\"ListItem\",\"position\":1,\"name\":\"Home\",\"item\":\"https:\\\/\\\/blogin.al\\\/\"},{\"@type\":\"ListItem\",\"position\":2,\"name\":\"Fama e Luiz Ejlli u rrit jo nga talenti por&#8230;\\\/ Gazetarja me kritika t\u00eb ashpra p\u00ebr Luizin\"}]},{\"@type\":\"WebSite\",\"@id\":\"https:\\\/\\\/blogin.al\\\/#website\",\"url\":\"https:\\\/\\\/blogin.al\\\/\",\"name\":\"blogin.al\",\"description\":\"\",\"publisher\":{\"@id\":\"https:\\\/\\\/blogin.al\\\/#organization\"},\"potentialAction\":[{\"@type\":\"SearchAction\",\"target\":{\"@type\":\"EntryPoint\",\"urlTemplate\":\"https:\\\/\\\/blogin.al\\\/?s={search_term_string}\"},\"query-input\":{\"@type\":\"PropertyValueSpecification\",\"valueRequired\":true,\"valueName\":\"search_term_string\"}}],\"inLanguage\":\"en-US\"},{\"@type\":\"Organization\",\"@id\":\"https:\\\/\\\/blogin.al\\\/#organization\",\"name\":\"BLOGIN.al\",\"url\":\"https:\\\/\\\/blogin.al\\\/\",\"logo\":{\"@type\":\"ImageObject\",\"inLanguage\":\"en-US\",\"@id\":\"https:\\\/\\\/blogin.al\\\/#\\\/schema\\\/logo\\\/image\\\/\",\"url\":\"https:\\\/\\\/blogin.al\\\/wp-content\\\/uploads\\\/2022\\\/05\\\/Untitled-2-01-e1652084456514.png\",\"contentUrl\":\"https:\\\/\\\/blogin.al\\\/wp-content\\\/uploads\\\/2022\\\/05\\\/Untitled-2-01-e1652084456514.png\",\"width\":3723,\"height\":1698,\"caption\":\"BLOGIN.al\"},\"image\":{\"@id\":\"https:\\\/\\\/blogin.al\\\/#\\\/schema\\\/logo\\\/image\\\/\"},\"sameAs\":[\"https:\\\/\\\/instagram.com\\\/blogin.al\\\/\"]},{\"@type\":\"Person\",\"@id\":\"https:\\\/\\\/blogin.al\\\/#\\\/schema\\\/person\\\/abdd56bc912cd511db877b852b115399\",\"name\":\"Blogin al\",\"image\":{\"@type\":\"ImageObject\",\"inLanguage\":\"en-US\",\"@id\":\"https:\\\/\\\/secure.gravatar.com\\\/avatar\\\/60d5661aee6e835fb13dc75d2204cd0c1d61bef2efd137c0083e59ef831e235e?s=96&d=mm&r=g\",\"url\":\"https:\\\/\\\/secure.gravatar.com\\\/avatar\\\/60d5661aee6e835fb13dc75d2204cd0c1d61bef2efd137c0083e59ef831e235e?s=96&d=mm&r=g\",\"contentUrl\":\"https:\\\/\\\/secure.gravatar.com\\\/avatar\\\/60d5661aee6e835fb13dc75d2204cd0c1d61bef2efd137c0083e59ef831e235e?s=96&d=mm&r=g\",\"caption\":\"Blogin al\"},\"sameAs\":[\"https:\\\/\\\/blogin.al\"],\"url\":\"https:\\\/\\\/blogin.al\\\/?author=2\"}]}<\/script>\n<!-- \/ Yoast SEO plugin. -->","yoast_head_json":{"title":"Fama e Luiz Ejlli u rrit jo nga talenti por...\/ Gazetarja me kritika t\u00eb ashpra p\u00ebr Luizin - blogin.al","robots":{"index":"index","follow":"follow","max-snippet":"max-snippet:-1","max-image-preview":"max-image-preview:large","max-video-preview":"max-video-preview:-1"},"canonical":"https:\/\/blogin.al\/?p=42237","og_locale":"en_US","og_type":"article","og_title":"Fama e Luiz Ejlli u rrit jo nga talenti por...\/ Gazetarja me kritika t\u00eb ashpra p\u00ebr Luizin - blogin.al","og_description":"Gazetarja Malvina Duraku tha nj\u00eb dit\u00eb m\u00eb par\u00eb se fama e k\u00ebng\u00ebtarit t\u00eb dashur p\u00ebr publikun, Luiz Ejlli, u rrit jo nga talenti, por nga veprimet q\u00eb b\u00ebri p\u00ebr v\u00ebmendje. K\u00ebt\u00eb deklarat\u00eb Duraku e b\u00ebri teksa ishte e ftuar n\u00eb rubrik\u00ebn \u201cTrotuar\u201d n\u00eb \u201cE Diell\u201d, ku po flitej n\u00eb lidhje me fam\u00ebn e personazheve t\u00eb [&hellip;]","og_url":"https:\/\/blogin.al\/?p=42237","og_site_name":"blogin.al","article_published_time":"2024-01-08T12:33:44+00:00","article_modified_time":"2024-01-08T13:34:22+00:00","og_image":[{"width":813,"height":443,"url":"https:\/\/blogin.al\/wp-content\/uploads\/2024\/01\/image-24.png","type":"image\/png"}],"author":"Blogin al","twitter_card":"summary_large_image","twitter_misc":{"Written by":"Blogin al","Est. reading time":"1 minute"},"schema":{"@context":"https:\/\/schema.org","@graph":[{"@type":"Article","@id":"https:\/\/blogin.al\/?p=42237#article","isPartOf":{"@id":"https:\/\/blogin.al\/?p=42237"},"author":{"name":"Blogin al","@id":"https:\/\/blogin.al\/#\/schema\/person\/abdd56bc912cd511db877b852b115399"},"headline":"Fama e Luiz Ejlli u rrit jo nga talenti por&#8230;\/ Gazetarja me kritika t\u00eb ashpra p\u00ebr Luizin","datePublished":"2024-01-08T12:33:44+00:00","dateModified":"2024-01-08T13:34:22+00:00","mainEntityOfPage":{"@id":"https:\/\/blogin.al\/?p=42237"},"wordCount":226,"commentCount":0,"publisher":{"@id":"https:\/\/blogin.al\/#organization"},"image":{"@id":"https:\/\/blogin.al\/?p=42237#primaryimage"},"thumbnailUrl":"https:\/\/blogin.al\/wp-content\/uploads\/2024\/01\/image-24.png","articleSection":["SHOWBIZ"],"inLanguage":"en-US","potentialAction":[{"@type":"CommentAction","name":"Comment","target":["https:\/\/blogin.al\/?p=42237#respond"]}]},{"@type":"WebPage","@id":"https:\/\/blogin.al\/?p=42237","url":"https:\/\/blogin.al\/?p=42237","name":"Fama e Luiz Ejlli u rrit jo nga talenti por...\/ Gazetarja me kritika t\u00eb ashpra p\u00ebr Luizin - blogin.al","isPartOf":{"@id":"https:\/\/blogin.al\/#website"},"primaryImageOfPage":{"@id":"https:\/\/blogin.al\/?p=42237#primaryimage"},"image":{"@id":"https:\/\/blogin.al\/?p=42237#primaryimage"},"thumbnailUrl":"https:\/\/blogin.al\/wp-content\/uploads\/2024\/01\/image-24.png","datePublished":"2024-01-08T12:33:44+00:00","dateModified":"2024-01-08T13:34:22+00:00","breadcrumb":{"@id":"https:\/\/blogin.al\/?p=42237#breadcrumb"},"inLanguage":"en-US","potentialAction":[{"@type":"ReadAction","target":["https:\/\/blogin.al\/?p=42237"]}]},{"@type":"ImageObject","inLanguage":"en-US","@id":"https:\/\/blogin.al\/?p=42237#primaryimage","url":"https:\/\/blogin.al\/wp-content\/uploads\/2024\/01\/image-24.png","contentUrl":"https:\/\/blogin.al\/wp-content\/uploads\/2024\/01\/image-24.png","width":813,"height":443},{"@type":"BreadcrumbList","@id":"https:\/\/blogin.al\/?p=42237#breadcrumb","itemListElement":[{"@type":"ListItem","position":1,"name":"Home","item":"https:\/\/blogin.al\/"},{"@type":"ListItem","position":2,"name":"Fama e Luiz Ejlli u rrit jo nga talenti por&#8230;\/ Gazetarja me kritika t\u00eb ashpra p\u00ebr Luizin"}]},{"@type":"WebSite","@id":"https:\/\/blogin.al\/#website","url":"https:\/\/blogin.al\/","name":"blogin.al","description":"","publisher":{"@id":"https:\/\/blogin.al\/#organization"},"potentialAction":[{"@type":"SearchAction","target":{"@type":"EntryPoint","urlTemplate":"https:\/\/blogin.al\/?s={search_term_string}"},"query-input":{"@type":"PropertyValueSpecification","valueRequired":true,"valueName":"search_term_string"}}],"inLanguage":"en-US"},{"@type":"Organization","@id":"https:\/\/blogin.al\/#organization","name":"BLOGIN.al","url":"https:\/\/blogin.al\/","logo":{"@type":"ImageObject","inLanguage":"en-US","@id":"https:\/\/blogin.al\/#\/schema\/logo\/image\/","url":"https:\/\/blogin.al\/wp-content\/uploads\/2022\/05\/Untitled-2-01-e1652084456514.png","contentUrl":"https:\/\/blogin.al\/wp-content\/uploads\/2022\/05\/Untitled-2-01-e1652084456514.png","width":3723,"height":1698,"caption":"BLOGIN.al"},"image":{"@id":"https:\/\/blogin.al\/#\/schema\/logo\/image\/"},"sameAs":["https:\/\/instagram.com\/blogin.al\/"]},{"@type":"Person","@id":"https:\/\/blogin.al\/#\/schema\/person\/abdd56bc912cd511db877b852b115399","name":"Blogin al","image":{"@type":"ImageObject","inLanguage":"en-US","@id":"https:\/\/secure.gravatar.com\/avatar\/60d5661aee6e835fb13dc75d2204cd0c1d61bef2efd137c0083e59ef831e235e?s=96&d=mm&r=g","url":"https:\/\/secure.gravatar.com\/avatar\/60d5661aee6e835fb13dc75d2204cd0c1d61bef2efd137c0083e59ef831e235e?s=96&d=mm&r=g","contentUrl":"https:\/\/secure.gravatar.com\/avatar\/60d5661aee6e835fb13dc75d2204cd0c1d61bef2efd137c0083e59ef831e235e?s=96&d=mm&r=g","caption":"Blogin al"},"sameAs":["https:\/\/blogin.al"],"url":"https:\/\/blogin.al\/?author=2"}]}},"_links":{"self":[{"href":"https:\/\/blogin.al\/index.php?rest_route=\/wp\/v2\/posts\/42237","targetHints":{"allow":["GET"]}}],"collection":[{"href":"https:\/\/blogin.al\/index.php?rest_route=\/wp\/v2\/posts"}],"about":[{"href":"https:\/\/blogin.al\/index.php?rest_route=\/wp\/v2\/types\/post"}],"author":[{"embeddable":true,"href":"https:\/\/blogin.al\/index.php?rest_route=\/wp\/v2\/users\/2"}],"replies":[{"embeddable":true,"href":"https:\/\/blogin.al\/index.php?rest_route=%2Fwp%2Fv2%2Fcomments&post=42237"}],"version-history":[{"count":2,"href":"https:\/\/blogin.al\/index.php?rest_route=\/wp\/v2\/posts\/42237\/revisions"}],"predecessor-version":[{"id":42245,"href":"https:\/\/blogin.al\/index.php?rest_route=\/wp\/v2\/posts\/42237\/revisions\/42245"}],"wp:featuredmedia":[{"embeddable":true,"href":"https:\/\/blogin.al\/index.php?rest_route=\/wp\/v2\/media\/42238"}],"wp:attachment":[{"href":"https:\/\/blogin.al\/index.php?rest_route=%2Fwp%2Fv2%2Fmedia&parent=42237"}],"wp:term":[{"taxonomy":"category","embeddable":true,"href":"https:\/\/blogin.al\/index.php?rest_route=%2Fwp%2Fv2%2Fcategories&post=42237"},{"taxonomy":"post_tag","embeddable":true,"href":"https:\/\/blogin.al\/index.php?rest_route=%2Fwp%2Fv2%2Ftags&post=42237"}],"curies":[{"name":"wp","href":"https:\/\/api.w.org\/{rel}","templated":true}]}}