{"id":42313,"date":"2024-01-10T08:41:35","date_gmt":"2024-01-10T08:41:35","guid":{"rendered":"https:\/\/blogin.al\/?p=42313"},"modified":"2024-01-10T08:41:37","modified_gmt":"2024-01-10T08:41:37","slug":"fotoja-me-te-u-be-molle-sherri-timothee-chalamet-thyen-heshtjen-e-dashura-ime-nuk","status":"publish","type":"post","link":"https:\/\/blogin.al\/?p=42313","title":{"rendered":"Fotoja me t\u00eb u b\u00eb \u201cmoll\u00eb sherri\u201d\/ Timothee Chalamet \u201cthyen\u201d heshtjen: E dashura ime nuk\u2026"},"content":{"rendered":"\n<p>Timothee Chalamet mohoi se kishte ndonj\u00eb keqkuptim apo \u201cgrricje\u201d mes t\u00eb dashur\u00ebs s\u00eb tij Kylie Jenner dhe Selena Gomez.<\/p>\n\n\n\n<p>Ylli 28-vje\u00e7ar i Wonka, i cili mori pjes\u00eb n\u00eb \u00e7mimet e Golden Globe si kandidat, u kontaktua nga TMZ t\u00eb h\u00ebn\u00ebn, p\u00ebr t\u00eb sqaruar \u00e7\u00ebshtjen q\u00eb tashm\u00eb ka b\u00ebr\u00eb internetin t\u00eb ziej\u00eb.<\/p>\n\n\n\n<p>Ai tha \u2018jo\u2019 kur u pyet n\u00ebse e dashura e tij Kylie Jenner, refuzoi ta lejonte t\u00eb b\u00ebnte nj\u00eb foto me Selen\u00ebn, kur ajo iu afrua atyre gjat\u00eb nj\u00eb pauze reklame.<\/p>\n\n\n\n<figure class=\"wp-block-image size-full is-style-default\"><img fetchpriority=\"high\" decoding=\"async\" width=\"600\" height=\"337\" src=\"https:\/\/blogin.al\/wp-content\/uploads\/2024\/01\/image-39.png\" alt=\"\" class=\"wp-image-42314\" srcset=\"https:\/\/blogin.al\/wp-content\/uploads\/2024\/01\/image-39.png 600w, https:\/\/blogin.al\/wp-content\/uploads\/2024\/01\/image-39-300x169.png 300w, https:\/\/blogin.al\/wp-content\/uploads\/2024\/01\/image-39-150x84.png 150w\" sizes=\"(max-width: 600px) 100vw, 600px\" \/><\/figure>\n\n\n\n<p>Kur u pyet n\u00ebse ai dhe Selena, me t\u00eb cil\u00ebn luajti n\u00eb filmin A Rainy Day In New York t\u00eb 2018-\u00ebs, kishin marr\u00ebsh\u00ebnie t\u00eb mir\u00eb, Timothee u p\u00ebrgjigj \u2018sigurisht\u2019.<\/p>\n\n\n\n<p>Mosp\u00ebrfillja e perceptuar u b\u00eb virale kur Selena u pa n\u00eb kamera duke i p\u00ebshp\u00ebritur du\u00e7k Taylor Swift, e cila shoq\u00ebrohej nga shoqja Keleigh Sperry.<\/p>\n\n\n\n<p>Edhe Jeremy Freeman, nj\u00eb ekspert i gjuh\u00ebs s\u00eb trupit dhe leximit t\u00eb buz\u00ebve, ka zbuluar ekskluzivisht bised\u00ebn e treshes p\u00ebr DailyMail.com \u2013 duke pretenduar se Selen\u00ebs i ishte mohuar nj\u00eb foto me Timothee.<\/p>\n\n\n\n<p>Freeman thot\u00eb se Selena i tha Taylor-it dhe Keleigh-it: \u2018Ai nuk donte nj\u00eb foto me mua, ai tha jo\u2019 dhe Keleigh u p\u00ebrgjigj: \u2018Timothee?\u2019<\/p>\n\n\n\n<p>M\u00eb pas Taylor i p\u00ebshp\u00ebriti Selen\u00ebs n\u00eb vesh.<\/p>\n","protected":false},"excerpt":{"rendered":"<p>Timothee Chalamet mohoi se kishte ndonj\u00eb keqkuptim apo \u201cgrricje\u201d mes t\u00eb dashur\u00ebs s\u00eb tij Kylie Jenner dhe Selena Gomez. Ylli 28-vje\u00e7ar i Wonka, i cili mori pjes\u00eb n\u00eb \u00e7mimet e Golden Globe si kandidat, u kontaktua nga TMZ t\u00eb h\u00ebn\u00ebn, p\u00ebr t\u00eb sqaruar \u00e7\u00ebshtjen q\u00eb tashm\u00eb ka b\u00ebr\u00eb internetin t\u00eb ziej\u00eb. Ai tha \u2018jo\u2019 kur [&hellip;]<\/p>\n","protected":false},"author":2,"featured_media":42315,"comment_status":"open","ping_status":"open","sticky":false,"template":"","format":"standard","meta":{"footnotes":""},"categories":[33],"tags":[],"class_list":{"0":"post-42313","1":"post","2":"type-post","3":"status-publish","4":"format-standard","5":"has-post-thumbnail","7":"category-showbiz"},"yoast_head":"<!-- This site is optimized with the Yoast SEO plugin v27.4 - https:\/\/yoast.com\/product\/yoast-seo-wordpress\/ -->\n<title>Fotoja me t\u00eb u b\u00eb \u201cmoll\u00eb sherri\u201d\/ Timothee Chalamet \u201cthyen\u201d heshtjen: E dashura ime nuk\u2026 - blogin.al<\/title>\n<meta name=\"robots\" content=\"index, follow, max-snippet:-1, max-image-preview:large, max-video-preview:-1\" \/>\n<link rel=\"canonical\" href=\"https:\/\/blogin.al\/?p=42313\" \/>\n<meta property=\"og:locale\" content=\"en_US\" \/>\n<meta property=\"og:type\" content=\"article\" \/>\n<meta property=\"og:title\" content=\"Fotoja me t\u00eb u b\u00eb \u201cmoll\u00eb sherri\u201d\/ Timothee Chalamet \u201cthyen\u201d heshtjen: E dashura ime nuk\u2026 - blogin.al\" \/>\n<meta property=\"og:description\" content=\"Timothee Chalamet mohoi se kishte ndonj\u00eb keqkuptim apo \u201cgrricje\u201d mes t\u00eb dashur\u00ebs s\u00eb tij Kylie Jenner dhe Selena Gomez. Ylli 28-vje\u00e7ar i Wonka, i cili mori pjes\u00eb n\u00eb \u00e7mimet e Golden Globe si kandidat, u kontaktua nga TMZ t\u00eb h\u00ebn\u00ebn, p\u00ebr t\u00eb sqaruar \u00e7\u00ebshtjen q\u00eb tashm\u00eb ka b\u00ebr\u00eb internetin t\u00eb ziej\u00eb. Ai tha \u2018jo\u2019 kur [&hellip;]\" \/>\n<meta property=\"og:url\" content=\"https:\/\/blogin.al\/?p=42313\" \/>\n<meta property=\"og:site_name\" content=\"blogin.al\" \/>\n<meta property=\"article:published_time\" content=\"2024-01-10T08:41:35+00:00\" \/>\n<meta property=\"article:modified_time\" content=\"2024-01-10T08:41:37+00:00\" \/>\n<meta property=\"og:image\" content=\"https:\/\/blogin.al\/wp-content\/uploads\/2024\/01\/image-40-1024x1024.png\" \/>\n\t<meta property=\"og:image:width\" content=\"1024\" \/>\n\t<meta property=\"og:image:height\" content=\"1024\" \/>\n\t<meta property=\"og:image:type\" content=\"image\/png\" \/>\n<meta name=\"author\" content=\"Blogin al\" \/>\n<meta name=\"twitter:card\" content=\"summary_large_image\" \/>\n<meta name=\"twitter:label1\" content=\"Written by\" \/>\n\t<meta name=\"twitter:data1\" content=\"Blogin al\" \/>\n\t<meta name=\"twitter:label2\" content=\"Est. reading time\" \/>\n\t<meta name=\"twitter:data2\" content=\"2 minutes\" \/>\n<script type=\"application\/ld+json\" class=\"yoast-schema-graph\">{\"@context\":\"https:\\\/\\\/schema.org\",\"@graph\":[{\"@type\":\"Article\",\"@id\":\"https:\\\/\\\/blogin.al\\\/?p=42313#article\",\"isPartOf\":{\"@id\":\"https:\\\/\\\/blogin.al\\\/?p=42313\"},\"author\":{\"name\":\"Blogin al\",\"@id\":\"https:\\\/\\\/blogin.al\\\/#\\\/schema\\\/person\\\/abdd56bc912cd511db877b852b115399\"},\"headline\":\"Fotoja me t\u00eb u b\u00eb \u201cmoll\u00eb sherri\u201d\\\/ Timothee Chalamet \u201cthyen\u201d heshtjen: E dashura ime nuk\u2026\",\"datePublished\":\"2024-01-10T08:41:35+00:00\",\"dateModified\":\"2024-01-10T08:41:37+00:00\",\"mainEntityOfPage\":{\"@id\":\"https:\\\/\\\/blogin.al\\\/?p=42313\"},\"wordCount\":245,\"commentCount\":0,\"publisher\":{\"@id\":\"https:\\\/\\\/blogin.al\\\/#organization\"},\"image\":{\"@id\":\"https:\\\/\\\/blogin.al\\\/?p=42313#primaryimage\"},\"thumbnailUrl\":\"https:\\\/\\\/blogin.al\\\/wp-content\\\/uploads\\\/2024\\\/01\\\/image-40.png\",\"articleSection\":[\"SHOWBIZ\"],\"inLanguage\":\"en-US\",\"potentialAction\":[{\"@type\":\"CommentAction\",\"name\":\"Comment\",\"target\":[\"https:\\\/\\\/blogin.al\\\/?p=42313#respond\"]}]},{\"@type\":\"WebPage\",\"@id\":\"https:\\\/\\\/blogin.al\\\/?p=42313\",\"url\":\"https:\\\/\\\/blogin.al\\\/?p=42313\",\"name\":\"Fotoja me t\u00eb u b\u00eb \u201cmoll\u00eb sherri\u201d\\\/ Timothee Chalamet \u201cthyen\u201d heshtjen: E dashura ime nuk\u2026 - blogin.al\",\"isPartOf\":{\"@id\":\"https:\\\/\\\/blogin.al\\\/#website\"},\"primaryImageOfPage\":{\"@id\":\"https:\\\/\\\/blogin.al\\\/?p=42313#primaryimage\"},\"image\":{\"@id\":\"https:\\\/\\\/blogin.al\\\/?p=42313#primaryimage\"},\"thumbnailUrl\":\"https:\\\/\\\/blogin.al\\\/wp-content\\\/uploads\\\/2024\\\/01\\\/image-40.png\",\"datePublished\":\"2024-01-10T08:41:35+00:00\",\"dateModified\":\"2024-01-10T08:41:37+00:00\",\"breadcrumb\":{\"@id\":\"https:\\\/\\\/blogin.al\\\/?p=42313#breadcrumb\"},\"inLanguage\":\"en-US\",\"potentialAction\":[{\"@type\":\"ReadAction\",\"target\":[\"https:\\\/\\\/blogin.al\\\/?p=42313\"]}]},{\"@type\":\"ImageObject\",\"inLanguage\":\"en-US\",\"@id\":\"https:\\\/\\\/blogin.al\\\/?p=42313#primaryimage\",\"url\":\"https:\\\/\\\/blogin.al\\\/wp-content\\\/uploads\\\/2024\\\/01\\\/image-40.png\",\"contentUrl\":\"https:\\\/\\\/blogin.al\\\/wp-content\\\/uploads\\\/2024\\\/01\\\/image-40.png\",\"width\":2000,\"height\":2000},{\"@type\":\"BreadcrumbList\",\"@id\":\"https:\\\/\\\/blogin.al\\\/?p=42313#breadcrumb\",\"itemListElement\":[{\"@type\":\"ListItem\",\"position\":1,\"name\":\"Home\",\"item\":\"https:\\\/\\\/blogin.al\\\/\"},{\"@type\":\"ListItem\",\"position\":2,\"name\":\"Fotoja me t\u00eb u b\u00eb \u201cmoll\u00eb sherri\u201d\\\/ Timothee Chalamet \u201cthyen\u201d heshtjen: E dashura ime nuk\u2026\"}]},{\"@type\":\"WebSite\",\"@id\":\"https:\\\/\\\/blogin.al\\\/#website\",\"url\":\"https:\\\/\\\/blogin.al\\\/\",\"name\":\"blogin.al\",\"description\":\"\",\"publisher\":{\"@id\":\"https:\\\/\\\/blogin.al\\\/#organization\"},\"potentialAction\":[{\"@type\":\"SearchAction\",\"target\":{\"@type\":\"EntryPoint\",\"urlTemplate\":\"https:\\\/\\\/blogin.al\\\/?s={search_term_string}\"},\"query-input\":{\"@type\":\"PropertyValueSpecification\",\"valueRequired\":true,\"valueName\":\"search_term_string\"}}],\"inLanguage\":\"en-US\"},{\"@type\":\"Organization\",\"@id\":\"https:\\\/\\\/blogin.al\\\/#organization\",\"name\":\"BLOGIN.al\",\"url\":\"https:\\\/\\\/blogin.al\\\/\",\"logo\":{\"@type\":\"ImageObject\",\"inLanguage\":\"en-US\",\"@id\":\"https:\\\/\\\/blogin.al\\\/#\\\/schema\\\/logo\\\/image\\\/\",\"url\":\"https:\\\/\\\/blogin.al\\\/wp-content\\\/uploads\\\/2022\\\/05\\\/Untitled-2-01-e1652084456514.png\",\"contentUrl\":\"https:\\\/\\\/blogin.al\\\/wp-content\\\/uploads\\\/2022\\\/05\\\/Untitled-2-01-e1652084456514.png\",\"width\":3723,\"height\":1698,\"caption\":\"BLOGIN.al\"},\"image\":{\"@id\":\"https:\\\/\\\/blogin.al\\\/#\\\/schema\\\/logo\\\/image\\\/\"},\"sameAs\":[\"https:\\\/\\\/instagram.com\\\/blogin.al\\\/\"]},{\"@type\":\"Person\",\"@id\":\"https:\\\/\\\/blogin.al\\\/#\\\/schema\\\/person\\\/abdd56bc912cd511db877b852b115399\",\"name\":\"Blogin al\",\"image\":{\"@type\":\"ImageObject\",\"inLanguage\":\"en-US\",\"@id\":\"https:\\\/\\\/secure.gravatar.com\\\/avatar\\\/60d5661aee6e835fb13dc75d2204cd0c1d61bef2efd137c0083e59ef831e235e?s=96&d=mm&r=g\",\"url\":\"https:\\\/\\\/secure.gravatar.com\\\/avatar\\\/60d5661aee6e835fb13dc75d2204cd0c1d61bef2efd137c0083e59ef831e235e?s=96&d=mm&r=g\",\"contentUrl\":\"https:\\\/\\\/secure.gravatar.com\\\/avatar\\\/60d5661aee6e835fb13dc75d2204cd0c1d61bef2efd137c0083e59ef831e235e?s=96&d=mm&r=g\",\"caption\":\"Blogin al\"},\"sameAs\":[\"https:\\\/\\\/blogin.al\"],\"url\":\"https:\\\/\\\/blogin.al\\\/?author=2\"}]}<\/script>\n<!-- \/ Yoast SEO plugin. -->","yoast_head_json":{"title":"Fotoja me t\u00eb u b\u00eb \u201cmoll\u00eb sherri\u201d\/ Timothee Chalamet \u201cthyen\u201d heshtjen: E dashura ime nuk\u2026 - blogin.al","robots":{"index":"index","follow":"follow","max-snippet":"max-snippet:-1","max-image-preview":"max-image-preview:large","max-video-preview":"max-video-preview:-1"},"canonical":"https:\/\/blogin.al\/?p=42313","og_locale":"en_US","og_type":"article","og_title":"Fotoja me t\u00eb u b\u00eb \u201cmoll\u00eb sherri\u201d\/ Timothee Chalamet \u201cthyen\u201d heshtjen: E dashura ime nuk\u2026 - blogin.al","og_description":"Timothee Chalamet mohoi se kishte ndonj\u00eb keqkuptim apo \u201cgrricje\u201d mes t\u00eb dashur\u00ebs s\u00eb tij Kylie Jenner dhe Selena Gomez. Ylli 28-vje\u00e7ar i Wonka, i cili mori pjes\u00eb n\u00eb \u00e7mimet e Golden Globe si kandidat, u kontaktua nga TMZ t\u00eb h\u00ebn\u00ebn, p\u00ebr t\u00eb sqaruar \u00e7\u00ebshtjen q\u00eb tashm\u00eb ka b\u00ebr\u00eb internetin t\u00eb ziej\u00eb. Ai tha \u2018jo\u2019 kur [&hellip;]","og_url":"https:\/\/blogin.al\/?p=42313","og_site_name":"blogin.al","article_published_time":"2024-01-10T08:41:35+00:00","article_modified_time":"2024-01-10T08:41:37+00:00","og_image":[{"width":1024,"height":1024,"url":"https:\/\/blogin.al\/wp-content\/uploads\/2024\/01\/image-40-1024x1024.png","type":"image\/png"}],"author":"Blogin al","twitter_card":"summary_large_image","twitter_misc":{"Written by":"Blogin al","Est. reading time":"2 minutes"},"schema":{"@context":"https:\/\/schema.org","@graph":[{"@type":"Article","@id":"https:\/\/blogin.al\/?p=42313#article","isPartOf":{"@id":"https:\/\/blogin.al\/?p=42313"},"author":{"name":"Blogin al","@id":"https:\/\/blogin.al\/#\/schema\/person\/abdd56bc912cd511db877b852b115399"},"headline":"Fotoja me t\u00eb u b\u00eb \u201cmoll\u00eb sherri\u201d\/ Timothee Chalamet \u201cthyen\u201d heshtjen: E dashura ime nuk\u2026","datePublished":"2024-01-10T08:41:35+00:00","dateModified":"2024-01-10T08:41:37+00:00","mainEntityOfPage":{"@id":"https:\/\/blogin.al\/?p=42313"},"wordCount":245,"commentCount":0,"publisher":{"@id":"https:\/\/blogin.al\/#organization"},"image":{"@id":"https:\/\/blogin.al\/?p=42313#primaryimage"},"thumbnailUrl":"https:\/\/blogin.al\/wp-content\/uploads\/2024\/01\/image-40.png","articleSection":["SHOWBIZ"],"inLanguage":"en-US","potentialAction":[{"@type":"CommentAction","name":"Comment","target":["https:\/\/blogin.al\/?p=42313#respond"]}]},{"@type":"WebPage","@id":"https:\/\/blogin.al\/?p=42313","url":"https:\/\/blogin.al\/?p=42313","name":"Fotoja me t\u00eb u b\u00eb \u201cmoll\u00eb sherri\u201d\/ Timothee Chalamet \u201cthyen\u201d heshtjen: E dashura ime nuk\u2026 - blogin.al","isPartOf":{"@id":"https:\/\/blogin.al\/#website"},"primaryImageOfPage":{"@id":"https:\/\/blogin.al\/?p=42313#primaryimage"},"image":{"@id":"https:\/\/blogin.al\/?p=42313#primaryimage"},"thumbnailUrl":"https:\/\/blogin.al\/wp-content\/uploads\/2024\/01\/image-40.png","datePublished":"2024-01-10T08:41:35+00:00","dateModified":"2024-01-10T08:41:37+00:00","breadcrumb":{"@id":"https:\/\/blogin.al\/?p=42313#breadcrumb"},"inLanguage":"en-US","potentialAction":[{"@type":"ReadAction","target":["https:\/\/blogin.al\/?p=42313"]}]},{"@type":"ImageObject","inLanguage":"en-US","@id":"https:\/\/blogin.al\/?p=42313#primaryimage","url":"https:\/\/blogin.al\/wp-content\/uploads\/2024\/01\/image-40.png","contentUrl":"https:\/\/blogin.al\/wp-content\/uploads\/2024\/01\/image-40.png","width":2000,"height":2000},{"@type":"BreadcrumbList","@id":"https:\/\/blogin.al\/?p=42313#breadcrumb","itemListElement":[{"@type":"ListItem","position":1,"name":"Home","item":"https:\/\/blogin.al\/"},{"@type":"ListItem","position":2,"name":"Fotoja me t\u00eb u b\u00eb \u201cmoll\u00eb sherri\u201d\/ Timothee Chalamet \u201cthyen\u201d heshtjen: E dashura ime nuk\u2026"}]},{"@type":"WebSite","@id":"https:\/\/blogin.al\/#website","url":"https:\/\/blogin.al\/","name":"blogin.al","description":"","publisher":{"@id":"https:\/\/blogin.al\/#organization"},"potentialAction":[{"@type":"SearchAction","target":{"@type":"EntryPoint","urlTemplate":"https:\/\/blogin.al\/?s={search_term_string}"},"query-input":{"@type":"PropertyValueSpecification","valueRequired":true,"valueName":"search_term_string"}}],"inLanguage":"en-US"},{"@type":"Organization","@id":"https:\/\/blogin.al\/#organization","name":"BLOGIN.al","url":"https:\/\/blogin.al\/","logo":{"@type":"ImageObject","inLanguage":"en-US","@id":"https:\/\/blogin.al\/#\/schema\/logo\/image\/","url":"https:\/\/blogin.al\/wp-content\/uploads\/2022\/05\/Untitled-2-01-e1652084456514.png","contentUrl":"https:\/\/blogin.al\/wp-content\/uploads\/2022\/05\/Untitled-2-01-e1652084456514.png","width":3723,"height":1698,"caption":"BLOGIN.al"},"image":{"@id":"https:\/\/blogin.al\/#\/schema\/logo\/image\/"},"sameAs":["https:\/\/instagram.com\/blogin.al\/"]},{"@type":"Person","@id":"https:\/\/blogin.al\/#\/schema\/person\/abdd56bc912cd511db877b852b115399","name":"Blogin al","image":{"@type":"ImageObject","inLanguage":"en-US","@id":"https:\/\/secure.gravatar.com\/avatar\/60d5661aee6e835fb13dc75d2204cd0c1d61bef2efd137c0083e59ef831e235e?s=96&d=mm&r=g","url":"https:\/\/secure.gravatar.com\/avatar\/60d5661aee6e835fb13dc75d2204cd0c1d61bef2efd137c0083e59ef831e235e?s=96&d=mm&r=g","contentUrl":"https:\/\/secure.gravatar.com\/avatar\/60d5661aee6e835fb13dc75d2204cd0c1d61bef2efd137c0083e59ef831e235e?s=96&d=mm&r=g","caption":"Blogin al"},"sameAs":["https:\/\/blogin.al"],"url":"https:\/\/blogin.al\/?author=2"}]}},"_links":{"self":[{"href":"https:\/\/blogin.al\/index.php?rest_route=\/wp\/v2\/posts\/42313","targetHints":{"allow":["GET"]}}],"collection":[{"href":"https:\/\/blogin.al\/index.php?rest_route=\/wp\/v2\/posts"}],"about":[{"href":"https:\/\/blogin.al\/index.php?rest_route=\/wp\/v2\/types\/post"}],"author":[{"embeddable":true,"href":"https:\/\/blogin.al\/index.php?rest_route=\/wp\/v2\/users\/2"}],"replies":[{"embeddable":true,"href":"https:\/\/blogin.al\/index.php?rest_route=%2Fwp%2Fv2%2Fcomments&post=42313"}],"version-history":[{"count":1,"href":"https:\/\/blogin.al\/index.php?rest_route=\/wp\/v2\/posts\/42313\/revisions"}],"predecessor-version":[{"id":42316,"href":"https:\/\/blogin.al\/index.php?rest_route=\/wp\/v2\/posts\/42313\/revisions\/42316"}],"wp:featuredmedia":[{"embeddable":true,"href":"https:\/\/blogin.al\/index.php?rest_route=\/wp\/v2\/media\/42315"}],"wp:attachment":[{"href":"https:\/\/blogin.al\/index.php?rest_route=%2Fwp%2Fv2%2Fmedia&parent=42313"}],"wp:term":[{"taxonomy":"category","embeddable":true,"href":"https:\/\/blogin.al\/index.php?rest_route=%2Fwp%2Fv2%2Fcategories&post=42313"},{"taxonomy":"post_tag","embeddable":true,"href":"https:\/\/blogin.al\/index.php?rest_route=%2Fwp%2Fv2%2Ftags&post=42313"}],"curies":[{"name":"wp","href":"https:\/\/api.w.org\/{rel}","templated":true}]}}