{"id":42338,"date":"2024-01-10T10:41:34","date_gmt":"2024-01-10T10:41:34","guid":{"rendered":"https:\/\/blogin.al\/?p=42338"},"modified":"2024-01-10T10:41:37","modified_gmt":"2024-01-10T10:41:37","slug":"dasma-e-saj-me-taikan-u-mbajt-sekret-rita-ora-zbulon-arsyen-pse","status":"publish","type":"post","link":"https:\/\/blogin.al\/?p=42338","title":{"rendered":"Dasma e saj me Taikan u mbajt sekret, Rita Ora zbulon arsyen pse!"},"content":{"rendered":"\n<p>K\u00ebng\u00ebtarja shqiptare me fam\u00eb bot\u00ebrore, Rita Ora s\u00eb fundmi ka rr\u00ebfyer arsyen se pse t\u00eb d\u00ebshironte q\u00eb ta mbante t\u00eb fsheht\u00eb dhe private dasm\u00ebn me regjisorin francez Taika Waititi.<\/p>\n\n\n\n<p>Gjat\u00eb nj\u00eb interviste p\u00ebr \u201cES Magazine\u201d, artistja tha se gjithmon\u00eb ka ndar\u00eb \u00e7do gj\u00eb me publikun por k\u00ebt\u00eb her\u00eb mendoi q\u00eb \u00ebsht\u00eb m\u00eb mir\u00eb q\u00eb dasm\u00ebn ta mbaj\u00eb sekret p\u00ebr pak koh\u00eb.<\/p>\n\n\n\n<p><em>\u201cKam qen\u00eb n\u00eb sy t\u00eb publikut p\u00ebr nj\u00eb koh\u00eb tani dhe gjithmon\u00eb kam dh\u00ebn\u00eb gjith\u00e7ka ku jam pjes\u00eb p\u00ebr publikun. Ndjeva q\u00eb duhet t\u00eb kem di\u00e7ka q\u00eb ishte sekret p\u00ebr nj\u00eb koh\u00eb\u201d-<\/em>&nbsp;u shpreh Rita.<\/p>\n\n\n\n<p>33-vje\u00e7arja tregoi se t\u00eb gjith\u00eb miqt\u00eb e saj ishin t\u00eb shqet\u00ebsuar se mund t\u00eb kishin humbur dit\u00ebn e saj t\u00eb madhe, pasi ajo dhe Taika zgjodh\u00ebn t\u00eb kishin vet\u00ebm tet\u00eb t\u00eb ftuar n\u00eb ceremonin\u00eb e tyre intime.<\/p>\n\n\n\n<p><em>\u201cShum\u00eb nga miqt\u00eb e mi ishin si, \u2018Oh Zot, e kemi humbur dasm\u00ebn t\u00ebnde\u2019. Un\u00eb u thash\u00eb se do t\u00eb rregullonim di\u00e7ka. Ndjeva qet\u00ebsi sepse jeta ime nuk \u00ebsht\u00eb qet\u00eb\u201d,<\/em>&nbsp;tha ajo.<\/p>\n\n\n\n<p>Rita Ora dhe partneri i saj Taika Waititi nj\u00eb vit m\u00eb par\u00eb kuror\u00ebzuan me martes\u00eb lidhjen e tyre disa vje\u00e7are, p\u00ebrmes nj\u00eb ceremonie private n\u00eb sht\u00ebpin\u00eb e tyre n\u00eb Los Angeles.<\/p>\n","protected":false},"excerpt":{"rendered":"<p>K\u00ebng\u00ebtarja shqiptare me fam\u00eb bot\u00ebrore, Rita Ora s\u00eb fundmi ka rr\u00ebfyer arsyen se pse t\u00eb d\u00ebshironte q\u00eb ta mbante t\u00eb fsheht\u00eb dhe private dasm\u00ebn me regjisorin francez Taika Waititi. Gjat\u00eb nj\u00eb interviste p\u00ebr \u201cES Magazine\u201d, artistja tha se gjithmon\u00eb ka ndar\u00eb \u00e7do gj\u00eb me publikun por k\u00ebt\u00eb her\u00eb mendoi q\u00eb \u00ebsht\u00eb m\u00eb mir\u00eb q\u00eb dasm\u00ebn [&hellip;]<\/p>\n","protected":false},"author":2,"featured_media":37077,"comment_status":"open","ping_status":"open","sticky":false,"template":"","format":"standard","meta":{"footnotes":""},"categories":[33],"tags":[],"class_list":{"0":"post-42338","1":"post","2":"type-post","3":"status-publish","4":"format-standard","5":"has-post-thumbnail","7":"category-showbiz"},"yoast_head":"<!-- This site is optimized with the Yoast SEO plugin v27.4 - https:\/\/yoast.com\/product\/yoast-seo-wordpress\/ -->\n<title>Dasma e saj me Taikan u mbajt sekret, Rita Ora zbulon arsyen pse! - blogin.al<\/title>\n<meta name=\"robots\" content=\"index, follow, max-snippet:-1, max-image-preview:large, max-video-preview:-1\" \/>\n<link rel=\"canonical\" href=\"https:\/\/blogin.al\/?p=42338\" \/>\n<meta property=\"og:locale\" content=\"en_US\" \/>\n<meta property=\"og:type\" content=\"article\" \/>\n<meta property=\"og:title\" content=\"Dasma e saj me Taikan u mbajt sekret, Rita Ora zbulon arsyen pse! - blogin.al\" \/>\n<meta property=\"og:description\" content=\"K\u00ebng\u00ebtarja shqiptare me fam\u00eb bot\u00ebrore, Rita Ora s\u00eb fundmi ka rr\u00ebfyer arsyen se pse t\u00eb d\u00ebshironte q\u00eb ta mbante t\u00eb fsheht\u00eb dhe private dasm\u00ebn me regjisorin francez Taika Waititi. Gjat\u00eb nj\u00eb interviste p\u00ebr \u201cES Magazine\u201d, artistja tha se gjithmon\u00eb ka ndar\u00eb \u00e7do gj\u00eb me publikun por k\u00ebt\u00eb her\u00eb mendoi q\u00eb \u00ebsht\u00eb m\u00eb mir\u00eb q\u00eb dasm\u00ebn [&hellip;]\" \/>\n<meta property=\"og:url\" content=\"https:\/\/blogin.al\/?p=42338\" \/>\n<meta property=\"og:site_name\" content=\"blogin.al\" \/>\n<meta property=\"article:published_time\" content=\"2024-01-10T10:41:34+00:00\" \/>\n<meta property=\"article:modified_time\" content=\"2024-01-10T10:41:37+00:00\" \/>\n<meta property=\"og:image\" content=\"https:\/\/blogin.al\/wp-content\/uploads\/2023\/09\/Rita-Ora-Taika-Waititi-36-scaled.jpg\" \/>\n\t<meta property=\"og:image:width\" content=\"2048\" \/>\n\t<meta property=\"og:image:height\" content=\"2560\" \/>\n\t<meta property=\"og:image:type\" content=\"image\/jpeg\" \/>\n<meta name=\"author\" content=\"Blogin al\" \/>\n<meta name=\"twitter:card\" content=\"summary_large_image\" \/>\n<meta name=\"twitter:label1\" content=\"Written by\" \/>\n\t<meta name=\"twitter:data1\" content=\"Blogin al\" \/>\n\t<meta name=\"twitter:label2\" content=\"Est. reading time\" \/>\n\t<meta name=\"twitter:data2\" content=\"2 minutes\" \/>\n<script type=\"application\/ld+json\" class=\"yoast-schema-graph\">{\"@context\":\"https:\\\/\\\/schema.org\",\"@graph\":[{\"@type\":\"Article\",\"@id\":\"https:\\\/\\\/blogin.al\\\/?p=42338#article\",\"isPartOf\":{\"@id\":\"https:\\\/\\\/blogin.al\\\/?p=42338\"},\"author\":{\"name\":\"Blogin al\",\"@id\":\"https:\\\/\\\/blogin.al\\\/#\\\/schema\\\/person\\\/abdd56bc912cd511db877b852b115399\"},\"headline\":\"Dasma e saj me Taikan u mbajt sekret, Rita Ora zbulon arsyen pse!\",\"datePublished\":\"2024-01-10T10:41:34+00:00\",\"dateModified\":\"2024-01-10T10:41:37+00:00\",\"mainEntityOfPage\":{\"@id\":\"https:\\\/\\\/blogin.al\\\/?p=42338\"},\"wordCount\":241,\"commentCount\":0,\"publisher\":{\"@id\":\"https:\\\/\\\/blogin.al\\\/#organization\"},\"image\":{\"@id\":\"https:\\\/\\\/blogin.al\\\/?p=42338#primaryimage\"},\"thumbnailUrl\":\"https:\\\/\\\/blogin.al\\\/wp-content\\\/uploads\\\/2023\\\/09\\\/Rita-Ora-Taika-Waititi-36-scaled.jpg\",\"articleSection\":[\"SHOWBIZ\"],\"inLanguage\":\"en-US\",\"potentialAction\":[{\"@type\":\"CommentAction\",\"name\":\"Comment\",\"target\":[\"https:\\\/\\\/blogin.al\\\/?p=42338#respond\"]}]},{\"@type\":\"WebPage\",\"@id\":\"https:\\\/\\\/blogin.al\\\/?p=42338\",\"url\":\"https:\\\/\\\/blogin.al\\\/?p=42338\",\"name\":\"Dasma e saj me Taikan u mbajt sekret, Rita Ora zbulon arsyen pse! - blogin.al\",\"isPartOf\":{\"@id\":\"https:\\\/\\\/blogin.al\\\/#website\"},\"primaryImageOfPage\":{\"@id\":\"https:\\\/\\\/blogin.al\\\/?p=42338#primaryimage\"},\"image\":{\"@id\":\"https:\\\/\\\/blogin.al\\\/?p=42338#primaryimage\"},\"thumbnailUrl\":\"https:\\\/\\\/blogin.al\\\/wp-content\\\/uploads\\\/2023\\\/09\\\/Rita-Ora-Taika-Waititi-36-scaled.jpg\",\"datePublished\":\"2024-01-10T10:41:34+00:00\",\"dateModified\":\"2024-01-10T10:41:37+00:00\",\"breadcrumb\":{\"@id\":\"https:\\\/\\\/blogin.al\\\/?p=42338#breadcrumb\"},\"inLanguage\":\"en-US\",\"potentialAction\":[{\"@type\":\"ReadAction\",\"target\":[\"https:\\\/\\\/blogin.al\\\/?p=42338\"]}]},{\"@type\":\"ImageObject\",\"inLanguage\":\"en-US\",\"@id\":\"https:\\\/\\\/blogin.al\\\/?p=42338#primaryimage\",\"url\":\"https:\\\/\\\/blogin.al\\\/wp-content\\\/uploads\\\/2023\\\/09\\\/Rita-Ora-Taika-Waititi-36-scaled.jpg\",\"contentUrl\":\"https:\\\/\\\/blogin.al\\\/wp-content\\\/uploads\\\/2023\\\/09\\\/Rita-Ora-Taika-Waititi-36-scaled.jpg\",\"width\":2048,\"height\":2560},{\"@type\":\"BreadcrumbList\",\"@id\":\"https:\\\/\\\/blogin.al\\\/?p=42338#breadcrumb\",\"itemListElement\":[{\"@type\":\"ListItem\",\"position\":1,\"name\":\"Home\",\"item\":\"https:\\\/\\\/blogin.al\\\/\"},{\"@type\":\"ListItem\",\"position\":2,\"name\":\"Dasma e saj me Taikan u mbajt sekret, Rita Ora zbulon arsyen pse!\"}]},{\"@type\":\"WebSite\",\"@id\":\"https:\\\/\\\/blogin.al\\\/#website\",\"url\":\"https:\\\/\\\/blogin.al\\\/\",\"name\":\"blogin.al\",\"description\":\"\",\"publisher\":{\"@id\":\"https:\\\/\\\/blogin.al\\\/#organization\"},\"potentialAction\":[{\"@type\":\"SearchAction\",\"target\":{\"@type\":\"EntryPoint\",\"urlTemplate\":\"https:\\\/\\\/blogin.al\\\/?s={search_term_string}\"},\"query-input\":{\"@type\":\"PropertyValueSpecification\",\"valueRequired\":true,\"valueName\":\"search_term_string\"}}],\"inLanguage\":\"en-US\"},{\"@type\":\"Organization\",\"@id\":\"https:\\\/\\\/blogin.al\\\/#organization\",\"name\":\"BLOGIN.al\",\"url\":\"https:\\\/\\\/blogin.al\\\/\",\"logo\":{\"@type\":\"ImageObject\",\"inLanguage\":\"en-US\",\"@id\":\"https:\\\/\\\/blogin.al\\\/#\\\/schema\\\/logo\\\/image\\\/\",\"url\":\"https:\\\/\\\/blogin.al\\\/wp-content\\\/uploads\\\/2022\\\/05\\\/Untitled-2-01-e1652084456514.png\",\"contentUrl\":\"https:\\\/\\\/blogin.al\\\/wp-content\\\/uploads\\\/2022\\\/05\\\/Untitled-2-01-e1652084456514.png\",\"width\":3723,\"height\":1698,\"caption\":\"BLOGIN.al\"},\"image\":{\"@id\":\"https:\\\/\\\/blogin.al\\\/#\\\/schema\\\/logo\\\/image\\\/\"},\"sameAs\":[\"https:\\\/\\\/instagram.com\\\/blogin.al\\\/\"]},{\"@type\":\"Person\",\"@id\":\"https:\\\/\\\/blogin.al\\\/#\\\/schema\\\/person\\\/abdd56bc912cd511db877b852b115399\",\"name\":\"Blogin al\",\"image\":{\"@type\":\"ImageObject\",\"inLanguage\":\"en-US\",\"@id\":\"https:\\\/\\\/secure.gravatar.com\\\/avatar\\\/60d5661aee6e835fb13dc75d2204cd0c1d61bef2efd137c0083e59ef831e235e?s=96&d=mm&r=g\",\"url\":\"https:\\\/\\\/secure.gravatar.com\\\/avatar\\\/60d5661aee6e835fb13dc75d2204cd0c1d61bef2efd137c0083e59ef831e235e?s=96&d=mm&r=g\",\"contentUrl\":\"https:\\\/\\\/secure.gravatar.com\\\/avatar\\\/60d5661aee6e835fb13dc75d2204cd0c1d61bef2efd137c0083e59ef831e235e?s=96&d=mm&r=g\",\"caption\":\"Blogin al\"},\"sameAs\":[\"https:\\\/\\\/blogin.al\"],\"url\":\"https:\\\/\\\/blogin.al\\\/?author=2\"}]}<\/script>\n<!-- \/ Yoast SEO plugin. -->","yoast_head_json":{"title":"Dasma e saj me Taikan u mbajt sekret, Rita Ora zbulon arsyen pse! - blogin.al","robots":{"index":"index","follow":"follow","max-snippet":"max-snippet:-1","max-image-preview":"max-image-preview:large","max-video-preview":"max-video-preview:-1"},"canonical":"https:\/\/blogin.al\/?p=42338","og_locale":"en_US","og_type":"article","og_title":"Dasma e saj me Taikan u mbajt sekret, Rita Ora zbulon arsyen pse! - blogin.al","og_description":"K\u00ebng\u00ebtarja shqiptare me fam\u00eb bot\u00ebrore, Rita Ora s\u00eb fundmi ka rr\u00ebfyer arsyen se pse t\u00eb d\u00ebshironte q\u00eb ta mbante t\u00eb fsheht\u00eb dhe private dasm\u00ebn me regjisorin francez Taika Waititi. Gjat\u00eb nj\u00eb interviste p\u00ebr \u201cES Magazine\u201d, artistja tha se gjithmon\u00eb ka ndar\u00eb \u00e7do gj\u00eb me publikun por k\u00ebt\u00eb her\u00eb mendoi q\u00eb \u00ebsht\u00eb m\u00eb mir\u00eb q\u00eb dasm\u00ebn [&hellip;]","og_url":"https:\/\/blogin.al\/?p=42338","og_site_name":"blogin.al","article_published_time":"2024-01-10T10:41:34+00:00","article_modified_time":"2024-01-10T10:41:37+00:00","og_image":[{"width":2048,"height":2560,"url":"https:\/\/blogin.al\/wp-content\/uploads\/2023\/09\/Rita-Ora-Taika-Waititi-36-scaled.jpg","type":"image\/jpeg"}],"author":"Blogin al","twitter_card":"summary_large_image","twitter_misc":{"Written by":"Blogin al","Est. reading time":"2 minutes"},"schema":{"@context":"https:\/\/schema.org","@graph":[{"@type":"Article","@id":"https:\/\/blogin.al\/?p=42338#article","isPartOf":{"@id":"https:\/\/blogin.al\/?p=42338"},"author":{"name":"Blogin al","@id":"https:\/\/blogin.al\/#\/schema\/person\/abdd56bc912cd511db877b852b115399"},"headline":"Dasma e saj me Taikan u mbajt sekret, Rita Ora zbulon arsyen pse!","datePublished":"2024-01-10T10:41:34+00:00","dateModified":"2024-01-10T10:41:37+00:00","mainEntityOfPage":{"@id":"https:\/\/blogin.al\/?p=42338"},"wordCount":241,"commentCount":0,"publisher":{"@id":"https:\/\/blogin.al\/#organization"},"image":{"@id":"https:\/\/blogin.al\/?p=42338#primaryimage"},"thumbnailUrl":"https:\/\/blogin.al\/wp-content\/uploads\/2023\/09\/Rita-Ora-Taika-Waititi-36-scaled.jpg","articleSection":["SHOWBIZ"],"inLanguage":"en-US","potentialAction":[{"@type":"CommentAction","name":"Comment","target":["https:\/\/blogin.al\/?p=42338#respond"]}]},{"@type":"WebPage","@id":"https:\/\/blogin.al\/?p=42338","url":"https:\/\/blogin.al\/?p=42338","name":"Dasma e saj me Taikan u mbajt sekret, Rita Ora zbulon arsyen pse! - blogin.al","isPartOf":{"@id":"https:\/\/blogin.al\/#website"},"primaryImageOfPage":{"@id":"https:\/\/blogin.al\/?p=42338#primaryimage"},"image":{"@id":"https:\/\/blogin.al\/?p=42338#primaryimage"},"thumbnailUrl":"https:\/\/blogin.al\/wp-content\/uploads\/2023\/09\/Rita-Ora-Taika-Waititi-36-scaled.jpg","datePublished":"2024-01-10T10:41:34+00:00","dateModified":"2024-01-10T10:41:37+00:00","breadcrumb":{"@id":"https:\/\/blogin.al\/?p=42338#breadcrumb"},"inLanguage":"en-US","potentialAction":[{"@type":"ReadAction","target":["https:\/\/blogin.al\/?p=42338"]}]},{"@type":"ImageObject","inLanguage":"en-US","@id":"https:\/\/blogin.al\/?p=42338#primaryimage","url":"https:\/\/blogin.al\/wp-content\/uploads\/2023\/09\/Rita-Ora-Taika-Waititi-36-scaled.jpg","contentUrl":"https:\/\/blogin.al\/wp-content\/uploads\/2023\/09\/Rita-Ora-Taika-Waititi-36-scaled.jpg","width":2048,"height":2560},{"@type":"BreadcrumbList","@id":"https:\/\/blogin.al\/?p=42338#breadcrumb","itemListElement":[{"@type":"ListItem","position":1,"name":"Home","item":"https:\/\/blogin.al\/"},{"@type":"ListItem","position":2,"name":"Dasma e saj me Taikan u mbajt sekret, Rita Ora zbulon arsyen pse!"}]},{"@type":"WebSite","@id":"https:\/\/blogin.al\/#website","url":"https:\/\/blogin.al\/","name":"blogin.al","description":"","publisher":{"@id":"https:\/\/blogin.al\/#organization"},"potentialAction":[{"@type":"SearchAction","target":{"@type":"EntryPoint","urlTemplate":"https:\/\/blogin.al\/?s={search_term_string}"},"query-input":{"@type":"PropertyValueSpecification","valueRequired":true,"valueName":"search_term_string"}}],"inLanguage":"en-US"},{"@type":"Organization","@id":"https:\/\/blogin.al\/#organization","name":"BLOGIN.al","url":"https:\/\/blogin.al\/","logo":{"@type":"ImageObject","inLanguage":"en-US","@id":"https:\/\/blogin.al\/#\/schema\/logo\/image\/","url":"https:\/\/blogin.al\/wp-content\/uploads\/2022\/05\/Untitled-2-01-e1652084456514.png","contentUrl":"https:\/\/blogin.al\/wp-content\/uploads\/2022\/05\/Untitled-2-01-e1652084456514.png","width":3723,"height":1698,"caption":"BLOGIN.al"},"image":{"@id":"https:\/\/blogin.al\/#\/schema\/logo\/image\/"},"sameAs":["https:\/\/instagram.com\/blogin.al\/"]},{"@type":"Person","@id":"https:\/\/blogin.al\/#\/schema\/person\/abdd56bc912cd511db877b852b115399","name":"Blogin al","image":{"@type":"ImageObject","inLanguage":"en-US","@id":"https:\/\/secure.gravatar.com\/avatar\/60d5661aee6e835fb13dc75d2204cd0c1d61bef2efd137c0083e59ef831e235e?s=96&d=mm&r=g","url":"https:\/\/secure.gravatar.com\/avatar\/60d5661aee6e835fb13dc75d2204cd0c1d61bef2efd137c0083e59ef831e235e?s=96&d=mm&r=g","contentUrl":"https:\/\/secure.gravatar.com\/avatar\/60d5661aee6e835fb13dc75d2204cd0c1d61bef2efd137c0083e59ef831e235e?s=96&d=mm&r=g","caption":"Blogin al"},"sameAs":["https:\/\/blogin.al"],"url":"https:\/\/blogin.al\/?author=2"}]}},"_links":{"self":[{"href":"https:\/\/blogin.al\/index.php?rest_route=\/wp\/v2\/posts\/42338","targetHints":{"allow":["GET"]}}],"collection":[{"href":"https:\/\/blogin.al\/index.php?rest_route=\/wp\/v2\/posts"}],"about":[{"href":"https:\/\/blogin.al\/index.php?rest_route=\/wp\/v2\/types\/post"}],"author":[{"embeddable":true,"href":"https:\/\/blogin.al\/index.php?rest_route=\/wp\/v2\/users\/2"}],"replies":[{"embeddable":true,"href":"https:\/\/blogin.al\/index.php?rest_route=%2Fwp%2Fv2%2Fcomments&post=42338"}],"version-history":[{"count":1,"href":"https:\/\/blogin.al\/index.php?rest_route=\/wp\/v2\/posts\/42338\/revisions"}],"predecessor-version":[{"id":42339,"href":"https:\/\/blogin.al\/index.php?rest_route=\/wp\/v2\/posts\/42338\/revisions\/42339"}],"wp:featuredmedia":[{"embeddable":true,"href":"https:\/\/blogin.al\/index.php?rest_route=\/wp\/v2\/media\/37077"}],"wp:attachment":[{"href":"https:\/\/blogin.al\/index.php?rest_route=%2Fwp%2Fv2%2Fmedia&parent=42338"}],"wp:term":[{"taxonomy":"category","embeddable":true,"href":"https:\/\/blogin.al\/index.php?rest_route=%2Fwp%2Fv2%2Fcategories&post=42338"},{"taxonomy":"post_tag","embeddable":true,"href":"https:\/\/blogin.al\/index.php?rest_route=%2Fwp%2Fv2%2Ftags&post=42338"}],"curies":[{"name":"wp","href":"https:\/\/api.w.org\/{rel}","templated":true}]}}