{"id":42377,"date":"2024-01-11T11:50:50","date_gmt":"2024-01-11T11:50:50","guid":{"rendered":"https:\/\/blogin.al\/?p=42377"},"modified":"2024-01-11T11:50:52","modified_gmt":"2024-01-11T11:50:52","slug":"fansi-i-cmendur-pas-shakires-perfundon-ne-pranga-arsyeja-do-tju-habise","status":"publish","type":"post","link":"https:\/\/blogin.al\/?p=42377","title":{"rendered":"Fansi i \u00e7mendur pas Shakir\u00ebs p\u00ebrfundon n\u00eb pranga, arsyeja do t\u2019ju habis\u00eb"},"content":{"rendered":"\n<p>Daniel John Valtier \u00ebsht\u00eb nj\u00eb fans i \u00e7mendur i Shakir\u00ebs, por adhurimi i tij p\u00ebr yllin kolumbian e \u00e7oi at\u00eb pas prangave. Valtier u arrestua pasi ka p\u00ebrndjekur dhe ngacmuar k\u00ebng\u00ebtaren kolumbiane.<\/p>\n\n\n\n<p>Shakira u transferua n\u00eb Miami me f\u00ebmij\u00ebt e saj n\u00eb prill t\u00eb vitit 2023 pas ndarjes nga futbollisti i famsh\u00ebm, Gerard Pique, por q\u00eb q\u00ebndrimi atje nuk ishte edhe aq i qet\u00eb p\u00ebr shkak t\u00eb 56-vje\u00e7arit.<\/p>\n\n\n\n<p>Autoritetet e Florid\u00ebs arrestuan nj\u00eb burr\u00eb 56-vje\u00e7arin t\u00eb h\u00ebn\u00ebn, m\u00eb 8 janar pasi kishte shkuar tek sht\u00ebpia e k\u00ebng\u00ebtares me q\u00ebllim t\u00eb futej brenda. Ai pretendon kishte nj\u00eb lidhje me k\u00ebng\u00ebtaren kolumbiane gj\u00eb t\u00eb cil\u00ebn e ka shprehur edhe para gjykat\u00ebs.<\/p>\n\n\n\n<figure class=\"wp-block-image size-large is-style-default\"><img fetchpriority=\"high\" decoding=\"async\" width=\"1024\" height=\"576\" src=\"https:\/\/blogin.al\/wp-content\/uploads\/2024\/01\/image-54-1024x576.png\" alt=\"\" class=\"wp-image-42378\" srcset=\"https:\/\/blogin.al\/wp-content\/uploads\/2024\/01\/image-54-1024x576.png 1024w, https:\/\/blogin.al\/wp-content\/uploads\/2024\/01\/image-54-300x169.png 300w, https:\/\/blogin.al\/wp-content\/uploads\/2024\/01\/image-54-768x432.png 768w, https:\/\/blogin.al\/wp-content\/uploads\/2024\/01\/image-54-150x84.png 150w, https:\/\/blogin.al\/wp-content\/uploads\/2024\/01\/image-54-696x392.png 696w, https:\/\/blogin.al\/wp-content\/uploads\/2024\/01\/image-54-1068x601.png 1068w, https:\/\/blogin.al\/wp-content\/uploads\/2024\/01\/image-54.png 1280w\" sizes=\"(max-width: 1024px) 100vw, 1024px\" \/><\/figure>\n\n\n\n<p>Gjykat\u00ebsi kishte vendosur nj\u00eb garanci me kusht n\u00eb 50,000 dollar\u00eb, por pas pretendimit dhe k\u00ebmb\u00ebnguljes s\u00eb t\u00eb pandehurit se Shakira \u00ebsht\u00eb gruaja e tij gjyqtari e ngriti kushtin n\u00eb 100,000 dollar\u00eb.<\/p>\n\n\n\n<p>\u201cJo zot\u00ebri, ajo nuk \u00ebsht\u00eb gruaja juaj. Un\u00eb kam disa shqet\u00ebsime, shqet\u00ebsime reale tani, sepse ky njeri ka halucinacione\u201d, i thot\u00eb gjyqtari.<\/p>\n\n\n\n<p>Valtier dyshohet se ndau disa postime n\u00eb rrjetet sociale p\u00ebr Shakira, t\u00eb cilat iu dor\u00ebzuan autoriteteve nga ekipi i saj i siguris\u00eb m\u00eb 3 janar. Ai u paraqit n\u00eb sht\u00ebpin\u00eb e k\u00ebng\u00ebtares vet\u00ebm pes\u00eb dit\u00eb m\u00eb von\u00eb, n\u00eb or\u00ebn 12:45 me taksi, para se t\u00eb arrestohej.<\/p>\n","protected":false},"excerpt":{"rendered":"<p>Daniel John Valtier \u00ebsht\u00eb nj\u00eb fans i \u00e7mendur i Shakir\u00ebs, por adhurimi i tij p\u00ebr yllin kolumbian e \u00e7oi at\u00eb pas prangave. Valtier u arrestua pasi ka p\u00ebrndjekur dhe ngacmuar k\u00ebng\u00ebtaren kolumbiane. Shakira u transferua n\u00eb Miami me f\u00ebmij\u00ebt e saj n\u00eb prill t\u00eb vitit 2023 pas ndarjes nga futbollisti i famsh\u00ebm, Gerard Pique, por [&hellip;]<\/p>\n","protected":false},"author":2,"featured_media":34643,"comment_status":"open","ping_status":"open","sticky":false,"template":"","format":"standard","meta":{"footnotes":""},"categories":[33],"tags":[],"class_list":{"0":"post-42377","1":"post","2":"type-post","3":"status-publish","4":"format-standard","5":"has-post-thumbnail","7":"category-showbiz"},"yoast_head":"<!-- This site is optimized with the Yoast SEO plugin v27.4 - https:\/\/yoast.com\/product\/yoast-seo-wordpress\/ -->\n<title>Fansi i \u00e7mendur pas Shakir\u00ebs p\u00ebrfundon n\u00eb pranga, arsyeja do t\u2019ju habis\u00eb - blogin.al<\/title>\n<meta name=\"robots\" content=\"index, follow, max-snippet:-1, max-image-preview:large, max-video-preview:-1\" \/>\n<link rel=\"canonical\" href=\"https:\/\/blogin.al\/?p=42377\" \/>\n<meta property=\"og:locale\" content=\"en_US\" \/>\n<meta property=\"og:type\" content=\"article\" \/>\n<meta property=\"og:title\" content=\"Fansi i \u00e7mendur pas Shakir\u00ebs p\u00ebrfundon n\u00eb pranga, arsyeja do t\u2019ju habis\u00eb - blogin.al\" \/>\n<meta property=\"og:description\" content=\"Daniel John Valtier \u00ebsht\u00eb nj\u00eb fans i \u00e7mendur i Shakir\u00ebs, por adhurimi i tij p\u00ebr yllin kolumbian e \u00e7oi at\u00eb pas prangave. Valtier u arrestua pasi ka p\u00ebrndjekur dhe ngacmuar k\u00ebng\u00ebtaren kolumbiane. Shakira u transferua n\u00eb Miami me f\u00ebmij\u00ebt e saj n\u00eb prill t\u00eb vitit 2023 pas ndarjes nga futbollisti i famsh\u00ebm, Gerard Pique, por [&hellip;]\" \/>\n<meta property=\"og:url\" content=\"https:\/\/blogin.al\/?p=42377\" \/>\n<meta property=\"og:site_name\" content=\"blogin.al\" \/>\n<meta property=\"article:published_time\" content=\"2024-01-11T11:50:50+00:00\" \/>\n<meta property=\"article:modified_time\" content=\"2024-01-11T11:50:52+00:00\" \/>\n<meta property=\"og:image\" content=\"https:\/\/blogin.al\/wp-content\/uploads\/2023\/07\/230720091024-shakira-0706-restricted.jpg\" \/>\n\t<meta property=\"og:image:width\" content=\"1280\" \/>\n\t<meta property=\"og:image:height\" content=\"720\" \/>\n\t<meta property=\"og:image:type\" content=\"image\/jpeg\" \/>\n<meta name=\"author\" content=\"Blogin al\" \/>\n<meta name=\"twitter:card\" content=\"summary_large_image\" \/>\n<meta name=\"twitter:label1\" content=\"Written by\" \/>\n\t<meta name=\"twitter:data1\" content=\"Blogin al\" \/>\n\t<meta name=\"twitter:label2\" content=\"Est. reading time\" \/>\n\t<meta name=\"twitter:data2\" content=\"2 minutes\" \/>\n<script type=\"application\/ld+json\" class=\"yoast-schema-graph\">{\"@context\":\"https:\\\/\\\/schema.org\",\"@graph\":[{\"@type\":\"Article\",\"@id\":\"https:\\\/\\\/blogin.al\\\/?p=42377#article\",\"isPartOf\":{\"@id\":\"https:\\\/\\\/blogin.al\\\/?p=42377\"},\"author\":{\"name\":\"Blogin al\",\"@id\":\"https:\\\/\\\/blogin.al\\\/#\\\/schema\\\/person\\\/abdd56bc912cd511db877b852b115399\"},\"headline\":\"Fansi i \u00e7mendur pas Shakir\u00ebs p\u00ebrfundon n\u00eb pranga, arsyeja do t\u2019ju habis\u00eb\",\"datePublished\":\"2024-01-11T11:50:50+00:00\",\"dateModified\":\"2024-01-11T11:50:52+00:00\",\"mainEntityOfPage\":{\"@id\":\"https:\\\/\\\/blogin.al\\\/?p=42377\"},\"wordCount\":253,\"commentCount\":0,\"publisher\":{\"@id\":\"https:\\\/\\\/blogin.al\\\/#organization\"},\"image\":{\"@id\":\"https:\\\/\\\/blogin.al\\\/?p=42377#primaryimage\"},\"thumbnailUrl\":\"https:\\\/\\\/blogin.al\\\/wp-content\\\/uploads\\\/2023\\\/07\\\/230720091024-shakira-0706-restricted.jpg\",\"articleSection\":[\"SHOWBIZ\"],\"inLanguage\":\"en-US\",\"potentialAction\":[{\"@type\":\"CommentAction\",\"name\":\"Comment\",\"target\":[\"https:\\\/\\\/blogin.al\\\/?p=42377#respond\"]}]},{\"@type\":\"WebPage\",\"@id\":\"https:\\\/\\\/blogin.al\\\/?p=42377\",\"url\":\"https:\\\/\\\/blogin.al\\\/?p=42377\",\"name\":\"Fansi i \u00e7mendur pas Shakir\u00ebs p\u00ebrfundon n\u00eb pranga, arsyeja do t\u2019ju habis\u00eb - blogin.al\",\"isPartOf\":{\"@id\":\"https:\\\/\\\/blogin.al\\\/#website\"},\"primaryImageOfPage\":{\"@id\":\"https:\\\/\\\/blogin.al\\\/?p=42377#primaryimage\"},\"image\":{\"@id\":\"https:\\\/\\\/blogin.al\\\/?p=42377#primaryimage\"},\"thumbnailUrl\":\"https:\\\/\\\/blogin.al\\\/wp-content\\\/uploads\\\/2023\\\/07\\\/230720091024-shakira-0706-restricted.jpg\",\"datePublished\":\"2024-01-11T11:50:50+00:00\",\"dateModified\":\"2024-01-11T11:50:52+00:00\",\"breadcrumb\":{\"@id\":\"https:\\\/\\\/blogin.al\\\/?p=42377#breadcrumb\"},\"inLanguage\":\"en-US\",\"potentialAction\":[{\"@type\":\"ReadAction\",\"target\":[\"https:\\\/\\\/blogin.al\\\/?p=42377\"]}]},{\"@type\":\"ImageObject\",\"inLanguage\":\"en-US\",\"@id\":\"https:\\\/\\\/blogin.al\\\/?p=42377#primaryimage\",\"url\":\"https:\\\/\\\/blogin.al\\\/wp-content\\\/uploads\\\/2023\\\/07\\\/230720091024-shakira-0706-restricted.jpg\",\"contentUrl\":\"https:\\\/\\\/blogin.al\\\/wp-content\\\/uploads\\\/2023\\\/07\\\/230720091024-shakira-0706-restricted.jpg\",\"width\":1280,\"height\":720},{\"@type\":\"BreadcrumbList\",\"@id\":\"https:\\\/\\\/blogin.al\\\/?p=42377#breadcrumb\",\"itemListElement\":[{\"@type\":\"ListItem\",\"position\":1,\"name\":\"Home\",\"item\":\"https:\\\/\\\/blogin.al\\\/\"},{\"@type\":\"ListItem\",\"position\":2,\"name\":\"Fansi i \u00e7mendur pas Shakir\u00ebs p\u00ebrfundon n\u00eb pranga, arsyeja do t\u2019ju habis\u00eb\"}]},{\"@type\":\"WebSite\",\"@id\":\"https:\\\/\\\/blogin.al\\\/#website\",\"url\":\"https:\\\/\\\/blogin.al\\\/\",\"name\":\"blogin.al\",\"description\":\"\",\"publisher\":{\"@id\":\"https:\\\/\\\/blogin.al\\\/#organization\"},\"potentialAction\":[{\"@type\":\"SearchAction\",\"target\":{\"@type\":\"EntryPoint\",\"urlTemplate\":\"https:\\\/\\\/blogin.al\\\/?s={search_term_string}\"},\"query-input\":{\"@type\":\"PropertyValueSpecification\",\"valueRequired\":true,\"valueName\":\"search_term_string\"}}],\"inLanguage\":\"en-US\"},{\"@type\":\"Organization\",\"@id\":\"https:\\\/\\\/blogin.al\\\/#organization\",\"name\":\"BLOGIN.al\",\"url\":\"https:\\\/\\\/blogin.al\\\/\",\"logo\":{\"@type\":\"ImageObject\",\"inLanguage\":\"en-US\",\"@id\":\"https:\\\/\\\/blogin.al\\\/#\\\/schema\\\/logo\\\/image\\\/\",\"url\":\"https:\\\/\\\/blogin.al\\\/wp-content\\\/uploads\\\/2022\\\/05\\\/Untitled-2-01-e1652084456514.png\",\"contentUrl\":\"https:\\\/\\\/blogin.al\\\/wp-content\\\/uploads\\\/2022\\\/05\\\/Untitled-2-01-e1652084456514.png\",\"width\":3723,\"height\":1698,\"caption\":\"BLOGIN.al\"},\"image\":{\"@id\":\"https:\\\/\\\/blogin.al\\\/#\\\/schema\\\/logo\\\/image\\\/\"},\"sameAs\":[\"https:\\\/\\\/instagram.com\\\/blogin.al\\\/\"]},{\"@type\":\"Person\",\"@id\":\"https:\\\/\\\/blogin.al\\\/#\\\/schema\\\/person\\\/abdd56bc912cd511db877b852b115399\",\"name\":\"Blogin al\",\"image\":{\"@type\":\"ImageObject\",\"inLanguage\":\"en-US\",\"@id\":\"https:\\\/\\\/secure.gravatar.com\\\/avatar\\\/60d5661aee6e835fb13dc75d2204cd0c1d61bef2efd137c0083e59ef831e235e?s=96&d=mm&r=g\",\"url\":\"https:\\\/\\\/secure.gravatar.com\\\/avatar\\\/60d5661aee6e835fb13dc75d2204cd0c1d61bef2efd137c0083e59ef831e235e?s=96&d=mm&r=g\",\"contentUrl\":\"https:\\\/\\\/secure.gravatar.com\\\/avatar\\\/60d5661aee6e835fb13dc75d2204cd0c1d61bef2efd137c0083e59ef831e235e?s=96&d=mm&r=g\",\"caption\":\"Blogin al\"},\"sameAs\":[\"https:\\\/\\\/blogin.al\"],\"url\":\"https:\\\/\\\/blogin.al\\\/?author=2\"}]}<\/script>\n<!-- \/ Yoast SEO plugin. -->","yoast_head_json":{"title":"Fansi i \u00e7mendur pas Shakir\u00ebs p\u00ebrfundon n\u00eb pranga, arsyeja do t\u2019ju habis\u00eb - blogin.al","robots":{"index":"index","follow":"follow","max-snippet":"max-snippet:-1","max-image-preview":"max-image-preview:large","max-video-preview":"max-video-preview:-1"},"canonical":"https:\/\/blogin.al\/?p=42377","og_locale":"en_US","og_type":"article","og_title":"Fansi i \u00e7mendur pas Shakir\u00ebs p\u00ebrfundon n\u00eb pranga, arsyeja do t\u2019ju habis\u00eb - blogin.al","og_description":"Daniel John Valtier \u00ebsht\u00eb nj\u00eb fans i \u00e7mendur i Shakir\u00ebs, por adhurimi i tij p\u00ebr yllin kolumbian e \u00e7oi at\u00eb pas prangave. Valtier u arrestua pasi ka p\u00ebrndjekur dhe ngacmuar k\u00ebng\u00ebtaren kolumbiane. Shakira u transferua n\u00eb Miami me f\u00ebmij\u00ebt e saj n\u00eb prill t\u00eb vitit 2023 pas ndarjes nga futbollisti i famsh\u00ebm, Gerard Pique, por [&hellip;]","og_url":"https:\/\/blogin.al\/?p=42377","og_site_name":"blogin.al","article_published_time":"2024-01-11T11:50:50+00:00","article_modified_time":"2024-01-11T11:50:52+00:00","og_image":[{"width":1280,"height":720,"url":"https:\/\/blogin.al\/wp-content\/uploads\/2023\/07\/230720091024-shakira-0706-restricted.jpg","type":"image\/jpeg"}],"author":"Blogin al","twitter_card":"summary_large_image","twitter_misc":{"Written by":"Blogin al","Est. reading time":"2 minutes"},"schema":{"@context":"https:\/\/schema.org","@graph":[{"@type":"Article","@id":"https:\/\/blogin.al\/?p=42377#article","isPartOf":{"@id":"https:\/\/blogin.al\/?p=42377"},"author":{"name":"Blogin al","@id":"https:\/\/blogin.al\/#\/schema\/person\/abdd56bc912cd511db877b852b115399"},"headline":"Fansi i \u00e7mendur pas Shakir\u00ebs p\u00ebrfundon n\u00eb pranga, arsyeja do t\u2019ju habis\u00eb","datePublished":"2024-01-11T11:50:50+00:00","dateModified":"2024-01-11T11:50:52+00:00","mainEntityOfPage":{"@id":"https:\/\/blogin.al\/?p=42377"},"wordCount":253,"commentCount":0,"publisher":{"@id":"https:\/\/blogin.al\/#organization"},"image":{"@id":"https:\/\/blogin.al\/?p=42377#primaryimage"},"thumbnailUrl":"https:\/\/blogin.al\/wp-content\/uploads\/2023\/07\/230720091024-shakira-0706-restricted.jpg","articleSection":["SHOWBIZ"],"inLanguage":"en-US","potentialAction":[{"@type":"CommentAction","name":"Comment","target":["https:\/\/blogin.al\/?p=42377#respond"]}]},{"@type":"WebPage","@id":"https:\/\/blogin.al\/?p=42377","url":"https:\/\/blogin.al\/?p=42377","name":"Fansi i \u00e7mendur pas Shakir\u00ebs p\u00ebrfundon n\u00eb pranga, arsyeja do t\u2019ju habis\u00eb - blogin.al","isPartOf":{"@id":"https:\/\/blogin.al\/#website"},"primaryImageOfPage":{"@id":"https:\/\/blogin.al\/?p=42377#primaryimage"},"image":{"@id":"https:\/\/blogin.al\/?p=42377#primaryimage"},"thumbnailUrl":"https:\/\/blogin.al\/wp-content\/uploads\/2023\/07\/230720091024-shakira-0706-restricted.jpg","datePublished":"2024-01-11T11:50:50+00:00","dateModified":"2024-01-11T11:50:52+00:00","breadcrumb":{"@id":"https:\/\/blogin.al\/?p=42377#breadcrumb"},"inLanguage":"en-US","potentialAction":[{"@type":"ReadAction","target":["https:\/\/blogin.al\/?p=42377"]}]},{"@type":"ImageObject","inLanguage":"en-US","@id":"https:\/\/blogin.al\/?p=42377#primaryimage","url":"https:\/\/blogin.al\/wp-content\/uploads\/2023\/07\/230720091024-shakira-0706-restricted.jpg","contentUrl":"https:\/\/blogin.al\/wp-content\/uploads\/2023\/07\/230720091024-shakira-0706-restricted.jpg","width":1280,"height":720},{"@type":"BreadcrumbList","@id":"https:\/\/blogin.al\/?p=42377#breadcrumb","itemListElement":[{"@type":"ListItem","position":1,"name":"Home","item":"https:\/\/blogin.al\/"},{"@type":"ListItem","position":2,"name":"Fansi i \u00e7mendur pas Shakir\u00ebs p\u00ebrfundon n\u00eb pranga, arsyeja do t\u2019ju habis\u00eb"}]},{"@type":"WebSite","@id":"https:\/\/blogin.al\/#website","url":"https:\/\/blogin.al\/","name":"blogin.al","description":"","publisher":{"@id":"https:\/\/blogin.al\/#organization"},"potentialAction":[{"@type":"SearchAction","target":{"@type":"EntryPoint","urlTemplate":"https:\/\/blogin.al\/?s={search_term_string}"},"query-input":{"@type":"PropertyValueSpecification","valueRequired":true,"valueName":"search_term_string"}}],"inLanguage":"en-US"},{"@type":"Organization","@id":"https:\/\/blogin.al\/#organization","name":"BLOGIN.al","url":"https:\/\/blogin.al\/","logo":{"@type":"ImageObject","inLanguage":"en-US","@id":"https:\/\/blogin.al\/#\/schema\/logo\/image\/","url":"https:\/\/blogin.al\/wp-content\/uploads\/2022\/05\/Untitled-2-01-e1652084456514.png","contentUrl":"https:\/\/blogin.al\/wp-content\/uploads\/2022\/05\/Untitled-2-01-e1652084456514.png","width":3723,"height":1698,"caption":"BLOGIN.al"},"image":{"@id":"https:\/\/blogin.al\/#\/schema\/logo\/image\/"},"sameAs":["https:\/\/instagram.com\/blogin.al\/"]},{"@type":"Person","@id":"https:\/\/blogin.al\/#\/schema\/person\/abdd56bc912cd511db877b852b115399","name":"Blogin al","image":{"@type":"ImageObject","inLanguage":"en-US","@id":"https:\/\/secure.gravatar.com\/avatar\/60d5661aee6e835fb13dc75d2204cd0c1d61bef2efd137c0083e59ef831e235e?s=96&d=mm&r=g","url":"https:\/\/secure.gravatar.com\/avatar\/60d5661aee6e835fb13dc75d2204cd0c1d61bef2efd137c0083e59ef831e235e?s=96&d=mm&r=g","contentUrl":"https:\/\/secure.gravatar.com\/avatar\/60d5661aee6e835fb13dc75d2204cd0c1d61bef2efd137c0083e59ef831e235e?s=96&d=mm&r=g","caption":"Blogin al"},"sameAs":["https:\/\/blogin.al"],"url":"https:\/\/blogin.al\/?author=2"}]}},"_links":{"self":[{"href":"https:\/\/blogin.al\/index.php?rest_route=\/wp\/v2\/posts\/42377","targetHints":{"allow":["GET"]}}],"collection":[{"href":"https:\/\/blogin.al\/index.php?rest_route=\/wp\/v2\/posts"}],"about":[{"href":"https:\/\/blogin.al\/index.php?rest_route=\/wp\/v2\/types\/post"}],"author":[{"embeddable":true,"href":"https:\/\/blogin.al\/index.php?rest_route=\/wp\/v2\/users\/2"}],"replies":[{"embeddable":true,"href":"https:\/\/blogin.al\/index.php?rest_route=%2Fwp%2Fv2%2Fcomments&post=42377"}],"version-history":[{"count":1,"href":"https:\/\/blogin.al\/index.php?rest_route=\/wp\/v2\/posts\/42377\/revisions"}],"predecessor-version":[{"id":42379,"href":"https:\/\/blogin.al\/index.php?rest_route=\/wp\/v2\/posts\/42377\/revisions\/42379"}],"wp:featuredmedia":[{"embeddable":true,"href":"https:\/\/blogin.al\/index.php?rest_route=\/wp\/v2\/media\/34643"}],"wp:attachment":[{"href":"https:\/\/blogin.al\/index.php?rest_route=%2Fwp%2Fv2%2Fmedia&parent=42377"}],"wp:term":[{"taxonomy":"category","embeddable":true,"href":"https:\/\/blogin.al\/index.php?rest_route=%2Fwp%2Fv2%2Fcategories&post=42377"},{"taxonomy":"post_tag","embeddable":true,"href":"https:\/\/blogin.al\/index.php?rest_route=%2Fwp%2Fv2%2Ftags&post=42377"}],"curies":[{"name":"wp","href":"https:\/\/api.w.org\/{rel}","templated":true}]}}