{"id":42457,"date":"2024-01-13T09:34:03","date_gmt":"2024-01-13T09:34:03","guid":{"rendered":"https:\/\/blogin.al\/?p=42457"},"modified":"2024-01-13T09:34:04","modified_gmt":"2024-01-13T09:34:04","slug":"nuk-ia-fal-vetes-kurre-luiz-ejlli-tregon-pendimin-e-madh-ne-bbv2-i-kerkon-ndjese-publikisht-ish-banorit","status":"publish","type":"post","link":"https:\/\/blogin.al\/?p=42457","title":{"rendered":"\u201cNuk ia fal vetes kurr\u00eb\u201d, Luiz Ejlli tregon pendimin e madh n\u00eb \u201cBBV2\u201d, i k\u00ebrkon ndjes\u00eb publikisht ish-banorit"},"content":{"rendered":"\n<p>Ish-banori i \u201cBBV2\u201d Luiz Ejlli p\u00ebrmes nj\u00eb video n\u00eb Instastory\u201d ka treguar nj\u00eb pishman t\u00eb madh.<\/p>\n\n\n\n<p>Ai shprehet se brenda sht\u00ebpis\u00eb m\u00eb t\u00eb famshme n\u00eb Shqip\u00ebri ka qen\u00eb gabim q\u00eb ka marr\u00eb inat Eni Taren dhe e ktheu n\u00eb armik. Me Enin ai ka b\u00ebr\u00eb debat t\u00eb vazhdueshme, por mesa duket tashm\u00eb jan\u00eb b\u00ebr\u00eb miq t\u00eb mir\u00eb.<\/p>\n\n\n\n<p>Ai n\u00eb video i k\u00ebrkon falje publikisht ku shprehet: Dy gabime q\u00eb nuk ia fal vetes kurr\u00eb q\u00eb kam b\u00ebr\u00eb n\u00eb \u201cBBV\u201d nj\u00eb gabim me Kiar\u00ebn q\u00eb e kam m\u00ebrzitur dhe e b\u00ebra t\u00eb qaj\u00eb dhe e dyta ka t\u00eb b\u00ebj\u00eb me nj\u00eb banor q\u00eb e mora inat apo e b\u00ebra armik kot dhe jam penduar shum\u00eb. Dhe ky i dyti \u00ebsht\u00eb ky q\u00eb kam n\u00eb makin\u00eb k\u00ebtu Eni Tare, e mbani mend. \u00cbsht\u00eb super djal\u00eb dhe nuk di dometh\u00ebn\u00eb, po ta them publikisht, po t\u00eb k\u00ebrkoj falje, ti e di q\u00eb ishte gjith\u00e7ka n\u00eb kuad\u00ebr t\u00eb loj\u00ebs.<\/p>\n\n\n\n<figure class=\"wp-block-image is-style-default\"><img decoding=\"async\" src=\"https:\/\/albeu.com\/wp-content\/uploads\/2024\/01\/IMG_4763.webp\" alt=\"\" class=\"wp-image-614531\"\/><\/figure>\n","protected":false},"excerpt":{"rendered":"<p>Ish-banori i \u201cBBV2\u201d Luiz Ejlli p\u00ebrmes nj\u00eb video n\u00eb Instastory\u201d ka treguar nj\u00eb pishman t\u00eb madh. Ai shprehet se brenda sht\u00ebpis\u00eb m\u00eb t\u00eb famshme n\u00eb Shqip\u00ebri ka qen\u00eb gabim q\u00eb ka marr\u00eb inat Eni Taren dhe e ktheu n\u00eb armik. Me Enin ai ka b\u00ebr\u00eb debat t\u00eb vazhdueshme, por mesa duket tashm\u00eb jan\u00eb b\u00ebr\u00eb miq [&hellip;]<\/p>\n","protected":false},"author":2,"featured_media":30731,"comment_status":"open","ping_status":"open","sticky":false,"template":"","format":"standard","meta":{"footnotes":""},"categories":[33],"tags":[],"class_list":{"0":"post-42457","1":"post","2":"type-post","3":"status-publish","4":"format-standard","5":"has-post-thumbnail","7":"category-showbiz"},"yoast_head":"<!-- This site is optimized with the Yoast SEO plugin v27.4 - https:\/\/yoast.com\/product\/yoast-seo-wordpress\/ -->\n<title>\u201cNuk ia fal vetes kurr\u00eb\u201d, Luiz Ejlli tregon pendimin e madh n\u00eb \u201cBBV2\u201d, i k\u00ebrkon ndjes\u00eb publikisht ish-banorit - blogin.al<\/title>\n<meta name=\"robots\" content=\"index, follow, max-snippet:-1, max-image-preview:large, max-video-preview:-1\" \/>\n<link rel=\"canonical\" href=\"https:\/\/blogin.al\/?p=42457\" \/>\n<meta property=\"og:locale\" content=\"en_US\" \/>\n<meta property=\"og:type\" content=\"article\" \/>\n<meta property=\"og:title\" content=\"\u201cNuk ia fal vetes kurr\u00eb\u201d, Luiz Ejlli tregon pendimin e madh n\u00eb \u201cBBV2\u201d, i k\u00ebrkon ndjes\u00eb publikisht ish-banorit - blogin.al\" \/>\n<meta property=\"og:description\" content=\"Ish-banori i \u201cBBV2\u201d Luiz Ejlli p\u00ebrmes nj\u00eb video n\u00eb Instastory\u201d ka treguar nj\u00eb pishman t\u00eb madh. Ai shprehet se brenda sht\u00ebpis\u00eb m\u00eb t\u00eb famshme n\u00eb Shqip\u00ebri ka qen\u00eb gabim q\u00eb ka marr\u00eb inat Eni Taren dhe e ktheu n\u00eb armik. Me Enin ai ka b\u00ebr\u00eb debat t\u00eb vazhdueshme, por mesa duket tashm\u00eb jan\u00eb b\u00ebr\u00eb miq [&hellip;]\" \/>\n<meta property=\"og:url\" content=\"https:\/\/blogin.al\/?p=42457\" \/>\n<meta property=\"og:site_name\" content=\"blogin.al\" \/>\n<meta property=\"article:published_time\" content=\"2024-01-13T09:34:03+00:00\" \/>\n<meta property=\"article:modified_time\" content=\"2024-01-13T09:34:04+00:00\" \/>\n<meta property=\"og:image\" content=\"https:\/\/blogin.al\/wp-content\/uploads\/2023\/05\/20230507_093835.jpg\" \/>\n\t<meta property=\"og:image:width\" content=\"1440\" \/>\n\t<meta property=\"og:image:height\" content=\"1297\" \/>\n\t<meta property=\"og:image:type\" content=\"image\/jpeg\" \/>\n<meta name=\"author\" content=\"Blogin al\" \/>\n<meta name=\"twitter:card\" content=\"summary_large_image\" \/>\n<meta name=\"twitter:label1\" content=\"Written by\" \/>\n\t<meta name=\"twitter:data1\" content=\"Blogin al\" \/>\n\t<meta name=\"twitter:label2\" content=\"Est. reading time\" \/>\n\t<meta name=\"twitter:data2\" content=\"2 minutes\" \/>\n<script type=\"application\/ld+json\" class=\"yoast-schema-graph\">{\"@context\":\"https:\\\/\\\/schema.org\",\"@graph\":[{\"@type\":\"Article\",\"@id\":\"https:\\\/\\\/blogin.al\\\/?p=42457#article\",\"isPartOf\":{\"@id\":\"https:\\\/\\\/blogin.al\\\/?p=42457\"},\"author\":{\"name\":\"Blogin al\",\"@id\":\"https:\\\/\\\/blogin.al\\\/#\\\/schema\\\/person\\\/abdd56bc912cd511db877b852b115399\"},\"headline\":\"\u201cNuk ia fal vetes kurr\u00eb\u201d, Luiz Ejlli tregon pendimin e madh n\u00eb \u201cBBV2\u201d, i k\u00ebrkon ndjes\u00eb publikisht ish-banorit\",\"datePublished\":\"2024-01-13T09:34:03+00:00\",\"dateModified\":\"2024-01-13T09:34:04+00:00\",\"mainEntityOfPage\":{\"@id\":\"https:\\\/\\\/blogin.al\\\/?p=42457\"},\"wordCount\":192,\"commentCount\":0,\"publisher\":{\"@id\":\"https:\\\/\\\/blogin.al\\\/#organization\"},\"image\":{\"@id\":\"https:\\\/\\\/blogin.al\\\/?p=42457#primaryimage\"},\"thumbnailUrl\":\"https:\\\/\\\/blogin.al\\\/wp-content\\\/uploads\\\/2023\\\/05\\\/20230507_093835.jpg\",\"articleSection\":[\"SHOWBIZ\"],\"inLanguage\":\"en-US\",\"potentialAction\":[{\"@type\":\"CommentAction\",\"name\":\"Comment\",\"target\":[\"https:\\\/\\\/blogin.al\\\/?p=42457#respond\"]}]},{\"@type\":\"WebPage\",\"@id\":\"https:\\\/\\\/blogin.al\\\/?p=42457\",\"url\":\"https:\\\/\\\/blogin.al\\\/?p=42457\",\"name\":\"\u201cNuk ia fal vetes kurr\u00eb\u201d, Luiz Ejlli tregon pendimin e madh n\u00eb \u201cBBV2\u201d, i k\u00ebrkon ndjes\u00eb publikisht ish-banorit - blogin.al\",\"isPartOf\":{\"@id\":\"https:\\\/\\\/blogin.al\\\/#website\"},\"primaryImageOfPage\":{\"@id\":\"https:\\\/\\\/blogin.al\\\/?p=42457#primaryimage\"},\"image\":{\"@id\":\"https:\\\/\\\/blogin.al\\\/?p=42457#primaryimage\"},\"thumbnailUrl\":\"https:\\\/\\\/blogin.al\\\/wp-content\\\/uploads\\\/2023\\\/05\\\/20230507_093835.jpg\",\"datePublished\":\"2024-01-13T09:34:03+00:00\",\"dateModified\":\"2024-01-13T09:34:04+00:00\",\"breadcrumb\":{\"@id\":\"https:\\\/\\\/blogin.al\\\/?p=42457#breadcrumb\"},\"inLanguage\":\"en-US\",\"potentialAction\":[{\"@type\":\"ReadAction\",\"target\":[\"https:\\\/\\\/blogin.al\\\/?p=42457\"]}]},{\"@type\":\"ImageObject\",\"inLanguage\":\"en-US\",\"@id\":\"https:\\\/\\\/blogin.al\\\/?p=42457#primaryimage\",\"url\":\"https:\\\/\\\/blogin.al\\\/wp-content\\\/uploads\\\/2023\\\/05\\\/20230507_093835.jpg\",\"contentUrl\":\"https:\\\/\\\/blogin.al\\\/wp-content\\\/uploads\\\/2023\\\/05\\\/20230507_093835.jpg\",\"width\":1440,\"height\":1297},{\"@type\":\"BreadcrumbList\",\"@id\":\"https:\\\/\\\/blogin.al\\\/?p=42457#breadcrumb\",\"itemListElement\":[{\"@type\":\"ListItem\",\"position\":1,\"name\":\"Home\",\"item\":\"https:\\\/\\\/blogin.al\\\/\"},{\"@type\":\"ListItem\",\"position\":2,\"name\":\"\u201cNuk ia fal vetes kurr\u00eb\u201d, Luiz Ejlli tregon pendimin e madh n\u00eb \u201cBBV2\u201d, i k\u00ebrkon ndjes\u00eb publikisht ish-banorit\"}]},{\"@type\":\"WebSite\",\"@id\":\"https:\\\/\\\/blogin.al\\\/#website\",\"url\":\"https:\\\/\\\/blogin.al\\\/\",\"name\":\"blogin.al\",\"description\":\"\",\"publisher\":{\"@id\":\"https:\\\/\\\/blogin.al\\\/#organization\"},\"potentialAction\":[{\"@type\":\"SearchAction\",\"target\":{\"@type\":\"EntryPoint\",\"urlTemplate\":\"https:\\\/\\\/blogin.al\\\/?s={search_term_string}\"},\"query-input\":{\"@type\":\"PropertyValueSpecification\",\"valueRequired\":true,\"valueName\":\"search_term_string\"}}],\"inLanguage\":\"en-US\"},{\"@type\":\"Organization\",\"@id\":\"https:\\\/\\\/blogin.al\\\/#organization\",\"name\":\"BLOGIN.al\",\"url\":\"https:\\\/\\\/blogin.al\\\/\",\"logo\":{\"@type\":\"ImageObject\",\"inLanguage\":\"en-US\",\"@id\":\"https:\\\/\\\/blogin.al\\\/#\\\/schema\\\/logo\\\/image\\\/\",\"url\":\"https:\\\/\\\/blogin.al\\\/wp-content\\\/uploads\\\/2022\\\/05\\\/Untitled-2-01-e1652084456514.png\",\"contentUrl\":\"https:\\\/\\\/blogin.al\\\/wp-content\\\/uploads\\\/2022\\\/05\\\/Untitled-2-01-e1652084456514.png\",\"width\":3723,\"height\":1698,\"caption\":\"BLOGIN.al\"},\"image\":{\"@id\":\"https:\\\/\\\/blogin.al\\\/#\\\/schema\\\/logo\\\/image\\\/\"},\"sameAs\":[\"https:\\\/\\\/instagram.com\\\/blogin.al\\\/\"]},{\"@type\":\"Person\",\"@id\":\"https:\\\/\\\/blogin.al\\\/#\\\/schema\\\/person\\\/abdd56bc912cd511db877b852b115399\",\"name\":\"Blogin al\",\"image\":{\"@type\":\"ImageObject\",\"inLanguage\":\"en-US\",\"@id\":\"https:\\\/\\\/secure.gravatar.com\\\/avatar\\\/60d5661aee6e835fb13dc75d2204cd0c1d61bef2efd137c0083e59ef831e235e?s=96&d=mm&r=g\",\"url\":\"https:\\\/\\\/secure.gravatar.com\\\/avatar\\\/60d5661aee6e835fb13dc75d2204cd0c1d61bef2efd137c0083e59ef831e235e?s=96&d=mm&r=g\",\"contentUrl\":\"https:\\\/\\\/secure.gravatar.com\\\/avatar\\\/60d5661aee6e835fb13dc75d2204cd0c1d61bef2efd137c0083e59ef831e235e?s=96&d=mm&r=g\",\"caption\":\"Blogin al\"},\"sameAs\":[\"https:\\\/\\\/blogin.al\"],\"url\":\"https:\\\/\\\/blogin.al\\\/?author=2\"}]}<\/script>\n<!-- \/ Yoast SEO plugin. -->","yoast_head_json":{"title":"\u201cNuk ia fal vetes kurr\u00eb\u201d, Luiz Ejlli tregon pendimin e madh n\u00eb \u201cBBV2\u201d, i k\u00ebrkon ndjes\u00eb publikisht ish-banorit - blogin.al","robots":{"index":"index","follow":"follow","max-snippet":"max-snippet:-1","max-image-preview":"max-image-preview:large","max-video-preview":"max-video-preview:-1"},"canonical":"https:\/\/blogin.al\/?p=42457","og_locale":"en_US","og_type":"article","og_title":"\u201cNuk ia fal vetes kurr\u00eb\u201d, Luiz Ejlli tregon pendimin e madh n\u00eb \u201cBBV2\u201d, i k\u00ebrkon ndjes\u00eb publikisht ish-banorit - blogin.al","og_description":"Ish-banori i \u201cBBV2\u201d Luiz Ejlli p\u00ebrmes nj\u00eb video n\u00eb Instastory\u201d ka treguar nj\u00eb pishman t\u00eb madh. Ai shprehet se brenda sht\u00ebpis\u00eb m\u00eb t\u00eb famshme n\u00eb Shqip\u00ebri ka qen\u00eb gabim q\u00eb ka marr\u00eb inat Eni Taren dhe e ktheu n\u00eb armik. Me Enin ai ka b\u00ebr\u00eb debat t\u00eb vazhdueshme, por mesa duket tashm\u00eb jan\u00eb b\u00ebr\u00eb miq [&hellip;]","og_url":"https:\/\/blogin.al\/?p=42457","og_site_name":"blogin.al","article_published_time":"2024-01-13T09:34:03+00:00","article_modified_time":"2024-01-13T09:34:04+00:00","og_image":[{"width":1440,"height":1297,"url":"https:\/\/blogin.al\/wp-content\/uploads\/2023\/05\/20230507_093835.jpg","type":"image\/jpeg"}],"author":"Blogin al","twitter_card":"summary_large_image","twitter_misc":{"Written by":"Blogin al","Est. reading time":"2 minutes"},"schema":{"@context":"https:\/\/schema.org","@graph":[{"@type":"Article","@id":"https:\/\/blogin.al\/?p=42457#article","isPartOf":{"@id":"https:\/\/blogin.al\/?p=42457"},"author":{"name":"Blogin al","@id":"https:\/\/blogin.al\/#\/schema\/person\/abdd56bc912cd511db877b852b115399"},"headline":"\u201cNuk ia fal vetes kurr\u00eb\u201d, Luiz Ejlli tregon pendimin e madh n\u00eb \u201cBBV2\u201d, i k\u00ebrkon ndjes\u00eb publikisht ish-banorit","datePublished":"2024-01-13T09:34:03+00:00","dateModified":"2024-01-13T09:34:04+00:00","mainEntityOfPage":{"@id":"https:\/\/blogin.al\/?p=42457"},"wordCount":192,"commentCount":0,"publisher":{"@id":"https:\/\/blogin.al\/#organization"},"image":{"@id":"https:\/\/blogin.al\/?p=42457#primaryimage"},"thumbnailUrl":"https:\/\/blogin.al\/wp-content\/uploads\/2023\/05\/20230507_093835.jpg","articleSection":["SHOWBIZ"],"inLanguage":"en-US","potentialAction":[{"@type":"CommentAction","name":"Comment","target":["https:\/\/blogin.al\/?p=42457#respond"]}]},{"@type":"WebPage","@id":"https:\/\/blogin.al\/?p=42457","url":"https:\/\/blogin.al\/?p=42457","name":"\u201cNuk ia fal vetes kurr\u00eb\u201d, Luiz Ejlli tregon pendimin e madh n\u00eb \u201cBBV2\u201d, i k\u00ebrkon ndjes\u00eb publikisht ish-banorit - blogin.al","isPartOf":{"@id":"https:\/\/blogin.al\/#website"},"primaryImageOfPage":{"@id":"https:\/\/blogin.al\/?p=42457#primaryimage"},"image":{"@id":"https:\/\/blogin.al\/?p=42457#primaryimage"},"thumbnailUrl":"https:\/\/blogin.al\/wp-content\/uploads\/2023\/05\/20230507_093835.jpg","datePublished":"2024-01-13T09:34:03+00:00","dateModified":"2024-01-13T09:34:04+00:00","breadcrumb":{"@id":"https:\/\/blogin.al\/?p=42457#breadcrumb"},"inLanguage":"en-US","potentialAction":[{"@type":"ReadAction","target":["https:\/\/blogin.al\/?p=42457"]}]},{"@type":"ImageObject","inLanguage":"en-US","@id":"https:\/\/blogin.al\/?p=42457#primaryimage","url":"https:\/\/blogin.al\/wp-content\/uploads\/2023\/05\/20230507_093835.jpg","contentUrl":"https:\/\/blogin.al\/wp-content\/uploads\/2023\/05\/20230507_093835.jpg","width":1440,"height":1297},{"@type":"BreadcrumbList","@id":"https:\/\/blogin.al\/?p=42457#breadcrumb","itemListElement":[{"@type":"ListItem","position":1,"name":"Home","item":"https:\/\/blogin.al\/"},{"@type":"ListItem","position":2,"name":"\u201cNuk ia fal vetes kurr\u00eb\u201d, Luiz Ejlli tregon pendimin e madh n\u00eb \u201cBBV2\u201d, i k\u00ebrkon ndjes\u00eb publikisht ish-banorit"}]},{"@type":"WebSite","@id":"https:\/\/blogin.al\/#website","url":"https:\/\/blogin.al\/","name":"blogin.al","description":"","publisher":{"@id":"https:\/\/blogin.al\/#organization"},"potentialAction":[{"@type":"SearchAction","target":{"@type":"EntryPoint","urlTemplate":"https:\/\/blogin.al\/?s={search_term_string}"},"query-input":{"@type":"PropertyValueSpecification","valueRequired":true,"valueName":"search_term_string"}}],"inLanguage":"en-US"},{"@type":"Organization","@id":"https:\/\/blogin.al\/#organization","name":"BLOGIN.al","url":"https:\/\/blogin.al\/","logo":{"@type":"ImageObject","inLanguage":"en-US","@id":"https:\/\/blogin.al\/#\/schema\/logo\/image\/","url":"https:\/\/blogin.al\/wp-content\/uploads\/2022\/05\/Untitled-2-01-e1652084456514.png","contentUrl":"https:\/\/blogin.al\/wp-content\/uploads\/2022\/05\/Untitled-2-01-e1652084456514.png","width":3723,"height":1698,"caption":"BLOGIN.al"},"image":{"@id":"https:\/\/blogin.al\/#\/schema\/logo\/image\/"},"sameAs":["https:\/\/instagram.com\/blogin.al\/"]},{"@type":"Person","@id":"https:\/\/blogin.al\/#\/schema\/person\/abdd56bc912cd511db877b852b115399","name":"Blogin al","image":{"@type":"ImageObject","inLanguage":"en-US","@id":"https:\/\/secure.gravatar.com\/avatar\/60d5661aee6e835fb13dc75d2204cd0c1d61bef2efd137c0083e59ef831e235e?s=96&d=mm&r=g","url":"https:\/\/secure.gravatar.com\/avatar\/60d5661aee6e835fb13dc75d2204cd0c1d61bef2efd137c0083e59ef831e235e?s=96&d=mm&r=g","contentUrl":"https:\/\/secure.gravatar.com\/avatar\/60d5661aee6e835fb13dc75d2204cd0c1d61bef2efd137c0083e59ef831e235e?s=96&d=mm&r=g","caption":"Blogin al"},"sameAs":["https:\/\/blogin.al"],"url":"https:\/\/blogin.al\/?author=2"}]}},"_links":{"self":[{"href":"https:\/\/blogin.al\/index.php?rest_route=\/wp\/v2\/posts\/42457","targetHints":{"allow":["GET"]}}],"collection":[{"href":"https:\/\/blogin.al\/index.php?rest_route=\/wp\/v2\/posts"}],"about":[{"href":"https:\/\/blogin.al\/index.php?rest_route=\/wp\/v2\/types\/post"}],"author":[{"embeddable":true,"href":"https:\/\/blogin.al\/index.php?rest_route=\/wp\/v2\/users\/2"}],"replies":[{"embeddable":true,"href":"https:\/\/blogin.al\/index.php?rest_route=%2Fwp%2Fv2%2Fcomments&post=42457"}],"version-history":[{"count":1,"href":"https:\/\/blogin.al\/index.php?rest_route=\/wp\/v2\/posts\/42457\/revisions"}],"predecessor-version":[{"id":42458,"href":"https:\/\/blogin.al\/index.php?rest_route=\/wp\/v2\/posts\/42457\/revisions\/42458"}],"wp:featuredmedia":[{"embeddable":true,"href":"https:\/\/blogin.al\/index.php?rest_route=\/wp\/v2\/media\/30731"}],"wp:attachment":[{"href":"https:\/\/blogin.al\/index.php?rest_route=%2Fwp%2Fv2%2Fmedia&parent=42457"}],"wp:term":[{"taxonomy":"category","embeddable":true,"href":"https:\/\/blogin.al\/index.php?rest_route=%2Fwp%2Fv2%2Fcategories&post=42457"},{"taxonomy":"post_tag","embeddable":true,"href":"https:\/\/blogin.al\/index.php?rest_route=%2Fwp%2Fv2%2Ftags&post=42457"}],"curies":[{"name":"wp","href":"https:\/\/api.w.org\/{rel}","templated":true}]}}