{"id":42522,"date":"2024-01-15T09:51:17","date_gmt":"2024-01-15T09:51:17","guid":{"rendered":"https:\/\/blogin.al\/?p=42522"},"modified":"2024-01-15T09:51:19","modified_gmt":"2024-01-15T09:51:19","slug":"kane-martese-me-kontrate-roza-flet-pa-dorashka-per-ciftin-showbiz-it","status":"publish","type":"post","link":"https:\/\/blogin.al\/?p=42522","title":{"rendered":"\u201cKan\u00eb martes\u00eb me kontrat\u00eb\u201d, Roza flet \u2018pa dorashka\u2019 p\u00ebr \u00e7iftin showbiz-it"},"content":{"rendered":"\n<p>Banor\u00ebt s\u00eb fundmi kan\u00eb nisur t\u00eb tregojn\u00eb pak m\u00eb shum\u00eb nga vetja dhe flasin p\u00ebr martesat, dashurit\u00eb dhe m\u00ebnyr\u00ebn sesi e konceptojn\u00eb ata.<\/p>\n\n\n\n<p>Roza Lati shokon me deklarat\u00ebn e saj t\u00eb papritur p\u00ebr nje \u00e7ift t\u00eb showbiz-it shqiptar q\u00eb kan\u00eb nj\u00eb martes\u00eb \u201cme kontrat\u00eb\u201d, pasi secili prej tyre ka jet\u00ebn e tyre.<\/p>\n\n\n\n<blockquote class=\"wp-block-quote is-layout-flow wp-block-quote-is-layout-flow\">\n<p>Roza: Njoh nj\u00eb \u00e7ift q\u00eb kan\u00eb b\u00ebr\u00eb nj\u00eb kontrat\u00eb martesore, jan\u00eb bashk\u00eb dhe secili ka jet\u00ebn e tij. Secili ik\u00ebn jasht\u00eb shtetit dhe b\u00ebjn\u00eb jet\u00ebt e tyre dhe k\u00ebtu mund t\u00eb mendoni \u00e7far\u00eb t\u00eb doni. Kur kthehen n\u00eb sht\u00ebpi tek f\u00ebmija, kan\u00eb nj\u00eb sjellje t\u00eb respektuar, flen\u00eb me nj\u00eb shtrat dhe e kan\u00eb ndar\u00eb q\u00eb do t\u00eb pleq\u00ebrojn\u00eb bashk\u00eb. Kan\u00eb f\u00ebmij\u00ebn m\u00eb me edukat\u00eb, f\u00ebmij\u00ebn m\u00eb t\u00eb qet\u00eb, f\u00ebmij\u00ebn m\u00eb t\u00eb shtruar dhe m\u00eb t\u00eb mbar\u00eb. Ky \u00ebsht\u00eb rast dhe fakt konkret, jan\u00eb dy \u00e7ifte q\u00eb un\u00eb kur i kam par\u00eb kam b\u00ebr\u00eb analiz\u00ebn.<\/p>\n<\/blockquote>\n\n\n\n<figure class=\"wp-block-embed is-type-video is-provider-youtube wp-block-embed-youtube wp-embed-aspect-16-9 wp-has-aspect-ratio\"><div class=\"wp-block-embed__wrapper\">\n<iframe title=\"\u201cNjoh nj\u00eb \u00e7ift q\u00eb kan\u00eb lidhje me kontrat\u00eb\u201d\/ Roza: Jan\u00eb si shok\u00eb t\u00eb ngusht\u00eb, kan\u00eb nj\u00eb f\u00ebmij\u00eb\" width=\"696\" height=\"392\" src=\"https:\/\/www.youtube.com\/embed\/tNJxf5gLIrk?feature=oembed\" frameborder=\"0\" allow=\"accelerometer; autoplay; clipboard-write; encrypted-media; gyroscope; picture-in-picture; web-share\" allowfullscreen><\/iframe>\n<\/div><\/figure>\n","protected":false},"excerpt":{"rendered":"<p>Banor\u00ebt s\u00eb fundmi kan\u00eb nisur t\u00eb tregojn\u00eb pak m\u00eb shum\u00eb nga vetja dhe flasin p\u00ebr martesat, dashurit\u00eb dhe m\u00ebnyr\u00ebn sesi e konceptojn\u00eb ata. Roza Lati shokon me deklarat\u00ebn e saj t\u00eb papritur p\u00ebr nje \u00e7ift t\u00eb showbiz-it shqiptar q\u00eb kan\u00eb nj\u00eb martes\u00eb \u201cme kontrat\u00eb\u201d, pasi secili prej tyre ka jet\u00ebn e tyre. Roza: Njoh nj\u00eb [&hellip;]<\/p>\n","protected":false},"author":2,"featured_media":16352,"comment_status":"open","ping_status":"open","sticky":false,"template":"","format":"standard","meta":{"footnotes":""},"categories":[33],"tags":[],"class_list":{"0":"post-42522","1":"post","2":"type-post","3":"status-publish","4":"format-standard","5":"has-post-thumbnail","7":"category-showbiz"},"yoast_head":"<!-- This site is optimized with the Yoast SEO plugin v27.4 - https:\/\/yoast.com\/product\/yoast-seo-wordpress\/ -->\n<title>\u201cKan\u00eb martes\u00eb me kontrat\u00eb\u201d, Roza flet \u2018pa dorashka\u2019 p\u00ebr \u00e7iftin showbiz-it - blogin.al<\/title>\n<meta name=\"robots\" content=\"index, follow, max-snippet:-1, max-image-preview:large, max-video-preview:-1\" \/>\n<link rel=\"canonical\" href=\"https:\/\/blogin.al\/?p=42522\" \/>\n<meta property=\"og:locale\" content=\"en_US\" \/>\n<meta property=\"og:type\" content=\"article\" \/>\n<meta property=\"og:title\" content=\"\u201cKan\u00eb martes\u00eb me kontrat\u00eb\u201d, Roza flet \u2018pa dorashka\u2019 p\u00ebr \u00e7iftin showbiz-it - blogin.al\" \/>\n<meta property=\"og:description\" content=\"Banor\u00ebt s\u00eb fundmi kan\u00eb nisur t\u00eb tregojn\u00eb pak m\u00eb shum\u00eb nga vetja dhe flasin p\u00ebr martesat, dashurit\u00eb dhe m\u00ebnyr\u00ebn sesi e konceptojn\u00eb ata. Roza Lati shokon me deklarat\u00ebn e saj t\u00eb papritur p\u00ebr nje \u00e7ift t\u00eb showbiz-it shqiptar q\u00eb kan\u00eb nj\u00eb martes\u00eb \u201cme kontrat\u00eb\u201d, pasi secili prej tyre ka jet\u00ebn e tyre. Roza: Njoh nj\u00eb [&hellip;]\" \/>\n<meta property=\"og:url\" content=\"https:\/\/blogin.al\/?p=42522\" \/>\n<meta property=\"og:site_name\" content=\"blogin.al\" \/>\n<meta property=\"article:published_time\" content=\"2024-01-15T09:51:17+00:00\" \/>\n<meta property=\"article:modified_time\" content=\"2024-01-15T09:51:19+00:00\" \/>\n<meta property=\"og:image\" content=\"https:\/\/blogin.al\/wp-content\/uploads\/2022\/10\/roza.png\" \/>\n\t<meta property=\"og:image:width\" content=\"800\" \/>\n\t<meta property=\"og:image:height\" content=\"849\" \/>\n\t<meta property=\"og:image:type\" content=\"image\/png\" \/>\n<meta name=\"author\" content=\"Blogin al\" \/>\n<meta name=\"twitter:card\" content=\"summary_large_image\" \/>\n<meta name=\"twitter:label1\" content=\"Written by\" \/>\n\t<meta name=\"twitter:data1\" content=\"Blogin al\" \/>\n\t<meta name=\"twitter:label2\" content=\"Est. reading time\" \/>\n\t<meta name=\"twitter:data2\" content=\"1 minute\" \/>\n<script type=\"application\/ld+json\" class=\"yoast-schema-graph\">{\"@context\":\"https:\\\/\\\/schema.org\",\"@graph\":[{\"@type\":\"Article\",\"@id\":\"https:\\\/\\\/blogin.al\\\/?p=42522#article\",\"isPartOf\":{\"@id\":\"https:\\\/\\\/blogin.al\\\/?p=42522\"},\"author\":{\"name\":\"Blogin al\",\"@id\":\"https:\\\/\\\/blogin.al\\\/#\\\/schema\\\/person\\\/abdd56bc912cd511db877b852b115399\"},\"headline\":\"\u201cKan\u00eb martes\u00eb me kontrat\u00eb\u201d, Roza flet \u2018pa dorashka\u2019 p\u00ebr \u00e7iftin showbiz-it\",\"datePublished\":\"2024-01-15T09:51:17+00:00\",\"dateModified\":\"2024-01-15T09:51:19+00:00\",\"mainEntityOfPage\":{\"@id\":\"https:\\\/\\\/blogin.al\\\/?p=42522\"},\"wordCount\":192,\"commentCount\":0,\"publisher\":{\"@id\":\"https:\\\/\\\/blogin.al\\\/#organization\"},\"image\":{\"@id\":\"https:\\\/\\\/blogin.al\\\/?p=42522#primaryimage\"},\"thumbnailUrl\":\"https:\\\/\\\/blogin.al\\\/wp-content\\\/uploads\\\/2022\\\/10\\\/roza.png\",\"articleSection\":[\"SHOWBIZ\"],\"inLanguage\":\"en-US\",\"potentialAction\":[{\"@type\":\"CommentAction\",\"name\":\"Comment\",\"target\":[\"https:\\\/\\\/blogin.al\\\/?p=42522#respond\"]}]},{\"@type\":\"WebPage\",\"@id\":\"https:\\\/\\\/blogin.al\\\/?p=42522\",\"url\":\"https:\\\/\\\/blogin.al\\\/?p=42522\",\"name\":\"\u201cKan\u00eb martes\u00eb me kontrat\u00eb\u201d, Roza flet \u2018pa dorashka\u2019 p\u00ebr \u00e7iftin showbiz-it - blogin.al\",\"isPartOf\":{\"@id\":\"https:\\\/\\\/blogin.al\\\/#website\"},\"primaryImageOfPage\":{\"@id\":\"https:\\\/\\\/blogin.al\\\/?p=42522#primaryimage\"},\"image\":{\"@id\":\"https:\\\/\\\/blogin.al\\\/?p=42522#primaryimage\"},\"thumbnailUrl\":\"https:\\\/\\\/blogin.al\\\/wp-content\\\/uploads\\\/2022\\\/10\\\/roza.png\",\"datePublished\":\"2024-01-15T09:51:17+00:00\",\"dateModified\":\"2024-01-15T09:51:19+00:00\",\"breadcrumb\":{\"@id\":\"https:\\\/\\\/blogin.al\\\/?p=42522#breadcrumb\"},\"inLanguage\":\"en-US\",\"potentialAction\":[{\"@type\":\"ReadAction\",\"target\":[\"https:\\\/\\\/blogin.al\\\/?p=42522\"]}]},{\"@type\":\"ImageObject\",\"inLanguage\":\"en-US\",\"@id\":\"https:\\\/\\\/blogin.al\\\/?p=42522#primaryimage\",\"url\":\"https:\\\/\\\/blogin.al\\\/wp-content\\\/uploads\\\/2022\\\/10\\\/roza.png\",\"contentUrl\":\"https:\\\/\\\/blogin.al\\\/wp-content\\\/uploads\\\/2022\\\/10\\\/roza.png\",\"width\":800,\"height\":849},{\"@type\":\"BreadcrumbList\",\"@id\":\"https:\\\/\\\/blogin.al\\\/?p=42522#breadcrumb\",\"itemListElement\":[{\"@type\":\"ListItem\",\"position\":1,\"name\":\"Home\",\"item\":\"https:\\\/\\\/blogin.al\\\/\"},{\"@type\":\"ListItem\",\"position\":2,\"name\":\"\u201cKan\u00eb martes\u00eb me kontrat\u00eb\u201d, Roza flet \u2018pa dorashka\u2019 p\u00ebr \u00e7iftin showbiz-it\"}]},{\"@type\":\"WebSite\",\"@id\":\"https:\\\/\\\/blogin.al\\\/#website\",\"url\":\"https:\\\/\\\/blogin.al\\\/\",\"name\":\"blogin.al\",\"description\":\"\",\"publisher\":{\"@id\":\"https:\\\/\\\/blogin.al\\\/#organization\"},\"potentialAction\":[{\"@type\":\"SearchAction\",\"target\":{\"@type\":\"EntryPoint\",\"urlTemplate\":\"https:\\\/\\\/blogin.al\\\/?s={search_term_string}\"},\"query-input\":{\"@type\":\"PropertyValueSpecification\",\"valueRequired\":true,\"valueName\":\"search_term_string\"}}],\"inLanguage\":\"en-US\"},{\"@type\":\"Organization\",\"@id\":\"https:\\\/\\\/blogin.al\\\/#organization\",\"name\":\"BLOGIN.al\",\"url\":\"https:\\\/\\\/blogin.al\\\/\",\"logo\":{\"@type\":\"ImageObject\",\"inLanguage\":\"en-US\",\"@id\":\"https:\\\/\\\/blogin.al\\\/#\\\/schema\\\/logo\\\/image\\\/\",\"url\":\"https:\\\/\\\/blogin.al\\\/wp-content\\\/uploads\\\/2022\\\/05\\\/Untitled-2-01-e1652084456514.png\",\"contentUrl\":\"https:\\\/\\\/blogin.al\\\/wp-content\\\/uploads\\\/2022\\\/05\\\/Untitled-2-01-e1652084456514.png\",\"width\":3723,\"height\":1698,\"caption\":\"BLOGIN.al\"},\"image\":{\"@id\":\"https:\\\/\\\/blogin.al\\\/#\\\/schema\\\/logo\\\/image\\\/\"},\"sameAs\":[\"https:\\\/\\\/instagram.com\\\/blogin.al\\\/\"]},{\"@type\":\"Person\",\"@id\":\"https:\\\/\\\/blogin.al\\\/#\\\/schema\\\/person\\\/abdd56bc912cd511db877b852b115399\",\"name\":\"Blogin al\",\"image\":{\"@type\":\"ImageObject\",\"inLanguage\":\"en-US\",\"@id\":\"https:\\\/\\\/secure.gravatar.com\\\/avatar\\\/60d5661aee6e835fb13dc75d2204cd0c1d61bef2efd137c0083e59ef831e235e?s=96&d=mm&r=g\",\"url\":\"https:\\\/\\\/secure.gravatar.com\\\/avatar\\\/60d5661aee6e835fb13dc75d2204cd0c1d61bef2efd137c0083e59ef831e235e?s=96&d=mm&r=g\",\"contentUrl\":\"https:\\\/\\\/secure.gravatar.com\\\/avatar\\\/60d5661aee6e835fb13dc75d2204cd0c1d61bef2efd137c0083e59ef831e235e?s=96&d=mm&r=g\",\"caption\":\"Blogin al\"},\"sameAs\":[\"https:\\\/\\\/blogin.al\"],\"url\":\"https:\\\/\\\/blogin.al\\\/?author=2\"}]}<\/script>\n<!-- \/ Yoast SEO plugin. -->","yoast_head_json":{"title":"\u201cKan\u00eb martes\u00eb me kontrat\u00eb\u201d, Roza flet \u2018pa dorashka\u2019 p\u00ebr \u00e7iftin showbiz-it - blogin.al","robots":{"index":"index","follow":"follow","max-snippet":"max-snippet:-1","max-image-preview":"max-image-preview:large","max-video-preview":"max-video-preview:-1"},"canonical":"https:\/\/blogin.al\/?p=42522","og_locale":"en_US","og_type":"article","og_title":"\u201cKan\u00eb martes\u00eb me kontrat\u00eb\u201d, Roza flet \u2018pa dorashka\u2019 p\u00ebr \u00e7iftin showbiz-it - blogin.al","og_description":"Banor\u00ebt s\u00eb fundmi kan\u00eb nisur t\u00eb tregojn\u00eb pak m\u00eb shum\u00eb nga vetja dhe flasin p\u00ebr martesat, dashurit\u00eb dhe m\u00ebnyr\u00ebn sesi e konceptojn\u00eb ata. Roza Lati shokon me deklarat\u00ebn e saj t\u00eb papritur p\u00ebr nje \u00e7ift t\u00eb showbiz-it shqiptar q\u00eb kan\u00eb nj\u00eb martes\u00eb \u201cme kontrat\u00eb\u201d, pasi secili prej tyre ka jet\u00ebn e tyre. Roza: Njoh nj\u00eb [&hellip;]","og_url":"https:\/\/blogin.al\/?p=42522","og_site_name":"blogin.al","article_published_time":"2024-01-15T09:51:17+00:00","article_modified_time":"2024-01-15T09:51:19+00:00","og_image":[{"width":800,"height":849,"url":"https:\/\/blogin.al\/wp-content\/uploads\/2022\/10\/roza.png","type":"image\/png"}],"author":"Blogin al","twitter_card":"summary_large_image","twitter_misc":{"Written by":"Blogin al","Est. reading time":"1 minute"},"schema":{"@context":"https:\/\/schema.org","@graph":[{"@type":"Article","@id":"https:\/\/blogin.al\/?p=42522#article","isPartOf":{"@id":"https:\/\/blogin.al\/?p=42522"},"author":{"name":"Blogin al","@id":"https:\/\/blogin.al\/#\/schema\/person\/abdd56bc912cd511db877b852b115399"},"headline":"\u201cKan\u00eb martes\u00eb me kontrat\u00eb\u201d, Roza flet \u2018pa dorashka\u2019 p\u00ebr \u00e7iftin showbiz-it","datePublished":"2024-01-15T09:51:17+00:00","dateModified":"2024-01-15T09:51:19+00:00","mainEntityOfPage":{"@id":"https:\/\/blogin.al\/?p=42522"},"wordCount":192,"commentCount":0,"publisher":{"@id":"https:\/\/blogin.al\/#organization"},"image":{"@id":"https:\/\/blogin.al\/?p=42522#primaryimage"},"thumbnailUrl":"https:\/\/blogin.al\/wp-content\/uploads\/2022\/10\/roza.png","articleSection":["SHOWBIZ"],"inLanguage":"en-US","potentialAction":[{"@type":"CommentAction","name":"Comment","target":["https:\/\/blogin.al\/?p=42522#respond"]}]},{"@type":"WebPage","@id":"https:\/\/blogin.al\/?p=42522","url":"https:\/\/blogin.al\/?p=42522","name":"\u201cKan\u00eb martes\u00eb me kontrat\u00eb\u201d, Roza flet \u2018pa dorashka\u2019 p\u00ebr \u00e7iftin showbiz-it - blogin.al","isPartOf":{"@id":"https:\/\/blogin.al\/#website"},"primaryImageOfPage":{"@id":"https:\/\/blogin.al\/?p=42522#primaryimage"},"image":{"@id":"https:\/\/blogin.al\/?p=42522#primaryimage"},"thumbnailUrl":"https:\/\/blogin.al\/wp-content\/uploads\/2022\/10\/roza.png","datePublished":"2024-01-15T09:51:17+00:00","dateModified":"2024-01-15T09:51:19+00:00","breadcrumb":{"@id":"https:\/\/blogin.al\/?p=42522#breadcrumb"},"inLanguage":"en-US","potentialAction":[{"@type":"ReadAction","target":["https:\/\/blogin.al\/?p=42522"]}]},{"@type":"ImageObject","inLanguage":"en-US","@id":"https:\/\/blogin.al\/?p=42522#primaryimage","url":"https:\/\/blogin.al\/wp-content\/uploads\/2022\/10\/roza.png","contentUrl":"https:\/\/blogin.al\/wp-content\/uploads\/2022\/10\/roza.png","width":800,"height":849},{"@type":"BreadcrumbList","@id":"https:\/\/blogin.al\/?p=42522#breadcrumb","itemListElement":[{"@type":"ListItem","position":1,"name":"Home","item":"https:\/\/blogin.al\/"},{"@type":"ListItem","position":2,"name":"\u201cKan\u00eb martes\u00eb me kontrat\u00eb\u201d, Roza flet \u2018pa dorashka\u2019 p\u00ebr \u00e7iftin showbiz-it"}]},{"@type":"WebSite","@id":"https:\/\/blogin.al\/#website","url":"https:\/\/blogin.al\/","name":"blogin.al","description":"","publisher":{"@id":"https:\/\/blogin.al\/#organization"},"potentialAction":[{"@type":"SearchAction","target":{"@type":"EntryPoint","urlTemplate":"https:\/\/blogin.al\/?s={search_term_string}"},"query-input":{"@type":"PropertyValueSpecification","valueRequired":true,"valueName":"search_term_string"}}],"inLanguage":"en-US"},{"@type":"Organization","@id":"https:\/\/blogin.al\/#organization","name":"BLOGIN.al","url":"https:\/\/blogin.al\/","logo":{"@type":"ImageObject","inLanguage":"en-US","@id":"https:\/\/blogin.al\/#\/schema\/logo\/image\/","url":"https:\/\/blogin.al\/wp-content\/uploads\/2022\/05\/Untitled-2-01-e1652084456514.png","contentUrl":"https:\/\/blogin.al\/wp-content\/uploads\/2022\/05\/Untitled-2-01-e1652084456514.png","width":3723,"height":1698,"caption":"BLOGIN.al"},"image":{"@id":"https:\/\/blogin.al\/#\/schema\/logo\/image\/"},"sameAs":["https:\/\/instagram.com\/blogin.al\/"]},{"@type":"Person","@id":"https:\/\/blogin.al\/#\/schema\/person\/abdd56bc912cd511db877b852b115399","name":"Blogin al","image":{"@type":"ImageObject","inLanguage":"en-US","@id":"https:\/\/secure.gravatar.com\/avatar\/60d5661aee6e835fb13dc75d2204cd0c1d61bef2efd137c0083e59ef831e235e?s=96&d=mm&r=g","url":"https:\/\/secure.gravatar.com\/avatar\/60d5661aee6e835fb13dc75d2204cd0c1d61bef2efd137c0083e59ef831e235e?s=96&d=mm&r=g","contentUrl":"https:\/\/secure.gravatar.com\/avatar\/60d5661aee6e835fb13dc75d2204cd0c1d61bef2efd137c0083e59ef831e235e?s=96&d=mm&r=g","caption":"Blogin al"},"sameAs":["https:\/\/blogin.al"],"url":"https:\/\/blogin.al\/?author=2"}]}},"_links":{"self":[{"href":"https:\/\/blogin.al\/index.php?rest_route=\/wp\/v2\/posts\/42522","targetHints":{"allow":["GET"]}}],"collection":[{"href":"https:\/\/blogin.al\/index.php?rest_route=\/wp\/v2\/posts"}],"about":[{"href":"https:\/\/blogin.al\/index.php?rest_route=\/wp\/v2\/types\/post"}],"author":[{"embeddable":true,"href":"https:\/\/blogin.al\/index.php?rest_route=\/wp\/v2\/users\/2"}],"replies":[{"embeddable":true,"href":"https:\/\/blogin.al\/index.php?rest_route=%2Fwp%2Fv2%2Fcomments&post=42522"}],"version-history":[{"count":1,"href":"https:\/\/blogin.al\/index.php?rest_route=\/wp\/v2\/posts\/42522\/revisions"}],"predecessor-version":[{"id":42523,"href":"https:\/\/blogin.al\/index.php?rest_route=\/wp\/v2\/posts\/42522\/revisions\/42523"}],"wp:featuredmedia":[{"embeddable":true,"href":"https:\/\/blogin.al\/index.php?rest_route=\/wp\/v2\/media\/16352"}],"wp:attachment":[{"href":"https:\/\/blogin.al\/index.php?rest_route=%2Fwp%2Fv2%2Fmedia&parent=42522"}],"wp:term":[{"taxonomy":"category","embeddable":true,"href":"https:\/\/blogin.al\/index.php?rest_route=%2Fwp%2Fv2%2Fcategories&post=42522"},{"taxonomy":"post_tag","embeddable":true,"href":"https:\/\/blogin.al\/index.php?rest_route=%2Fwp%2Fv2%2Ftags&post=42522"}],"curies":[{"name":"wp","href":"https:\/\/api.w.org\/{rel}","templated":true}]}}