{"id":42529,"date":"2024-01-15T10:02:32","date_gmt":"2024-01-15T10:02:32","guid":{"rendered":"https:\/\/blogin.al\/?p=42529"},"modified":"2024-01-15T10:02:35","modified_gmt":"2024-01-15T10:02:35","slug":"e-kercenuan-me-jete-pasi-mbeshteti-publikisht-dashurine-e-kiares-me-luizin-rrefehet-niko-komani","status":"publish","type":"post","link":"https:\/\/blogin.al\/?p=42529","title":{"rendered":"E k\u00ebrc\u00ebnuan me jet\u00eb pasi mb\u00ebshteti publikisht dashurin\u00eb e Kiar\u00ebs me Luizin, rr\u00ebfehet Niko Komani"},"content":{"rendered":"\n<p>Luiz Ejlli dhe Kiara Tito jan\u00eb nj\u00eb nd\u00ebr \u00e7iftet m\u00eb t\u00eb dashura nga showbizi shqiptar q\u00eb u dashuruan dhe u martuan n\u00eb \u201cBig Brother VIP 2\u201d.<\/p>\n\n\n\n<p>T\u00eb shumt\u00eb ishin njer\u00ebzit q\u00eb e mb\u00ebshtet\u00ebn lidhjen e tyre t\u00eb dashuris\u00eb, megjith\u00ebse nuk munguan as ata t\u00eb cil\u00ebt nuk besonin n\u00eb ndjenjat e dyshes.<\/p>\n\n\n\n<p>Nj\u00eb nd\u00ebr mb\u00ebshtet\u00ebsit m\u00eb t\u00eb m\u00ebdhenj, ishte edhe stilisti shqiptar Niko Komani i cili s\u00eb fundmi teksa ka qen\u00eb i ftuar n\u00eb emisionin \u201cE Diell\u201d, n\u00eb rubrik\u00ebn \u201cTrotuar\u201d, ku ka zbuluar se koh\u00eb m\u00eb par\u00eb ka marr\u00eb shum\u00eb k\u00ebrc\u00ebnime me jet\u00eb pasi mb\u00ebshteste \u00e7iftin.<\/p>\n\n\n\n<p>Ai tregoi se njer\u00ebzit i vinin n\u00eb sht\u00ebpin e tij dhe e k\u00ebrc\u00ebnonin por nuk mungonin as ato n\u00eb telefon.<\/p>\n\n\n\n<p>I zhg\u00ebnjyer Komani u shpreh se ndon\u00ebse ka 12 vite karrier\u00eb \u00ebsht\u00eb turp q\u00eb u b\u00eb i njohur fal\u00eb komenteve q\u00eb ai b\u00ebnte p\u00ebr \u201cBig Brother\u201d vitin e kaluar.<\/p>\n\n\n\n<p><em>Pjes\u00eb nga biseda<\/em><\/p>\n\n\n\n<p><strong>Niko Komani<\/strong>: N\u00eb \u201cBig Brother\u201d vjet un\u00eb mbaja an\u00ebn e Kiar\u00ebs dhe Luizit, kishte pafund njer\u00ebz q\u00eb dinin ku jetoja, kishin fotografuar ballkonin tim, sht\u00ebpin\u00eb time, haja k\u00ebrc\u00ebnime, m\u00eb merrnin n\u00ebp\u00ebr telefon. At\u00ebher\u00eb nuk isha n\u00eb dijeni n\u00eb \u201cTikTok\u201d, cil\u00ebt personazhe merreshin me \u201cBig Brother\u201d, pra rash\u00eb n\u00eb kurth jo, por pata disa debate me disa persona q\u00eb ju dukej absurde q\u00eb nj\u00eb stilist merrej me \u201cBig Brother\u201d, pra bullizohet, bullizohet, por mendoj q\u00eb nuk e ka fajin aplikacioni sesa e ke fajin ti q\u00eb merresh apo se sa i fort\u00eb je ti q\u00eb merresh me at\u00eb aplikacion. Mua nuk m\u00eb ka ndikuar kjo gj\u00eb.<\/p>\n\n\n\n<p><strong>Ed Manushi:<\/strong>&nbsp;Pse mund t\u00eb bullizohet nj\u00eb si Niko?<\/p>\n\n\n\n<p><strong>Niko Komani:<\/strong>&nbsp;Un\u00eb kam 12 vite karrier\u00eb n\u00eb kurrizin tim dhe p\u00ebr disa u njoha gjat\u00eb Big Brother dhe \u00ebsht\u00eb turp, por\u2026<\/p>\n","protected":false},"excerpt":{"rendered":"<p>Luiz Ejlli dhe Kiara Tito jan\u00eb nj\u00eb nd\u00ebr \u00e7iftet m\u00eb t\u00eb dashura nga showbizi shqiptar q\u00eb u dashuruan dhe u martuan n\u00eb \u201cBig Brother VIP 2\u201d. T\u00eb shumt\u00eb ishin njer\u00ebzit q\u00eb e mb\u00ebshtet\u00ebn lidhjen e tyre t\u00eb dashuris\u00eb, megjith\u00ebse nuk munguan as ata t\u00eb cil\u00ebt nuk besonin n\u00eb ndjenjat e dyshes. Nj\u00eb nd\u00ebr mb\u00ebshtet\u00ebsit m\u00eb [&hellip;]<\/p>\n","protected":false},"author":2,"featured_media":26804,"comment_status":"open","ping_status":"open","sticky":false,"template":"","format":"standard","meta":{"footnotes":""},"categories":[33],"tags":[],"class_list":{"0":"post-42529","1":"post","2":"type-post","3":"status-publish","4":"format-standard","5":"has-post-thumbnail","7":"category-showbiz"},"yoast_head":"<!-- This site is optimized with the Yoast SEO plugin v27.4 - https:\/\/yoast.com\/product\/yoast-seo-wordpress\/ -->\n<title>E k\u00ebrc\u00ebnuan me jet\u00eb pasi mb\u00ebshteti publikisht dashurin\u00eb e Kiar\u00ebs me Luizin, rr\u00ebfehet Niko Komani - blogin.al<\/title>\n<meta name=\"robots\" content=\"index, follow, max-snippet:-1, max-image-preview:large, max-video-preview:-1\" \/>\n<link rel=\"canonical\" href=\"https:\/\/blogin.al\/?p=42529\" \/>\n<meta property=\"og:locale\" content=\"en_US\" \/>\n<meta property=\"og:type\" content=\"article\" \/>\n<meta property=\"og:title\" content=\"E k\u00ebrc\u00ebnuan me jet\u00eb pasi mb\u00ebshteti publikisht dashurin\u00eb e Kiar\u00ebs me Luizin, rr\u00ebfehet Niko Komani - blogin.al\" \/>\n<meta property=\"og:description\" content=\"Luiz Ejlli dhe Kiara Tito jan\u00eb nj\u00eb nd\u00ebr \u00e7iftet m\u00eb t\u00eb dashura nga showbizi shqiptar q\u00eb u dashuruan dhe u martuan n\u00eb \u201cBig Brother VIP 2\u201d. T\u00eb shumt\u00eb ishin njer\u00ebzit q\u00eb e mb\u00ebshtet\u00ebn lidhjen e tyre t\u00eb dashuris\u00eb, megjith\u00ebse nuk munguan as ata t\u00eb cil\u00ebt nuk besonin n\u00eb ndjenjat e dyshes. Nj\u00eb nd\u00ebr mb\u00ebshtet\u00ebsit m\u00eb [&hellip;]\" \/>\n<meta property=\"og:url\" content=\"https:\/\/blogin.al\/?p=42529\" \/>\n<meta property=\"og:site_name\" content=\"blogin.al\" \/>\n<meta property=\"article:published_time\" content=\"2024-01-15T10:02:32+00:00\" \/>\n<meta property=\"article:modified_time\" content=\"2024-01-15T10:02:35+00:00\" \/>\n<meta property=\"og:image\" content=\"https:\/\/blogin.al\/wp-content\/uploads\/2023\/03\/20230308_111619.jpg\" \/>\n\t<meta property=\"og:image:width\" content=\"1224\" \/>\n\t<meta property=\"og:image:height\" content=\"937\" \/>\n\t<meta property=\"og:image:type\" content=\"image\/jpeg\" \/>\n<meta name=\"author\" content=\"Blogin al\" \/>\n<meta name=\"twitter:card\" content=\"summary_large_image\" \/>\n<meta name=\"twitter:label1\" content=\"Written by\" \/>\n\t<meta name=\"twitter:data1\" content=\"Blogin al\" \/>\n\t<meta name=\"twitter:label2\" content=\"Est. reading time\" \/>\n\t<meta name=\"twitter:data2\" content=\"2 minutes\" \/>\n<script type=\"application\/ld+json\" class=\"yoast-schema-graph\">{\"@context\":\"https:\\\/\\\/schema.org\",\"@graph\":[{\"@type\":\"Article\",\"@id\":\"https:\\\/\\\/blogin.al\\\/?p=42529#article\",\"isPartOf\":{\"@id\":\"https:\\\/\\\/blogin.al\\\/?p=42529\"},\"author\":{\"name\":\"Blogin al\",\"@id\":\"https:\\\/\\\/blogin.al\\\/#\\\/schema\\\/person\\\/abdd56bc912cd511db877b852b115399\"},\"headline\":\"E k\u00ebrc\u00ebnuan me jet\u00eb pasi mb\u00ebshteti publikisht dashurin\u00eb e Kiar\u00ebs me Luizin, rr\u00ebfehet Niko Komani\",\"datePublished\":\"2024-01-15T10:02:32+00:00\",\"dateModified\":\"2024-01-15T10:02:35+00:00\",\"mainEntityOfPage\":{\"@id\":\"https:\\\/\\\/blogin.al\\\/?p=42529\"},\"wordCount\":335,\"commentCount\":0,\"publisher\":{\"@id\":\"https:\\\/\\\/blogin.al\\\/#organization\"},\"image\":{\"@id\":\"https:\\\/\\\/blogin.al\\\/?p=42529#primaryimage\"},\"thumbnailUrl\":\"https:\\\/\\\/blogin.al\\\/wp-content\\\/uploads\\\/2023\\\/03\\\/20230308_111619.jpg\",\"articleSection\":[\"SHOWBIZ\"],\"inLanguage\":\"en-US\",\"potentialAction\":[{\"@type\":\"CommentAction\",\"name\":\"Comment\",\"target\":[\"https:\\\/\\\/blogin.al\\\/?p=42529#respond\"]}]},{\"@type\":\"WebPage\",\"@id\":\"https:\\\/\\\/blogin.al\\\/?p=42529\",\"url\":\"https:\\\/\\\/blogin.al\\\/?p=42529\",\"name\":\"E k\u00ebrc\u00ebnuan me jet\u00eb pasi mb\u00ebshteti publikisht dashurin\u00eb e Kiar\u00ebs me Luizin, rr\u00ebfehet Niko Komani - blogin.al\",\"isPartOf\":{\"@id\":\"https:\\\/\\\/blogin.al\\\/#website\"},\"primaryImageOfPage\":{\"@id\":\"https:\\\/\\\/blogin.al\\\/?p=42529#primaryimage\"},\"image\":{\"@id\":\"https:\\\/\\\/blogin.al\\\/?p=42529#primaryimage\"},\"thumbnailUrl\":\"https:\\\/\\\/blogin.al\\\/wp-content\\\/uploads\\\/2023\\\/03\\\/20230308_111619.jpg\",\"datePublished\":\"2024-01-15T10:02:32+00:00\",\"dateModified\":\"2024-01-15T10:02:35+00:00\",\"breadcrumb\":{\"@id\":\"https:\\\/\\\/blogin.al\\\/?p=42529#breadcrumb\"},\"inLanguage\":\"en-US\",\"potentialAction\":[{\"@type\":\"ReadAction\",\"target\":[\"https:\\\/\\\/blogin.al\\\/?p=42529\"]}]},{\"@type\":\"ImageObject\",\"inLanguage\":\"en-US\",\"@id\":\"https:\\\/\\\/blogin.al\\\/?p=42529#primaryimage\",\"url\":\"https:\\\/\\\/blogin.al\\\/wp-content\\\/uploads\\\/2023\\\/03\\\/20230308_111619.jpg\",\"contentUrl\":\"https:\\\/\\\/blogin.al\\\/wp-content\\\/uploads\\\/2023\\\/03\\\/20230308_111619.jpg\",\"width\":1224,\"height\":937},{\"@type\":\"BreadcrumbList\",\"@id\":\"https:\\\/\\\/blogin.al\\\/?p=42529#breadcrumb\",\"itemListElement\":[{\"@type\":\"ListItem\",\"position\":1,\"name\":\"Home\",\"item\":\"https:\\\/\\\/blogin.al\\\/\"},{\"@type\":\"ListItem\",\"position\":2,\"name\":\"E k\u00ebrc\u00ebnuan me jet\u00eb pasi mb\u00ebshteti publikisht dashurin\u00eb e Kiar\u00ebs me Luizin, rr\u00ebfehet Niko Komani\"}]},{\"@type\":\"WebSite\",\"@id\":\"https:\\\/\\\/blogin.al\\\/#website\",\"url\":\"https:\\\/\\\/blogin.al\\\/\",\"name\":\"blogin.al\",\"description\":\"\",\"publisher\":{\"@id\":\"https:\\\/\\\/blogin.al\\\/#organization\"},\"potentialAction\":[{\"@type\":\"SearchAction\",\"target\":{\"@type\":\"EntryPoint\",\"urlTemplate\":\"https:\\\/\\\/blogin.al\\\/?s={search_term_string}\"},\"query-input\":{\"@type\":\"PropertyValueSpecification\",\"valueRequired\":true,\"valueName\":\"search_term_string\"}}],\"inLanguage\":\"en-US\"},{\"@type\":\"Organization\",\"@id\":\"https:\\\/\\\/blogin.al\\\/#organization\",\"name\":\"BLOGIN.al\",\"url\":\"https:\\\/\\\/blogin.al\\\/\",\"logo\":{\"@type\":\"ImageObject\",\"inLanguage\":\"en-US\",\"@id\":\"https:\\\/\\\/blogin.al\\\/#\\\/schema\\\/logo\\\/image\\\/\",\"url\":\"https:\\\/\\\/blogin.al\\\/wp-content\\\/uploads\\\/2022\\\/05\\\/Untitled-2-01-e1652084456514.png\",\"contentUrl\":\"https:\\\/\\\/blogin.al\\\/wp-content\\\/uploads\\\/2022\\\/05\\\/Untitled-2-01-e1652084456514.png\",\"width\":3723,\"height\":1698,\"caption\":\"BLOGIN.al\"},\"image\":{\"@id\":\"https:\\\/\\\/blogin.al\\\/#\\\/schema\\\/logo\\\/image\\\/\"},\"sameAs\":[\"https:\\\/\\\/instagram.com\\\/blogin.al\\\/\"]},{\"@type\":\"Person\",\"@id\":\"https:\\\/\\\/blogin.al\\\/#\\\/schema\\\/person\\\/abdd56bc912cd511db877b852b115399\",\"name\":\"Blogin al\",\"image\":{\"@type\":\"ImageObject\",\"inLanguage\":\"en-US\",\"@id\":\"https:\\\/\\\/secure.gravatar.com\\\/avatar\\\/60d5661aee6e835fb13dc75d2204cd0c1d61bef2efd137c0083e59ef831e235e?s=96&d=mm&r=g\",\"url\":\"https:\\\/\\\/secure.gravatar.com\\\/avatar\\\/60d5661aee6e835fb13dc75d2204cd0c1d61bef2efd137c0083e59ef831e235e?s=96&d=mm&r=g\",\"contentUrl\":\"https:\\\/\\\/secure.gravatar.com\\\/avatar\\\/60d5661aee6e835fb13dc75d2204cd0c1d61bef2efd137c0083e59ef831e235e?s=96&d=mm&r=g\",\"caption\":\"Blogin al\"},\"sameAs\":[\"https:\\\/\\\/blogin.al\"],\"url\":\"https:\\\/\\\/blogin.al\\\/?author=2\"}]}<\/script>\n<!-- \/ Yoast SEO plugin. -->","yoast_head_json":{"title":"E k\u00ebrc\u00ebnuan me jet\u00eb pasi mb\u00ebshteti publikisht dashurin\u00eb e Kiar\u00ebs me Luizin, rr\u00ebfehet Niko Komani - blogin.al","robots":{"index":"index","follow":"follow","max-snippet":"max-snippet:-1","max-image-preview":"max-image-preview:large","max-video-preview":"max-video-preview:-1"},"canonical":"https:\/\/blogin.al\/?p=42529","og_locale":"en_US","og_type":"article","og_title":"E k\u00ebrc\u00ebnuan me jet\u00eb pasi mb\u00ebshteti publikisht dashurin\u00eb e Kiar\u00ebs me Luizin, rr\u00ebfehet Niko Komani - blogin.al","og_description":"Luiz Ejlli dhe Kiara Tito jan\u00eb nj\u00eb nd\u00ebr \u00e7iftet m\u00eb t\u00eb dashura nga showbizi shqiptar q\u00eb u dashuruan dhe u martuan n\u00eb \u201cBig Brother VIP 2\u201d. T\u00eb shumt\u00eb ishin njer\u00ebzit q\u00eb e mb\u00ebshtet\u00ebn lidhjen e tyre t\u00eb dashuris\u00eb, megjith\u00ebse nuk munguan as ata t\u00eb cil\u00ebt nuk besonin n\u00eb ndjenjat e dyshes. Nj\u00eb nd\u00ebr mb\u00ebshtet\u00ebsit m\u00eb [&hellip;]","og_url":"https:\/\/blogin.al\/?p=42529","og_site_name":"blogin.al","article_published_time":"2024-01-15T10:02:32+00:00","article_modified_time":"2024-01-15T10:02:35+00:00","og_image":[{"width":1224,"height":937,"url":"https:\/\/blogin.al\/wp-content\/uploads\/2023\/03\/20230308_111619.jpg","type":"image\/jpeg"}],"author":"Blogin al","twitter_card":"summary_large_image","twitter_misc":{"Written by":"Blogin al","Est. reading time":"2 minutes"},"schema":{"@context":"https:\/\/schema.org","@graph":[{"@type":"Article","@id":"https:\/\/blogin.al\/?p=42529#article","isPartOf":{"@id":"https:\/\/blogin.al\/?p=42529"},"author":{"name":"Blogin al","@id":"https:\/\/blogin.al\/#\/schema\/person\/abdd56bc912cd511db877b852b115399"},"headline":"E k\u00ebrc\u00ebnuan me jet\u00eb pasi mb\u00ebshteti publikisht dashurin\u00eb e Kiar\u00ebs me Luizin, rr\u00ebfehet Niko Komani","datePublished":"2024-01-15T10:02:32+00:00","dateModified":"2024-01-15T10:02:35+00:00","mainEntityOfPage":{"@id":"https:\/\/blogin.al\/?p=42529"},"wordCount":335,"commentCount":0,"publisher":{"@id":"https:\/\/blogin.al\/#organization"},"image":{"@id":"https:\/\/blogin.al\/?p=42529#primaryimage"},"thumbnailUrl":"https:\/\/blogin.al\/wp-content\/uploads\/2023\/03\/20230308_111619.jpg","articleSection":["SHOWBIZ"],"inLanguage":"en-US","potentialAction":[{"@type":"CommentAction","name":"Comment","target":["https:\/\/blogin.al\/?p=42529#respond"]}]},{"@type":"WebPage","@id":"https:\/\/blogin.al\/?p=42529","url":"https:\/\/blogin.al\/?p=42529","name":"E k\u00ebrc\u00ebnuan me jet\u00eb pasi mb\u00ebshteti publikisht dashurin\u00eb e Kiar\u00ebs me Luizin, rr\u00ebfehet Niko Komani - blogin.al","isPartOf":{"@id":"https:\/\/blogin.al\/#website"},"primaryImageOfPage":{"@id":"https:\/\/blogin.al\/?p=42529#primaryimage"},"image":{"@id":"https:\/\/blogin.al\/?p=42529#primaryimage"},"thumbnailUrl":"https:\/\/blogin.al\/wp-content\/uploads\/2023\/03\/20230308_111619.jpg","datePublished":"2024-01-15T10:02:32+00:00","dateModified":"2024-01-15T10:02:35+00:00","breadcrumb":{"@id":"https:\/\/blogin.al\/?p=42529#breadcrumb"},"inLanguage":"en-US","potentialAction":[{"@type":"ReadAction","target":["https:\/\/blogin.al\/?p=42529"]}]},{"@type":"ImageObject","inLanguage":"en-US","@id":"https:\/\/blogin.al\/?p=42529#primaryimage","url":"https:\/\/blogin.al\/wp-content\/uploads\/2023\/03\/20230308_111619.jpg","contentUrl":"https:\/\/blogin.al\/wp-content\/uploads\/2023\/03\/20230308_111619.jpg","width":1224,"height":937},{"@type":"BreadcrumbList","@id":"https:\/\/blogin.al\/?p=42529#breadcrumb","itemListElement":[{"@type":"ListItem","position":1,"name":"Home","item":"https:\/\/blogin.al\/"},{"@type":"ListItem","position":2,"name":"E k\u00ebrc\u00ebnuan me jet\u00eb pasi mb\u00ebshteti publikisht dashurin\u00eb e Kiar\u00ebs me Luizin, rr\u00ebfehet Niko Komani"}]},{"@type":"WebSite","@id":"https:\/\/blogin.al\/#website","url":"https:\/\/blogin.al\/","name":"blogin.al","description":"","publisher":{"@id":"https:\/\/blogin.al\/#organization"},"potentialAction":[{"@type":"SearchAction","target":{"@type":"EntryPoint","urlTemplate":"https:\/\/blogin.al\/?s={search_term_string}"},"query-input":{"@type":"PropertyValueSpecification","valueRequired":true,"valueName":"search_term_string"}}],"inLanguage":"en-US"},{"@type":"Organization","@id":"https:\/\/blogin.al\/#organization","name":"BLOGIN.al","url":"https:\/\/blogin.al\/","logo":{"@type":"ImageObject","inLanguage":"en-US","@id":"https:\/\/blogin.al\/#\/schema\/logo\/image\/","url":"https:\/\/blogin.al\/wp-content\/uploads\/2022\/05\/Untitled-2-01-e1652084456514.png","contentUrl":"https:\/\/blogin.al\/wp-content\/uploads\/2022\/05\/Untitled-2-01-e1652084456514.png","width":3723,"height":1698,"caption":"BLOGIN.al"},"image":{"@id":"https:\/\/blogin.al\/#\/schema\/logo\/image\/"},"sameAs":["https:\/\/instagram.com\/blogin.al\/"]},{"@type":"Person","@id":"https:\/\/blogin.al\/#\/schema\/person\/abdd56bc912cd511db877b852b115399","name":"Blogin al","image":{"@type":"ImageObject","inLanguage":"en-US","@id":"https:\/\/secure.gravatar.com\/avatar\/60d5661aee6e835fb13dc75d2204cd0c1d61bef2efd137c0083e59ef831e235e?s=96&d=mm&r=g","url":"https:\/\/secure.gravatar.com\/avatar\/60d5661aee6e835fb13dc75d2204cd0c1d61bef2efd137c0083e59ef831e235e?s=96&d=mm&r=g","contentUrl":"https:\/\/secure.gravatar.com\/avatar\/60d5661aee6e835fb13dc75d2204cd0c1d61bef2efd137c0083e59ef831e235e?s=96&d=mm&r=g","caption":"Blogin al"},"sameAs":["https:\/\/blogin.al"],"url":"https:\/\/blogin.al\/?author=2"}]}},"_links":{"self":[{"href":"https:\/\/blogin.al\/index.php?rest_route=\/wp\/v2\/posts\/42529","targetHints":{"allow":["GET"]}}],"collection":[{"href":"https:\/\/blogin.al\/index.php?rest_route=\/wp\/v2\/posts"}],"about":[{"href":"https:\/\/blogin.al\/index.php?rest_route=\/wp\/v2\/types\/post"}],"author":[{"embeddable":true,"href":"https:\/\/blogin.al\/index.php?rest_route=\/wp\/v2\/users\/2"}],"replies":[{"embeddable":true,"href":"https:\/\/blogin.al\/index.php?rest_route=%2Fwp%2Fv2%2Fcomments&post=42529"}],"version-history":[{"count":1,"href":"https:\/\/blogin.al\/index.php?rest_route=\/wp\/v2\/posts\/42529\/revisions"}],"predecessor-version":[{"id":42530,"href":"https:\/\/blogin.al\/index.php?rest_route=\/wp\/v2\/posts\/42529\/revisions\/42530"}],"wp:featuredmedia":[{"embeddable":true,"href":"https:\/\/blogin.al\/index.php?rest_route=\/wp\/v2\/media\/26804"}],"wp:attachment":[{"href":"https:\/\/blogin.al\/index.php?rest_route=%2Fwp%2Fv2%2Fmedia&parent=42529"}],"wp:term":[{"taxonomy":"category","embeddable":true,"href":"https:\/\/blogin.al\/index.php?rest_route=%2Fwp%2Fv2%2Fcategories&post=42529"},{"taxonomy":"post_tag","embeddable":true,"href":"https:\/\/blogin.al\/index.php?rest_route=%2Fwp%2Fv2%2Ftags&post=42529"}],"curies":[{"name":"wp","href":"https:\/\/api.w.org\/{rel}","templated":true}]}}