{"id":42551,"date":"2024-01-15T13:01:27","date_gmt":"2024-01-15T13:01:27","guid":{"rendered":"https:\/\/blogin.al\/?p=42551"},"modified":"2024-01-15T13:01:30","modified_gmt":"2024-01-15T13:01:30","slug":"do-braktis-cdo-gje-dhe-tia-nis-nga-e-para-bashkeshortja-e-shpat-kasapit-merr-vendimin-te-largohet-nga-vendi-cfare-ndodhi-ne-familjen-e-ciftit","status":"publish","type":"post","link":"https:\/\/blogin.al\/?p=42551","title":{"rendered":"\u201cDo braktis \u00e7do gj\u00eb dhe t\u2019ia nis nga e para\u201d- Bashk\u00ebshortja e Shpat Kasapit merr vendimin t\u00eb largohet nga vendi. \u00c7far\u00eb ndodhi n\u00eb familjen e \u00e7iftit?"},"content":{"rendered":"\n<p>Mesa duket ky vit nuk ka qen\u00eb aspak i leht\u00eb p\u00ebr bashk\u00ebshorten e k\u00ebng\u00ebtarit t\u00eb njohur shqiptar, Shpat Kasapi, Selvija.<\/p>\n\n\n\n<p>N\u00eb or\u00ebt e para t\u00eb m\u00ebngjesit t\u00eb sot\u00ebm, ajo ka b\u00ebr\u00eb nj\u00eb status n\u00eb Instagram duke treguar se po largohet p\u00ebr t\u00eb jetuar n\u00eb nj\u00eb tjet\u00ebr vend n\u00eb m\u00ebnyr\u00eb q\u00eb t\u00eb filloj\u00eb \u00e7do gj\u00eb nga e para.<\/p>\n\n\n\n<p><em>\u201c1 fillim i ri po na pret n\u00eb nj\u00eb vend tjet\u00ebr. Dua gjith\u00e7ka t\u00eb filloj\u00eb nga e para sa i p\u00ebrket kujdesit ndaj vetes dhe mir\u00ebqenies time. Ky vit do jet\u00eb viti q\u00eb un\u00eb do njihem p\u00ebrs\u00ebri me Selv\u00ebn, ajo q\u00eb qesh vet\u00ebm qesh, vet\u00ebm fal dashuri, qet\u00ebsi dhe ka nj\u00eb jet\u00eb dinamike, ushqim ekstrem t\u00eb sh\u00ebndetsh\u00ebm, disiplin\u00eb, fitness dhe namaz, sidomos namaz dhe afrimi tek Allahu xh.sh. Un\u00eb kam vendosur t\u00eb braktis \u00e7do gj\u00eb q\u00eb \u00ebsht\u00eb toksike p\u00ebr mua, prandaj uroj shum\u00eb q\u00eb ky fillim t\u00eb jet\u00eb i mbar\u00eb p\u00ebr mua, Shpatin dhe Roelin. Dua t\u00eb m\u00eb keni n\u00eb lutjet e juaja.\u201d-<\/em>\u00a0ka shkruar Selvija krahas fotos s\u00eb valixhes t\u00eb mbushur me rroba.<\/p>\n\n\n\n<figure class=\"wp-block-image size-full is-style-default\"><img fetchpriority=\"high\" decoding=\"async\" width=\"481\" height=\"831\" src=\"https:\/\/blogin.al\/wp-content\/uploads\/2024\/01\/image-79.png\" alt=\"\" class=\"wp-image-42552\" srcset=\"https:\/\/blogin.al\/wp-content\/uploads\/2024\/01\/image-79.png 481w, https:\/\/blogin.al\/wp-content\/uploads\/2024\/01\/image-79-174x300.png 174w, https:\/\/blogin.al\/wp-content\/uploads\/2024\/01\/image-79-150x259.png 150w, https:\/\/blogin.al\/wp-content\/uploads\/2024\/01\/image-79-300x518.png 300w\" sizes=\"(max-width: 481px) 100vw, 481px\" \/><\/figure>\n\n\n\n<p>Megjith\u00ebse nuk dihet se \u00e7far\u00eb mund t\u00eb ket\u00eb ndodhur n\u00eb famijen Kasapi q\u00eb bashk\u00ebshortja e Shpatit t\u00eb ket\u00eb marr\u00eb nj\u00eb vendim t\u00eb till\u00eb.<\/p>\n","protected":false},"excerpt":{"rendered":"<p>Mesa duket ky vit nuk ka qen\u00eb aspak i leht\u00eb p\u00ebr bashk\u00ebshorten e k\u00ebng\u00ebtarit t\u00eb njohur shqiptar, Shpat Kasapi, Selvija. N\u00eb or\u00ebt e para t\u00eb m\u00ebngjesit t\u00eb sot\u00ebm, ajo ka b\u00ebr\u00eb nj\u00eb status n\u00eb Instagram duke treguar se po largohet p\u00ebr t\u00eb jetuar n\u00eb nj\u00eb tjet\u00ebr vend n\u00eb m\u00ebnyr\u00eb q\u00eb t\u00eb filloj\u00eb \u00e7do gj\u00eb nga [&hellip;]<\/p>\n","protected":false},"author":2,"featured_media":16276,"comment_status":"open","ping_status":"open","sticky":false,"template":"","format":"standard","meta":{"footnotes":""},"categories":[33],"tags":[],"class_list":{"0":"post-42551","1":"post","2":"type-post","3":"status-publish","4":"format-standard","5":"has-post-thumbnail","7":"category-showbiz"},"yoast_head":"<!-- This site is optimized with the Yoast SEO plugin v27.4 - https:\/\/yoast.com\/product\/yoast-seo-wordpress\/ -->\n<title>\u201cDo braktis \u00e7do gj\u00eb dhe t\u2019ia nis nga e para\u201d- Bashk\u00ebshortja e Shpat Kasapit merr vendimin t\u00eb largohet nga vendi. \u00c7far\u00eb ndodhi n\u00eb familjen e \u00e7iftit? - blogin.al<\/title>\n<meta name=\"robots\" content=\"index, follow, max-snippet:-1, max-image-preview:large, max-video-preview:-1\" \/>\n<link rel=\"canonical\" href=\"https:\/\/blogin.al\/?p=42551\" \/>\n<meta property=\"og:locale\" content=\"en_US\" \/>\n<meta property=\"og:type\" content=\"article\" \/>\n<meta property=\"og:title\" content=\"\u201cDo braktis \u00e7do gj\u00eb dhe t\u2019ia nis nga e para\u201d- Bashk\u00ebshortja e Shpat Kasapit merr vendimin t\u00eb largohet nga vendi. \u00c7far\u00eb ndodhi n\u00eb familjen e \u00e7iftit? - blogin.al\" \/>\n<meta property=\"og:description\" content=\"Mesa duket ky vit nuk ka qen\u00eb aspak i leht\u00eb p\u00ebr bashk\u00ebshorten e k\u00ebng\u00ebtarit t\u00eb njohur shqiptar, Shpat Kasapi, Selvija. N\u00eb or\u00ebt e para t\u00eb m\u00ebngjesit t\u00eb sot\u00ebm, ajo ka b\u00ebr\u00eb nj\u00eb status n\u00eb Instagram duke treguar se po largohet p\u00ebr t\u00eb jetuar n\u00eb nj\u00eb tjet\u00ebr vend n\u00eb m\u00ebnyr\u00eb q\u00eb t\u00eb filloj\u00eb \u00e7do gj\u00eb nga [&hellip;]\" \/>\n<meta property=\"og:url\" content=\"https:\/\/blogin.al\/?p=42551\" \/>\n<meta property=\"og:site_name\" content=\"blogin.al\" \/>\n<meta property=\"article:published_time\" content=\"2024-01-15T13:01:27+00:00\" \/>\n<meta property=\"article:modified_time\" content=\"2024-01-15T13:01:30+00:00\" \/>\n<meta property=\"og:image\" content=\"https:\/\/blogin.al\/wp-content\/uploads\/2022\/10\/20221014_203027.jpg\" \/>\n\t<meta property=\"og:image:width\" content=\"1440\" \/>\n\t<meta property=\"og:image:height\" content=\"1538\" \/>\n\t<meta property=\"og:image:type\" content=\"image\/jpeg\" \/>\n<meta name=\"author\" content=\"Blogin al\" \/>\n<meta name=\"twitter:card\" content=\"summary_large_image\" \/>\n<meta name=\"twitter:label1\" content=\"Written by\" \/>\n\t<meta name=\"twitter:data1\" content=\"Blogin al\" \/>\n\t<meta name=\"twitter:label2\" content=\"Est. reading time\" \/>\n\t<meta name=\"twitter:data2\" content=\"2 minutes\" \/>\n<script type=\"application\/ld+json\" class=\"yoast-schema-graph\">{\"@context\":\"https:\\\/\\\/schema.org\",\"@graph\":[{\"@type\":\"Article\",\"@id\":\"https:\\\/\\\/blogin.al\\\/?p=42551#article\",\"isPartOf\":{\"@id\":\"https:\\\/\\\/blogin.al\\\/?p=42551\"},\"author\":{\"name\":\"Blogin al\",\"@id\":\"https:\\\/\\\/blogin.al\\\/#\\\/schema\\\/person\\\/abdd56bc912cd511db877b852b115399\"},\"headline\":\"\u201cDo braktis \u00e7do gj\u00eb dhe t\u2019ia nis nga e para\u201d- Bashk\u00ebshortja e Shpat Kasapit merr vendimin t\u00eb largohet nga vendi. \u00c7far\u00eb ndodhi n\u00eb familjen e \u00e7iftit?\",\"datePublished\":\"2024-01-15T13:01:27+00:00\",\"dateModified\":\"2024-01-15T13:01:30+00:00\",\"mainEntityOfPage\":{\"@id\":\"https:\\\/\\\/blogin.al\\\/?p=42551\"},\"wordCount\":251,\"commentCount\":0,\"publisher\":{\"@id\":\"https:\\\/\\\/blogin.al\\\/#organization\"},\"image\":{\"@id\":\"https:\\\/\\\/blogin.al\\\/?p=42551#primaryimage\"},\"thumbnailUrl\":\"https:\\\/\\\/blogin.al\\\/wp-content\\\/uploads\\\/2022\\\/10\\\/20221014_203027.jpg\",\"articleSection\":[\"SHOWBIZ\"],\"inLanguage\":\"en-US\",\"potentialAction\":[{\"@type\":\"CommentAction\",\"name\":\"Comment\",\"target\":[\"https:\\\/\\\/blogin.al\\\/?p=42551#respond\"]}]},{\"@type\":\"WebPage\",\"@id\":\"https:\\\/\\\/blogin.al\\\/?p=42551\",\"url\":\"https:\\\/\\\/blogin.al\\\/?p=42551\",\"name\":\"\u201cDo braktis \u00e7do gj\u00eb dhe t\u2019ia nis nga e para\u201d- Bashk\u00ebshortja e Shpat Kasapit merr vendimin t\u00eb largohet nga vendi. \u00c7far\u00eb ndodhi n\u00eb familjen e \u00e7iftit? - blogin.al\",\"isPartOf\":{\"@id\":\"https:\\\/\\\/blogin.al\\\/#website\"},\"primaryImageOfPage\":{\"@id\":\"https:\\\/\\\/blogin.al\\\/?p=42551#primaryimage\"},\"image\":{\"@id\":\"https:\\\/\\\/blogin.al\\\/?p=42551#primaryimage\"},\"thumbnailUrl\":\"https:\\\/\\\/blogin.al\\\/wp-content\\\/uploads\\\/2022\\\/10\\\/20221014_203027.jpg\",\"datePublished\":\"2024-01-15T13:01:27+00:00\",\"dateModified\":\"2024-01-15T13:01:30+00:00\",\"breadcrumb\":{\"@id\":\"https:\\\/\\\/blogin.al\\\/?p=42551#breadcrumb\"},\"inLanguage\":\"en-US\",\"potentialAction\":[{\"@type\":\"ReadAction\",\"target\":[\"https:\\\/\\\/blogin.al\\\/?p=42551\"]}]},{\"@type\":\"ImageObject\",\"inLanguage\":\"en-US\",\"@id\":\"https:\\\/\\\/blogin.al\\\/?p=42551#primaryimage\",\"url\":\"https:\\\/\\\/blogin.al\\\/wp-content\\\/uploads\\\/2022\\\/10\\\/20221014_203027.jpg\",\"contentUrl\":\"https:\\\/\\\/blogin.al\\\/wp-content\\\/uploads\\\/2022\\\/10\\\/20221014_203027.jpg\",\"width\":1440,\"height\":1538},{\"@type\":\"BreadcrumbList\",\"@id\":\"https:\\\/\\\/blogin.al\\\/?p=42551#breadcrumb\",\"itemListElement\":[{\"@type\":\"ListItem\",\"position\":1,\"name\":\"Home\",\"item\":\"https:\\\/\\\/blogin.al\\\/\"},{\"@type\":\"ListItem\",\"position\":2,\"name\":\"\u201cDo braktis \u00e7do gj\u00eb dhe t\u2019ia nis nga e para\u201d- Bashk\u00ebshortja e Shpat Kasapit merr vendimin t\u00eb largohet nga vendi. \u00c7far\u00eb ndodhi n\u00eb familjen e \u00e7iftit?\"}]},{\"@type\":\"WebSite\",\"@id\":\"https:\\\/\\\/blogin.al\\\/#website\",\"url\":\"https:\\\/\\\/blogin.al\\\/\",\"name\":\"blogin.al\",\"description\":\"\",\"publisher\":{\"@id\":\"https:\\\/\\\/blogin.al\\\/#organization\"},\"potentialAction\":[{\"@type\":\"SearchAction\",\"target\":{\"@type\":\"EntryPoint\",\"urlTemplate\":\"https:\\\/\\\/blogin.al\\\/?s={search_term_string}\"},\"query-input\":{\"@type\":\"PropertyValueSpecification\",\"valueRequired\":true,\"valueName\":\"search_term_string\"}}],\"inLanguage\":\"en-US\"},{\"@type\":\"Organization\",\"@id\":\"https:\\\/\\\/blogin.al\\\/#organization\",\"name\":\"BLOGIN.al\",\"url\":\"https:\\\/\\\/blogin.al\\\/\",\"logo\":{\"@type\":\"ImageObject\",\"inLanguage\":\"en-US\",\"@id\":\"https:\\\/\\\/blogin.al\\\/#\\\/schema\\\/logo\\\/image\\\/\",\"url\":\"https:\\\/\\\/blogin.al\\\/wp-content\\\/uploads\\\/2022\\\/05\\\/Untitled-2-01-e1652084456514.png\",\"contentUrl\":\"https:\\\/\\\/blogin.al\\\/wp-content\\\/uploads\\\/2022\\\/05\\\/Untitled-2-01-e1652084456514.png\",\"width\":3723,\"height\":1698,\"caption\":\"BLOGIN.al\"},\"image\":{\"@id\":\"https:\\\/\\\/blogin.al\\\/#\\\/schema\\\/logo\\\/image\\\/\"},\"sameAs\":[\"https:\\\/\\\/instagram.com\\\/blogin.al\\\/\"]},{\"@type\":\"Person\",\"@id\":\"https:\\\/\\\/blogin.al\\\/#\\\/schema\\\/person\\\/abdd56bc912cd511db877b852b115399\",\"name\":\"Blogin al\",\"image\":{\"@type\":\"ImageObject\",\"inLanguage\":\"en-US\",\"@id\":\"https:\\\/\\\/secure.gravatar.com\\\/avatar\\\/60d5661aee6e835fb13dc75d2204cd0c1d61bef2efd137c0083e59ef831e235e?s=96&d=mm&r=g\",\"url\":\"https:\\\/\\\/secure.gravatar.com\\\/avatar\\\/60d5661aee6e835fb13dc75d2204cd0c1d61bef2efd137c0083e59ef831e235e?s=96&d=mm&r=g\",\"contentUrl\":\"https:\\\/\\\/secure.gravatar.com\\\/avatar\\\/60d5661aee6e835fb13dc75d2204cd0c1d61bef2efd137c0083e59ef831e235e?s=96&d=mm&r=g\",\"caption\":\"Blogin al\"},\"sameAs\":[\"https:\\\/\\\/blogin.al\"],\"url\":\"https:\\\/\\\/blogin.al\\\/?author=2\"}]}<\/script>\n<!-- \/ Yoast SEO plugin. -->","yoast_head_json":{"title":"\u201cDo braktis \u00e7do gj\u00eb dhe t\u2019ia nis nga e para\u201d- Bashk\u00ebshortja e Shpat Kasapit merr vendimin t\u00eb largohet nga vendi. \u00c7far\u00eb ndodhi n\u00eb familjen e \u00e7iftit? - blogin.al","robots":{"index":"index","follow":"follow","max-snippet":"max-snippet:-1","max-image-preview":"max-image-preview:large","max-video-preview":"max-video-preview:-1"},"canonical":"https:\/\/blogin.al\/?p=42551","og_locale":"en_US","og_type":"article","og_title":"\u201cDo braktis \u00e7do gj\u00eb dhe t\u2019ia nis nga e para\u201d- Bashk\u00ebshortja e Shpat Kasapit merr vendimin t\u00eb largohet nga vendi. \u00c7far\u00eb ndodhi n\u00eb familjen e \u00e7iftit? - blogin.al","og_description":"Mesa duket ky vit nuk ka qen\u00eb aspak i leht\u00eb p\u00ebr bashk\u00ebshorten e k\u00ebng\u00ebtarit t\u00eb njohur shqiptar, Shpat Kasapi, Selvija. N\u00eb or\u00ebt e para t\u00eb m\u00ebngjesit t\u00eb sot\u00ebm, ajo ka b\u00ebr\u00eb nj\u00eb status n\u00eb Instagram duke treguar se po largohet p\u00ebr t\u00eb jetuar n\u00eb nj\u00eb tjet\u00ebr vend n\u00eb m\u00ebnyr\u00eb q\u00eb t\u00eb filloj\u00eb \u00e7do gj\u00eb nga [&hellip;]","og_url":"https:\/\/blogin.al\/?p=42551","og_site_name":"blogin.al","article_published_time":"2024-01-15T13:01:27+00:00","article_modified_time":"2024-01-15T13:01:30+00:00","og_image":[{"width":1440,"height":1538,"url":"https:\/\/blogin.al\/wp-content\/uploads\/2022\/10\/20221014_203027.jpg","type":"image\/jpeg"}],"author":"Blogin al","twitter_card":"summary_large_image","twitter_misc":{"Written by":"Blogin al","Est. reading time":"2 minutes"},"schema":{"@context":"https:\/\/schema.org","@graph":[{"@type":"Article","@id":"https:\/\/blogin.al\/?p=42551#article","isPartOf":{"@id":"https:\/\/blogin.al\/?p=42551"},"author":{"name":"Blogin al","@id":"https:\/\/blogin.al\/#\/schema\/person\/abdd56bc912cd511db877b852b115399"},"headline":"\u201cDo braktis \u00e7do gj\u00eb dhe t\u2019ia nis nga e para\u201d- Bashk\u00ebshortja e Shpat Kasapit merr vendimin t\u00eb largohet nga vendi. \u00c7far\u00eb ndodhi n\u00eb familjen e \u00e7iftit?","datePublished":"2024-01-15T13:01:27+00:00","dateModified":"2024-01-15T13:01:30+00:00","mainEntityOfPage":{"@id":"https:\/\/blogin.al\/?p=42551"},"wordCount":251,"commentCount":0,"publisher":{"@id":"https:\/\/blogin.al\/#organization"},"image":{"@id":"https:\/\/blogin.al\/?p=42551#primaryimage"},"thumbnailUrl":"https:\/\/blogin.al\/wp-content\/uploads\/2022\/10\/20221014_203027.jpg","articleSection":["SHOWBIZ"],"inLanguage":"en-US","potentialAction":[{"@type":"CommentAction","name":"Comment","target":["https:\/\/blogin.al\/?p=42551#respond"]}]},{"@type":"WebPage","@id":"https:\/\/blogin.al\/?p=42551","url":"https:\/\/blogin.al\/?p=42551","name":"\u201cDo braktis \u00e7do gj\u00eb dhe t\u2019ia nis nga e para\u201d- Bashk\u00ebshortja e Shpat Kasapit merr vendimin t\u00eb largohet nga vendi. \u00c7far\u00eb ndodhi n\u00eb familjen e \u00e7iftit? - blogin.al","isPartOf":{"@id":"https:\/\/blogin.al\/#website"},"primaryImageOfPage":{"@id":"https:\/\/blogin.al\/?p=42551#primaryimage"},"image":{"@id":"https:\/\/blogin.al\/?p=42551#primaryimage"},"thumbnailUrl":"https:\/\/blogin.al\/wp-content\/uploads\/2022\/10\/20221014_203027.jpg","datePublished":"2024-01-15T13:01:27+00:00","dateModified":"2024-01-15T13:01:30+00:00","breadcrumb":{"@id":"https:\/\/blogin.al\/?p=42551#breadcrumb"},"inLanguage":"en-US","potentialAction":[{"@type":"ReadAction","target":["https:\/\/blogin.al\/?p=42551"]}]},{"@type":"ImageObject","inLanguage":"en-US","@id":"https:\/\/blogin.al\/?p=42551#primaryimage","url":"https:\/\/blogin.al\/wp-content\/uploads\/2022\/10\/20221014_203027.jpg","contentUrl":"https:\/\/blogin.al\/wp-content\/uploads\/2022\/10\/20221014_203027.jpg","width":1440,"height":1538},{"@type":"BreadcrumbList","@id":"https:\/\/blogin.al\/?p=42551#breadcrumb","itemListElement":[{"@type":"ListItem","position":1,"name":"Home","item":"https:\/\/blogin.al\/"},{"@type":"ListItem","position":2,"name":"\u201cDo braktis \u00e7do gj\u00eb dhe t\u2019ia nis nga e para\u201d- Bashk\u00ebshortja e Shpat Kasapit merr vendimin t\u00eb largohet nga vendi. \u00c7far\u00eb ndodhi n\u00eb familjen e \u00e7iftit?"}]},{"@type":"WebSite","@id":"https:\/\/blogin.al\/#website","url":"https:\/\/blogin.al\/","name":"blogin.al","description":"","publisher":{"@id":"https:\/\/blogin.al\/#organization"},"potentialAction":[{"@type":"SearchAction","target":{"@type":"EntryPoint","urlTemplate":"https:\/\/blogin.al\/?s={search_term_string}"},"query-input":{"@type":"PropertyValueSpecification","valueRequired":true,"valueName":"search_term_string"}}],"inLanguage":"en-US"},{"@type":"Organization","@id":"https:\/\/blogin.al\/#organization","name":"BLOGIN.al","url":"https:\/\/blogin.al\/","logo":{"@type":"ImageObject","inLanguage":"en-US","@id":"https:\/\/blogin.al\/#\/schema\/logo\/image\/","url":"https:\/\/blogin.al\/wp-content\/uploads\/2022\/05\/Untitled-2-01-e1652084456514.png","contentUrl":"https:\/\/blogin.al\/wp-content\/uploads\/2022\/05\/Untitled-2-01-e1652084456514.png","width":3723,"height":1698,"caption":"BLOGIN.al"},"image":{"@id":"https:\/\/blogin.al\/#\/schema\/logo\/image\/"},"sameAs":["https:\/\/instagram.com\/blogin.al\/"]},{"@type":"Person","@id":"https:\/\/blogin.al\/#\/schema\/person\/abdd56bc912cd511db877b852b115399","name":"Blogin al","image":{"@type":"ImageObject","inLanguage":"en-US","@id":"https:\/\/secure.gravatar.com\/avatar\/60d5661aee6e835fb13dc75d2204cd0c1d61bef2efd137c0083e59ef831e235e?s=96&d=mm&r=g","url":"https:\/\/secure.gravatar.com\/avatar\/60d5661aee6e835fb13dc75d2204cd0c1d61bef2efd137c0083e59ef831e235e?s=96&d=mm&r=g","contentUrl":"https:\/\/secure.gravatar.com\/avatar\/60d5661aee6e835fb13dc75d2204cd0c1d61bef2efd137c0083e59ef831e235e?s=96&d=mm&r=g","caption":"Blogin al"},"sameAs":["https:\/\/blogin.al"],"url":"https:\/\/blogin.al\/?author=2"}]}},"_links":{"self":[{"href":"https:\/\/blogin.al\/index.php?rest_route=\/wp\/v2\/posts\/42551","targetHints":{"allow":["GET"]}}],"collection":[{"href":"https:\/\/blogin.al\/index.php?rest_route=\/wp\/v2\/posts"}],"about":[{"href":"https:\/\/blogin.al\/index.php?rest_route=\/wp\/v2\/types\/post"}],"author":[{"embeddable":true,"href":"https:\/\/blogin.al\/index.php?rest_route=\/wp\/v2\/users\/2"}],"replies":[{"embeddable":true,"href":"https:\/\/blogin.al\/index.php?rest_route=%2Fwp%2Fv2%2Fcomments&post=42551"}],"version-history":[{"count":1,"href":"https:\/\/blogin.al\/index.php?rest_route=\/wp\/v2\/posts\/42551\/revisions"}],"predecessor-version":[{"id":42553,"href":"https:\/\/blogin.al\/index.php?rest_route=\/wp\/v2\/posts\/42551\/revisions\/42553"}],"wp:featuredmedia":[{"embeddable":true,"href":"https:\/\/blogin.al\/index.php?rest_route=\/wp\/v2\/media\/16276"}],"wp:attachment":[{"href":"https:\/\/blogin.al\/index.php?rest_route=%2Fwp%2Fv2%2Fmedia&parent=42551"}],"wp:term":[{"taxonomy":"category","embeddable":true,"href":"https:\/\/blogin.al\/index.php?rest_route=%2Fwp%2Fv2%2Fcategories&post=42551"},{"taxonomy":"post_tag","embeddable":true,"href":"https:\/\/blogin.al\/index.php?rest_route=%2Fwp%2Fv2%2Ftags&post=42551"}],"curies":[{"name":"wp","href":"https:\/\/api.w.org\/{rel}","templated":true}]}}