{"id":42554,"date":"2024-01-15T13:02:46","date_gmt":"2024-01-15T13:02:46","guid":{"rendered":"https:\/\/blogin.al\/?p=42554"},"modified":"2024-01-15T13:02:48","modified_gmt":"2024-01-15T13:02:48","slug":"i-kopjoi-kercimin-arbanes-sara-del-ne-mbrojtje-te-ledionit","status":"publish","type":"post","link":"https:\/\/blogin.al\/?p=42554","title":{"rendered":"I kopjoi k\u00ebrcimin Arban\u00ebs?! Sara del n\u00eb mbrojtje t\u00eb Ledionit"},"content":{"rendered":"\n<p>I kopjoi k\u00ebrcimin Arban\u00ebs?! Sara del n\u00eb mbrojtje t\u00eb Ledionit<\/p>\n\n\n\n<p>Spektakli i shum\u00ebp\u00ebrfolur \u201cBig Brother Vip 3\u201d rezervoi mjaft surpriza p\u00ebr shikuesit k\u00ebt\u00eb vit. Sezoni i ri erdhi me nj\u00eb fytyr\u00eb t\u00eb re n\u00eb moderim.<\/p>\n\n\n\n<p>K\u00ebt\u00eb vit \u201cBBV3\u201d po prezantohet nga Ledion Li\u00e7o. T\u00eb shumt\u00eb ishin fansat q\u00eb nuk donin z\u00ebvend\u00ebsimin e Arban\u00ebs me nj\u00eb fytyr\u00eb t\u00eb re. Por duket se publiku e p\u00eblqeu energjin\u00eb e Ledionit q\u00eb n\u00eb nat\u00ebn e par\u00eb.<\/p>\n\n\n\n<p>Ledioni, gjat\u00eb moderimit t\u00eb programit, n\u00eb disa momente gazmore ka b\u00ebr\u00eb nj\u00eb k\u00ebrcim q\u00eb \u00ebsht\u00eb p\u00ebrfolur shum\u00eb n\u00eb mediat roz\u00eb.<\/p>\n\n\n\n<p>Komentuesit aluduan q\u00eb moderatori e b\u00ebri k\u00ebt\u00eb veprim n\u00eb m\u00ebnyr\u00eb q\u00eb t\u00eb b\u00ebhej viral, pasi edhe Arbana Osmani ka k\u00ebrcyer n\u00eb nj\u00eb m\u00ebnyr\u00eb t\u00eb ngjash\u00ebm gjat\u00eb moderimit t\u00eb \u201cBBV\u201d. Madje shum\u00eb prej ndjek\u00ebsve komentuan duk\u00eb th\u00ebn\u00eb q\u00eb Ledioni e kopjoi Arban\u00ebn p\u00ebrmes k\u00ebrcimit.<\/p>\n\n\n\n<p>Por nuk ka kaluar shum\u00eb koh\u00eb dhe partnerja e tij, Sara Hoxha ka reaguar menj\u00ebher\u00eb n\u00eb mbrojtje t\u00eb tij. Regjisorja ka postuar nj\u00eb video t\u00eb Ledionit me djalin e tyre duke k\u00ebrycer nga ku tregon se ky k\u00ebrcim \u00ebsht\u00eb b\u00ebr\u00eb edhe m\u00eb par\u00eb nga ana e tij. Ajo shkruan:<\/p>\n\n\n\n<blockquote class=\"wp-block-quote is-layout-flow wp-block-quote-is-layout-flow\">\n<p>Ky k\u00ebrcim ka mbi nj\u00eb dekad\u00eb q\u00eb m\u00eb ndjek. Tani mund t\u00eb vuani edhe ju me mua.<\/p>\n<\/blockquote>\n","protected":false},"excerpt":{"rendered":"<p>I kopjoi k\u00ebrcimin Arban\u00ebs?! Sara del n\u00eb mbrojtje t\u00eb Ledionit Spektakli i shum\u00ebp\u00ebrfolur \u201cBig Brother Vip 3\u201d rezervoi mjaft surpriza p\u00ebr shikuesit k\u00ebt\u00eb vit. Sezoni i ri erdhi me nj\u00eb fytyr\u00eb t\u00eb re n\u00eb moderim. K\u00ebt\u00eb vit \u201cBBV3\u201d po prezantohet nga Ledion Li\u00e7o. T\u00eb shumt\u00eb ishin fansat q\u00eb nuk donin z\u00ebvend\u00ebsimin e Arban\u00ebs me nj\u00eb [&hellip;]<\/p>\n","protected":false},"author":2,"featured_media":15328,"comment_status":"open","ping_status":"open","sticky":false,"template":"","format":"standard","meta":{"footnotes":""},"categories":[33],"tags":[],"class_list":{"0":"post-42554","1":"post","2":"type-post","3":"status-publish","4":"format-standard","5":"has-post-thumbnail","7":"category-showbiz"},"yoast_head":"<!-- This site is optimized with the Yoast SEO plugin v27.4 - https:\/\/yoast.com\/product\/yoast-seo-wordpress\/ -->\n<title>I kopjoi k\u00ebrcimin Arban\u00ebs?! Sara del n\u00eb mbrojtje t\u00eb Ledionit - blogin.al<\/title>\n<meta name=\"robots\" content=\"index, follow, max-snippet:-1, max-image-preview:large, max-video-preview:-1\" \/>\n<link rel=\"canonical\" href=\"https:\/\/blogin.al\/?p=42554\" \/>\n<meta property=\"og:locale\" content=\"en_US\" \/>\n<meta property=\"og:type\" content=\"article\" \/>\n<meta property=\"og:title\" content=\"I kopjoi k\u00ebrcimin Arban\u00ebs?! Sara del n\u00eb mbrojtje t\u00eb Ledionit - blogin.al\" \/>\n<meta property=\"og:description\" content=\"I kopjoi k\u00ebrcimin Arban\u00ebs?! Sara del n\u00eb mbrojtje t\u00eb Ledionit Spektakli i shum\u00ebp\u00ebrfolur \u201cBig Brother Vip 3\u201d rezervoi mjaft surpriza p\u00ebr shikuesit k\u00ebt\u00eb vit. Sezoni i ri erdhi me nj\u00eb fytyr\u00eb t\u00eb re n\u00eb moderim. K\u00ebt\u00eb vit \u201cBBV3\u201d po prezantohet nga Ledion Li\u00e7o. T\u00eb shumt\u00eb ishin fansat q\u00eb nuk donin z\u00ebvend\u00ebsimin e Arban\u00ebs me nj\u00eb [&hellip;]\" \/>\n<meta property=\"og:url\" content=\"https:\/\/blogin.al\/?p=42554\" \/>\n<meta property=\"og:site_name\" content=\"blogin.al\" \/>\n<meta property=\"article:published_time\" content=\"2024-01-15T13:02:46+00:00\" \/>\n<meta property=\"article:modified_time\" content=\"2024-01-15T13:02:48+00:00\" \/>\n<meta property=\"og:image\" content=\"https:\/\/blogin.al\/wp-content\/uploads\/2022\/09\/20220930_190606.jpg\" \/>\n\t<meta property=\"og:image:width\" content=\"1440\" \/>\n\t<meta property=\"og:image:height\" content=\"1815\" \/>\n\t<meta property=\"og:image:type\" content=\"image\/jpeg\" \/>\n<meta name=\"author\" content=\"Blogin al\" \/>\n<meta name=\"twitter:card\" content=\"summary_large_image\" \/>\n<meta name=\"twitter:label1\" content=\"Written by\" \/>\n\t<meta name=\"twitter:data1\" content=\"Blogin al\" \/>\n\t<meta name=\"twitter:label2\" content=\"Est. reading time\" \/>\n\t<meta name=\"twitter:data2\" content=\"2 minutes\" \/>\n<script type=\"application\/ld+json\" class=\"yoast-schema-graph\">{\"@context\":\"https:\\\/\\\/schema.org\",\"@graph\":[{\"@type\":\"Article\",\"@id\":\"https:\\\/\\\/blogin.al\\\/?p=42554#article\",\"isPartOf\":{\"@id\":\"https:\\\/\\\/blogin.al\\\/?p=42554\"},\"author\":{\"name\":\"Blogin al\",\"@id\":\"https:\\\/\\\/blogin.al\\\/#\\\/schema\\\/person\\\/abdd56bc912cd511db877b852b115399\"},\"headline\":\"I kopjoi k\u00ebrcimin Arban\u00ebs?! Sara del n\u00eb mbrojtje t\u00eb Ledionit\",\"datePublished\":\"2024-01-15T13:02:46+00:00\",\"dateModified\":\"2024-01-15T13:02:48+00:00\",\"mainEntityOfPage\":{\"@id\":\"https:\\\/\\\/blogin.al\\\/?p=42554\"},\"wordCount\":245,\"commentCount\":0,\"publisher\":{\"@id\":\"https:\\\/\\\/blogin.al\\\/#organization\"},\"image\":{\"@id\":\"https:\\\/\\\/blogin.al\\\/?p=42554#primaryimage\"},\"thumbnailUrl\":\"https:\\\/\\\/blogin.al\\\/wp-content\\\/uploads\\\/2022\\\/09\\\/20220930_190606.jpg\",\"articleSection\":[\"SHOWBIZ\"],\"inLanguage\":\"en-US\",\"potentialAction\":[{\"@type\":\"CommentAction\",\"name\":\"Comment\",\"target\":[\"https:\\\/\\\/blogin.al\\\/?p=42554#respond\"]}]},{\"@type\":\"WebPage\",\"@id\":\"https:\\\/\\\/blogin.al\\\/?p=42554\",\"url\":\"https:\\\/\\\/blogin.al\\\/?p=42554\",\"name\":\"I kopjoi k\u00ebrcimin Arban\u00ebs?! Sara del n\u00eb mbrojtje t\u00eb Ledionit - blogin.al\",\"isPartOf\":{\"@id\":\"https:\\\/\\\/blogin.al\\\/#website\"},\"primaryImageOfPage\":{\"@id\":\"https:\\\/\\\/blogin.al\\\/?p=42554#primaryimage\"},\"image\":{\"@id\":\"https:\\\/\\\/blogin.al\\\/?p=42554#primaryimage\"},\"thumbnailUrl\":\"https:\\\/\\\/blogin.al\\\/wp-content\\\/uploads\\\/2022\\\/09\\\/20220930_190606.jpg\",\"datePublished\":\"2024-01-15T13:02:46+00:00\",\"dateModified\":\"2024-01-15T13:02:48+00:00\",\"breadcrumb\":{\"@id\":\"https:\\\/\\\/blogin.al\\\/?p=42554#breadcrumb\"},\"inLanguage\":\"en-US\",\"potentialAction\":[{\"@type\":\"ReadAction\",\"target\":[\"https:\\\/\\\/blogin.al\\\/?p=42554\"]}]},{\"@type\":\"ImageObject\",\"inLanguage\":\"en-US\",\"@id\":\"https:\\\/\\\/blogin.al\\\/?p=42554#primaryimage\",\"url\":\"https:\\\/\\\/blogin.al\\\/wp-content\\\/uploads\\\/2022\\\/09\\\/20220930_190606.jpg\",\"contentUrl\":\"https:\\\/\\\/blogin.al\\\/wp-content\\\/uploads\\\/2022\\\/09\\\/20220930_190606.jpg\",\"width\":1440,\"height\":1815},{\"@type\":\"BreadcrumbList\",\"@id\":\"https:\\\/\\\/blogin.al\\\/?p=42554#breadcrumb\",\"itemListElement\":[{\"@type\":\"ListItem\",\"position\":1,\"name\":\"Home\",\"item\":\"https:\\\/\\\/blogin.al\\\/\"},{\"@type\":\"ListItem\",\"position\":2,\"name\":\"I kopjoi k\u00ebrcimin Arban\u00ebs?! Sara del n\u00eb mbrojtje t\u00eb Ledionit\"}]},{\"@type\":\"WebSite\",\"@id\":\"https:\\\/\\\/blogin.al\\\/#website\",\"url\":\"https:\\\/\\\/blogin.al\\\/\",\"name\":\"blogin.al\",\"description\":\"\",\"publisher\":{\"@id\":\"https:\\\/\\\/blogin.al\\\/#organization\"},\"potentialAction\":[{\"@type\":\"SearchAction\",\"target\":{\"@type\":\"EntryPoint\",\"urlTemplate\":\"https:\\\/\\\/blogin.al\\\/?s={search_term_string}\"},\"query-input\":{\"@type\":\"PropertyValueSpecification\",\"valueRequired\":true,\"valueName\":\"search_term_string\"}}],\"inLanguage\":\"en-US\"},{\"@type\":\"Organization\",\"@id\":\"https:\\\/\\\/blogin.al\\\/#organization\",\"name\":\"BLOGIN.al\",\"url\":\"https:\\\/\\\/blogin.al\\\/\",\"logo\":{\"@type\":\"ImageObject\",\"inLanguage\":\"en-US\",\"@id\":\"https:\\\/\\\/blogin.al\\\/#\\\/schema\\\/logo\\\/image\\\/\",\"url\":\"https:\\\/\\\/blogin.al\\\/wp-content\\\/uploads\\\/2022\\\/05\\\/Untitled-2-01-e1652084456514.png\",\"contentUrl\":\"https:\\\/\\\/blogin.al\\\/wp-content\\\/uploads\\\/2022\\\/05\\\/Untitled-2-01-e1652084456514.png\",\"width\":3723,\"height\":1698,\"caption\":\"BLOGIN.al\"},\"image\":{\"@id\":\"https:\\\/\\\/blogin.al\\\/#\\\/schema\\\/logo\\\/image\\\/\"},\"sameAs\":[\"https:\\\/\\\/instagram.com\\\/blogin.al\\\/\"]},{\"@type\":\"Person\",\"@id\":\"https:\\\/\\\/blogin.al\\\/#\\\/schema\\\/person\\\/abdd56bc912cd511db877b852b115399\",\"name\":\"Blogin al\",\"image\":{\"@type\":\"ImageObject\",\"inLanguage\":\"en-US\",\"@id\":\"https:\\\/\\\/secure.gravatar.com\\\/avatar\\\/60d5661aee6e835fb13dc75d2204cd0c1d61bef2efd137c0083e59ef831e235e?s=96&d=mm&r=g\",\"url\":\"https:\\\/\\\/secure.gravatar.com\\\/avatar\\\/60d5661aee6e835fb13dc75d2204cd0c1d61bef2efd137c0083e59ef831e235e?s=96&d=mm&r=g\",\"contentUrl\":\"https:\\\/\\\/secure.gravatar.com\\\/avatar\\\/60d5661aee6e835fb13dc75d2204cd0c1d61bef2efd137c0083e59ef831e235e?s=96&d=mm&r=g\",\"caption\":\"Blogin al\"},\"sameAs\":[\"https:\\\/\\\/blogin.al\"],\"url\":\"https:\\\/\\\/blogin.al\\\/?author=2\"}]}<\/script>\n<!-- \/ Yoast SEO plugin. -->","yoast_head_json":{"title":"I kopjoi k\u00ebrcimin Arban\u00ebs?! Sara del n\u00eb mbrojtje t\u00eb Ledionit - blogin.al","robots":{"index":"index","follow":"follow","max-snippet":"max-snippet:-1","max-image-preview":"max-image-preview:large","max-video-preview":"max-video-preview:-1"},"canonical":"https:\/\/blogin.al\/?p=42554","og_locale":"en_US","og_type":"article","og_title":"I kopjoi k\u00ebrcimin Arban\u00ebs?! Sara del n\u00eb mbrojtje t\u00eb Ledionit - blogin.al","og_description":"I kopjoi k\u00ebrcimin Arban\u00ebs?! Sara del n\u00eb mbrojtje t\u00eb Ledionit Spektakli i shum\u00ebp\u00ebrfolur \u201cBig Brother Vip 3\u201d rezervoi mjaft surpriza p\u00ebr shikuesit k\u00ebt\u00eb vit. Sezoni i ri erdhi me nj\u00eb fytyr\u00eb t\u00eb re n\u00eb moderim. K\u00ebt\u00eb vit \u201cBBV3\u201d po prezantohet nga Ledion Li\u00e7o. T\u00eb shumt\u00eb ishin fansat q\u00eb nuk donin z\u00ebvend\u00ebsimin e Arban\u00ebs me nj\u00eb [&hellip;]","og_url":"https:\/\/blogin.al\/?p=42554","og_site_name":"blogin.al","article_published_time":"2024-01-15T13:02:46+00:00","article_modified_time":"2024-01-15T13:02:48+00:00","og_image":[{"width":1440,"height":1815,"url":"https:\/\/blogin.al\/wp-content\/uploads\/2022\/09\/20220930_190606.jpg","type":"image\/jpeg"}],"author":"Blogin al","twitter_card":"summary_large_image","twitter_misc":{"Written by":"Blogin al","Est. reading time":"2 minutes"},"schema":{"@context":"https:\/\/schema.org","@graph":[{"@type":"Article","@id":"https:\/\/blogin.al\/?p=42554#article","isPartOf":{"@id":"https:\/\/blogin.al\/?p=42554"},"author":{"name":"Blogin al","@id":"https:\/\/blogin.al\/#\/schema\/person\/abdd56bc912cd511db877b852b115399"},"headline":"I kopjoi k\u00ebrcimin Arban\u00ebs?! Sara del n\u00eb mbrojtje t\u00eb Ledionit","datePublished":"2024-01-15T13:02:46+00:00","dateModified":"2024-01-15T13:02:48+00:00","mainEntityOfPage":{"@id":"https:\/\/blogin.al\/?p=42554"},"wordCount":245,"commentCount":0,"publisher":{"@id":"https:\/\/blogin.al\/#organization"},"image":{"@id":"https:\/\/blogin.al\/?p=42554#primaryimage"},"thumbnailUrl":"https:\/\/blogin.al\/wp-content\/uploads\/2022\/09\/20220930_190606.jpg","articleSection":["SHOWBIZ"],"inLanguage":"en-US","potentialAction":[{"@type":"CommentAction","name":"Comment","target":["https:\/\/blogin.al\/?p=42554#respond"]}]},{"@type":"WebPage","@id":"https:\/\/blogin.al\/?p=42554","url":"https:\/\/blogin.al\/?p=42554","name":"I kopjoi k\u00ebrcimin Arban\u00ebs?! Sara del n\u00eb mbrojtje t\u00eb Ledionit - blogin.al","isPartOf":{"@id":"https:\/\/blogin.al\/#website"},"primaryImageOfPage":{"@id":"https:\/\/blogin.al\/?p=42554#primaryimage"},"image":{"@id":"https:\/\/blogin.al\/?p=42554#primaryimage"},"thumbnailUrl":"https:\/\/blogin.al\/wp-content\/uploads\/2022\/09\/20220930_190606.jpg","datePublished":"2024-01-15T13:02:46+00:00","dateModified":"2024-01-15T13:02:48+00:00","breadcrumb":{"@id":"https:\/\/blogin.al\/?p=42554#breadcrumb"},"inLanguage":"en-US","potentialAction":[{"@type":"ReadAction","target":["https:\/\/blogin.al\/?p=42554"]}]},{"@type":"ImageObject","inLanguage":"en-US","@id":"https:\/\/blogin.al\/?p=42554#primaryimage","url":"https:\/\/blogin.al\/wp-content\/uploads\/2022\/09\/20220930_190606.jpg","contentUrl":"https:\/\/blogin.al\/wp-content\/uploads\/2022\/09\/20220930_190606.jpg","width":1440,"height":1815},{"@type":"BreadcrumbList","@id":"https:\/\/blogin.al\/?p=42554#breadcrumb","itemListElement":[{"@type":"ListItem","position":1,"name":"Home","item":"https:\/\/blogin.al\/"},{"@type":"ListItem","position":2,"name":"I kopjoi k\u00ebrcimin Arban\u00ebs?! Sara del n\u00eb mbrojtje t\u00eb Ledionit"}]},{"@type":"WebSite","@id":"https:\/\/blogin.al\/#website","url":"https:\/\/blogin.al\/","name":"blogin.al","description":"","publisher":{"@id":"https:\/\/blogin.al\/#organization"},"potentialAction":[{"@type":"SearchAction","target":{"@type":"EntryPoint","urlTemplate":"https:\/\/blogin.al\/?s={search_term_string}"},"query-input":{"@type":"PropertyValueSpecification","valueRequired":true,"valueName":"search_term_string"}}],"inLanguage":"en-US"},{"@type":"Organization","@id":"https:\/\/blogin.al\/#organization","name":"BLOGIN.al","url":"https:\/\/blogin.al\/","logo":{"@type":"ImageObject","inLanguage":"en-US","@id":"https:\/\/blogin.al\/#\/schema\/logo\/image\/","url":"https:\/\/blogin.al\/wp-content\/uploads\/2022\/05\/Untitled-2-01-e1652084456514.png","contentUrl":"https:\/\/blogin.al\/wp-content\/uploads\/2022\/05\/Untitled-2-01-e1652084456514.png","width":3723,"height":1698,"caption":"BLOGIN.al"},"image":{"@id":"https:\/\/blogin.al\/#\/schema\/logo\/image\/"},"sameAs":["https:\/\/instagram.com\/blogin.al\/"]},{"@type":"Person","@id":"https:\/\/blogin.al\/#\/schema\/person\/abdd56bc912cd511db877b852b115399","name":"Blogin al","image":{"@type":"ImageObject","inLanguage":"en-US","@id":"https:\/\/secure.gravatar.com\/avatar\/60d5661aee6e835fb13dc75d2204cd0c1d61bef2efd137c0083e59ef831e235e?s=96&d=mm&r=g","url":"https:\/\/secure.gravatar.com\/avatar\/60d5661aee6e835fb13dc75d2204cd0c1d61bef2efd137c0083e59ef831e235e?s=96&d=mm&r=g","contentUrl":"https:\/\/secure.gravatar.com\/avatar\/60d5661aee6e835fb13dc75d2204cd0c1d61bef2efd137c0083e59ef831e235e?s=96&d=mm&r=g","caption":"Blogin al"},"sameAs":["https:\/\/blogin.al"],"url":"https:\/\/blogin.al\/?author=2"}]}},"_links":{"self":[{"href":"https:\/\/blogin.al\/index.php?rest_route=\/wp\/v2\/posts\/42554","targetHints":{"allow":["GET"]}}],"collection":[{"href":"https:\/\/blogin.al\/index.php?rest_route=\/wp\/v2\/posts"}],"about":[{"href":"https:\/\/blogin.al\/index.php?rest_route=\/wp\/v2\/types\/post"}],"author":[{"embeddable":true,"href":"https:\/\/blogin.al\/index.php?rest_route=\/wp\/v2\/users\/2"}],"replies":[{"embeddable":true,"href":"https:\/\/blogin.al\/index.php?rest_route=%2Fwp%2Fv2%2Fcomments&post=42554"}],"version-history":[{"count":1,"href":"https:\/\/blogin.al\/index.php?rest_route=\/wp\/v2\/posts\/42554\/revisions"}],"predecessor-version":[{"id":42555,"href":"https:\/\/blogin.al\/index.php?rest_route=\/wp\/v2\/posts\/42554\/revisions\/42555"}],"wp:featuredmedia":[{"embeddable":true,"href":"https:\/\/blogin.al\/index.php?rest_route=\/wp\/v2\/media\/15328"}],"wp:attachment":[{"href":"https:\/\/blogin.al\/index.php?rest_route=%2Fwp%2Fv2%2Fmedia&parent=42554"}],"wp:term":[{"taxonomy":"category","embeddable":true,"href":"https:\/\/blogin.al\/index.php?rest_route=%2Fwp%2Fv2%2Fcategories&post=42554"},{"taxonomy":"post_tag","embeddable":true,"href":"https:\/\/blogin.al\/index.php?rest_route=%2Fwp%2Fv2%2Ftags&post=42554"}],"curies":[{"name":"wp","href":"https:\/\/api.w.org\/{rel}","templated":true}]}}