{"id":42619,"date":"2024-01-17T10:09:59","date_gmt":"2024-01-17T10:09:59","guid":{"rendered":"https:\/\/blogin.al\/?p=42619"},"modified":"2024-01-17T10:10:00","modified_gmt":"2024-01-17T10:10:00","slug":"dikush-tjeter-do-te-prishte-familjen-olta-falenderon-bashkeshortin","status":"publish","type":"post","link":"https:\/\/blogin.al\/?p=42619","title":{"rendered":"&#8216;Dikush tjet\u00ebr do t\u00eb prishte familjen&#8217;, Olta falenderon bashk\u00ebshortin"},"content":{"rendered":"\n<p>Olta Gixhari ka qen\u00eb nj\u00eb prej banoreve m\u00eb t\u00eb p\u00ebrfolura t\u00eb Big Brother VIP 2.&nbsp; E ftuar s\u00eb fundmi n\u00eb emisionin \u201cNdryshe\u201d n\u00eb \u201cTop Albania Radio\u201d, Olta ka fal\u00ebnderuar bashk\u00ebshortin sepse n\u00ebse dikush tjet\u00ebr do t\u00eb ishte krah saj, nuk do ta kishte mb\u00ebshtetur si ai.<\/p>\n\n\n\n<p>\u201cFal\u00ebnderoj shum\u00eb bashk\u00ebshortin tim. Ai \u00ebsht\u00eb nj\u00eb hero! Jo vet\u00ebm q\u00eb ka p\u00ebrballuar urrejtjen q\u00eb un\u00eb pata gjat\u00eb koh\u00ebs s\u00eb \u2018BBV\u2019, por dhe t\u00eb gjitha lajmet e sh\u00ebmtuara q\u00eb kan\u00eb dal\u00eb p\u00ebr mua.&nbsp;Po t\u00eb ishte ndonj\u00eb bashk\u00ebshort tjet\u00ebr mund t\u00eb kishte prishur edhe familjen\u201d, tha Olta.<\/p>\n\n\n\n<p>Kujtojm\u00eb se Olta \u00ebsht\u00eb n\u00ebn\u00eb e nj\u00eb djali dhe n\u00eb pritje t\u00eb \u00ebmb\u00ebl.<\/p>\n\n\n\n<figure class=\"wp-block-image is-style-default\"><img decoding=\"async\" src=\"https:\/\/media.dailyxing.com\/v.xing.al\/media3\/-640-0-img-5743-1705449696.jpeg\" alt=\"'Dikush tjet\u00ebr do t\u00eb prishte familjen', Olta falenderon\"\/><\/figure>\n","protected":false},"excerpt":{"rendered":"<p>Olta Gixhari ka qen\u00eb nj\u00eb prej banoreve m\u00eb t\u00eb p\u00ebrfolura t\u00eb Big Brother VIP 2.&nbsp; E ftuar s\u00eb fundmi n\u00eb emisionin \u201cNdryshe\u201d n\u00eb \u201cTop Albania Radio\u201d, Olta ka fal\u00ebnderuar bashk\u00ebshortin sepse n\u00ebse dikush tjet\u00ebr do t\u00eb ishte krah saj, nuk do ta kishte mb\u00ebshtetur si ai. \u201cFal\u00ebnderoj shum\u00eb bashk\u00ebshortin tim. Ai \u00ebsht\u00eb nj\u00eb hero! Jo [&hellip;]<\/p>\n","protected":false},"author":2,"featured_media":23929,"comment_status":"open","ping_status":"open","sticky":false,"template":"","format":"standard","meta":{"footnotes":""},"categories":[33],"tags":[],"class_list":{"0":"post-42619","1":"post","2":"type-post","3":"status-publish","4":"format-standard","5":"has-post-thumbnail","7":"category-showbiz"},"yoast_head":"<!-- This site is optimized with the Yoast SEO plugin v27.4 - https:\/\/yoast.com\/product\/yoast-seo-wordpress\/ -->\n<title>&#039;Dikush tjet\u00ebr do t\u00eb prishte familjen&#039;, Olta falenderon bashk\u00ebshortin - blogin.al<\/title>\n<meta name=\"robots\" content=\"index, follow, max-snippet:-1, max-image-preview:large, max-video-preview:-1\" \/>\n<link rel=\"canonical\" href=\"https:\/\/blogin.al\/?p=42619\" \/>\n<meta property=\"og:locale\" content=\"en_US\" \/>\n<meta property=\"og:type\" content=\"article\" \/>\n<meta property=\"og:title\" content=\"&#039;Dikush tjet\u00ebr do t\u00eb prishte familjen&#039;, Olta falenderon bashk\u00ebshortin - blogin.al\" \/>\n<meta property=\"og:description\" content=\"Olta Gixhari ka qen\u00eb nj\u00eb prej banoreve m\u00eb t\u00eb p\u00ebrfolura t\u00eb Big Brother VIP 2.&nbsp; E ftuar s\u00eb fundmi n\u00eb emisionin \u201cNdryshe\u201d n\u00eb \u201cTop Albania Radio\u201d, Olta ka fal\u00ebnderuar bashk\u00ebshortin sepse n\u00ebse dikush tjet\u00ebr do t\u00eb ishte krah saj, nuk do ta kishte mb\u00ebshtetur si ai. \u201cFal\u00ebnderoj shum\u00eb bashk\u00ebshortin tim. Ai \u00ebsht\u00eb nj\u00eb hero! Jo [&hellip;]\" \/>\n<meta property=\"og:url\" content=\"https:\/\/blogin.al\/?p=42619\" \/>\n<meta property=\"og:site_name\" content=\"blogin.al\" \/>\n<meta property=\"article:published_time\" content=\"2024-01-17T10:09:59+00:00\" \/>\n<meta property=\"article:modified_time\" content=\"2024-01-17T10:10:00+00:00\" \/>\n<meta property=\"og:image\" content=\"https:\/\/blogin.al\/wp-content\/uploads\/2023\/02\/olta-dori.jpeg\" \/>\n\t<meta property=\"og:image:width\" content=\"900\" \/>\n\t<meta property=\"og:image:height\" content=\"704\" \/>\n\t<meta property=\"og:image:type\" content=\"image\/jpeg\" \/>\n<meta name=\"author\" content=\"Blogin al\" \/>\n<meta name=\"twitter:card\" content=\"summary_large_image\" \/>\n<meta name=\"twitter:label1\" content=\"Written by\" \/>\n\t<meta name=\"twitter:data1\" content=\"Blogin al\" \/>\n\t<meta name=\"twitter:label2\" content=\"Est. reading time\" \/>\n\t<meta name=\"twitter:data2\" content=\"1 minute\" \/>\n<script type=\"application\/ld+json\" class=\"yoast-schema-graph\">{\"@context\":\"https:\\\/\\\/schema.org\",\"@graph\":[{\"@type\":\"Article\",\"@id\":\"https:\\\/\\\/blogin.al\\\/?p=42619#article\",\"isPartOf\":{\"@id\":\"https:\\\/\\\/blogin.al\\\/?p=42619\"},\"author\":{\"name\":\"Blogin al\",\"@id\":\"https:\\\/\\\/blogin.al\\\/#\\\/schema\\\/person\\\/abdd56bc912cd511db877b852b115399\"},\"headline\":\"&#8216;Dikush tjet\u00ebr do t\u00eb prishte familjen&#8217;, Olta falenderon bashk\u00ebshortin\",\"datePublished\":\"2024-01-17T10:09:59+00:00\",\"dateModified\":\"2024-01-17T10:10:00+00:00\",\"mainEntityOfPage\":{\"@id\":\"https:\\\/\\\/blogin.al\\\/?p=42619\"},\"wordCount\":135,\"commentCount\":0,\"publisher\":{\"@id\":\"https:\\\/\\\/blogin.al\\\/#organization\"},\"image\":{\"@id\":\"https:\\\/\\\/blogin.al\\\/?p=42619#primaryimage\"},\"thumbnailUrl\":\"https:\\\/\\\/blogin.al\\\/wp-content\\\/uploads\\\/2023\\\/02\\\/olta-dori.jpeg\",\"articleSection\":[\"SHOWBIZ\"],\"inLanguage\":\"en-US\",\"potentialAction\":[{\"@type\":\"CommentAction\",\"name\":\"Comment\",\"target\":[\"https:\\\/\\\/blogin.al\\\/?p=42619#respond\"]}]},{\"@type\":\"WebPage\",\"@id\":\"https:\\\/\\\/blogin.al\\\/?p=42619\",\"url\":\"https:\\\/\\\/blogin.al\\\/?p=42619\",\"name\":\"'Dikush tjet\u00ebr do t\u00eb prishte familjen', Olta falenderon bashk\u00ebshortin - blogin.al\",\"isPartOf\":{\"@id\":\"https:\\\/\\\/blogin.al\\\/#website\"},\"primaryImageOfPage\":{\"@id\":\"https:\\\/\\\/blogin.al\\\/?p=42619#primaryimage\"},\"image\":{\"@id\":\"https:\\\/\\\/blogin.al\\\/?p=42619#primaryimage\"},\"thumbnailUrl\":\"https:\\\/\\\/blogin.al\\\/wp-content\\\/uploads\\\/2023\\\/02\\\/olta-dori.jpeg\",\"datePublished\":\"2024-01-17T10:09:59+00:00\",\"dateModified\":\"2024-01-17T10:10:00+00:00\",\"breadcrumb\":{\"@id\":\"https:\\\/\\\/blogin.al\\\/?p=42619#breadcrumb\"},\"inLanguage\":\"en-US\",\"potentialAction\":[{\"@type\":\"ReadAction\",\"target\":[\"https:\\\/\\\/blogin.al\\\/?p=42619\"]}]},{\"@type\":\"ImageObject\",\"inLanguage\":\"en-US\",\"@id\":\"https:\\\/\\\/blogin.al\\\/?p=42619#primaryimage\",\"url\":\"https:\\\/\\\/blogin.al\\\/wp-content\\\/uploads\\\/2023\\\/02\\\/olta-dori.jpeg\",\"contentUrl\":\"https:\\\/\\\/blogin.al\\\/wp-content\\\/uploads\\\/2023\\\/02\\\/olta-dori.jpeg\",\"width\":900,\"height\":704},{\"@type\":\"BreadcrumbList\",\"@id\":\"https:\\\/\\\/blogin.al\\\/?p=42619#breadcrumb\",\"itemListElement\":[{\"@type\":\"ListItem\",\"position\":1,\"name\":\"Home\",\"item\":\"https:\\\/\\\/blogin.al\\\/\"},{\"@type\":\"ListItem\",\"position\":2,\"name\":\"&#8216;Dikush tjet\u00ebr do t\u00eb prishte familjen&#8217;, Olta falenderon bashk\u00ebshortin\"}]},{\"@type\":\"WebSite\",\"@id\":\"https:\\\/\\\/blogin.al\\\/#website\",\"url\":\"https:\\\/\\\/blogin.al\\\/\",\"name\":\"blogin.al\",\"description\":\"\",\"publisher\":{\"@id\":\"https:\\\/\\\/blogin.al\\\/#organization\"},\"potentialAction\":[{\"@type\":\"SearchAction\",\"target\":{\"@type\":\"EntryPoint\",\"urlTemplate\":\"https:\\\/\\\/blogin.al\\\/?s={search_term_string}\"},\"query-input\":{\"@type\":\"PropertyValueSpecification\",\"valueRequired\":true,\"valueName\":\"search_term_string\"}}],\"inLanguage\":\"en-US\"},{\"@type\":\"Organization\",\"@id\":\"https:\\\/\\\/blogin.al\\\/#organization\",\"name\":\"BLOGIN.al\",\"url\":\"https:\\\/\\\/blogin.al\\\/\",\"logo\":{\"@type\":\"ImageObject\",\"inLanguage\":\"en-US\",\"@id\":\"https:\\\/\\\/blogin.al\\\/#\\\/schema\\\/logo\\\/image\\\/\",\"url\":\"https:\\\/\\\/blogin.al\\\/wp-content\\\/uploads\\\/2022\\\/05\\\/Untitled-2-01-e1652084456514.png\",\"contentUrl\":\"https:\\\/\\\/blogin.al\\\/wp-content\\\/uploads\\\/2022\\\/05\\\/Untitled-2-01-e1652084456514.png\",\"width\":3723,\"height\":1698,\"caption\":\"BLOGIN.al\"},\"image\":{\"@id\":\"https:\\\/\\\/blogin.al\\\/#\\\/schema\\\/logo\\\/image\\\/\"},\"sameAs\":[\"https:\\\/\\\/instagram.com\\\/blogin.al\\\/\"]},{\"@type\":\"Person\",\"@id\":\"https:\\\/\\\/blogin.al\\\/#\\\/schema\\\/person\\\/abdd56bc912cd511db877b852b115399\",\"name\":\"Blogin al\",\"image\":{\"@type\":\"ImageObject\",\"inLanguage\":\"en-US\",\"@id\":\"https:\\\/\\\/secure.gravatar.com\\\/avatar\\\/60d5661aee6e835fb13dc75d2204cd0c1d61bef2efd137c0083e59ef831e235e?s=96&d=mm&r=g\",\"url\":\"https:\\\/\\\/secure.gravatar.com\\\/avatar\\\/60d5661aee6e835fb13dc75d2204cd0c1d61bef2efd137c0083e59ef831e235e?s=96&d=mm&r=g\",\"contentUrl\":\"https:\\\/\\\/secure.gravatar.com\\\/avatar\\\/60d5661aee6e835fb13dc75d2204cd0c1d61bef2efd137c0083e59ef831e235e?s=96&d=mm&r=g\",\"caption\":\"Blogin al\"},\"sameAs\":[\"https:\\\/\\\/blogin.al\"],\"url\":\"https:\\\/\\\/blogin.al\\\/?author=2\"}]}<\/script>\n<!-- \/ Yoast SEO plugin. -->","yoast_head_json":{"title":"'Dikush tjet\u00ebr do t\u00eb prishte familjen', Olta falenderon bashk\u00ebshortin - blogin.al","robots":{"index":"index","follow":"follow","max-snippet":"max-snippet:-1","max-image-preview":"max-image-preview:large","max-video-preview":"max-video-preview:-1"},"canonical":"https:\/\/blogin.al\/?p=42619","og_locale":"en_US","og_type":"article","og_title":"'Dikush tjet\u00ebr do t\u00eb prishte familjen', Olta falenderon bashk\u00ebshortin - blogin.al","og_description":"Olta Gixhari ka qen\u00eb nj\u00eb prej banoreve m\u00eb t\u00eb p\u00ebrfolura t\u00eb Big Brother VIP 2.&nbsp; E ftuar s\u00eb fundmi n\u00eb emisionin \u201cNdryshe\u201d n\u00eb \u201cTop Albania Radio\u201d, Olta ka fal\u00ebnderuar bashk\u00ebshortin sepse n\u00ebse dikush tjet\u00ebr do t\u00eb ishte krah saj, nuk do ta kishte mb\u00ebshtetur si ai. \u201cFal\u00ebnderoj shum\u00eb bashk\u00ebshortin tim. Ai \u00ebsht\u00eb nj\u00eb hero! Jo [&hellip;]","og_url":"https:\/\/blogin.al\/?p=42619","og_site_name":"blogin.al","article_published_time":"2024-01-17T10:09:59+00:00","article_modified_time":"2024-01-17T10:10:00+00:00","og_image":[{"width":900,"height":704,"url":"https:\/\/blogin.al\/wp-content\/uploads\/2023\/02\/olta-dori.jpeg","type":"image\/jpeg"}],"author":"Blogin al","twitter_card":"summary_large_image","twitter_misc":{"Written by":"Blogin al","Est. reading time":"1 minute"},"schema":{"@context":"https:\/\/schema.org","@graph":[{"@type":"Article","@id":"https:\/\/blogin.al\/?p=42619#article","isPartOf":{"@id":"https:\/\/blogin.al\/?p=42619"},"author":{"name":"Blogin al","@id":"https:\/\/blogin.al\/#\/schema\/person\/abdd56bc912cd511db877b852b115399"},"headline":"&#8216;Dikush tjet\u00ebr do t\u00eb prishte familjen&#8217;, Olta falenderon bashk\u00ebshortin","datePublished":"2024-01-17T10:09:59+00:00","dateModified":"2024-01-17T10:10:00+00:00","mainEntityOfPage":{"@id":"https:\/\/blogin.al\/?p=42619"},"wordCount":135,"commentCount":0,"publisher":{"@id":"https:\/\/blogin.al\/#organization"},"image":{"@id":"https:\/\/blogin.al\/?p=42619#primaryimage"},"thumbnailUrl":"https:\/\/blogin.al\/wp-content\/uploads\/2023\/02\/olta-dori.jpeg","articleSection":["SHOWBIZ"],"inLanguage":"en-US","potentialAction":[{"@type":"CommentAction","name":"Comment","target":["https:\/\/blogin.al\/?p=42619#respond"]}]},{"@type":"WebPage","@id":"https:\/\/blogin.al\/?p=42619","url":"https:\/\/blogin.al\/?p=42619","name":"'Dikush tjet\u00ebr do t\u00eb prishte familjen', Olta falenderon bashk\u00ebshortin - blogin.al","isPartOf":{"@id":"https:\/\/blogin.al\/#website"},"primaryImageOfPage":{"@id":"https:\/\/blogin.al\/?p=42619#primaryimage"},"image":{"@id":"https:\/\/blogin.al\/?p=42619#primaryimage"},"thumbnailUrl":"https:\/\/blogin.al\/wp-content\/uploads\/2023\/02\/olta-dori.jpeg","datePublished":"2024-01-17T10:09:59+00:00","dateModified":"2024-01-17T10:10:00+00:00","breadcrumb":{"@id":"https:\/\/blogin.al\/?p=42619#breadcrumb"},"inLanguage":"en-US","potentialAction":[{"@type":"ReadAction","target":["https:\/\/blogin.al\/?p=42619"]}]},{"@type":"ImageObject","inLanguage":"en-US","@id":"https:\/\/blogin.al\/?p=42619#primaryimage","url":"https:\/\/blogin.al\/wp-content\/uploads\/2023\/02\/olta-dori.jpeg","contentUrl":"https:\/\/blogin.al\/wp-content\/uploads\/2023\/02\/olta-dori.jpeg","width":900,"height":704},{"@type":"BreadcrumbList","@id":"https:\/\/blogin.al\/?p=42619#breadcrumb","itemListElement":[{"@type":"ListItem","position":1,"name":"Home","item":"https:\/\/blogin.al\/"},{"@type":"ListItem","position":2,"name":"&#8216;Dikush tjet\u00ebr do t\u00eb prishte familjen&#8217;, Olta falenderon bashk\u00ebshortin"}]},{"@type":"WebSite","@id":"https:\/\/blogin.al\/#website","url":"https:\/\/blogin.al\/","name":"blogin.al","description":"","publisher":{"@id":"https:\/\/blogin.al\/#organization"},"potentialAction":[{"@type":"SearchAction","target":{"@type":"EntryPoint","urlTemplate":"https:\/\/blogin.al\/?s={search_term_string}"},"query-input":{"@type":"PropertyValueSpecification","valueRequired":true,"valueName":"search_term_string"}}],"inLanguage":"en-US"},{"@type":"Organization","@id":"https:\/\/blogin.al\/#organization","name":"BLOGIN.al","url":"https:\/\/blogin.al\/","logo":{"@type":"ImageObject","inLanguage":"en-US","@id":"https:\/\/blogin.al\/#\/schema\/logo\/image\/","url":"https:\/\/blogin.al\/wp-content\/uploads\/2022\/05\/Untitled-2-01-e1652084456514.png","contentUrl":"https:\/\/blogin.al\/wp-content\/uploads\/2022\/05\/Untitled-2-01-e1652084456514.png","width":3723,"height":1698,"caption":"BLOGIN.al"},"image":{"@id":"https:\/\/blogin.al\/#\/schema\/logo\/image\/"},"sameAs":["https:\/\/instagram.com\/blogin.al\/"]},{"@type":"Person","@id":"https:\/\/blogin.al\/#\/schema\/person\/abdd56bc912cd511db877b852b115399","name":"Blogin al","image":{"@type":"ImageObject","inLanguage":"en-US","@id":"https:\/\/secure.gravatar.com\/avatar\/60d5661aee6e835fb13dc75d2204cd0c1d61bef2efd137c0083e59ef831e235e?s=96&d=mm&r=g","url":"https:\/\/secure.gravatar.com\/avatar\/60d5661aee6e835fb13dc75d2204cd0c1d61bef2efd137c0083e59ef831e235e?s=96&d=mm&r=g","contentUrl":"https:\/\/secure.gravatar.com\/avatar\/60d5661aee6e835fb13dc75d2204cd0c1d61bef2efd137c0083e59ef831e235e?s=96&d=mm&r=g","caption":"Blogin al"},"sameAs":["https:\/\/blogin.al"],"url":"https:\/\/blogin.al\/?author=2"}]}},"_links":{"self":[{"href":"https:\/\/blogin.al\/index.php?rest_route=\/wp\/v2\/posts\/42619","targetHints":{"allow":["GET"]}}],"collection":[{"href":"https:\/\/blogin.al\/index.php?rest_route=\/wp\/v2\/posts"}],"about":[{"href":"https:\/\/blogin.al\/index.php?rest_route=\/wp\/v2\/types\/post"}],"author":[{"embeddable":true,"href":"https:\/\/blogin.al\/index.php?rest_route=\/wp\/v2\/users\/2"}],"replies":[{"embeddable":true,"href":"https:\/\/blogin.al\/index.php?rest_route=%2Fwp%2Fv2%2Fcomments&post=42619"}],"version-history":[{"count":1,"href":"https:\/\/blogin.al\/index.php?rest_route=\/wp\/v2\/posts\/42619\/revisions"}],"predecessor-version":[{"id":42620,"href":"https:\/\/blogin.al\/index.php?rest_route=\/wp\/v2\/posts\/42619\/revisions\/42620"}],"wp:featuredmedia":[{"embeddable":true,"href":"https:\/\/blogin.al\/index.php?rest_route=\/wp\/v2\/media\/23929"}],"wp:attachment":[{"href":"https:\/\/blogin.al\/index.php?rest_route=%2Fwp%2Fv2%2Fmedia&parent=42619"}],"wp:term":[{"taxonomy":"category","embeddable":true,"href":"https:\/\/blogin.al\/index.php?rest_route=%2Fwp%2Fv2%2Fcategories&post=42619"},{"taxonomy":"post_tag","embeddable":true,"href":"https:\/\/blogin.al\/index.php?rest_route=%2Fwp%2Fv2%2Ftags&post=42619"}],"curies":[{"name":"wp","href":"https:\/\/api.w.org\/{rel}","templated":true}]}}