{"id":42645,"date":"2024-01-17T15:08:29","date_gmt":"2024-01-17T15:08:29","guid":{"rendered":"https:\/\/blogin.al\/?p=42645"},"modified":"2024-01-17T15:08:32","modified_gmt":"2024-01-17T15:08:32","slug":"santiana-perlot-me-rrefimin-e-saj-kam-kaluar-kancer-ne-moshen-18-vjecare","status":"publish","type":"post","link":"https:\/\/blogin.al\/?p=42645","title":{"rendered":"Santiana p\u00ebrlot me rr\u00ebfimin e saj: \u201cKam kaluar kancer n\u00eb mosh\u00ebn 18-vje\u00e7are\u201d"},"content":{"rendered":"\n<p>Banorja e Big Brother Vip Kosova, Santiana, ka ndar\u00eb nj\u00eb moment t\u00eb jasht\u00ebzakonsh\u00ebm personal me shikuesit, duke treguar p\u00ebrballjen e saj me kancerin e gjirit. N\u00eb mosh\u00ebn 18-vje\u00e7are, ajo u p\u00ebrball me lajmin q\u00eb askush nuk d\u00ebshiron t\u00eb d\u00ebgjoj\u00eb: e diagnostikuar me kancer.<\/p>\n\n\n\n<p>Santiana tregon se fillimisht dyshimet p\u00ebr sh\u00ebndetin e saj filluan pasi kishte v\u00ebrejtur ndryshime n\u00eb trupin e saj.<\/p>\n\n\n\n<blockquote class=\"wp-block-quote is-layout-flow wp-block-quote-is-layout-flow\">\n<p>\u201cGjith\u00e7ka filloi me nj\u00eb prekje t\u00eb thjesht\u00eb q\u00eb m\u00eb dha sinjalin e par\u00eb se di\u00e7ka me gjoksin tim nuk ishte si duhet\u201d, shpjegon ajo. Pasi v\u00ebrejti ndryshimet, ajo iu n\u00ebnshtrua nj\u00eb s\u00ebr\u00eb procedurave mjek\u00ebsore, t\u00eb cilat n\u00eb fund t\u00eb fundit zbuluan se kanceri ishte n\u00eb fazat e tij fillestare.<\/p>\n<\/blockquote>\n\n\n\n<figure class=\"wp-block-embed is-type-video is-provider-youtube wp-block-embed-youtube wp-embed-aspect-16-9 wp-has-aspect-ratio\"><div class=\"wp-block-embed__wrapper\">\n<iframe title=\"Santiana rr\u00ebfen koh\u00ebn e dhimbshme kur e kuptoi q\u00eb kishte kancer n\u00eb mosh\u00ebn 18 vje\u00e7are\" width=\"696\" height=\"392\" src=\"https:\/\/www.youtube.com\/embed\/YI-gQZ5p3iw?feature=oembed\" frameborder=\"0\" allow=\"accelerometer; autoplay; clipboard-write; encrypted-media; gyroscope; picture-in-picture; web-share\" allowfullscreen><\/iframe>\n<\/div><\/figure>\n","protected":false},"excerpt":{"rendered":"<p>Banorja e Big Brother Vip Kosova, Santiana, ka ndar\u00eb nj\u00eb moment t\u00eb jasht\u00ebzakonsh\u00ebm personal me shikuesit, duke treguar p\u00ebrballjen e saj me kancerin e gjirit. N\u00eb mosh\u00ebn 18-vje\u00e7are, ajo u p\u00ebrball me lajmin q\u00eb askush nuk d\u00ebshiron t\u00eb d\u00ebgjoj\u00eb: e diagnostikuar me kancer. Santiana tregon se fillimisht dyshimet p\u00ebr sh\u00ebndetin e saj filluan pasi kishte [&hellip;]<\/p>\n","protected":false},"author":2,"featured_media":40265,"comment_status":"open","ping_status":"open","sticky":false,"template":"","format":"standard","meta":{"footnotes":""},"categories":[33],"tags":[],"class_list":{"0":"post-42645","1":"post","2":"type-post","3":"status-publish","4":"format-standard","5":"has-post-thumbnail","7":"category-showbiz"},"yoast_head":"<!-- This site is optimized with the Yoast SEO plugin v27.4 - https:\/\/yoast.com\/product\/yoast-seo-wordpress\/ -->\n<title>Santiana p\u00ebrlot me rr\u00ebfimin e saj: \u201cKam kaluar kancer n\u00eb mosh\u00ebn 18-vje\u00e7are\u201d - blogin.al<\/title>\n<meta name=\"robots\" content=\"index, follow, max-snippet:-1, max-image-preview:large, max-video-preview:-1\" \/>\n<link rel=\"canonical\" href=\"https:\/\/blogin.al\/?p=42645\" \/>\n<meta property=\"og:locale\" content=\"en_US\" \/>\n<meta property=\"og:type\" content=\"article\" \/>\n<meta property=\"og:title\" content=\"Santiana p\u00ebrlot me rr\u00ebfimin e saj: \u201cKam kaluar kancer n\u00eb mosh\u00ebn 18-vje\u00e7are\u201d - blogin.al\" \/>\n<meta property=\"og:description\" content=\"Banorja e Big Brother Vip Kosova, Santiana, ka ndar\u00eb nj\u00eb moment t\u00eb jasht\u00ebzakonsh\u00ebm personal me shikuesit, duke treguar p\u00ebrballjen e saj me kancerin e gjirit. N\u00eb mosh\u00ebn 18-vje\u00e7are, ajo u p\u00ebrball me lajmin q\u00eb askush nuk d\u00ebshiron t\u00eb d\u00ebgjoj\u00eb: e diagnostikuar me kancer. Santiana tregon se fillimisht dyshimet p\u00ebr sh\u00ebndetin e saj filluan pasi kishte [&hellip;]\" \/>\n<meta property=\"og:url\" content=\"https:\/\/blogin.al\/?p=42645\" \/>\n<meta property=\"og:site_name\" content=\"blogin.al\" \/>\n<meta property=\"article:published_time\" content=\"2024-01-17T15:08:29+00:00\" \/>\n<meta property=\"article:modified_time\" content=\"2024-01-17T15:08:32+00:00\" \/>\n<meta property=\"og:image\" content=\"https:\/\/blogin.al\/wp-content\/uploads\/2023\/11\/image-126.png\" \/>\n\t<meta property=\"og:image:width\" content=\"1003\" \/>\n\t<meta property=\"og:image:height\" content=\"727\" \/>\n\t<meta property=\"og:image:type\" content=\"image\/png\" \/>\n<meta name=\"author\" content=\"Blogin al\" \/>\n<meta name=\"twitter:card\" content=\"summary_large_image\" \/>\n<meta name=\"twitter:label1\" content=\"Written by\" \/>\n\t<meta name=\"twitter:data1\" content=\"Blogin al\" \/>\n\t<meta name=\"twitter:label2\" content=\"Est. reading time\" \/>\n\t<meta name=\"twitter:data2\" content=\"1 minute\" \/>\n<script type=\"application\/ld+json\" class=\"yoast-schema-graph\">{\"@context\":\"https:\\\/\\\/schema.org\",\"@graph\":[{\"@type\":\"Article\",\"@id\":\"https:\\\/\\\/blogin.al\\\/?p=42645#article\",\"isPartOf\":{\"@id\":\"https:\\\/\\\/blogin.al\\\/?p=42645\"},\"author\":{\"name\":\"Blogin al\",\"@id\":\"https:\\\/\\\/blogin.al\\\/#\\\/schema\\\/person\\\/abdd56bc912cd511db877b852b115399\"},\"headline\":\"Santiana p\u00ebrlot me rr\u00ebfimin e saj: \u201cKam kaluar kancer n\u00eb mosh\u00ebn 18-vje\u00e7are\u201d\",\"datePublished\":\"2024-01-17T15:08:29+00:00\",\"dateModified\":\"2024-01-17T15:08:32+00:00\",\"mainEntityOfPage\":{\"@id\":\"https:\\\/\\\/blogin.al\\\/?p=42645\"},\"wordCount\":153,\"commentCount\":0,\"publisher\":{\"@id\":\"https:\\\/\\\/blogin.al\\\/#organization\"},\"image\":{\"@id\":\"https:\\\/\\\/blogin.al\\\/?p=42645#primaryimage\"},\"thumbnailUrl\":\"https:\\\/\\\/blogin.al\\\/wp-content\\\/uploads\\\/2023\\\/11\\\/image-126.png\",\"articleSection\":[\"SHOWBIZ\"],\"inLanguage\":\"en-US\",\"potentialAction\":[{\"@type\":\"CommentAction\",\"name\":\"Comment\",\"target\":[\"https:\\\/\\\/blogin.al\\\/?p=42645#respond\"]}]},{\"@type\":\"WebPage\",\"@id\":\"https:\\\/\\\/blogin.al\\\/?p=42645\",\"url\":\"https:\\\/\\\/blogin.al\\\/?p=42645\",\"name\":\"Santiana p\u00ebrlot me rr\u00ebfimin e saj: \u201cKam kaluar kancer n\u00eb mosh\u00ebn 18-vje\u00e7are\u201d - blogin.al\",\"isPartOf\":{\"@id\":\"https:\\\/\\\/blogin.al\\\/#website\"},\"primaryImageOfPage\":{\"@id\":\"https:\\\/\\\/blogin.al\\\/?p=42645#primaryimage\"},\"image\":{\"@id\":\"https:\\\/\\\/blogin.al\\\/?p=42645#primaryimage\"},\"thumbnailUrl\":\"https:\\\/\\\/blogin.al\\\/wp-content\\\/uploads\\\/2023\\\/11\\\/image-126.png\",\"datePublished\":\"2024-01-17T15:08:29+00:00\",\"dateModified\":\"2024-01-17T15:08:32+00:00\",\"breadcrumb\":{\"@id\":\"https:\\\/\\\/blogin.al\\\/?p=42645#breadcrumb\"},\"inLanguage\":\"en-US\",\"potentialAction\":[{\"@type\":\"ReadAction\",\"target\":[\"https:\\\/\\\/blogin.al\\\/?p=42645\"]}]},{\"@type\":\"ImageObject\",\"inLanguage\":\"en-US\",\"@id\":\"https:\\\/\\\/blogin.al\\\/?p=42645#primaryimage\",\"url\":\"https:\\\/\\\/blogin.al\\\/wp-content\\\/uploads\\\/2023\\\/11\\\/image-126.png\",\"contentUrl\":\"https:\\\/\\\/blogin.al\\\/wp-content\\\/uploads\\\/2023\\\/11\\\/image-126.png\",\"width\":1003,\"height\":727},{\"@type\":\"BreadcrumbList\",\"@id\":\"https:\\\/\\\/blogin.al\\\/?p=42645#breadcrumb\",\"itemListElement\":[{\"@type\":\"ListItem\",\"position\":1,\"name\":\"Home\",\"item\":\"https:\\\/\\\/blogin.al\\\/\"},{\"@type\":\"ListItem\",\"position\":2,\"name\":\"Santiana p\u00ebrlot me rr\u00ebfimin e saj: \u201cKam kaluar kancer n\u00eb mosh\u00ebn 18-vje\u00e7are\u201d\"}]},{\"@type\":\"WebSite\",\"@id\":\"https:\\\/\\\/blogin.al\\\/#website\",\"url\":\"https:\\\/\\\/blogin.al\\\/\",\"name\":\"blogin.al\",\"description\":\"\",\"publisher\":{\"@id\":\"https:\\\/\\\/blogin.al\\\/#organization\"},\"potentialAction\":[{\"@type\":\"SearchAction\",\"target\":{\"@type\":\"EntryPoint\",\"urlTemplate\":\"https:\\\/\\\/blogin.al\\\/?s={search_term_string}\"},\"query-input\":{\"@type\":\"PropertyValueSpecification\",\"valueRequired\":true,\"valueName\":\"search_term_string\"}}],\"inLanguage\":\"en-US\"},{\"@type\":\"Organization\",\"@id\":\"https:\\\/\\\/blogin.al\\\/#organization\",\"name\":\"BLOGIN.al\",\"url\":\"https:\\\/\\\/blogin.al\\\/\",\"logo\":{\"@type\":\"ImageObject\",\"inLanguage\":\"en-US\",\"@id\":\"https:\\\/\\\/blogin.al\\\/#\\\/schema\\\/logo\\\/image\\\/\",\"url\":\"https:\\\/\\\/blogin.al\\\/wp-content\\\/uploads\\\/2022\\\/05\\\/Untitled-2-01-e1652084456514.png\",\"contentUrl\":\"https:\\\/\\\/blogin.al\\\/wp-content\\\/uploads\\\/2022\\\/05\\\/Untitled-2-01-e1652084456514.png\",\"width\":3723,\"height\":1698,\"caption\":\"BLOGIN.al\"},\"image\":{\"@id\":\"https:\\\/\\\/blogin.al\\\/#\\\/schema\\\/logo\\\/image\\\/\"},\"sameAs\":[\"https:\\\/\\\/instagram.com\\\/blogin.al\\\/\"]},{\"@type\":\"Person\",\"@id\":\"https:\\\/\\\/blogin.al\\\/#\\\/schema\\\/person\\\/abdd56bc912cd511db877b852b115399\",\"name\":\"Blogin al\",\"image\":{\"@type\":\"ImageObject\",\"inLanguage\":\"en-US\",\"@id\":\"https:\\\/\\\/secure.gravatar.com\\\/avatar\\\/60d5661aee6e835fb13dc75d2204cd0c1d61bef2efd137c0083e59ef831e235e?s=96&d=mm&r=g\",\"url\":\"https:\\\/\\\/secure.gravatar.com\\\/avatar\\\/60d5661aee6e835fb13dc75d2204cd0c1d61bef2efd137c0083e59ef831e235e?s=96&d=mm&r=g\",\"contentUrl\":\"https:\\\/\\\/secure.gravatar.com\\\/avatar\\\/60d5661aee6e835fb13dc75d2204cd0c1d61bef2efd137c0083e59ef831e235e?s=96&d=mm&r=g\",\"caption\":\"Blogin al\"},\"sameAs\":[\"https:\\\/\\\/blogin.al\"],\"url\":\"https:\\\/\\\/blogin.al\\\/?author=2\"}]}<\/script>\n<!-- \/ Yoast SEO plugin. -->","yoast_head_json":{"title":"Santiana p\u00ebrlot me rr\u00ebfimin e saj: \u201cKam kaluar kancer n\u00eb mosh\u00ebn 18-vje\u00e7are\u201d - blogin.al","robots":{"index":"index","follow":"follow","max-snippet":"max-snippet:-1","max-image-preview":"max-image-preview:large","max-video-preview":"max-video-preview:-1"},"canonical":"https:\/\/blogin.al\/?p=42645","og_locale":"en_US","og_type":"article","og_title":"Santiana p\u00ebrlot me rr\u00ebfimin e saj: \u201cKam kaluar kancer n\u00eb mosh\u00ebn 18-vje\u00e7are\u201d - blogin.al","og_description":"Banorja e Big Brother Vip Kosova, Santiana, ka ndar\u00eb nj\u00eb moment t\u00eb jasht\u00ebzakonsh\u00ebm personal me shikuesit, duke treguar p\u00ebrballjen e saj me kancerin e gjirit. N\u00eb mosh\u00ebn 18-vje\u00e7are, ajo u p\u00ebrball me lajmin q\u00eb askush nuk d\u00ebshiron t\u00eb d\u00ebgjoj\u00eb: e diagnostikuar me kancer. Santiana tregon se fillimisht dyshimet p\u00ebr sh\u00ebndetin e saj filluan pasi kishte [&hellip;]","og_url":"https:\/\/blogin.al\/?p=42645","og_site_name":"blogin.al","article_published_time":"2024-01-17T15:08:29+00:00","article_modified_time":"2024-01-17T15:08:32+00:00","og_image":[{"width":1003,"height":727,"url":"https:\/\/blogin.al\/wp-content\/uploads\/2023\/11\/image-126.png","type":"image\/png"}],"author":"Blogin al","twitter_card":"summary_large_image","twitter_misc":{"Written by":"Blogin al","Est. reading time":"1 minute"},"schema":{"@context":"https:\/\/schema.org","@graph":[{"@type":"Article","@id":"https:\/\/blogin.al\/?p=42645#article","isPartOf":{"@id":"https:\/\/blogin.al\/?p=42645"},"author":{"name":"Blogin al","@id":"https:\/\/blogin.al\/#\/schema\/person\/abdd56bc912cd511db877b852b115399"},"headline":"Santiana p\u00ebrlot me rr\u00ebfimin e saj: \u201cKam kaluar kancer n\u00eb mosh\u00ebn 18-vje\u00e7are\u201d","datePublished":"2024-01-17T15:08:29+00:00","dateModified":"2024-01-17T15:08:32+00:00","mainEntityOfPage":{"@id":"https:\/\/blogin.al\/?p=42645"},"wordCount":153,"commentCount":0,"publisher":{"@id":"https:\/\/blogin.al\/#organization"},"image":{"@id":"https:\/\/blogin.al\/?p=42645#primaryimage"},"thumbnailUrl":"https:\/\/blogin.al\/wp-content\/uploads\/2023\/11\/image-126.png","articleSection":["SHOWBIZ"],"inLanguage":"en-US","potentialAction":[{"@type":"CommentAction","name":"Comment","target":["https:\/\/blogin.al\/?p=42645#respond"]}]},{"@type":"WebPage","@id":"https:\/\/blogin.al\/?p=42645","url":"https:\/\/blogin.al\/?p=42645","name":"Santiana p\u00ebrlot me rr\u00ebfimin e saj: \u201cKam kaluar kancer n\u00eb mosh\u00ebn 18-vje\u00e7are\u201d - blogin.al","isPartOf":{"@id":"https:\/\/blogin.al\/#website"},"primaryImageOfPage":{"@id":"https:\/\/blogin.al\/?p=42645#primaryimage"},"image":{"@id":"https:\/\/blogin.al\/?p=42645#primaryimage"},"thumbnailUrl":"https:\/\/blogin.al\/wp-content\/uploads\/2023\/11\/image-126.png","datePublished":"2024-01-17T15:08:29+00:00","dateModified":"2024-01-17T15:08:32+00:00","breadcrumb":{"@id":"https:\/\/blogin.al\/?p=42645#breadcrumb"},"inLanguage":"en-US","potentialAction":[{"@type":"ReadAction","target":["https:\/\/blogin.al\/?p=42645"]}]},{"@type":"ImageObject","inLanguage":"en-US","@id":"https:\/\/blogin.al\/?p=42645#primaryimage","url":"https:\/\/blogin.al\/wp-content\/uploads\/2023\/11\/image-126.png","contentUrl":"https:\/\/blogin.al\/wp-content\/uploads\/2023\/11\/image-126.png","width":1003,"height":727},{"@type":"BreadcrumbList","@id":"https:\/\/blogin.al\/?p=42645#breadcrumb","itemListElement":[{"@type":"ListItem","position":1,"name":"Home","item":"https:\/\/blogin.al\/"},{"@type":"ListItem","position":2,"name":"Santiana p\u00ebrlot me rr\u00ebfimin e saj: \u201cKam kaluar kancer n\u00eb mosh\u00ebn 18-vje\u00e7are\u201d"}]},{"@type":"WebSite","@id":"https:\/\/blogin.al\/#website","url":"https:\/\/blogin.al\/","name":"blogin.al","description":"","publisher":{"@id":"https:\/\/blogin.al\/#organization"},"potentialAction":[{"@type":"SearchAction","target":{"@type":"EntryPoint","urlTemplate":"https:\/\/blogin.al\/?s={search_term_string}"},"query-input":{"@type":"PropertyValueSpecification","valueRequired":true,"valueName":"search_term_string"}}],"inLanguage":"en-US"},{"@type":"Organization","@id":"https:\/\/blogin.al\/#organization","name":"BLOGIN.al","url":"https:\/\/blogin.al\/","logo":{"@type":"ImageObject","inLanguage":"en-US","@id":"https:\/\/blogin.al\/#\/schema\/logo\/image\/","url":"https:\/\/blogin.al\/wp-content\/uploads\/2022\/05\/Untitled-2-01-e1652084456514.png","contentUrl":"https:\/\/blogin.al\/wp-content\/uploads\/2022\/05\/Untitled-2-01-e1652084456514.png","width":3723,"height":1698,"caption":"BLOGIN.al"},"image":{"@id":"https:\/\/blogin.al\/#\/schema\/logo\/image\/"},"sameAs":["https:\/\/instagram.com\/blogin.al\/"]},{"@type":"Person","@id":"https:\/\/blogin.al\/#\/schema\/person\/abdd56bc912cd511db877b852b115399","name":"Blogin al","image":{"@type":"ImageObject","inLanguage":"en-US","@id":"https:\/\/secure.gravatar.com\/avatar\/60d5661aee6e835fb13dc75d2204cd0c1d61bef2efd137c0083e59ef831e235e?s=96&d=mm&r=g","url":"https:\/\/secure.gravatar.com\/avatar\/60d5661aee6e835fb13dc75d2204cd0c1d61bef2efd137c0083e59ef831e235e?s=96&d=mm&r=g","contentUrl":"https:\/\/secure.gravatar.com\/avatar\/60d5661aee6e835fb13dc75d2204cd0c1d61bef2efd137c0083e59ef831e235e?s=96&d=mm&r=g","caption":"Blogin al"},"sameAs":["https:\/\/blogin.al"],"url":"https:\/\/blogin.al\/?author=2"}]}},"_links":{"self":[{"href":"https:\/\/blogin.al\/index.php?rest_route=\/wp\/v2\/posts\/42645","targetHints":{"allow":["GET"]}}],"collection":[{"href":"https:\/\/blogin.al\/index.php?rest_route=\/wp\/v2\/posts"}],"about":[{"href":"https:\/\/blogin.al\/index.php?rest_route=\/wp\/v2\/types\/post"}],"author":[{"embeddable":true,"href":"https:\/\/blogin.al\/index.php?rest_route=\/wp\/v2\/users\/2"}],"replies":[{"embeddable":true,"href":"https:\/\/blogin.al\/index.php?rest_route=%2Fwp%2Fv2%2Fcomments&post=42645"}],"version-history":[{"count":1,"href":"https:\/\/blogin.al\/index.php?rest_route=\/wp\/v2\/posts\/42645\/revisions"}],"predecessor-version":[{"id":42646,"href":"https:\/\/blogin.al\/index.php?rest_route=\/wp\/v2\/posts\/42645\/revisions\/42646"}],"wp:featuredmedia":[{"embeddable":true,"href":"https:\/\/blogin.al\/index.php?rest_route=\/wp\/v2\/media\/40265"}],"wp:attachment":[{"href":"https:\/\/blogin.al\/index.php?rest_route=%2Fwp%2Fv2%2Fmedia&parent=42645"}],"wp:term":[{"taxonomy":"category","embeddable":true,"href":"https:\/\/blogin.al\/index.php?rest_route=%2Fwp%2Fv2%2Fcategories&post=42645"},{"taxonomy":"post_tag","embeddable":true,"href":"https:\/\/blogin.al\/index.php?rest_route=%2Fwp%2Fv2%2Ftags&post=42645"}],"curies":[{"name":"wp","href":"https:\/\/api.w.org\/{rel}","templated":true}]}}