{"id":42653,"date":"2024-01-18T08:21:00","date_gmt":"2024-01-18T08:21:00","guid":{"rendered":"https:\/\/blogin.al\/?p=42653"},"modified":"2024-01-18T08:35:14","modified_gmt":"2024-01-18T08:35:14","slug":"faton-shoshi-sqaron-ekskluzivisht-gjithcka-per-lidhjen-e-ledrit-dhe-sares-ku-nuk-le-pa-permendur-dafinen","status":"publish","type":"post","link":"https:\/\/blogin.al\/?p=42653","title":{"rendered":"Faton Shoshi sqaron gjith\u00e7ka p\u00ebr lidhjen e Ledrit dhe Sar\u00ebs ku nuk l\u00eb pa p\u00ebrmendur Dafin\u00ebn!"},"content":{"rendered":"\n<p>I ftuar mbr\u00ebmjen e djeshme n\u00eb emisionin \u201cPardon My French\u201d n\u00ebp\u00ebrmjet nj\u00eb lidhjeje telefonike ka qen\u00eb Faton Shoshi. Kujtojm\u00eb se ai ka qen\u00eb menaxher i Ledrit p\u00ebr vite me radh\u00eb dhe m\u00eb pas i dhan\u00eb fund bashk\u00ebpunimit, ndon\u00ebse mbet\u00ebn miq. N\u00eb tetor t\u00eb vitit 2023, n\u00eb nj\u00eb intervist\u00eb konfirmoi\u00a0se ka marr\u00eb s\u00ebrish Ledrin n\u00eb menaxhim.<\/p>\n\n\n\n<p>\u00cbsht\u00eb diskutuar n\u00eb rrjet dhe n\u00eb media sociale dhe kan\u00eb dal\u00eb shum\u00eb z\u00ebra q\u00eb qarkullojn\u00eb se ndarja e p\u00ebrfolur mes Ledrit dhe Sar\u00ebs \u00ebsht\u00eb nj\u00eb \u201cvep\u00ebr\u201d e krijuar prej tij.<\/p>\n\n\n\n<blockquote class=\"wp-block-quote is-layout-flow wp-block-quote-is-layout-flow\">\n<p><em>Nuk e di pse e kemi pasur nevoj\u00eb p\u00ebr t\u00eb b\u00ebr\u00eb k\u00ebt\u00eb vep\u00ebr. Un\u00eb kur i shoh k\u00ebto artikuj dhe k\u00ebto gazetar\u00eb kur shkruajn\u00eb n\u00eb em\u00ebr dhe si e marrin guximin q\u00eb t\u00eb shkruajn\u00eb dhe po tregojn\u00eb histori po befasohem. Edhe un\u00eb jam i rezervuar kur flas p\u00ebr jet\u00ebn private t\u00eb Ledrit edhe t\u00eb Sar\u00ebs, por t\u00eb flas\u00eb dikush i krahut t\u00eb tret\u00eb\u2026<\/em><\/p>\n\n\n\n<p><em>P\u00ebrkundrazi nuk e din\u00eb q\u00eb un\u00eb me Dafin\u00ebn e kam shum\u00eb mir\u00eb dhe e respektoj shum\u00eb dhe \u00ebsht\u00eb nj\u00eb prej shtyllave shum\u00eb t\u00eb forta q\u00eb kam pasur n\u00eb showbiz. Kam pasur nj\u00eb p\u00ebrkrahje q\u00eb n\u00eb fillim prej saj. E respektoj dhe e vler\u00ebsoj shum\u00eb edhe si artiste edhe si njeri dhe nuk ka shanse kurr\u00eb t\u00eb b\u00ebj di\u00e7ka kund\u00ebr saj. M\u00eb ka dh\u00ebn\u00eb shum\u00eb shtys\u00eb n\u00eb fillim q\u00eb t\u00eb jem menaxheri q\u00eb jam sot.&nbsp; Plus edhe di\u00e7ka tjet\u00ebr. I dashuri i Dafin\u00ebs \u00ebsht\u00eb shok i imi shum\u00eb i mir\u00eb q\u00eb prej f\u00ebmij\u00ebris\u00eb, kemi raporte shum\u00eb t\u00eb mira.&nbsp;<\/em>Jan\u00eb vet\u00ebm fjal\u00eb, un\u00eb Dafin\u00ebn e shoh si pjes\u00eb t\u00eb ekipit ton\u00eb.<\/p>\n<\/blockquote>\n","protected":false},"excerpt":{"rendered":"<p>I ftuar mbr\u00ebmjen e djeshme n\u00eb emisionin \u201cPardon My French\u201d n\u00ebp\u00ebrmjet nj\u00eb lidhjeje telefonike ka qen\u00eb Faton Shoshi. Kujtojm\u00eb se ai ka qen\u00eb menaxher i Ledrit p\u00ebr vite me radh\u00eb dhe m\u00eb pas i dhan\u00eb fund bashk\u00ebpunimit, ndon\u00ebse mbet\u00ebn miq. N\u00eb tetor t\u00eb vitit 2023, n\u00eb nj\u00eb intervist\u00eb konfirmoi\u00a0se ka marr\u00eb s\u00ebrish Ledrin n\u00eb menaxhim. [&hellip;]<\/p>\n","protected":false},"author":2,"featured_media":42654,"comment_status":"open","ping_status":"open","sticky":false,"template":"","format":"standard","meta":{"footnotes":""},"categories":[33],"tags":[],"class_list":{"0":"post-42653","1":"post","2":"type-post","3":"status-publish","4":"format-standard","5":"has-post-thumbnail","7":"category-showbiz"},"yoast_head":"<!-- This site is optimized with the Yoast SEO plugin v27.4 - https:\/\/yoast.com\/product\/yoast-seo-wordpress\/ -->\n<title>Faton Shoshi sqaron gjith\u00e7ka p\u00ebr lidhjen e Ledrit dhe Sar\u00ebs ku nuk l\u00eb pa p\u00ebrmendur Dafin\u00ebn! - blogin.al<\/title>\n<meta name=\"robots\" content=\"index, follow, max-snippet:-1, max-image-preview:large, max-video-preview:-1\" \/>\n<link rel=\"canonical\" href=\"https:\/\/blogin.al\/?p=42653\" \/>\n<meta property=\"og:locale\" content=\"en_US\" \/>\n<meta property=\"og:type\" content=\"article\" \/>\n<meta property=\"og:title\" content=\"Faton Shoshi sqaron gjith\u00e7ka p\u00ebr lidhjen e Ledrit dhe Sar\u00ebs ku nuk l\u00eb pa p\u00ebrmendur Dafin\u00ebn! - blogin.al\" \/>\n<meta property=\"og:description\" content=\"I ftuar mbr\u00ebmjen e djeshme n\u00eb emisionin \u201cPardon My French\u201d n\u00ebp\u00ebrmjet nj\u00eb lidhjeje telefonike ka qen\u00eb Faton Shoshi. Kujtojm\u00eb se ai ka qen\u00eb menaxher i Ledrit p\u00ebr vite me radh\u00eb dhe m\u00eb pas i dhan\u00eb fund bashk\u00ebpunimit, ndon\u00ebse mbet\u00ebn miq. N\u00eb tetor t\u00eb vitit 2023, n\u00eb nj\u00eb intervist\u00eb konfirmoi\u00a0se ka marr\u00eb s\u00ebrish Ledrin n\u00eb menaxhim. [&hellip;]\" \/>\n<meta property=\"og:url\" content=\"https:\/\/blogin.al\/?p=42653\" \/>\n<meta property=\"og:site_name\" content=\"blogin.al\" \/>\n<meta property=\"article:published_time\" content=\"2024-01-18T08:21:00+00:00\" \/>\n<meta property=\"article:modified_time\" content=\"2024-01-18T08:35:14+00:00\" \/>\n<meta property=\"og:image\" content=\"https:\/\/blogin.al\/wp-content\/uploads\/2024\/01\/image-92.png\" \/>\n\t<meta property=\"og:image:width\" content=\"785\" \/>\n\t<meta property=\"og:image:height\" content=\"578\" \/>\n\t<meta property=\"og:image:type\" content=\"image\/png\" \/>\n<meta name=\"author\" content=\"Blogin al\" \/>\n<meta name=\"twitter:card\" content=\"summary_large_image\" \/>\n<meta name=\"twitter:label1\" content=\"Written by\" \/>\n\t<meta name=\"twitter:data1\" content=\"Blogin al\" \/>\n\t<meta name=\"twitter:label2\" content=\"Est. reading time\" \/>\n\t<meta name=\"twitter:data2\" content=\"1 minute\" \/>\n<script type=\"application\/ld+json\" class=\"yoast-schema-graph\">{\"@context\":\"https:\\\/\\\/schema.org\",\"@graph\":[{\"@type\":\"Article\",\"@id\":\"https:\\\/\\\/blogin.al\\\/?p=42653#article\",\"isPartOf\":{\"@id\":\"https:\\\/\\\/blogin.al\\\/?p=42653\"},\"author\":{\"name\":\"Blogin al\",\"@id\":\"https:\\\/\\\/blogin.al\\\/#\\\/schema\\\/person\\\/abdd56bc912cd511db877b852b115399\"},\"headline\":\"Faton Shoshi sqaron gjith\u00e7ka p\u00ebr lidhjen e Ledrit dhe Sar\u00ebs ku nuk l\u00eb pa p\u00ebrmendur Dafin\u00ebn!\",\"datePublished\":\"2024-01-18T08:21:00+00:00\",\"dateModified\":\"2024-01-18T08:35:14+00:00\",\"mainEntityOfPage\":{\"@id\":\"https:\\\/\\\/blogin.al\\\/?p=42653\"},\"wordCount\":317,\"commentCount\":0,\"publisher\":{\"@id\":\"https:\\\/\\\/blogin.al\\\/#organization\"},\"image\":{\"@id\":\"https:\\\/\\\/blogin.al\\\/?p=42653#primaryimage\"},\"thumbnailUrl\":\"https:\\\/\\\/blogin.al\\\/wp-content\\\/uploads\\\/2024\\\/01\\\/image-92.png\",\"articleSection\":[\"SHOWBIZ\"],\"inLanguage\":\"en-US\",\"potentialAction\":[{\"@type\":\"CommentAction\",\"name\":\"Comment\",\"target\":[\"https:\\\/\\\/blogin.al\\\/?p=42653#respond\"]}]},{\"@type\":\"WebPage\",\"@id\":\"https:\\\/\\\/blogin.al\\\/?p=42653\",\"url\":\"https:\\\/\\\/blogin.al\\\/?p=42653\",\"name\":\"Faton Shoshi sqaron gjith\u00e7ka p\u00ebr lidhjen e Ledrit dhe Sar\u00ebs ku nuk l\u00eb pa p\u00ebrmendur Dafin\u00ebn! - blogin.al\",\"isPartOf\":{\"@id\":\"https:\\\/\\\/blogin.al\\\/#website\"},\"primaryImageOfPage\":{\"@id\":\"https:\\\/\\\/blogin.al\\\/?p=42653#primaryimage\"},\"image\":{\"@id\":\"https:\\\/\\\/blogin.al\\\/?p=42653#primaryimage\"},\"thumbnailUrl\":\"https:\\\/\\\/blogin.al\\\/wp-content\\\/uploads\\\/2024\\\/01\\\/image-92.png\",\"datePublished\":\"2024-01-18T08:21:00+00:00\",\"dateModified\":\"2024-01-18T08:35:14+00:00\",\"breadcrumb\":{\"@id\":\"https:\\\/\\\/blogin.al\\\/?p=42653#breadcrumb\"},\"inLanguage\":\"en-US\",\"potentialAction\":[{\"@type\":\"ReadAction\",\"target\":[\"https:\\\/\\\/blogin.al\\\/?p=42653\"]}]},{\"@type\":\"ImageObject\",\"inLanguage\":\"en-US\",\"@id\":\"https:\\\/\\\/blogin.al\\\/?p=42653#primaryimage\",\"url\":\"https:\\\/\\\/blogin.al\\\/wp-content\\\/uploads\\\/2024\\\/01\\\/image-92.png\",\"contentUrl\":\"https:\\\/\\\/blogin.al\\\/wp-content\\\/uploads\\\/2024\\\/01\\\/image-92.png\",\"width\":785,\"height\":578},{\"@type\":\"BreadcrumbList\",\"@id\":\"https:\\\/\\\/blogin.al\\\/?p=42653#breadcrumb\",\"itemListElement\":[{\"@type\":\"ListItem\",\"position\":1,\"name\":\"Home\",\"item\":\"https:\\\/\\\/blogin.al\\\/\"},{\"@type\":\"ListItem\",\"position\":2,\"name\":\"Faton Shoshi sqaron gjith\u00e7ka p\u00ebr lidhjen e Ledrit dhe Sar\u00ebs ku nuk l\u00eb pa p\u00ebrmendur Dafin\u00ebn!\"}]},{\"@type\":\"WebSite\",\"@id\":\"https:\\\/\\\/blogin.al\\\/#website\",\"url\":\"https:\\\/\\\/blogin.al\\\/\",\"name\":\"blogin.al\",\"description\":\"\",\"publisher\":{\"@id\":\"https:\\\/\\\/blogin.al\\\/#organization\"},\"potentialAction\":[{\"@type\":\"SearchAction\",\"target\":{\"@type\":\"EntryPoint\",\"urlTemplate\":\"https:\\\/\\\/blogin.al\\\/?s={search_term_string}\"},\"query-input\":{\"@type\":\"PropertyValueSpecification\",\"valueRequired\":true,\"valueName\":\"search_term_string\"}}],\"inLanguage\":\"en-US\"},{\"@type\":\"Organization\",\"@id\":\"https:\\\/\\\/blogin.al\\\/#organization\",\"name\":\"BLOGIN.al\",\"url\":\"https:\\\/\\\/blogin.al\\\/\",\"logo\":{\"@type\":\"ImageObject\",\"inLanguage\":\"en-US\",\"@id\":\"https:\\\/\\\/blogin.al\\\/#\\\/schema\\\/logo\\\/image\\\/\",\"url\":\"https:\\\/\\\/blogin.al\\\/wp-content\\\/uploads\\\/2022\\\/05\\\/Untitled-2-01-e1652084456514.png\",\"contentUrl\":\"https:\\\/\\\/blogin.al\\\/wp-content\\\/uploads\\\/2022\\\/05\\\/Untitled-2-01-e1652084456514.png\",\"width\":3723,\"height\":1698,\"caption\":\"BLOGIN.al\"},\"image\":{\"@id\":\"https:\\\/\\\/blogin.al\\\/#\\\/schema\\\/logo\\\/image\\\/\"},\"sameAs\":[\"https:\\\/\\\/instagram.com\\\/blogin.al\\\/\"]},{\"@type\":\"Person\",\"@id\":\"https:\\\/\\\/blogin.al\\\/#\\\/schema\\\/person\\\/abdd56bc912cd511db877b852b115399\",\"name\":\"Blogin al\",\"image\":{\"@type\":\"ImageObject\",\"inLanguage\":\"en-US\",\"@id\":\"https:\\\/\\\/secure.gravatar.com\\\/avatar\\\/60d5661aee6e835fb13dc75d2204cd0c1d61bef2efd137c0083e59ef831e235e?s=96&d=mm&r=g\",\"url\":\"https:\\\/\\\/secure.gravatar.com\\\/avatar\\\/60d5661aee6e835fb13dc75d2204cd0c1d61bef2efd137c0083e59ef831e235e?s=96&d=mm&r=g\",\"contentUrl\":\"https:\\\/\\\/secure.gravatar.com\\\/avatar\\\/60d5661aee6e835fb13dc75d2204cd0c1d61bef2efd137c0083e59ef831e235e?s=96&d=mm&r=g\",\"caption\":\"Blogin al\"},\"sameAs\":[\"https:\\\/\\\/blogin.al\"],\"url\":\"https:\\\/\\\/blogin.al\\\/?author=2\"}]}<\/script>\n<!-- \/ Yoast SEO plugin. -->","yoast_head_json":{"title":"Faton Shoshi sqaron gjith\u00e7ka p\u00ebr lidhjen e Ledrit dhe Sar\u00ebs ku nuk l\u00eb pa p\u00ebrmendur Dafin\u00ebn! - blogin.al","robots":{"index":"index","follow":"follow","max-snippet":"max-snippet:-1","max-image-preview":"max-image-preview:large","max-video-preview":"max-video-preview:-1"},"canonical":"https:\/\/blogin.al\/?p=42653","og_locale":"en_US","og_type":"article","og_title":"Faton Shoshi sqaron gjith\u00e7ka p\u00ebr lidhjen e Ledrit dhe Sar\u00ebs ku nuk l\u00eb pa p\u00ebrmendur Dafin\u00ebn! - blogin.al","og_description":"I ftuar mbr\u00ebmjen e djeshme n\u00eb emisionin \u201cPardon My French\u201d n\u00ebp\u00ebrmjet nj\u00eb lidhjeje telefonike ka qen\u00eb Faton Shoshi. Kujtojm\u00eb se ai ka qen\u00eb menaxher i Ledrit p\u00ebr vite me radh\u00eb dhe m\u00eb pas i dhan\u00eb fund bashk\u00ebpunimit, ndon\u00ebse mbet\u00ebn miq. N\u00eb tetor t\u00eb vitit 2023, n\u00eb nj\u00eb intervist\u00eb konfirmoi\u00a0se ka marr\u00eb s\u00ebrish Ledrin n\u00eb menaxhim. [&hellip;]","og_url":"https:\/\/blogin.al\/?p=42653","og_site_name":"blogin.al","article_published_time":"2024-01-18T08:21:00+00:00","article_modified_time":"2024-01-18T08:35:14+00:00","og_image":[{"width":785,"height":578,"url":"https:\/\/blogin.al\/wp-content\/uploads\/2024\/01\/image-92.png","type":"image\/png"}],"author":"Blogin al","twitter_card":"summary_large_image","twitter_misc":{"Written by":"Blogin al","Est. reading time":"1 minute"},"schema":{"@context":"https:\/\/schema.org","@graph":[{"@type":"Article","@id":"https:\/\/blogin.al\/?p=42653#article","isPartOf":{"@id":"https:\/\/blogin.al\/?p=42653"},"author":{"name":"Blogin al","@id":"https:\/\/blogin.al\/#\/schema\/person\/abdd56bc912cd511db877b852b115399"},"headline":"Faton Shoshi sqaron gjith\u00e7ka p\u00ebr lidhjen e Ledrit dhe Sar\u00ebs ku nuk l\u00eb pa p\u00ebrmendur Dafin\u00ebn!","datePublished":"2024-01-18T08:21:00+00:00","dateModified":"2024-01-18T08:35:14+00:00","mainEntityOfPage":{"@id":"https:\/\/blogin.al\/?p=42653"},"wordCount":317,"commentCount":0,"publisher":{"@id":"https:\/\/blogin.al\/#organization"},"image":{"@id":"https:\/\/blogin.al\/?p=42653#primaryimage"},"thumbnailUrl":"https:\/\/blogin.al\/wp-content\/uploads\/2024\/01\/image-92.png","articleSection":["SHOWBIZ"],"inLanguage":"en-US","potentialAction":[{"@type":"CommentAction","name":"Comment","target":["https:\/\/blogin.al\/?p=42653#respond"]}]},{"@type":"WebPage","@id":"https:\/\/blogin.al\/?p=42653","url":"https:\/\/blogin.al\/?p=42653","name":"Faton Shoshi sqaron gjith\u00e7ka p\u00ebr lidhjen e Ledrit dhe Sar\u00ebs ku nuk l\u00eb pa p\u00ebrmendur Dafin\u00ebn! - blogin.al","isPartOf":{"@id":"https:\/\/blogin.al\/#website"},"primaryImageOfPage":{"@id":"https:\/\/blogin.al\/?p=42653#primaryimage"},"image":{"@id":"https:\/\/blogin.al\/?p=42653#primaryimage"},"thumbnailUrl":"https:\/\/blogin.al\/wp-content\/uploads\/2024\/01\/image-92.png","datePublished":"2024-01-18T08:21:00+00:00","dateModified":"2024-01-18T08:35:14+00:00","breadcrumb":{"@id":"https:\/\/blogin.al\/?p=42653#breadcrumb"},"inLanguage":"en-US","potentialAction":[{"@type":"ReadAction","target":["https:\/\/blogin.al\/?p=42653"]}]},{"@type":"ImageObject","inLanguage":"en-US","@id":"https:\/\/blogin.al\/?p=42653#primaryimage","url":"https:\/\/blogin.al\/wp-content\/uploads\/2024\/01\/image-92.png","contentUrl":"https:\/\/blogin.al\/wp-content\/uploads\/2024\/01\/image-92.png","width":785,"height":578},{"@type":"BreadcrumbList","@id":"https:\/\/blogin.al\/?p=42653#breadcrumb","itemListElement":[{"@type":"ListItem","position":1,"name":"Home","item":"https:\/\/blogin.al\/"},{"@type":"ListItem","position":2,"name":"Faton Shoshi sqaron gjith\u00e7ka p\u00ebr lidhjen e Ledrit dhe Sar\u00ebs ku nuk l\u00eb pa p\u00ebrmendur Dafin\u00ebn!"}]},{"@type":"WebSite","@id":"https:\/\/blogin.al\/#website","url":"https:\/\/blogin.al\/","name":"blogin.al","description":"","publisher":{"@id":"https:\/\/blogin.al\/#organization"},"potentialAction":[{"@type":"SearchAction","target":{"@type":"EntryPoint","urlTemplate":"https:\/\/blogin.al\/?s={search_term_string}"},"query-input":{"@type":"PropertyValueSpecification","valueRequired":true,"valueName":"search_term_string"}}],"inLanguage":"en-US"},{"@type":"Organization","@id":"https:\/\/blogin.al\/#organization","name":"BLOGIN.al","url":"https:\/\/blogin.al\/","logo":{"@type":"ImageObject","inLanguage":"en-US","@id":"https:\/\/blogin.al\/#\/schema\/logo\/image\/","url":"https:\/\/blogin.al\/wp-content\/uploads\/2022\/05\/Untitled-2-01-e1652084456514.png","contentUrl":"https:\/\/blogin.al\/wp-content\/uploads\/2022\/05\/Untitled-2-01-e1652084456514.png","width":3723,"height":1698,"caption":"BLOGIN.al"},"image":{"@id":"https:\/\/blogin.al\/#\/schema\/logo\/image\/"},"sameAs":["https:\/\/instagram.com\/blogin.al\/"]},{"@type":"Person","@id":"https:\/\/blogin.al\/#\/schema\/person\/abdd56bc912cd511db877b852b115399","name":"Blogin al","image":{"@type":"ImageObject","inLanguage":"en-US","@id":"https:\/\/secure.gravatar.com\/avatar\/60d5661aee6e835fb13dc75d2204cd0c1d61bef2efd137c0083e59ef831e235e?s=96&d=mm&r=g","url":"https:\/\/secure.gravatar.com\/avatar\/60d5661aee6e835fb13dc75d2204cd0c1d61bef2efd137c0083e59ef831e235e?s=96&d=mm&r=g","contentUrl":"https:\/\/secure.gravatar.com\/avatar\/60d5661aee6e835fb13dc75d2204cd0c1d61bef2efd137c0083e59ef831e235e?s=96&d=mm&r=g","caption":"Blogin al"},"sameAs":["https:\/\/blogin.al"],"url":"https:\/\/blogin.al\/?author=2"}]}},"_links":{"self":[{"href":"https:\/\/blogin.al\/index.php?rest_route=\/wp\/v2\/posts\/42653","targetHints":{"allow":["GET"]}}],"collection":[{"href":"https:\/\/blogin.al\/index.php?rest_route=\/wp\/v2\/posts"}],"about":[{"href":"https:\/\/blogin.al\/index.php?rest_route=\/wp\/v2\/types\/post"}],"author":[{"embeddable":true,"href":"https:\/\/blogin.al\/index.php?rest_route=\/wp\/v2\/users\/2"}],"replies":[{"embeddable":true,"href":"https:\/\/blogin.al\/index.php?rest_route=%2Fwp%2Fv2%2Fcomments&post=42653"}],"version-history":[{"count":3,"href":"https:\/\/blogin.al\/index.php?rest_route=\/wp\/v2\/posts\/42653\/revisions"}],"predecessor-version":[{"id":42664,"href":"https:\/\/blogin.al\/index.php?rest_route=\/wp\/v2\/posts\/42653\/revisions\/42664"}],"wp:featuredmedia":[{"embeddable":true,"href":"https:\/\/blogin.al\/index.php?rest_route=\/wp\/v2\/media\/42654"}],"wp:attachment":[{"href":"https:\/\/blogin.al\/index.php?rest_route=%2Fwp%2Fv2%2Fmedia&parent=42653"}],"wp:term":[{"taxonomy":"category","embeddable":true,"href":"https:\/\/blogin.al\/index.php?rest_route=%2Fwp%2Fv2%2Fcategories&post=42653"},{"taxonomy":"post_tag","embeddable":true,"href":"https:\/\/blogin.al\/index.php?rest_route=%2Fwp%2Fv2%2Ftags&post=42653"}],"curies":[{"name":"wp","href":"https:\/\/api.w.org\/{rel}","templated":true}]}}