{"id":42775,"date":"2024-01-20T12:37:57","date_gmt":"2024-01-20T12:37:57","guid":{"rendered":"https:\/\/blogin.al\/?p=42775"},"modified":"2024-01-20T12:37:59","modified_gmt":"2024-01-20T12:37:59","slug":"i-dhashe-duart-bastardit-roza-lati-tregon-ndarjen-konfliktuale-me-te-dashurin","status":"publish","type":"post","link":"https:\/\/blogin.al\/?p=42775","title":{"rendered":"\u201cI dhash\u00eb duart bastardit\u201d\/ Roza Lati tregon ndarjen konfliktuale me t\u00eb dashurin"},"content":{"rendered":"\n<p>Moderatorja Roza Lati Roza ka folur edhe p\u00ebr jet\u00ebn e saj private brenda shtepise se Big Brother VIP. Teksa ka zbuluar se \u00ebsht\u00eb ndar\u00eb nga partneri, ajo ka treguar detaje nga lidhjet sentimentale q\u00eb ka pasur.<\/p>\n\n\n\n<p>Prezantuesja ka folur me banor\u00ebt e tjera p\u00ebr partnerin e saj, p\u00ebr t\u00eb cilin thekson se e do me kostum dhe jo me stre\u00e7e, duke thumbuar k\u00ebshtu k\u00ebng\u00ebtarin Stine, me t\u00eb cilin ka qen\u00eb e lidhur disa vite m\u00eb par\u00eb. Po ashtu, ajo deklaron se nuk e do partnerin t\u00eb famsh\u00ebm, pasi sipas saj fama t\u00eb jep shum\u00eb presion.<\/p>\n\n\n\n<p><em>\u201cZemra ime, un\u00eb nuk dua \u00e7una VIP-a, le t\u00eb jemi ne gocat VIP-at e sht\u00ebpis\u00eb, ylli i sht\u00ebpis\u00eb jemi ne femrat. Dy yje n\u00eb sht\u00ebpi, kush do k\u00ebrkoj\u00eb fam\u00eb m\u00eb shum\u00eb? Un\u00eb jam pak tradicionale n\u00eb k\u00ebt\u00eb pjes\u00eb. Nuk merrem me \u00e7una ekrani. Jam marr\u00eb un\u00eb nj\u00ebher\u00eb me nj\u00eb k\u00ebng\u00ebtar kur isha 17- vje\u00e7e. Dashuria ishte e madhe, por fama t\u00eb jep shum\u00eb presion. E pash\u00eb si ishte lidhja me nj\u00eb t\u00eb famsh\u00ebm edhe un\u00eb nuk merrem me t\u00eb famsh\u00ebm. Kam qejf q\u00eb burri t\u00eb jet\u00eb me kostum, jo me stre\u00e7e\u201d, tha ajo.<\/em><\/p>\n\n\n\n<p>M\u00eb tej, ajo zbuloi se i dashuri i saj ka t\u00eb nj\u00ebjt\u00ebn shenj\u00eb horoskopi me t\u00eb dhe t\u00eb dy p\u00ebrshtaten shum\u00eb me nj\u00ebri-tjetrin. Por, n\u00eb \u201cBig Brother\u201d, ajo u shpreh se ndarja me djalin n\u00eb fjal\u00eb erdhi pik\u00ebrisht pas nj\u00eb \u201cgoli\u201d q\u00eb ai i kishte b\u00ebr\u00eb.<\/p>\n\n\n\n<p>Ajo u shpreh se e kishte p\u00ebrjetuar keq k\u00ebt\u00eb ndarje, por jo sa p\u00ebr t\u00eb r\u00ebn\u00eb n\u00eb pesimiz\u00ebm. Ishte vet\u00eb moderatorja q\u00eb pak koh\u00eb m\u00eb par\u00eb pranoi k\u00ebt\u00eb ndarje, duke i dh\u00ebn\u00eb fund nj\u00ebher\u00eb e mir\u00eb thashethemeve.<\/p>\n\n\n\n<p><em>\u201cKan\u00eb dal\u00eb llafe q\u00eb jam fejuar. Jo, nuk jam fejuar. Kam qen\u00eb n\u00eb studio me Monika Lubonj\u00ebn dhe kam b\u00ebr\u00eb nj\u00eb shaka, nj\u00eb batut\u00eb. Dhe prej shakas\u00eb e kan\u00eb kapur e kan\u00eb\u2026 Jam single, do thuash q\u00eb jam ndar\u00eb k\u00ebto koh\u00ebt e fundit? Po, jam ndar\u00eb! E ndava bastardin, nuk m\u00eb meritonte\u201d, tha Roza Lati.<\/em><\/p>\n\n\n\n<p>Gjat\u00eb q\u00ebndrimit t\u00eb saj n\u00eb \u201cBig Brother\u201d, ajo ka shpjeguar p\u00ebr her\u00eb t\u00eb par\u00eb arsyet e k\u00ebsaj ndarjeje.<\/p>\n\n\n\n<p>\u201c<em>P\u00ebrve\u00e7 distanc\u00ebs se larg\u00ebsia nuk nuk \u00ebsht\u00eb problem, dy or\u00eb fluturim, por nuk erdhi n\u00eb momentet e mia m\u00eb t\u00eb r\u00ebnd\u00ebsishme. Po ka problemi njeriu. Un\u00eb nuk po them tani hajde rri me mua nj\u00eb muaj apo nj\u00eb jav\u00eb por n\u00eb dit\u00ebt e mia m\u00eb t\u00eb zeza, e merr avionin dhe vjen nj\u00eb mbasdite, vjen n\u00eb drek\u00eb dhe ik\u00ebn n\u00eb dark\u00eb, p\u00ebr njeriun q\u00eb do. Varet se sa p\u00ebrpiqesh. N\u00eb fund fare ma ka b\u00ebr\u00eb edhe nj\u00eb gol shum\u00eb t\u00eb sh\u00ebmtuar. Sepse po p\u00ebrpiqej t\u00eb rikthehej prap dhe kishte marr\u00eb edhe Rit\u00ebn, duke iu lutur q\u00eb t\u00eb riktheheshim bashk\u00eb.<\/em><\/p>\n\n\n\n<p><em>Dhe ma b\u00ebri golin shum\u00eb t\u00eb sh\u00ebmtuar por nuk dua t\u00eb flas sot p\u00ebr at\u00eb gj\u00eb se nuk dua t\u2019ja prish humorin vetes. At\u00eb golin e atij nuk e kap\u00ebrdij dot, jo se m\u00eb l\u00ebndoi se dashuria kishte p\u00ebrfunduar por me vjen inat dhe zor q\u00eb kapi mamin. I lutej mamit q\u00eb t\u00eb kthehej tek un\u00eb dhe Rita e donte shum\u00eb at\u00eb\u201d,<\/em>&nbsp;u shpreh Roza.<\/p>\n\n\n\n<p>M\u00eb tej, vet\u00eb banorja tha se tashm\u00eb ishte single, por ende asnj\u00eb mashkull i sht\u00ebpis\u00eb nuk ia kishte marr\u00eb v\u00ebmendjen.<\/p>\n","protected":false},"excerpt":{"rendered":"<p>Moderatorja Roza Lati Roza ka folur edhe p\u00ebr jet\u00ebn e saj private brenda shtepise se Big Brother VIP. Teksa ka zbuluar se \u00ebsht\u00eb ndar\u00eb nga partneri, ajo ka treguar detaje nga lidhjet sentimentale q\u00eb ka pasur. Prezantuesja ka folur me banor\u00ebt e tjera p\u00ebr partnerin e saj, p\u00ebr t\u00eb cilin thekson se e do me [&hellip;]<\/p>\n","protected":false},"author":2,"featured_media":42611,"comment_status":"open","ping_status":"open","sticky":false,"template":"","format":"standard","meta":{"footnotes":""},"categories":[33],"tags":[],"class_list":{"0":"post-42775","1":"post","2":"type-post","3":"status-publish","4":"format-standard","5":"has-post-thumbnail","7":"category-showbiz"},"yoast_head":"<!-- This site is optimized with the Yoast SEO plugin v27.4 - https:\/\/yoast.com\/product\/yoast-seo-wordpress\/ -->\n<title>\u201cI dhash\u00eb duart bastardit\u201d\/ Roza Lati tregon ndarjen konfliktuale me t\u00eb dashurin - blogin.al<\/title>\n<meta name=\"robots\" content=\"index, follow, max-snippet:-1, max-image-preview:large, max-video-preview:-1\" \/>\n<link rel=\"canonical\" href=\"https:\/\/blogin.al\/?p=42775\" \/>\n<meta property=\"og:locale\" content=\"en_US\" \/>\n<meta property=\"og:type\" content=\"article\" \/>\n<meta property=\"og:title\" content=\"\u201cI dhash\u00eb duart bastardit\u201d\/ Roza Lati tregon ndarjen konfliktuale me t\u00eb dashurin - blogin.al\" \/>\n<meta property=\"og:description\" content=\"Moderatorja Roza Lati Roza ka folur edhe p\u00ebr jet\u00ebn e saj private brenda shtepise se Big Brother VIP. Teksa ka zbuluar se \u00ebsht\u00eb ndar\u00eb nga partneri, ajo ka treguar detaje nga lidhjet sentimentale q\u00eb ka pasur. Prezantuesja ka folur me banor\u00ebt e tjera p\u00ebr partnerin e saj, p\u00ebr t\u00eb cilin thekson se e do me [&hellip;]\" \/>\n<meta property=\"og:url\" content=\"https:\/\/blogin.al\/?p=42775\" \/>\n<meta property=\"og:site_name\" content=\"blogin.al\" \/>\n<meta property=\"article:published_time\" content=\"2024-01-20T12:37:57+00:00\" \/>\n<meta property=\"article:modified_time\" content=\"2024-01-20T12:37:59+00:00\" \/>\n<meta property=\"og:image\" content=\"https:\/\/blogin.al\/wp-content\/uploads\/2024\/01\/20240116_133305.jpg\" \/>\n\t<meta property=\"og:image:width\" content=\"1440\" \/>\n\t<meta property=\"og:image:height\" content=\"1566\" \/>\n\t<meta property=\"og:image:type\" content=\"image\/jpeg\" \/>\n<meta name=\"author\" content=\"Blogin al\" \/>\n<meta name=\"twitter:card\" content=\"summary_large_image\" \/>\n<meta name=\"twitter:label1\" content=\"Written by\" \/>\n\t<meta name=\"twitter:data1\" content=\"Blogin al\" \/>\n\t<meta name=\"twitter:label2\" content=\"Est. reading time\" \/>\n\t<meta name=\"twitter:data2\" content=\"3 minutes\" \/>\n<script type=\"application\/ld+json\" class=\"yoast-schema-graph\">{\"@context\":\"https:\\\/\\\/schema.org\",\"@graph\":[{\"@type\":\"Article\",\"@id\":\"https:\\\/\\\/blogin.al\\\/?p=42775#article\",\"isPartOf\":{\"@id\":\"https:\\\/\\\/blogin.al\\\/?p=42775\"},\"author\":{\"name\":\"Blogin al\",\"@id\":\"https:\\\/\\\/blogin.al\\\/#\\\/schema\\\/person\\\/abdd56bc912cd511db877b852b115399\"},\"headline\":\"\u201cI dhash\u00eb duart bastardit\u201d\\\/ Roza Lati tregon ndarjen konfliktuale me t\u00eb dashurin\",\"datePublished\":\"2024-01-20T12:37:57+00:00\",\"dateModified\":\"2024-01-20T12:37:59+00:00\",\"mainEntityOfPage\":{\"@id\":\"https:\\\/\\\/blogin.al\\\/?p=42775\"},\"wordCount\":606,\"commentCount\":0,\"publisher\":{\"@id\":\"https:\\\/\\\/blogin.al\\\/#organization\"},\"image\":{\"@id\":\"https:\\\/\\\/blogin.al\\\/?p=42775#primaryimage\"},\"thumbnailUrl\":\"https:\\\/\\\/blogin.al\\\/wp-content\\\/uploads\\\/2024\\\/01\\\/20240116_133305.jpg\",\"articleSection\":[\"SHOWBIZ\"],\"inLanguage\":\"en-US\",\"potentialAction\":[{\"@type\":\"CommentAction\",\"name\":\"Comment\",\"target\":[\"https:\\\/\\\/blogin.al\\\/?p=42775#respond\"]}]},{\"@type\":\"WebPage\",\"@id\":\"https:\\\/\\\/blogin.al\\\/?p=42775\",\"url\":\"https:\\\/\\\/blogin.al\\\/?p=42775\",\"name\":\"\u201cI dhash\u00eb duart bastardit\u201d\\\/ Roza Lati tregon ndarjen konfliktuale me t\u00eb dashurin - blogin.al\",\"isPartOf\":{\"@id\":\"https:\\\/\\\/blogin.al\\\/#website\"},\"primaryImageOfPage\":{\"@id\":\"https:\\\/\\\/blogin.al\\\/?p=42775#primaryimage\"},\"image\":{\"@id\":\"https:\\\/\\\/blogin.al\\\/?p=42775#primaryimage\"},\"thumbnailUrl\":\"https:\\\/\\\/blogin.al\\\/wp-content\\\/uploads\\\/2024\\\/01\\\/20240116_133305.jpg\",\"datePublished\":\"2024-01-20T12:37:57+00:00\",\"dateModified\":\"2024-01-20T12:37:59+00:00\",\"breadcrumb\":{\"@id\":\"https:\\\/\\\/blogin.al\\\/?p=42775#breadcrumb\"},\"inLanguage\":\"en-US\",\"potentialAction\":[{\"@type\":\"ReadAction\",\"target\":[\"https:\\\/\\\/blogin.al\\\/?p=42775\"]}]},{\"@type\":\"ImageObject\",\"inLanguage\":\"en-US\",\"@id\":\"https:\\\/\\\/blogin.al\\\/?p=42775#primaryimage\",\"url\":\"https:\\\/\\\/blogin.al\\\/wp-content\\\/uploads\\\/2024\\\/01\\\/20240116_133305.jpg\",\"contentUrl\":\"https:\\\/\\\/blogin.al\\\/wp-content\\\/uploads\\\/2024\\\/01\\\/20240116_133305.jpg\",\"width\":1440,\"height\":1566},{\"@type\":\"BreadcrumbList\",\"@id\":\"https:\\\/\\\/blogin.al\\\/?p=42775#breadcrumb\",\"itemListElement\":[{\"@type\":\"ListItem\",\"position\":1,\"name\":\"Home\",\"item\":\"https:\\\/\\\/blogin.al\\\/\"},{\"@type\":\"ListItem\",\"position\":2,\"name\":\"\u201cI dhash\u00eb duart bastardit\u201d\\\/ Roza Lati tregon ndarjen konfliktuale me t\u00eb dashurin\"}]},{\"@type\":\"WebSite\",\"@id\":\"https:\\\/\\\/blogin.al\\\/#website\",\"url\":\"https:\\\/\\\/blogin.al\\\/\",\"name\":\"blogin.al\",\"description\":\"\",\"publisher\":{\"@id\":\"https:\\\/\\\/blogin.al\\\/#organization\"},\"potentialAction\":[{\"@type\":\"SearchAction\",\"target\":{\"@type\":\"EntryPoint\",\"urlTemplate\":\"https:\\\/\\\/blogin.al\\\/?s={search_term_string}\"},\"query-input\":{\"@type\":\"PropertyValueSpecification\",\"valueRequired\":true,\"valueName\":\"search_term_string\"}}],\"inLanguage\":\"en-US\"},{\"@type\":\"Organization\",\"@id\":\"https:\\\/\\\/blogin.al\\\/#organization\",\"name\":\"BLOGIN.al\",\"url\":\"https:\\\/\\\/blogin.al\\\/\",\"logo\":{\"@type\":\"ImageObject\",\"inLanguage\":\"en-US\",\"@id\":\"https:\\\/\\\/blogin.al\\\/#\\\/schema\\\/logo\\\/image\\\/\",\"url\":\"https:\\\/\\\/blogin.al\\\/wp-content\\\/uploads\\\/2022\\\/05\\\/Untitled-2-01-e1652084456514.png\",\"contentUrl\":\"https:\\\/\\\/blogin.al\\\/wp-content\\\/uploads\\\/2022\\\/05\\\/Untitled-2-01-e1652084456514.png\",\"width\":3723,\"height\":1698,\"caption\":\"BLOGIN.al\"},\"image\":{\"@id\":\"https:\\\/\\\/blogin.al\\\/#\\\/schema\\\/logo\\\/image\\\/\"},\"sameAs\":[\"https:\\\/\\\/instagram.com\\\/blogin.al\\\/\"]},{\"@type\":\"Person\",\"@id\":\"https:\\\/\\\/blogin.al\\\/#\\\/schema\\\/person\\\/abdd56bc912cd511db877b852b115399\",\"name\":\"Blogin al\",\"image\":{\"@type\":\"ImageObject\",\"inLanguage\":\"en-US\",\"@id\":\"https:\\\/\\\/secure.gravatar.com\\\/avatar\\\/60d5661aee6e835fb13dc75d2204cd0c1d61bef2efd137c0083e59ef831e235e?s=96&d=mm&r=g\",\"url\":\"https:\\\/\\\/secure.gravatar.com\\\/avatar\\\/60d5661aee6e835fb13dc75d2204cd0c1d61bef2efd137c0083e59ef831e235e?s=96&d=mm&r=g\",\"contentUrl\":\"https:\\\/\\\/secure.gravatar.com\\\/avatar\\\/60d5661aee6e835fb13dc75d2204cd0c1d61bef2efd137c0083e59ef831e235e?s=96&d=mm&r=g\",\"caption\":\"Blogin al\"},\"sameAs\":[\"https:\\\/\\\/blogin.al\"],\"url\":\"https:\\\/\\\/blogin.al\\\/?author=2\"}]}<\/script>\n<!-- \/ Yoast SEO plugin. -->","yoast_head_json":{"title":"\u201cI dhash\u00eb duart bastardit\u201d\/ Roza Lati tregon ndarjen konfliktuale me t\u00eb dashurin - blogin.al","robots":{"index":"index","follow":"follow","max-snippet":"max-snippet:-1","max-image-preview":"max-image-preview:large","max-video-preview":"max-video-preview:-1"},"canonical":"https:\/\/blogin.al\/?p=42775","og_locale":"en_US","og_type":"article","og_title":"\u201cI dhash\u00eb duart bastardit\u201d\/ Roza Lati tregon ndarjen konfliktuale me t\u00eb dashurin - blogin.al","og_description":"Moderatorja Roza Lati Roza ka folur edhe p\u00ebr jet\u00ebn e saj private brenda shtepise se Big Brother VIP. Teksa ka zbuluar se \u00ebsht\u00eb ndar\u00eb nga partneri, ajo ka treguar detaje nga lidhjet sentimentale q\u00eb ka pasur. Prezantuesja ka folur me banor\u00ebt e tjera p\u00ebr partnerin e saj, p\u00ebr t\u00eb cilin thekson se e do me [&hellip;]","og_url":"https:\/\/blogin.al\/?p=42775","og_site_name":"blogin.al","article_published_time":"2024-01-20T12:37:57+00:00","article_modified_time":"2024-01-20T12:37:59+00:00","og_image":[{"width":1440,"height":1566,"url":"https:\/\/blogin.al\/wp-content\/uploads\/2024\/01\/20240116_133305.jpg","type":"image\/jpeg"}],"author":"Blogin al","twitter_card":"summary_large_image","twitter_misc":{"Written by":"Blogin al","Est. reading time":"3 minutes"},"schema":{"@context":"https:\/\/schema.org","@graph":[{"@type":"Article","@id":"https:\/\/blogin.al\/?p=42775#article","isPartOf":{"@id":"https:\/\/blogin.al\/?p=42775"},"author":{"name":"Blogin al","@id":"https:\/\/blogin.al\/#\/schema\/person\/abdd56bc912cd511db877b852b115399"},"headline":"\u201cI dhash\u00eb duart bastardit\u201d\/ Roza Lati tregon ndarjen konfliktuale me t\u00eb dashurin","datePublished":"2024-01-20T12:37:57+00:00","dateModified":"2024-01-20T12:37:59+00:00","mainEntityOfPage":{"@id":"https:\/\/blogin.al\/?p=42775"},"wordCount":606,"commentCount":0,"publisher":{"@id":"https:\/\/blogin.al\/#organization"},"image":{"@id":"https:\/\/blogin.al\/?p=42775#primaryimage"},"thumbnailUrl":"https:\/\/blogin.al\/wp-content\/uploads\/2024\/01\/20240116_133305.jpg","articleSection":["SHOWBIZ"],"inLanguage":"en-US","potentialAction":[{"@type":"CommentAction","name":"Comment","target":["https:\/\/blogin.al\/?p=42775#respond"]}]},{"@type":"WebPage","@id":"https:\/\/blogin.al\/?p=42775","url":"https:\/\/blogin.al\/?p=42775","name":"\u201cI dhash\u00eb duart bastardit\u201d\/ Roza Lati tregon ndarjen konfliktuale me t\u00eb dashurin - blogin.al","isPartOf":{"@id":"https:\/\/blogin.al\/#website"},"primaryImageOfPage":{"@id":"https:\/\/blogin.al\/?p=42775#primaryimage"},"image":{"@id":"https:\/\/blogin.al\/?p=42775#primaryimage"},"thumbnailUrl":"https:\/\/blogin.al\/wp-content\/uploads\/2024\/01\/20240116_133305.jpg","datePublished":"2024-01-20T12:37:57+00:00","dateModified":"2024-01-20T12:37:59+00:00","breadcrumb":{"@id":"https:\/\/blogin.al\/?p=42775#breadcrumb"},"inLanguage":"en-US","potentialAction":[{"@type":"ReadAction","target":["https:\/\/blogin.al\/?p=42775"]}]},{"@type":"ImageObject","inLanguage":"en-US","@id":"https:\/\/blogin.al\/?p=42775#primaryimage","url":"https:\/\/blogin.al\/wp-content\/uploads\/2024\/01\/20240116_133305.jpg","contentUrl":"https:\/\/blogin.al\/wp-content\/uploads\/2024\/01\/20240116_133305.jpg","width":1440,"height":1566},{"@type":"BreadcrumbList","@id":"https:\/\/blogin.al\/?p=42775#breadcrumb","itemListElement":[{"@type":"ListItem","position":1,"name":"Home","item":"https:\/\/blogin.al\/"},{"@type":"ListItem","position":2,"name":"\u201cI dhash\u00eb duart bastardit\u201d\/ Roza Lati tregon ndarjen konfliktuale me t\u00eb dashurin"}]},{"@type":"WebSite","@id":"https:\/\/blogin.al\/#website","url":"https:\/\/blogin.al\/","name":"blogin.al","description":"","publisher":{"@id":"https:\/\/blogin.al\/#organization"},"potentialAction":[{"@type":"SearchAction","target":{"@type":"EntryPoint","urlTemplate":"https:\/\/blogin.al\/?s={search_term_string}"},"query-input":{"@type":"PropertyValueSpecification","valueRequired":true,"valueName":"search_term_string"}}],"inLanguage":"en-US"},{"@type":"Organization","@id":"https:\/\/blogin.al\/#organization","name":"BLOGIN.al","url":"https:\/\/blogin.al\/","logo":{"@type":"ImageObject","inLanguage":"en-US","@id":"https:\/\/blogin.al\/#\/schema\/logo\/image\/","url":"https:\/\/blogin.al\/wp-content\/uploads\/2022\/05\/Untitled-2-01-e1652084456514.png","contentUrl":"https:\/\/blogin.al\/wp-content\/uploads\/2022\/05\/Untitled-2-01-e1652084456514.png","width":3723,"height":1698,"caption":"BLOGIN.al"},"image":{"@id":"https:\/\/blogin.al\/#\/schema\/logo\/image\/"},"sameAs":["https:\/\/instagram.com\/blogin.al\/"]},{"@type":"Person","@id":"https:\/\/blogin.al\/#\/schema\/person\/abdd56bc912cd511db877b852b115399","name":"Blogin al","image":{"@type":"ImageObject","inLanguage":"en-US","@id":"https:\/\/secure.gravatar.com\/avatar\/60d5661aee6e835fb13dc75d2204cd0c1d61bef2efd137c0083e59ef831e235e?s=96&d=mm&r=g","url":"https:\/\/secure.gravatar.com\/avatar\/60d5661aee6e835fb13dc75d2204cd0c1d61bef2efd137c0083e59ef831e235e?s=96&d=mm&r=g","contentUrl":"https:\/\/secure.gravatar.com\/avatar\/60d5661aee6e835fb13dc75d2204cd0c1d61bef2efd137c0083e59ef831e235e?s=96&d=mm&r=g","caption":"Blogin al"},"sameAs":["https:\/\/blogin.al"],"url":"https:\/\/blogin.al\/?author=2"}]}},"_links":{"self":[{"href":"https:\/\/blogin.al\/index.php?rest_route=\/wp\/v2\/posts\/42775","targetHints":{"allow":["GET"]}}],"collection":[{"href":"https:\/\/blogin.al\/index.php?rest_route=\/wp\/v2\/posts"}],"about":[{"href":"https:\/\/blogin.al\/index.php?rest_route=\/wp\/v2\/types\/post"}],"author":[{"embeddable":true,"href":"https:\/\/blogin.al\/index.php?rest_route=\/wp\/v2\/users\/2"}],"replies":[{"embeddable":true,"href":"https:\/\/blogin.al\/index.php?rest_route=%2Fwp%2Fv2%2Fcomments&post=42775"}],"version-history":[{"count":1,"href":"https:\/\/blogin.al\/index.php?rest_route=\/wp\/v2\/posts\/42775\/revisions"}],"predecessor-version":[{"id":42776,"href":"https:\/\/blogin.al\/index.php?rest_route=\/wp\/v2\/posts\/42775\/revisions\/42776"}],"wp:featuredmedia":[{"embeddable":true,"href":"https:\/\/blogin.al\/index.php?rest_route=\/wp\/v2\/media\/42611"}],"wp:attachment":[{"href":"https:\/\/blogin.al\/index.php?rest_route=%2Fwp%2Fv2%2Fmedia&parent=42775"}],"wp:term":[{"taxonomy":"category","embeddable":true,"href":"https:\/\/blogin.al\/index.php?rest_route=%2Fwp%2Fv2%2Fcategories&post=42775"},{"taxonomy":"post_tag","embeddable":true,"href":"https:\/\/blogin.al\/index.php?rest_route=%2Fwp%2Fv2%2Ftags&post=42775"}],"curies":[{"name":"wp","href":"https:\/\/api.w.org\/{rel}","templated":true}]}}