{"id":42807,"date":"2024-01-21T10:31:03","date_gmt":"2024-01-21T10:31:03","guid":{"rendered":"https:\/\/blogin.al\/?p=42807"},"modified":"2024-01-21T10:31:04","modified_gmt":"2024-01-21T10:31:04","slug":"de-palma-uron-jorin-per-ditelindje-me-fjalet-me-te-bukura-te-dashurise","status":"publish","type":"post","link":"https:\/\/blogin.al\/?p=42807","title":{"rendered":"De Palma uron Jorin p\u00ebr dit\u00eblindje me fjal\u00ebt m\u00eb t\u00eb bukura t\u00eb dashuris\u00eb"},"content":{"rendered":"\n<p>Ish-konkurrentja e \u201cBBV\u201d, Jori Delli feston sot dit\u00ebn e saj t\u00eb lindjes dhe p\u00ebr t\u00eb gjith\u00eb kurioz\u00ebt ajo mbush 29 vje\u00e7.<\/p>\n\n\n\n<p>Ajo ka shp\u00ebrndar\u00eb nj\u00eb num\u00ebr t\u00eb lart\u00eb mesazhesh q\u00eb ndjek\u00ebsi e saj e kan\u00eb uruar.<\/p>\n\n\n\n<p>Gjithashtu edhe i dashuri i saj, reperi Italian De Palma ka postuar nj\u00eb foto ku duken shum\u00eb t\u00eb dashuruar dhe i uron asaj dit\u00eblindjen.<\/p>\n\n\n\n<p>M\u00eb romantik se kaq s\u2019mund t\u00eb b\u00ebhej, teksa krahas postimit i shkruan:<\/p>\n\n\n\n<blockquote class=\"wp-block-quote is-layout-flow wp-block-quote-is-layout-flow\">\n<p>G\u00ebzuar dit\u00eblindjen dashuria ime! Faleminderit q\u00eb m\u00eb ndryshove jet\u00ebn, t\u00eb dua!<\/p>\n<\/blockquote>\n\n\n\n<figure class=\"wp-block-image is-style-default\"><img decoding=\"async\" src=\"https:\/\/iconstyle.al\/wp-content\/uploads\/2024\/01\/IMG_5580-300x596.jpeg\" alt=\"\" class=\"wp-image-624747\"\/><\/figure>\n\n\n\n<p>Kujtojm\u00eb q\u00eb Jori \u00ebsht\u00eb rikthyer p\u00ebrs\u00ebri me t\u00eb dashurin e saj De Palma pas nj\u00eb ndarje.<\/p>\n\n\n\n<p>Jori gjithashtu ka ndar\u00eb me ndjek\u00ebsit edhe disa foto t\u00eb saj kur ka qen\u00eb e vog\u00ebl.<\/p>\n\n\n\n<figure class=\"wp-block-image is-style-default\"><img decoding=\"async\" src=\"https:\/\/iconstyle.al\/wp-content\/uploads\/2024\/01\/IMG_5574-300x598.jpeg\" alt=\"\" class=\"wp-image-624748\"\/><\/figure>\n\n\n\n<figure class=\"wp-block-image is-style-default\"><img decoding=\"async\" src=\"https:\/\/iconstyle.al\/wp-content\/uploads\/2024\/01\/IMG_5573-300x599.jpeg\" alt=\"\" class=\"wp-image-624749\"\/><\/figure>\n\n\n\n<p>Urimi p\u00ebr Jorin nuk mungoi as nga mikesha e saj Beniada e cila shkruan:<\/p>\n\n\n\n<blockquote class=\"wp-block-quote is-layout-flow wp-block-quote-is-layout-flow\">\n<p>G\u00ebzuar dashuri, nj\u00eb vit plot me gj\u00ebra t\u00eb bukura. T\u00eb dua shum\u00eb.<\/p>\n<\/blockquote>\n\n\n\n<figure class=\"wp-block-image is-style-default\"><img decoding=\"async\" src=\"https:\/\/iconstyle.al\/wp-content\/uploads\/2024\/01\/IMG_5575-300x598.jpeg\" alt=\"\" class=\"wp-image-624746\"\/><\/figure>\n\n\n\n<p>Jori \u00ebsht\u00eb shk\u00ebputur nga jeta n\u00eb Shqip\u00ebri, duke u zhvendosur n\u00eb Itali p\u00ebr t\u00eb jetuar m\u00eb t\u00eb dashurin.<\/p>\n\n\n\n<p>Ajo \u00ebsht\u00eb mjaft aktive dhe e hapur n\u00eb rrjetet sociale duke ndar\u00eb momente nga p\u00ebrditshm\u00ebria e saj.<\/p>\n","protected":false},"excerpt":{"rendered":"<p>Ish-konkurrentja e \u201cBBV\u201d, Jori Delli feston sot dit\u00ebn e saj t\u00eb lindjes dhe p\u00ebr t\u00eb gjith\u00eb kurioz\u00ebt ajo mbush 29 vje\u00e7. Ajo ka shp\u00ebrndar\u00eb nj\u00eb num\u00ebr t\u00eb lart\u00eb mesazhesh q\u00eb ndjek\u00ebsi e saj e kan\u00eb uruar. Gjithashtu edhe i dashuri i saj, reperi Italian De Palma ka postuar nj\u00eb foto ku duken shum\u00eb t\u00eb dashuruar [&hellip;]<\/p>\n","protected":false},"author":2,"featured_media":37772,"comment_status":"open","ping_status":"open","sticky":false,"template":"","format":"standard","meta":{"footnotes":""},"categories":[33],"tags":[],"class_list":{"0":"post-42807","1":"post","2":"type-post","3":"status-publish","4":"format-standard","5":"has-post-thumbnail","7":"category-showbiz"},"yoast_head":"<!-- This site is optimized with the Yoast SEO plugin v27.4 - https:\/\/yoast.com\/product\/yoast-seo-wordpress\/ -->\n<title>De Palma uron Jorin p\u00ebr dit\u00eblindje me fjal\u00ebt m\u00eb t\u00eb bukura t\u00eb dashuris\u00eb - blogin.al<\/title>\n<meta name=\"robots\" content=\"index, follow, max-snippet:-1, max-image-preview:large, max-video-preview:-1\" \/>\n<link rel=\"canonical\" href=\"https:\/\/blogin.al\/?p=42807\" \/>\n<meta property=\"og:locale\" content=\"en_US\" \/>\n<meta property=\"og:type\" content=\"article\" \/>\n<meta property=\"og:title\" content=\"De Palma uron Jorin p\u00ebr dit\u00eblindje me fjal\u00ebt m\u00eb t\u00eb bukura t\u00eb dashuris\u00eb - blogin.al\" \/>\n<meta property=\"og:description\" content=\"Ish-konkurrentja e \u201cBBV\u201d, Jori Delli feston sot dit\u00ebn e saj t\u00eb lindjes dhe p\u00ebr t\u00eb gjith\u00eb kurioz\u00ebt ajo mbush 29 vje\u00e7. Ajo ka shp\u00ebrndar\u00eb nj\u00eb num\u00ebr t\u00eb lart\u00eb mesazhesh q\u00eb ndjek\u00ebsi e saj e kan\u00eb uruar. Gjithashtu edhe i dashuri i saj, reperi Italian De Palma ka postuar nj\u00eb foto ku duken shum\u00eb t\u00eb dashuruar [&hellip;]\" \/>\n<meta property=\"og:url\" content=\"https:\/\/blogin.al\/?p=42807\" \/>\n<meta property=\"og:site_name\" content=\"blogin.al\" \/>\n<meta property=\"article:published_time\" content=\"2024-01-21T10:31:03+00:00\" \/>\n<meta property=\"article:modified_time\" content=\"2024-01-21T10:31:04+00:00\" \/>\n<meta property=\"og:image\" content=\"https:\/\/blogin.al\/wp-content\/uploads\/2023\/09\/image-45.png\" \/>\n\t<meta property=\"og:image:width\" content=\"572\" \/>\n\t<meta property=\"og:image:height\" content=\"457\" \/>\n\t<meta property=\"og:image:type\" content=\"image\/png\" \/>\n<meta name=\"author\" content=\"Blogin al\" \/>\n<meta name=\"twitter:card\" content=\"summary_large_image\" \/>\n<meta name=\"twitter:label1\" content=\"Written by\" \/>\n\t<meta name=\"twitter:data1\" content=\"Blogin al\" \/>\n\t<meta name=\"twitter:label2\" content=\"Est. reading time\" \/>\n\t<meta name=\"twitter:data2\" content=\"2 minutes\" \/>\n<script type=\"application\/ld+json\" class=\"yoast-schema-graph\">{\"@context\":\"https:\\\/\\\/schema.org\",\"@graph\":[{\"@type\":\"Article\",\"@id\":\"https:\\\/\\\/blogin.al\\\/?p=42807#article\",\"isPartOf\":{\"@id\":\"https:\\\/\\\/blogin.al\\\/?p=42807\"},\"author\":{\"name\":\"Blogin al\",\"@id\":\"https:\\\/\\\/blogin.al\\\/#\\\/schema\\\/person\\\/abdd56bc912cd511db877b852b115399\"},\"headline\":\"De Palma uron Jorin p\u00ebr dit\u00eblindje me fjal\u00ebt m\u00eb t\u00eb bukura t\u00eb dashuris\u00eb\",\"datePublished\":\"2024-01-21T10:31:03+00:00\",\"dateModified\":\"2024-01-21T10:31:04+00:00\",\"mainEntityOfPage\":{\"@id\":\"https:\\\/\\\/blogin.al\\\/?p=42807\"},\"wordCount\":215,\"commentCount\":0,\"publisher\":{\"@id\":\"https:\\\/\\\/blogin.al\\\/#organization\"},\"image\":{\"@id\":\"https:\\\/\\\/blogin.al\\\/?p=42807#primaryimage\"},\"thumbnailUrl\":\"https:\\\/\\\/blogin.al\\\/wp-content\\\/uploads\\\/2023\\\/09\\\/image-45.png\",\"articleSection\":[\"SHOWBIZ\"],\"inLanguage\":\"en-US\",\"potentialAction\":[{\"@type\":\"CommentAction\",\"name\":\"Comment\",\"target\":[\"https:\\\/\\\/blogin.al\\\/?p=42807#respond\"]}]},{\"@type\":\"WebPage\",\"@id\":\"https:\\\/\\\/blogin.al\\\/?p=42807\",\"url\":\"https:\\\/\\\/blogin.al\\\/?p=42807\",\"name\":\"De Palma uron Jorin p\u00ebr dit\u00eblindje me fjal\u00ebt m\u00eb t\u00eb bukura t\u00eb dashuris\u00eb - blogin.al\",\"isPartOf\":{\"@id\":\"https:\\\/\\\/blogin.al\\\/#website\"},\"primaryImageOfPage\":{\"@id\":\"https:\\\/\\\/blogin.al\\\/?p=42807#primaryimage\"},\"image\":{\"@id\":\"https:\\\/\\\/blogin.al\\\/?p=42807#primaryimage\"},\"thumbnailUrl\":\"https:\\\/\\\/blogin.al\\\/wp-content\\\/uploads\\\/2023\\\/09\\\/image-45.png\",\"datePublished\":\"2024-01-21T10:31:03+00:00\",\"dateModified\":\"2024-01-21T10:31:04+00:00\",\"breadcrumb\":{\"@id\":\"https:\\\/\\\/blogin.al\\\/?p=42807#breadcrumb\"},\"inLanguage\":\"en-US\",\"potentialAction\":[{\"@type\":\"ReadAction\",\"target\":[\"https:\\\/\\\/blogin.al\\\/?p=42807\"]}]},{\"@type\":\"ImageObject\",\"inLanguage\":\"en-US\",\"@id\":\"https:\\\/\\\/blogin.al\\\/?p=42807#primaryimage\",\"url\":\"https:\\\/\\\/blogin.al\\\/wp-content\\\/uploads\\\/2023\\\/09\\\/image-45.png\",\"contentUrl\":\"https:\\\/\\\/blogin.al\\\/wp-content\\\/uploads\\\/2023\\\/09\\\/image-45.png\",\"width\":572,\"height\":457},{\"@type\":\"BreadcrumbList\",\"@id\":\"https:\\\/\\\/blogin.al\\\/?p=42807#breadcrumb\",\"itemListElement\":[{\"@type\":\"ListItem\",\"position\":1,\"name\":\"Home\",\"item\":\"https:\\\/\\\/blogin.al\\\/\"},{\"@type\":\"ListItem\",\"position\":2,\"name\":\"De Palma uron Jorin p\u00ebr dit\u00eblindje me fjal\u00ebt m\u00eb t\u00eb bukura t\u00eb dashuris\u00eb\"}]},{\"@type\":\"WebSite\",\"@id\":\"https:\\\/\\\/blogin.al\\\/#website\",\"url\":\"https:\\\/\\\/blogin.al\\\/\",\"name\":\"blogin.al\",\"description\":\"\",\"publisher\":{\"@id\":\"https:\\\/\\\/blogin.al\\\/#organization\"},\"potentialAction\":[{\"@type\":\"SearchAction\",\"target\":{\"@type\":\"EntryPoint\",\"urlTemplate\":\"https:\\\/\\\/blogin.al\\\/?s={search_term_string}\"},\"query-input\":{\"@type\":\"PropertyValueSpecification\",\"valueRequired\":true,\"valueName\":\"search_term_string\"}}],\"inLanguage\":\"en-US\"},{\"@type\":\"Organization\",\"@id\":\"https:\\\/\\\/blogin.al\\\/#organization\",\"name\":\"BLOGIN.al\",\"url\":\"https:\\\/\\\/blogin.al\\\/\",\"logo\":{\"@type\":\"ImageObject\",\"inLanguage\":\"en-US\",\"@id\":\"https:\\\/\\\/blogin.al\\\/#\\\/schema\\\/logo\\\/image\\\/\",\"url\":\"https:\\\/\\\/blogin.al\\\/wp-content\\\/uploads\\\/2022\\\/05\\\/Untitled-2-01-e1652084456514.png\",\"contentUrl\":\"https:\\\/\\\/blogin.al\\\/wp-content\\\/uploads\\\/2022\\\/05\\\/Untitled-2-01-e1652084456514.png\",\"width\":3723,\"height\":1698,\"caption\":\"BLOGIN.al\"},\"image\":{\"@id\":\"https:\\\/\\\/blogin.al\\\/#\\\/schema\\\/logo\\\/image\\\/\"},\"sameAs\":[\"https:\\\/\\\/instagram.com\\\/blogin.al\\\/\"]},{\"@type\":\"Person\",\"@id\":\"https:\\\/\\\/blogin.al\\\/#\\\/schema\\\/person\\\/abdd56bc912cd511db877b852b115399\",\"name\":\"Blogin al\",\"image\":{\"@type\":\"ImageObject\",\"inLanguage\":\"en-US\",\"@id\":\"https:\\\/\\\/secure.gravatar.com\\\/avatar\\\/60d5661aee6e835fb13dc75d2204cd0c1d61bef2efd137c0083e59ef831e235e?s=96&d=mm&r=g\",\"url\":\"https:\\\/\\\/secure.gravatar.com\\\/avatar\\\/60d5661aee6e835fb13dc75d2204cd0c1d61bef2efd137c0083e59ef831e235e?s=96&d=mm&r=g\",\"contentUrl\":\"https:\\\/\\\/secure.gravatar.com\\\/avatar\\\/60d5661aee6e835fb13dc75d2204cd0c1d61bef2efd137c0083e59ef831e235e?s=96&d=mm&r=g\",\"caption\":\"Blogin al\"},\"sameAs\":[\"https:\\\/\\\/blogin.al\"],\"url\":\"https:\\\/\\\/blogin.al\\\/?author=2\"}]}<\/script>\n<!-- \/ Yoast SEO plugin. -->","yoast_head_json":{"title":"De Palma uron Jorin p\u00ebr dit\u00eblindje me fjal\u00ebt m\u00eb t\u00eb bukura t\u00eb dashuris\u00eb - blogin.al","robots":{"index":"index","follow":"follow","max-snippet":"max-snippet:-1","max-image-preview":"max-image-preview:large","max-video-preview":"max-video-preview:-1"},"canonical":"https:\/\/blogin.al\/?p=42807","og_locale":"en_US","og_type":"article","og_title":"De Palma uron Jorin p\u00ebr dit\u00eblindje me fjal\u00ebt m\u00eb t\u00eb bukura t\u00eb dashuris\u00eb - blogin.al","og_description":"Ish-konkurrentja e \u201cBBV\u201d, Jori Delli feston sot dit\u00ebn e saj t\u00eb lindjes dhe p\u00ebr t\u00eb gjith\u00eb kurioz\u00ebt ajo mbush 29 vje\u00e7. Ajo ka shp\u00ebrndar\u00eb nj\u00eb num\u00ebr t\u00eb lart\u00eb mesazhesh q\u00eb ndjek\u00ebsi e saj e kan\u00eb uruar. Gjithashtu edhe i dashuri i saj, reperi Italian De Palma ka postuar nj\u00eb foto ku duken shum\u00eb t\u00eb dashuruar [&hellip;]","og_url":"https:\/\/blogin.al\/?p=42807","og_site_name":"blogin.al","article_published_time":"2024-01-21T10:31:03+00:00","article_modified_time":"2024-01-21T10:31:04+00:00","og_image":[{"width":572,"height":457,"url":"https:\/\/blogin.al\/wp-content\/uploads\/2023\/09\/image-45.png","type":"image\/png"}],"author":"Blogin al","twitter_card":"summary_large_image","twitter_misc":{"Written by":"Blogin al","Est. reading time":"2 minutes"},"schema":{"@context":"https:\/\/schema.org","@graph":[{"@type":"Article","@id":"https:\/\/blogin.al\/?p=42807#article","isPartOf":{"@id":"https:\/\/blogin.al\/?p=42807"},"author":{"name":"Blogin al","@id":"https:\/\/blogin.al\/#\/schema\/person\/abdd56bc912cd511db877b852b115399"},"headline":"De Palma uron Jorin p\u00ebr dit\u00eblindje me fjal\u00ebt m\u00eb t\u00eb bukura t\u00eb dashuris\u00eb","datePublished":"2024-01-21T10:31:03+00:00","dateModified":"2024-01-21T10:31:04+00:00","mainEntityOfPage":{"@id":"https:\/\/blogin.al\/?p=42807"},"wordCount":215,"commentCount":0,"publisher":{"@id":"https:\/\/blogin.al\/#organization"},"image":{"@id":"https:\/\/blogin.al\/?p=42807#primaryimage"},"thumbnailUrl":"https:\/\/blogin.al\/wp-content\/uploads\/2023\/09\/image-45.png","articleSection":["SHOWBIZ"],"inLanguage":"en-US","potentialAction":[{"@type":"CommentAction","name":"Comment","target":["https:\/\/blogin.al\/?p=42807#respond"]}]},{"@type":"WebPage","@id":"https:\/\/blogin.al\/?p=42807","url":"https:\/\/blogin.al\/?p=42807","name":"De Palma uron Jorin p\u00ebr dit\u00eblindje me fjal\u00ebt m\u00eb t\u00eb bukura t\u00eb dashuris\u00eb - blogin.al","isPartOf":{"@id":"https:\/\/blogin.al\/#website"},"primaryImageOfPage":{"@id":"https:\/\/blogin.al\/?p=42807#primaryimage"},"image":{"@id":"https:\/\/blogin.al\/?p=42807#primaryimage"},"thumbnailUrl":"https:\/\/blogin.al\/wp-content\/uploads\/2023\/09\/image-45.png","datePublished":"2024-01-21T10:31:03+00:00","dateModified":"2024-01-21T10:31:04+00:00","breadcrumb":{"@id":"https:\/\/blogin.al\/?p=42807#breadcrumb"},"inLanguage":"en-US","potentialAction":[{"@type":"ReadAction","target":["https:\/\/blogin.al\/?p=42807"]}]},{"@type":"ImageObject","inLanguage":"en-US","@id":"https:\/\/blogin.al\/?p=42807#primaryimage","url":"https:\/\/blogin.al\/wp-content\/uploads\/2023\/09\/image-45.png","contentUrl":"https:\/\/blogin.al\/wp-content\/uploads\/2023\/09\/image-45.png","width":572,"height":457},{"@type":"BreadcrumbList","@id":"https:\/\/blogin.al\/?p=42807#breadcrumb","itemListElement":[{"@type":"ListItem","position":1,"name":"Home","item":"https:\/\/blogin.al\/"},{"@type":"ListItem","position":2,"name":"De Palma uron Jorin p\u00ebr dit\u00eblindje me fjal\u00ebt m\u00eb t\u00eb bukura t\u00eb dashuris\u00eb"}]},{"@type":"WebSite","@id":"https:\/\/blogin.al\/#website","url":"https:\/\/blogin.al\/","name":"blogin.al","description":"","publisher":{"@id":"https:\/\/blogin.al\/#organization"},"potentialAction":[{"@type":"SearchAction","target":{"@type":"EntryPoint","urlTemplate":"https:\/\/blogin.al\/?s={search_term_string}"},"query-input":{"@type":"PropertyValueSpecification","valueRequired":true,"valueName":"search_term_string"}}],"inLanguage":"en-US"},{"@type":"Organization","@id":"https:\/\/blogin.al\/#organization","name":"BLOGIN.al","url":"https:\/\/blogin.al\/","logo":{"@type":"ImageObject","inLanguage":"en-US","@id":"https:\/\/blogin.al\/#\/schema\/logo\/image\/","url":"https:\/\/blogin.al\/wp-content\/uploads\/2022\/05\/Untitled-2-01-e1652084456514.png","contentUrl":"https:\/\/blogin.al\/wp-content\/uploads\/2022\/05\/Untitled-2-01-e1652084456514.png","width":3723,"height":1698,"caption":"BLOGIN.al"},"image":{"@id":"https:\/\/blogin.al\/#\/schema\/logo\/image\/"},"sameAs":["https:\/\/instagram.com\/blogin.al\/"]},{"@type":"Person","@id":"https:\/\/blogin.al\/#\/schema\/person\/abdd56bc912cd511db877b852b115399","name":"Blogin al","image":{"@type":"ImageObject","inLanguage":"en-US","@id":"https:\/\/secure.gravatar.com\/avatar\/60d5661aee6e835fb13dc75d2204cd0c1d61bef2efd137c0083e59ef831e235e?s=96&d=mm&r=g","url":"https:\/\/secure.gravatar.com\/avatar\/60d5661aee6e835fb13dc75d2204cd0c1d61bef2efd137c0083e59ef831e235e?s=96&d=mm&r=g","contentUrl":"https:\/\/secure.gravatar.com\/avatar\/60d5661aee6e835fb13dc75d2204cd0c1d61bef2efd137c0083e59ef831e235e?s=96&d=mm&r=g","caption":"Blogin al"},"sameAs":["https:\/\/blogin.al"],"url":"https:\/\/blogin.al\/?author=2"}]}},"_links":{"self":[{"href":"https:\/\/blogin.al\/index.php?rest_route=\/wp\/v2\/posts\/42807","targetHints":{"allow":["GET"]}}],"collection":[{"href":"https:\/\/blogin.al\/index.php?rest_route=\/wp\/v2\/posts"}],"about":[{"href":"https:\/\/blogin.al\/index.php?rest_route=\/wp\/v2\/types\/post"}],"author":[{"embeddable":true,"href":"https:\/\/blogin.al\/index.php?rest_route=\/wp\/v2\/users\/2"}],"replies":[{"embeddable":true,"href":"https:\/\/blogin.al\/index.php?rest_route=%2Fwp%2Fv2%2Fcomments&post=42807"}],"version-history":[{"count":1,"href":"https:\/\/blogin.al\/index.php?rest_route=\/wp\/v2\/posts\/42807\/revisions"}],"predecessor-version":[{"id":42808,"href":"https:\/\/blogin.al\/index.php?rest_route=\/wp\/v2\/posts\/42807\/revisions\/42808"}],"wp:featuredmedia":[{"embeddable":true,"href":"https:\/\/blogin.al\/index.php?rest_route=\/wp\/v2\/media\/37772"}],"wp:attachment":[{"href":"https:\/\/blogin.al\/index.php?rest_route=%2Fwp%2Fv2%2Fmedia&parent=42807"}],"wp:term":[{"taxonomy":"category","embeddable":true,"href":"https:\/\/blogin.al\/index.php?rest_route=%2Fwp%2Fv2%2Fcategories&post=42807"},{"taxonomy":"post_tag","embeddable":true,"href":"https:\/\/blogin.al\/index.php?rest_route=%2Fwp%2Fv2%2Ftags&post=42807"}],"curies":[{"name":"wp","href":"https:\/\/api.w.org\/{rel}","templated":true}]}}