{"id":42835,"date":"2024-01-21T14:30:02","date_gmt":"2024-01-21T14:30:02","guid":{"rendered":"https:\/\/blogin.al\/?p=42835"},"modified":"2024-01-21T14:30:04","modified_gmt":"2024-01-21T14:30:04","slug":"erida-zbulon-arsyen-e-ndarjes-nga-aleksandros","status":"publish","type":"post","link":"https:\/\/blogin.al\/?p=42835","title":{"rendered":"Erida zbulon arsyen e ndarjes nga Aleksandros"},"content":{"rendered":"\n<p>Erida dhe Aleksandros, nj\u00eb nga \u00e7iftet finaliste t\u00eb \u201cLove Island Albania\u201d, i kan\u00eb dh\u00ebn\u00eb fund lidhjes s\u00eb tyre.<\/p>\n\n\n\n<p>Dit\u00ebn e sotme Erida ka treguar edhe arsyen se pse ata u ndan\u00eb. Erida tregon q\u00eb arsyeja e ndarjes ishte mungesa e v\u00ebmendjes ndaj saj.<\/p>\n\n\n\n<blockquote class=\"wp-block-quote is-layout-flow wp-block-quote-is-layout-flow\">\n<p>Erida: Un\u00eb dhe Aleksandros u ndam\u00eb. Shfaqet e tij LIVE n\u00eb Tik-Tok jan\u00eb m\u00eb t\u00eb r\u00ebnd\u00ebsishme.<\/p>\n<\/blockquote>\n\n\n\n<figure class=\"wp-block-image is-style-default\"><img decoding=\"async\" src=\"https:\/\/iconstyle.al\/wp-content\/uploads\/2024\/01\/IMG_5578-300x596.jpeg\" alt=\"\" class=\"wp-image-624757\"\/><\/figure>\n\n\n\n<p>Gjithashtu Aleksandros ka postuar nj\u00eb foto t\u00eb nj\u00eb djali q\u00eb mbante veshur nj\u00eb bluz\u00eb ku shkruhej: Ish-i \u00ebsht\u00eb fansi im m\u00eb i madh.<\/p>\n\n\n\n<figure class=\"wp-block-image is-style-default\"><img decoding=\"async\" src=\"https:\/\/iconstyle.al\/wp-content\/uploads\/2024\/01\/IMG_5585-300x598.jpeg\" alt=\"\" class=\"wp-image-624758\"\/><\/figure>\n\n\n\n<figure class=\"wp-block-image is-style-default\"><img decoding=\"async\" src=\"https:\/\/iconstyle.al\/wp-content\/uploads\/2024\/01\/IMG_5584-300x596.jpeg\" alt=\"\" class=\"wp-image-624759\"\/><\/figure>\n\n\n\n<p>Nj\u00eb foto t\u00eb till\u00eb e ka postuar fillimisht Erida ku ajo mbante t\u00eb veshur trikon me nj\u00eb shprehje t\u00eb till\u00eb.<\/p>\n\n\n\n<p>\u00c7ifti i ka dh\u00ebn\u00eb fund lidhjes s\u00eb tyre vet\u00ebm dy muaj pas p\u00ebrfundimit t\u00eb spektaklit, ku votat e dashuris\u00eb i rendit\u00ebn n\u00eb vendin e tret\u00eb.<\/p>\n","protected":false},"excerpt":{"rendered":"<p>Erida dhe Aleksandros, nj\u00eb nga \u00e7iftet finaliste t\u00eb \u201cLove Island Albania\u201d, i kan\u00eb dh\u00ebn\u00eb fund lidhjes s\u00eb tyre. Dit\u00ebn e sotme Erida ka treguar edhe arsyen se pse ata u ndan\u00eb. Erida tregon q\u00eb arsyeja e ndarjes ishte mungesa e v\u00ebmendjes ndaj saj. Erida: Un\u00eb dhe Aleksandros u ndam\u00eb. Shfaqet e tij LIVE n\u00eb Tik-Tok [&hellip;]<\/p>\n","protected":false},"author":2,"featured_media":42836,"comment_status":"open","ping_status":"open","sticky":false,"template":"","format":"standard","meta":{"footnotes":""},"categories":[33],"tags":[],"class_list":{"0":"post-42835","1":"post","2":"type-post","3":"status-publish","4":"format-standard","5":"has-post-thumbnail","7":"category-showbiz"},"yoast_head":"<!-- This site is optimized with the Yoast SEO plugin v27.4 - https:\/\/yoast.com\/product\/yoast-seo-wordpress\/ -->\n<title>Erida zbulon arsyen e ndarjes nga Aleksandros - blogin.al<\/title>\n<meta name=\"robots\" content=\"index, follow, max-snippet:-1, max-image-preview:large, max-video-preview:-1\" \/>\n<link rel=\"canonical\" href=\"https:\/\/blogin.al\/?p=42835\" \/>\n<meta property=\"og:locale\" content=\"en_US\" \/>\n<meta property=\"og:type\" content=\"article\" \/>\n<meta property=\"og:title\" content=\"Erida zbulon arsyen e ndarjes nga Aleksandros - blogin.al\" \/>\n<meta property=\"og:description\" content=\"Erida dhe Aleksandros, nj\u00eb nga \u00e7iftet finaliste t\u00eb \u201cLove Island Albania\u201d, i kan\u00eb dh\u00ebn\u00eb fund lidhjes s\u00eb tyre. Dit\u00ebn e sotme Erida ka treguar edhe arsyen se pse ata u ndan\u00eb. Erida tregon q\u00eb arsyeja e ndarjes ishte mungesa e v\u00ebmendjes ndaj saj. Erida: Un\u00eb dhe Aleksandros u ndam\u00eb. Shfaqet e tij LIVE n\u00eb Tik-Tok [&hellip;]\" \/>\n<meta property=\"og:url\" content=\"https:\/\/blogin.al\/?p=42835\" \/>\n<meta property=\"og:site_name\" content=\"blogin.al\" \/>\n<meta property=\"article:published_time\" content=\"2024-01-21T14:30:02+00:00\" \/>\n<meta property=\"article:modified_time\" content=\"2024-01-21T14:30:04+00:00\" \/>\n<meta property=\"og:image\" content=\"https:\/\/blogin.al\/wp-content\/uploads\/2024\/01\/image-125.png\" \/>\n\t<meta property=\"og:image:width\" content=\"750\" \/>\n\t<meta property=\"og:image:height\" content=\"817\" \/>\n\t<meta property=\"og:image:type\" content=\"image\/png\" \/>\n<meta name=\"author\" content=\"Blogin al\" \/>\n<meta name=\"twitter:card\" content=\"summary_large_image\" \/>\n<meta name=\"twitter:label1\" content=\"Written by\" \/>\n\t<meta name=\"twitter:data1\" content=\"Blogin al\" \/>\n\t<meta name=\"twitter:label2\" content=\"Est. reading time\" \/>\n\t<meta name=\"twitter:data2\" content=\"2 minutes\" \/>\n<script type=\"application\/ld+json\" class=\"yoast-schema-graph\">{\"@context\":\"https:\\\/\\\/schema.org\",\"@graph\":[{\"@type\":\"Article\",\"@id\":\"https:\\\/\\\/blogin.al\\\/?p=42835#article\",\"isPartOf\":{\"@id\":\"https:\\\/\\\/blogin.al\\\/?p=42835\"},\"author\":{\"name\":\"Blogin al\",\"@id\":\"https:\\\/\\\/blogin.al\\\/#\\\/schema\\\/person\\\/abdd56bc912cd511db877b852b115399\"},\"headline\":\"Erida zbulon arsyen e ndarjes nga Aleksandros\",\"datePublished\":\"2024-01-21T14:30:02+00:00\",\"dateModified\":\"2024-01-21T14:30:04+00:00\",\"mainEntityOfPage\":{\"@id\":\"https:\\\/\\\/blogin.al\\\/?p=42835\"},\"wordCount\":143,\"commentCount\":0,\"publisher\":{\"@id\":\"https:\\\/\\\/blogin.al\\\/#organization\"},\"image\":{\"@id\":\"https:\\\/\\\/blogin.al\\\/?p=42835#primaryimage\"},\"thumbnailUrl\":\"https:\\\/\\\/blogin.al\\\/wp-content\\\/uploads\\\/2024\\\/01\\\/image-125.png\",\"articleSection\":[\"SHOWBIZ\"],\"inLanguage\":\"en-US\",\"potentialAction\":[{\"@type\":\"CommentAction\",\"name\":\"Comment\",\"target\":[\"https:\\\/\\\/blogin.al\\\/?p=42835#respond\"]}]},{\"@type\":\"WebPage\",\"@id\":\"https:\\\/\\\/blogin.al\\\/?p=42835\",\"url\":\"https:\\\/\\\/blogin.al\\\/?p=42835\",\"name\":\"Erida zbulon arsyen e ndarjes nga Aleksandros - blogin.al\",\"isPartOf\":{\"@id\":\"https:\\\/\\\/blogin.al\\\/#website\"},\"primaryImageOfPage\":{\"@id\":\"https:\\\/\\\/blogin.al\\\/?p=42835#primaryimage\"},\"image\":{\"@id\":\"https:\\\/\\\/blogin.al\\\/?p=42835#primaryimage\"},\"thumbnailUrl\":\"https:\\\/\\\/blogin.al\\\/wp-content\\\/uploads\\\/2024\\\/01\\\/image-125.png\",\"datePublished\":\"2024-01-21T14:30:02+00:00\",\"dateModified\":\"2024-01-21T14:30:04+00:00\",\"breadcrumb\":{\"@id\":\"https:\\\/\\\/blogin.al\\\/?p=42835#breadcrumb\"},\"inLanguage\":\"en-US\",\"potentialAction\":[{\"@type\":\"ReadAction\",\"target\":[\"https:\\\/\\\/blogin.al\\\/?p=42835\"]}]},{\"@type\":\"ImageObject\",\"inLanguage\":\"en-US\",\"@id\":\"https:\\\/\\\/blogin.al\\\/?p=42835#primaryimage\",\"url\":\"https:\\\/\\\/blogin.al\\\/wp-content\\\/uploads\\\/2024\\\/01\\\/image-125.png\",\"contentUrl\":\"https:\\\/\\\/blogin.al\\\/wp-content\\\/uploads\\\/2024\\\/01\\\/image-125.png\",\"width\":750,\"height\":817},{\"@type\":\"BreadcrumbList\",\"@id\":\"https:\\\/\\\/blogin.al\\\/?p=42835#breadcrumb\",\"itemListElement\":[{\"@type\":\"ListItem\",\"position\":1,\"name\":\"Home\",\"item\":\"https:\\\/\\\/blogin.al\\\/\"},{\"@type\":\"ListItem\",\"position\":2,\"name\":\"Erida zbulon arsyen e ndarjes nga Aleksandros\"}]},{\"@type\":\"WebSite\",\"@id\":\"https:\\\/\\\/blogin.al\\\/#website\",\"url\":\"https:\\\/\\\/blogin.al\\\/\",\"name\":\"blogin.al\",\"description\":\"\",\"publisher\":{\"@id\":\"https:\\\/\\\/blogin.al\\\/#organization\"},\"potentialAction\":[{\"@type\":\"SearchAction\",\"target\":{\"@type\":\"EntryPoint\",\"urlTemplate\":\"https:\\\/\\\/blogin.al\\\/?s={search_term_string}\"},\"query-input\":{\"@type\":\"PropertyValueSpecification\",\"valueRequired\":true,\"valueName\":\"search_term_string\"}}],\"inLanguage\":\"en-US\"},{\"@type\":\"Organization\",\"@id\":\"https:\\\/\\\/blogin.al\\\/#organization\",\"name\":\"BLOGIN.al\",\"url\":\"https:\\\/\\\/blogin.al\\\/\",\"logo\":{\"@type\":\"ImageObject\",\"inLanguage\":\"en-US\",\"@id\":\"https:\\\/\\\/blogin.al\\\/#\\\/schema\\\/logo\\\/image\\\/\",\"url\":\"https:\\\/\\\/blogin.al\\\/wp-content\\\/uploads\\\/2022\\\/05\\\/Untitled-2-01-e1652084456514.png\",\"contentUrl\":\"https:\\\/\\\/blogin.al\\\/wp-content\\\/uploads\\\/2022\\\/05\\\/Untitled-2-01-e1652084456514.png\",\"width\":3723,\"height\":1698,\"caption\":\"BLOGIN.al\"},\"image\":{\"@id\":\"https:\\\/\\\/blogin.al\\\/#\\\/schema\\\/logo\\\/image\\\/\"},\"sameAs\":[\"https:\\\/\\\/instagram.com\\\/blogin.al\\\/\"]},{\"@type\":\"Person\",\"@id\":\"https:\\\/\\\/blogin.al\\\/#\\\/schema\\\/person\\\/abdd56bc912cd511db877b852b115399\",\"name\":\"Blogin al\",\"image\":{\"@type\":\"ImageObject\",\"inLanguage\":\"en-US\",\"@id\":\"https:\\\/\\\/secure.gravatar.com\\\/avatar\\\/60d5661aee6e835fb13dc75d2204cd0c1d61bef2efd137c0083e59ef831e235e?s=96&d=mm&r=g\",\"url\":\"https:\\\/\\\/secure.gravatar.com\\\/avatar\\\/60d5661aee6e835fb13dc75d2204cd0c1d61bef2efd137c0083e59ef831e235e?s=96&d=mm&r=g\",\"contentUrl\":\"https:\\\/\\\/secure.gravatar.com\\\/avatar\\\/60d5661aee6e835fb13dc75d2204cd0c1d61bef2efd137c0083e59ef831e235e?s=96&d=mm&r=g\",\"caption\":\"Blogin al\"},\"sameAs\":[\"https:\\\/\\\/blogin.al\"],\"url\":\"https:\\\/\\\/blogin.al\\\/?author=2\"}]}<\/script>\n<!-- \/ Yoast SEO plugin. -->","yoast_head_json":{"title":"Erida zbulon arsyen e ndarjes nga Aleksandros - blogin.al","robots":{"index":"index","follow":"follow","max-snippet":"max-snippet:-1","max-image-preview":"max-image-preview:large","max-video-preview":"max-video-preview:-1"},"canonical":"https:\/\/blogin.al\/?p=42835","og_locale":"en_US","og_type":"article","og_title":"Erida zbulon arsyen e ndarjes nga Aleksandros - blogin.al","og_description":"Erida dhe Aleksandros, nj\u00eb nga \u00e7iftet finaliste t\u00eb \u201cLove Island Albania\u201d, i kan\u00eb dh\u00ebn\u00eb fund lidhjes s\u00eb tyre. Dit\u00ebn e sotme Erida ka treguar edhe arsyen se pse ata u ndan\u00eb. Erida tregon q\u00eb arsyeja e ndarjes ishte mungesa e v\u00ebmendjes ndaj saj. Erida: Un\u00eb dhe Aleksandros u ndam\u00eb. Shfaqet e tij LIVE n\u00eb Tik-Tok [&hellip;]","og_url":"https:\/\/blogin.al\/?p=42835","og_site_name":"blogin.al","article_published_time":"2024-01-21T14:30:02+00:00","article_modified_time":"2024-01-21T14:30:04+00:00","og_image":[{"width":750,"height":817,"url":"https:\/\/blogin.al\/wp-content\/uploads\/2024\/01\/image-125.png","type":"image\/png"}],"author":"Blogin al","twitter_card":"summary_large_image","twitter_misc":{"Written by":"Blogin al","Est. reading time":"2 minutes"},"schema":{"@context":"https:\/\/schema.org","@graph":[{"@type":"Article","@id":"https:\/\/blogin.al\/?p=42835#article","isPartOf":{"@id":"https:\/\/blogin.al\/?p=42835"},"author":{"name":"Blogin al","@id":"https:\/\/blogin.al\/#\/schema\/person\/abdd56bc912cd511db877b852b115399"},"headline":"Erida zbulon arsyen e ndarjes nga Aleksandros","datePublished":"2024-01-21T14:30:02+00:00","dateModified":"2024-01-21T14:30:04+00:00","mainEntityOfPage":{"@id":"https:\/\/blogin.al\/?p=42835"},"wordCount":143,"commentCount":0,"publisher":{"@id":"https:\/\/blogin.al\/#organization"},"image":{"@id":"https:\/\/blogin.al\/?p=42835#primaryimage"},"thumbnailUrl":"https:\/\/blogin.al\/wp-content\/uploads\/2024\/01\/image-125.png","articleSection":["SHOWBIZ"],"inLanguage":"en-US","potentialAction":[{"@type":"CommentAction","name":"Comment","target":["https:\/\/blogin.al\/?p=42835#respond"]}]},{"@type":"WebPage","@id":"https:\/\/blogin.al\/?p=42835","url":"https:\/\/blogin.al\/?p=42835","name":"Erida zbulon arsyen e ndarjes nga Aleksandros - blogin.al","isPartOf":{"@id":"https:\/\/blogin.al\/#website"},"primaryImageOfPage":{"@id":"https:\/\/blogin.al\/?p=42835#primaryimage"},"image":{"@id":"https:\/\/blogin.al\/?p=42835#primaryimage"},"thumbnailUrl":"https:\/\/blogin.al\/wp-content\/uploads\/2024\/01\/image-125.png","datePublished":"2024-01-21T14:30:02+00:00","dateModified":"2024-01-21T14:30:04+00:00","breadcrumb":{"@id":"https:\/\/blogin.al\/?p=42835#breadcrumb"},"inLanguage":"en-US","potentialAction":[{"@type":"ReadAction","target":["https:\/\/blogin.al\/?p=42835"]}]},{"@type":"ImageObject","inLanguage":"en-US","@id":"https:\/\/blogin.al\/?p=42835#primaryimage","url":"https:\/\/blogin.al\/wp-content\/uploads\/2024\/01\/image-125.png","contentUrl":"https:\/\/blogin.al\/wp-content\/uploads\/2024\/01\/image-125.png","width":750,"height":817},{"@type":"BreadcrumbList","@id":"https:\/\/blogin.al\/?p=42835#breadcrumb","itemListElement":[{"@type":"ListItem","position":1,"name":"Home","item":"https:\/\/blogin.al\/"},{"@type":"ListItem","position":2,"name":"Erida zbulon arsyen e ndarjes nga Aleksandros"}]},{"@type":"WebSite","@id":"https:\/\/blogin.al\/#website","url":"https:\/\/blogin.al\/","name":"blogin.al","description":"","publisher":{"@id":"https:\/\/blogin.al\/#organization"},"potentialAction":[{"@type":"SearchAction","target":{"@type":"EntryPoint","urlTemplate":"https:\/\/blogin.al\/?s={search_term_string}"},"query-input":{"@type":"PropertyValueSpecification","valueRequired":true,"valueName":"search_term_string"}}],"inLanguage":"en-US"},{"@type":"Organization","@id":"https:\/\/blogin.al\/#organization","name":"BLOGIN.al","url":"https:\/\/blogin.al\/","logo":{"@type":"ImageObject","inLanguage":"en-US","@id":"https:\/\/blogin.al\/#\/schema\/logo\/image\/","url":"https:\/\/blogin.al\/wp-content\/uploads\/2022\/05\/Untitled-2-01-e1652084456514.png","contentUrl":"https:\/\/blogin.al\/wp-content\/uploads\/2022\/05\/Untitled-2-01-e1652084456514.png","width":3723,"height":1698,"caption":"BLOGIN.al"},"image":{"@id":"https:\/\/blogin.al\/#\/schema\/logo\/image\/"},"sameAs":["https:\/\/instagram.com\/blogin.al\/"]},{"@type":"Person","@id":"https:\/\/blogin.al\/#\/schema\/person\/abdd56bc912cd511db877b852b115399","name":"Blogin al","image":{"@type":"ImageObject","inLanguage":"en-US","@id":"https:\/\/secure.gravatar.com\/avatar\/60d5661aee6e835fb13dc75d2204cd0c1d61bef2efd137c0083e59ef831e235e?s=96&d=mm&r=g","url":"https:\/\/secure.gravatar.com\/avatar\/60d5661aee6e835fb13dc75d2204cd0c1d61bef2efd137c0083e59ef831e235e?s=96&d=mm&r=g","contentUrl":"https:\/\/secure.gravatar.com\/avatar\/60d5661aee6e835fb13dc75d2204cd0c1d61bef2efd137c0083e59ef831e235e?s=96&d=mm&r=g","caption":"Blogin al"},"sameAs":["https:\/\/blogin.al"],"url":"https:\/\/blogin.al\/?author=2"}]}},"_links":{"self":[{"href":"https:\/\/blogin.al\/index.php?rest_route=\/wp\/v2\/posts\/42835","targetHints":{"allow":["GET"]}}],"collection":[{"href":"https:\/\/blogin.al\/index.php?rest_route=\/wp\/v2\/posts"}],"about":[{"href":"https:\/\/blogin.al\/index.php?rest_route=\/wp\/v2\/types\/post"}],"author":[{"embeddable":true,"href":"https:\/\/blogin.al\/index.php?rest_route=\/wp\/v2\/users\/2"}],"replies":[{"embeddable":true,"href":"https:\/\/blogin.al\/index.php?rest_route=%2Fwp%2Fv2%2Fcomments&post=42835"}],"version-history":[{"count":1,"href":"https:\/\/blogin.al\/index.php?rest_route=\/wp\/v2\/posts\/42835\/revisions"}],"predecessor-version":[{"id":42837,"href":"https:\/\/blogin.al\/index.php?rest_route=\/wp\/v2\/posts\/42835\/revisions\/42837"}],"wp:featuredmedia":[{"embeddable":true,"href":"https:\/\/blogin.al\/index.php?rest_route=\/wp\/v2\/media\/42836"}],"wp:attachment":[{"href":"https:\/\/blogin.al\/index.php?rest_route=%2Fwp%2Fv2%2Fmedia&parent=42835"}],"wp:term":[{"taxonomy":"category","embeddable":true,"href":"https:\/\/blogin.al\/index.php?rest_route=%2Fwp%2Fv2%2Fcategories&post=42835"},{"taxonomy":"post_tag","embeddable":true,"href":"https:\/\/blogin.al\/index.php?rest_route=%2Fwp%2Fv2%2Ftags&post=42835"}],"curies":[{"name":"wp","href":"https:\/\/api.w.org\/{rel}","templated":true}]}}