{"id":42925,"date":"2024-01-24T11:03:24","date_gmt":"2024-01-24T11:03:24","guid":{"rendered":"https:\/\/blogin.al\/?p=42925"},"modified":"2024-01-24T11:03:26","modified_gmt":"2024-01-24T11:03:26","slug":"ilir-shaqiri-ironizon-debatin-banal-te-egles-dhe-aktorit","status":"publish","type":"post","link":"https:\/\/blogin.al\/?p=42925","title":{"rendered":"Ilir Shaqiri ironizon debatin banal t\u00eb Egl\u00ebs dhe aktorit\u00a0"},"content":{"rendered":"\n<p>Debati i ashp\u00ebr mes dy aktor\u00ebve Egla Ceno dhe Julian Ded\u00ebs brenda sht\u00ebpis\u00eb s\u00eb \u201cBig Brother VIP 3\u201d, dit\u00ebt e fundit \u00ebsht\u00eb komentuar jo vet\u00ebm nga banor\u00ebt por edhe jasht\u00eb p\u00ebr shkak t\u00eb fjalorit ofendues.<\/p>\n\n\n\n<p>P\u00ebrplasjet mes dy banor\u00ebve kan\u00eb vazhduar edhe gjat\u00eb primet t\u00eb mbr\u00ebmjes s\u00eb djeshme, ku aktorja tregoi se Juli i kishte th\u00ebn\u00eb q\u00eb do heq t\u00eb brendshmet q\u00eb ajo t\u00eb k\u00ebnaqet duke e par\u00eb.<\/p>\n\n\n\n<p><em>\u201cJuli m\u00eb tha do t\u00eb heq brek\u00ebt q\u00eb t\u00eb k\u00ebnaqesh t\u00eb m\u00eb shoh\u00ebsh, fjalori im nuk \u00ebsht\u00eb n\u00eb lart\u00ebsin\u00eb e publikut, i k\u00ebrkoj ndjes\u00eb publikut q\u00eb m\u00eb vjen zor q\u00eb m\u00eb kan\u00eb dal\u00eb nga goja, por u ndjeva e fyer.<\/em>\u201d- u shpreh Egla.<\/p>\n\n\n\n<p>N\u00eb lidhje me k\u00ebt\u00eb ka reaguar edhe balerini i njohur Ilir Shaqiri, i cili p\u00ebrmes nj\u00eb postimi n\u00eb InstaStory ka ironizuar hapur dy aktor\u00ebt n\u00eb \u201cBig Brother VIP\u201d.<\/p>\n\n\n\n<p>Ai ka postuar n\u00eb Instagram nj\u00eb foto ku ka treguar se fjala \u201cbrek\u00ebt\u201d nuk gjendet n\u00eb fjalorin e gjuhes Shqipe.<\/p>\n\n\n\n<figure class=\"wp-block-image size-full is-style-default\"><img fetchpriority=\"high\" decoding=\"async\" width=\"481\" height=\"826\" src=\"https:\/\/blogin.al\/wp-content\/uploads\/2024\/01\/image-141.png\" alt=\"\" class=\"wp-image-42926\" srcset=\"https:\/\/blogin.al\/wp-content\/uploads\/2024\/01\/image-141.png 481w, https:\/\/blogin.al\/wp-content\/uploads\/2024\/01\/image-141-175x300.png 175w, https:\/\/blogin.al\/wp-content\/uploads\/2024\/01\/image-141-150x258.png 150w, https:\/\/blogin.al\/wp-content\/uploads\/2024\/01\/image-141-300x515.png 300w\" sizes=\"(max-width: 481px) 100vw, 481px\" \/><\/figure>\n","protected":false},"excerpt":{"rendered":"<p>Debati i ashp\u00ebr mes dy aktor\u00ebve Egla Ceno dhe Julian Ded\u00ebs brenda sht\u00ebpis\u00eb s\u00eb \u201cBig Brother VIP 3\u201d, dit\u00ebt e fundit \u00ebsht\u00eb komentuar jo vet\u00ebm nga banor\u00ebt por edhe jasht\u00eb p\u00ebr shkak t\u00eb fjalorit ofendues. P\u00ebrplasjet mes dy banor\u00ebve kan\u00eb vazhduar edhe gjat\u00eb primet t\u00eb mbr\u00ebmjes s\u00eb djeshme, ku aktorja tregoi se Juli i kishte [&hellip;]<\/p>\n","protected":false},"author":2,"featured_media":22218,"comment_status":"open","ping_status":"open","sticky":false,"template":"","format":"standard","meta":{"footnotes":""},"categories":[33],"tags":[],"class_list":{"0":"post-42925","1":"post","2":"type-post","3":"status-publish","4":"format-standard","5":"has-post-thumbnail","7":"category-showbiz"},"yoast_head":"<!-- This site is optimized with the Yoast SEO plugin v27.4 - https:\/\/yoast.com\/product\/yoast-seo-wordpress\/ -->\n<title>Ilir Shaqiri ironizon debatin banal t\u00eb Egl\u00ebs dhe aktorit\u00a0 - blogin.al<\/title>\n<meta name=\"robots\" content=\"index, follow, max-snippet:-1, max-image-preview:large, max-video-preview:-1\" \/>\n<link rel=\"canonical\" href=\"https:\/\/blogin.al\/?p=42925\" \/>\n<meta property=\"og:locale\" content=\"en_US\" \/>\n<meta property=\"og:type\" content=\"article\" \/>\n<meta property=\"og:title\" content=\"Ilir Shaqiri ironizon debatin banal t\u00eb Egl\u00ebs dhe aktorit\u00a0 - blogin.al\" \/>\n<meta property=\"og:description\" content=\"Debati i ashp\u00ebr mes dy aktor\u00ebve Egla Ceno dhe Julian Ded\u00ebs brenda sht\u00ebpis\u00eb s\u00eb \u201cBig Brother VIP 3\u201d, dit\u00ebt e fundit \u00ebsht\u00eb komentuar jo vet\u00ebm nga banor\u00ebt por edhe jasht\u00eb p\u00ebr shkak t\u00eb fjalorit ofendues. P\u00ebrplasjet mes dy banor\u00ebve kan\u00eb vazhduar edhe gjat\u00eb primet t\u00eb mbr\u00ebmjes s\u00eb djeshme, ku aktorja tregoi se Juli i kishte [&hellip;]\" \/>\n<meta property=\"og:url\" content=\"https:\/\/blogin.al\/?p=42925\" \/>\n<meta property=\"og:site_name\" content=\"blogin.al\" \/>\n<meta property=\"article:published_time\" content=\"2024-01-24T11:03:24+00:00\" \/>\n<meta property=\"article:modified_time\" content=\"2024-01-24T11:03:26+00:00\" \/>\n<meta property=\"og:image\" content=\"https:\/\/blogin.al\/wp-content\/uploads\/2023\/01\/20230117_174144-1.jpg\" \/>\n\t<meta property=\"og:image:width\" content=\"1440\" \/>\n\t<meta property=\"og:image:height\" content=\"884\" \/>\n\t<meta property=\"og:image:type\" content=\"image\/jpeg\" \/>\n<meta name=\"author\" content=\"Blogin al\" \/>\n<meta name=\"twitter:card\" content=\"summary_large_image\" \/>\n<meta name=\"twitter:label1\" content=\"Written by\" \/>\n\t<meta name=\"twitter:data1\" content=\"Blogin al\" \/>\n\t<meta name=\"twitter:label2\" content=\"Est. reading time\" \/>\n\t<meta name=\"twitter:data2\" content=\"2 minutes\" \/>\n<script type=\"application\/ld+json\" class=\"yoast-schema-graph\">{\"@context\":\"https:\\\/\\\/schema.org\",\"@graph\":[{\"@type\":\"Article\",\"@id\":\"https:\\\/\\\/blogin.al\\\/?p=42925#article\",\"isPartOf\":{\"@id\":\"https:\\\/\\\/blogin.al\\\/?p=42925\"},\"author\":{\"name\":\"Blogin al\",\"@id\":\"https:\\\/\\\/blogin.al\\\/#\\\/schema\\\/person\\\/abdd56bc912cd511db877b852b115399\"},\"headline\":\"Ilir Shaqiri ironizon debatin banal t\u00eb Egl\u00ebs dhe aktorit\u00a0\",\"datePublished\":\"2024-01-24T11:03:24+00:00\",\"dateModified\":\"2024-01-24T11:03:26+00:00\",\"mainEntityOfPage\":{\"@id\":\"https:\\\/\\\/blogin.al\\\/?p=42925\"},\"wordCount\":191,\"commentCount\":0,\"publisher\":{\"@id\":\"https:\\\/\\\/blogin.al\\\/#organization\"},\"image\":{\"@id\":\"https:\\\/\\\/blogin.al\\\/?p=42925#primaryimage\"},\"thumbnailUrl\":\"https:\\\/\\\/blogin.al\\\/wp-content\\\/uploads\\\/2023\\\/01\\\/20230117_174144-1.jpg\",\"articleSection\":[\"SHOWBIZ\"],\"inLanguage\":\"en-US\",\"potentialAction\":[{\"@type\":\"CommentAction\",\"name\":\"Comment\",\"target\":[\"https:\\\/\\\/blogin.al\\\/?p=42925#respond\"]}]},{\"@type\":\"WebPage\",\"@id\":\"https:\\\/\\\/blogin.al\\\/?p=42925\",\"url\":\"https:\\\/\\\/blogin.al\\\/?p=42925\",\"name\":\"Ilir Shaqiri ironizon debatin banal t\u00eb Egl\u00ebs dhe aktorit\u00a0 - blogin.al\",\"isPartOf\":{\"@id\":\"https:\\\/\\\/blogin.al\\\/#website\"},\"primaryImageOfPage\":{\"@id\":\"https:\\\/\\\/blogin.al\\\/?p=42925#primaryimage\"},\"image\":{\"@id\":\"https:\\\/\\\/blogin.al\\\/?p=42925#primaryimage\"},\"thumbnailUrl\":\"https:\\\/\\\/blogin.al\\\/wp-content\\\/uploads\\\/2023\\\/01\\\/20230117_174144-1.jpg\",\"datePublished\":\"2024-01-24T11:03:24+00:00\",\"dateModified\":\"2024-01-24T11:03:26+00:00\",\"breadcrumb\":{\"@id\":\"https:\\\/\\\/blogin.al\\\/?p=42925#breadcrumb\"},\"inLanguage\":\"en-US\",\"potentialAction\":[{\"@type\":\"ReadAction\",\"target\":[\"https:\\\/\\\/blogin.al\\\/?p=42925\"]}]},{\"@type\":\"ImageObject\",\"inLanguage\":\"en-US\",\"@id\":\"https:\\\/\\\/blogin.al\\\/?p=42925#primaryimage\",\"url\":\"https:\\\/\\\/blogin.al\\\/wp-content\\\/uploads\\\/2023\\\/01\\\/20230117_174144-1.jpg\",\"contentUrl\":\"https:\\\/\\\/blogin.al\\\/wp-content\\\/uploads\\\/2023\\\/01\\\/20230117_174144-1.jpg\",\"width\":1440,\"height\":884},{\"@type\":\"BreadcrumbList\",\"@id\":\"https:\\\/\\\/blogin.al\\\/?p=42925#breadcrumb\",\"itemListElement\":[{\"@type\":\"ListItem\",\"position\":1,\"name\":\"Home\",\"item\":\"https:\\\/\\\/blogin.al\\\/\"},{\"@type\":\"ListItem\",\"position\":2,\"name\":\"Ilir Shaqiri ironizon debatin banal t\u00eb Egl\u00ebs dhe aktorit\u00a0\"}]},{\"@type\":\"WebSite\",\"@id\":\"https:\\\/\\\/blogin.al\\\/#website\",\"url\":\"https:\\\/\\\/blogin.al\\\/\",\"name\":\"blogin.al\",\"description\":\"\",\"publisher\":{\"@id\":\"https:\\\/\\\/blogin.al\\\/#organization\"},\"potentialAction\":[{\"@type\":\"SearchAction\",\"target\":{\"@type\":\"EntryPoint\",\"urlTemplate\":\"https:\\\/\\\/blogin.al\\\/?s={search_term_string}\"},\"query-input\":{\"@type\":\"PropertyValueSpecification\",\"valueRequired\":true,\"valueName\":\"search_term_string\"}}],\"inLanguage\":\"en-US\"},{\"@type\":\"Organization\",\"@id\":\"https:\\\/\\\/blogin.al\\\/#organization\",\"name\":\"BLOGIN.al\",\"url\":\"https:\\\/\\\/blogin.al\\\/\",\"logo\":{\"@type\":\"ImageObject\",\"inLanguage\":\"en-US\",\"@id\":\"https:\\\/\\\/blogin.al\\\/#\\\/schema\\\/logo\\\/image\\\/\",\"url\":\"https:\\\/\\\/blogin.al\\\/wp-content\\\/uploads\\\/2022\\\/05\\\/Untitled-2-01-e1652084456514.png\",\"contentUrl\":\"https:\\\/\\\/blogin.al\\\/wp-content\\\/uploads\\\/2022\\\/05\\\/Untitled-2-01-e1652084456514.png\",\"width\":3723,\"height\":1698,\"caption\":\"BLOGIN.al\"},\"image\":{\"@id\":\"https:\\\/\\\/blogin.al\\\/#\\\/schema\\\/logo\\\/image\\\/\"},\"sameAs\":[\"https:\\\/\\\/instagram.com\\\/blogin.al\\\/\"]},{\"@type\":\"Person\",\"@id\":\"https:\\\/\\\/blogin.al\\\/#\\\/schema\\\/person\\\/abdd56bc912cd511db877b852b115399\",\"name\":\"Blogin al\",\"image\":{\"@type\":\"ImageObject\",\"inLanguage\":\"en-US\",\"@id\":\"https:\\\/\\\/secure.gravatar.com\\\/avatar\\\/60d5661aee6e835fb13dc75d2204cd0c1d61bef2efd137c0083e59ef831e235e?s=96&d=mm&r=g\",\"url\":\"https:\\\/\\\/secure.gravatar.com\\\/avatar\\\/60d5661aee6e835fb13dc75d2204cd0c1d61bef2efd137c0083e59ef831e235e?s=96&d=mm&r=g\",\"contentUrl\":\"https:\\\/\\\/secure.gravatar.com\\\/avatar\\\/60d5661aee6e835fb13dc75d2204cd0c1d61bef2efd137c0083e59ef831e235e?s=96&d=mm&r=g\",\"caption\":\"Blogin al\"},\"sameAs\":[\"https:\\\/\\\/blogin.al\"],\"url\":\"https:\\\/\\\/blogin.al\\\/?author=2\"}]}<\/script>\n<!-- \/ Yoast SEO plugin. -->","yoast_head_json":{"title":"Ilir Shaqiri ironizon debatin banal t\u00eb Egl\u00ebs dhe aktorit\u00a0 - blogin.al","robots":{"index":"index","follow":"follow","max-snippet":"max-snippet:-1","max-image-preview":"max-image-preview:large","max-video-preview":"max-video-preview:-1"},"canonical":"https:\/\/blogin.al\/?p=42925","og_locale":"en_US","og_type":"article","og_title":"Ilir Shaqiri ironizon debatin banal t\u00eb Egl\u00ebs dhe aktorit\u00a0 - blogin.al","og_description":"Debati i ashp\u00ebr mes dy aktor\u00ebve Egla Ceno dhe Julian Ded\u00ebs brenda sht\u00ebpis\u00eb s\u00eb \u201cBig Brother VIP 3\u201d, dit\u00ebt e fundit \u00ebsht\u00eb komentuar jo vet\u00ebm nga banor\u00ebt por edhe jasht\u00eb p\u00ebr shkak t\u00eb fjalorit ofendues. P\u00ebrplasjet mes dy banor\u00ebve kan\u00eb vazhduar edhe gjat\u00eb primet t\u00eb mbr\u00ebmjes s\u00eb djeshme, ku aktorja tregoi se Juli i kishte [&hellip;]","og_url":"https:\/\/blogin.al\/?p=42925","og_site_name":"blogin.al","article_published_time":"2024-01-24T11:03:24+00:00","article_modified_time":"2024-01-24T11:03:26+00:00","og_image":[{"width":1440,"height":884,"url":"https:\/\/blogin.al\/wp-content\/uploads\/2023\/01\/20230117_174144-1.jpg","type":"image\/jpeg"}],"author":"Blogin al","twitter_card":"summary_large_image","twitter_misc":{"Written by":"Blogin al","Est. reading time":"2 minutes"},"schema":{"@context":"https:\/\/schema.org","@graph":[{"@type":"Article","@id":"https:\/\/blogin.al\/?p=42925#article","isPartOf":{"@id":"https:\/\/blogin.al\/?p=42925"},"author":{"name":"Blogin al","@id":"https:\/\/blogin.al\/#\/schema\/person\/abdd56bc912cd511db877b852b115399"},"headline":"Ilir Shaqiri ironizon debatin banal t\u00eb Egl\u00ebs dhe aktorit\u00a0","datePublished":"2024-01-24T11:03:24+00:00","dateModified":"2024-01-24T11:03:26+00:00","mainEntityOfPage":{"@id":"https:\/\/blogin.al\/?p=42925"},"wordCount":191,"commentCount":0,"publisher":{"@id":"https:\/\/blogin.al\/#organization"},"image":{"@id":"https:\/\/blogin.al\/?p=42925#primaryimage"},"thumbnailUrl":"https:\/\/blogin.al\/wp-content\/uploads\/2023\/01\/20230117_174144-1.jpg","articleSection":["SHOWBIZ"],"inLanguage":"en-US","potentialAction":[{"@type":"CommentAction","name":"Comment","target":["https:\/\/blogin.al\/?p=42925#respond"]}]},{"@type":"WebPage","@id":"https:\/\/blogin.al\/?p=42925","url":"https:\/\/blogin.al\/?p=42925","name":"Ilir Shaqiri ironizon debatin banal t\u00eb Egl\u00ebs dhe aktorit\u00a0 - blogin.al","isPartOf":{"@id":"https:\/\/blogin.al\/#website"},"primaryImageOfPage":{"@id":"https:\/\/blogin.al\/?p=42925#primaryimage"},"image":{"@id":"https:\/\/blogin.al\/?p=42925#primaryimage"},"thumbnailUrl":"https:\/\/blogin.al\/wp-content\/uploads\/2023\/01\/20230117_174144-1.jpg","datePublished":"2024-01-24T11:03:24+00:00","dateModified":"2024-01-24T11:03:26+00:00","breadcrumb":{"@id":"https:\/\/blogin.al\/?p=42925#breadcrumb"},"inLanguage":"en-US","potentialAction":[{"@type":"ReadAction","target":["https:\/\/blogin.al\/?p=42925"]}]},{"@type":"ImageObject","inLanguage":"en-US","@id":"https:\/\/blogin.al\/?p=42925#primaryimage","url":"https:\/\/blogin.al\/wp-content\/uploads\/2023\/01\/20230117_174144-1.jpg","contentUrl":"https:\/\/blogin.al\/wp-content\/uploads\/2023\/01\/20230117_174144-1.jpg","width":1440,"height":884},{"@type":"BreadcrumbList","@id":"https:\/\/blogin.al\/?p=42925#breadcrumb","itemListElement":[{"@type":"ListItem","position":1,"name":"Home","item":"https:\/\/blogin.al\/"},{"@type":"ListItem","position":2,"name":"Ilir Shaqiri ironizon debatin banal t\u00eb Egl\u00ebs dhe aktorit\u00a0"}]},{"@type":"WebSite","@id":"https:\/\/blogin.al\/#website","url":"https:\/\/blogin.al\/","name":"blogin.al","description":"","publisher":{"@id":"https:\/\/blogin.al\/#organization"},"potentialAction":[{"@type":"SearchAction","target":{"@type":"EntryPoint","urlTemplate":"https:\/\/blogin.al\/?s={search_term_string}"},"query-input":{"@type":"PropertyValueSpecification","valueRequired":true,"valueName":"search_term_string"}}],"inLanguage":"en-US"},{"@type":"Organization","@id":"https:\/\/blogin.al\/#organization","name":"BLOGIN.al","url":"https:\/\/blogin.al\/","logo":{"@type":"ImageObject","inLanguage":"en-US","@id":"https:\/\/blogin.al\/#\/schema\/logo\/image\/","url":"https:\/\/blogin.al\/wp-content\/uploads\/2022\/05\/Untitled-2-01-e1652084456514.png","contentUrl":"https:\/\/blogin.al\/wp-content\/uploads\/2022\/05\/Untitled-2-01-e1652084456514.png","width":3723,"height":1698,"caption":"BLOGIN.al"},"image":{"@id":"https:\/\/blogin.al\/#\/schema\/logo\/image\/"},"sameAs":["https:\/\/instagram.com\/blogin.al\/"]},{"@type":"Person","@id":"https:\/\/blogin.al\/#\/schema\/person\/abdd56bc912cd511db877b852b115399","name":"Blogin al","image":{"@type":"ImageObject","inLanguage":"en-US","@id":"https:\/\/secure.gravatar.com\/avatar\/60d5661aee6e835fb13dc75d2204cd0c1d61bef2efd137c0083e59ef831e235e?s=96&d=mm&r=g","url":"https:\/\/secure.gravatar.com\/avatar\/60d5661aee6e835fb13dc75d2204cd0c1d61bef2efd137c0083e59ef831e235e?s=96&d=mm&r=g","contentUrl":"https:\/\/secure.gravatar.com\/avatar\/60d5661aee6e835fb13dc75d2204cd0c1d61bef2efd137c0083e59ef831e235e?s=96&d=mm&r=g","caption":"Blogin al"},"sameAs":["https:\/\/blogin.al"],"url":"https:\/\/blogin.al\/?author=2"}]}},"_links":{"self":[{"href":"https:\/\/blogin.al\/index.php?rest_route=\/wp\/v2\/posts\/42925","targetHints":{"allow":["GET"]}}],"collection":[{"href":"https:\/\/blogin.al\/index.php?rest_route=\/wp\/v2\/posts"}],"about":[{"href":"https:\/\/blogin.al\/index.php?rest_route=\/wp\/v2\/types\/post"}],"author":[{"embeddable":true,"href":"https:\/\/blogin.al\/index.php?rest_route=\/wp\/v2\/users\/2"}],"replies":[{"embeddable":true,"href":"https:\/\/blogin.al\/index.php?rest_route=%2Fwp%2Fv2%2Fcomments&post=42925"}],"version-history":[{"count":1,"href":"https:\/\/blogin.al\/index.php?rest_route=\/wp\/v2\/posts\/42925\/revisions"}],"predecessor-version":[{"id":42927,"href":"https:\/\/blogin.al\/index.php?rest_route=\/wp\/v2\/posts\/42925\/revisions\/42927"}],"wp:featuredmedia":[{"embeddable":true,"href":"https:\/\/blogin.al\/index.php?rest_route=\/wp\/v2\/media\/22218"}],"wp:attachment":[{"href":"https:\/\/blogin.al\/index.php?rest_route=%2Fwp%2Fv2%2Fmedia&parent=42925"}],"wp:term":[{"taxonomy":"category","embeddable":true,"href":"https:\/\/blogin.al\/index.php?rest_route=%2Fwp%2Fv2%2Fcategories&post=42925"},{"taxonomy":"post_tag","embeddable":true,"href":"https:\/\/blogin.al\/index.php?rest_route=%2Fwp%2Fv2%2Ftags&post=42925"}],"curies":[{"name":"wp","href":"https:\/\/api.w.org\/{rel}","templated":true}]}}