{"id":42987,"date":"2024-01-25T10:30:11","date_gmt":"2024-01-25T10:30:11","guid":{"rendered":"https:\/\/blogin.al\/?p=42987"},"modified":"2024-01-25T10:30:12","modified_gmt":"2024-01-25T10:30:12","slug":"u-kritikua-ashper-per-debatin-me-julin-efi-i-del-ne-mbrojtje-egles","status":"publish","type":"post","link":"https:\/\/blogin.al\/?p=42987","title":{"rendered":"U kritikua ashp\u00ebr p\u00ebr debatin me Julin, Efi i del n\u00eb mbrojtje Egl\u00ebs"},"content":{"rendered":"\n<p>Q\u00eb prej fillimit t\u00eb edicionit t\u00eb tret\u00eb t\u00eb spektaklit televiziv \u201cBBVA3\u201d, Egla dhe Juli kan\u00eb qen\u00eb dy nga personazhet e par\u00eb q\u00eb jan\u00eb p\u00ebrplasur me nj\u00ebri-tjetrit dhe shkak p\u00ebr k\u00ebt\u00eb \u00ebsht\u00eb b\u00ebr\u00eb e zhveshura n\u00eb sy t\u00eb banor\u00ebve me t\u00eb brendshme.<\/p>\n\n\n\n<p>Ishte Egla ajo q\u00eb iu drejtua Julit, duke i th\u00ebn\u00eb se nuk duhet t\u00eb zhvishej n\u00eb sy t\u00eb banor\u00ebve me t\u00eb brendshmet pasi \u00ebsht\u00eb munges\u00eb respekti. Kjo tem\u00eb diskutimi nuk \u00ebsht\u00eb ndalur me kaq pasi pavar\u00ebsisht se ka kaluar m\u00eb shum\u00eb se nj\u00eb jav\u00eb nga startimi i programit, dyshja ende vijon t\u00eb ket\u00eb p\u00ebrplasje n\u00eb lidhje me k\u00ebt\u00eb tem\u00eb.<\/p>\n\n\n\n<p>Gjat\u00eb spektaklit t\u00eb mbr\u00ebmsh\u00ebm, \u00ebsht\u00eb publikuar nj\u00eb debat i ashp\u00ebr mes Julit dhe Egl\u00ebs, i cili kishte degraduar deri n\u00eb p\u00ebrdorimin e nj\u00eb gjuhe aspak t\u00eb bukur n\u00eb ekran, kryesisht nga Egla, e cila kishte p\u00ebrmendur gjithashtu edhe bashk\u00ebshorten e Julit.<\/p>\n\n\n\n<p>Nd\u00ebrkaq, Egla ka k\u00ebrkuar falje publike n\u00eb lidhje me gjuh\u00ebn e p\u00ebrdorur si edhe p\u00ebr faktin se ka p\u00ebrmendur emra t\u00eb personave q\u00eb nuk jan\u00eb pjes\u00eb e asaj loje.<\/p>\n\n\n\n<p>Nd\u00ebrkoh\u00eb q\u00eb \u00ebsht\u00eb kritikuar ashp\u00ebr nga nj\u00eb pjes\u00eb e mir\u00eb e publikut, Efi, ish-banorja e BBV2 i ka dal\u00eb n\u00eb mbrojtje aktores. Ajo ka postuar fotografin\u00eb e Egl\u00ebs gjat\u00eb programit t\u00eb mbr\u00ebmsh\u00ebm dhe e ka shoq\u00ebruar me ikon\u00ebn e nj\u00eb zemre.<\/p>\n\n\n\n<p>N\u00eb postimin pasues ajo shkruan: \u201cJepini mund\u00ebsi njer\u00ebzve kur k\u00ebrkojn\u00eb falje\u201d, referuar k\u00ebshtu faljes q\u00eb aktorja b\u00ebri kundrejt publikut dhe bashk\u00ebshortes s\u00eb Julit.<\/p>\n","protected":false},"excerpt":{"rendered":"<p>Q\u00eb prej fillimit t\u00eb edicionit t\u00eb tret\u00eb t\u00eb spektaklit televiziv \u201cBBVA3\u201d, Egla dhe Juli kan\u00eb qen\u00eb dy nga personazhet e par\u00eb q\u00eb jan\u00eb p\u00ebrplasur me nj\u00ebri-tjetrit dhe shkak p\u00ebr k\u00ebt\u00eb \u00ebsht\u00eb b\u00ebr\u00eb e zhveshura n\u00eb sy t\u00eb banor\u00ebve me t\u00eb brendshme. Ishte Egla ajo q\u00eb iu drejtua Julit, duke i th\u00ebn\u00eb se nuk duhet t\u00eb [&hellip;]<\/p>\n","protected":false},"author":2,"featured_media":31170,"comment_status":"open","ping_status":"open","sticky":false,"template":"","format":"standard","meta":{"footnotes":""},"categories":[33],"tags":[],"class_list":{"0":"post-42987","1":"post","2":"type-post","3":"status-publish","4":"format-standard","5":"has-post-thumbnail","7":"category-showbiz"},"yoast_head":"<!-- This site is optimized with the Yoast SEO plugin v27.4 - https:\/\/yoast.com\/product\/yoast-seo-wordpress\/ -->\n<title>U kritikua ashp\u00ebr p\u00ebr debatin me Julin, Efi i del n\u00eb mbrojtje Egl\u00ebs - blogin.al<\/title>\n<meta name=\"robots\" content=\"index, follow, max-snippet:-1, max-image-preview:large, max-video-preview:-1\" \/>\n<link rel=\"canonical\" href=\"https:\/\/blogin.al\/?p=42987\" \/>\n<meta property=\"og:locale\" content=\"en_US\" \/>\n<meta property=\"og:type\" content=\"article\" \/>\n<meta property=\"og:title\" content=\"U kritikua ashp\u00ebr p\u00ebr debatin me Julin, Efi i del n\u00eb mbrojtje Egl\u00ebs - blogin.al\" \/>\n<meta property=\"og:description\" content=\"Q\u00eb prej fillimit t\u00eb edicionit t\u00eb tret\u00eb t\u00eb spektaklit televiziv \u201cBBVA3\u201d, Egla dhe Juli kan\u00eb qen\u00eb dy nga personazhet e par\u00eb q\u00eb jan\u00eb p\u00ebrplasur me nj\u00ebri-tjetrit dhe shkak p\u00ebr k\u00ebt\u00eb \u00ebsht\u00eb b\u00ebr\u00eb e zhveshura n\u00eb sy t\u00eb banor\u00ebve me t\u00eb brendshme. Ishte Egla ajo q\u00eb iu drejtua Julit, duke i th\u00ebn\u00eb se nuk duhet t\u00eb [&hellip;]\" \/>\n<meta property=\"og:url\" content=\"https:\/\/blogin.al\/?p=42987\" \/>\n<meta property=\"og:site_name\" content=\"blogin.al\" \/>\n<meta property=\"article:published_time\" content=\"2024-01-25T10:30:11+00:00\" \/>\n<meta property=\"article:modified_time\" content=\"2024-01-25T10:30:12+00:00\" \/>\n<meta property=\"og:image\" content=\"https:\/\/blogin.al\/wp-content\/uploads\/2023\/05\/20230421_184823-1.jpg\" \/>\n\t<meta property=\"og:image:width\" content=\"1440\" \/>\n\t<meta property=\"og:image:height\" content=\"1351\" \/>\n\t<meta property=\"og:image:type\" content=\"image\/jpeg\" \/>\n<meta name=\"author\" content=\"Blogin al\" \/>\n<meta name=\"twitter:card\" content=\"summary_large_image\" \/>\n<meta name=\"twitter:label1\" content=\"Written by\" \/>\n\t<meta name=\"twitter:data1\" content=\"Blogin al\" \/>\n\t<meta name=\"twitter:label2\" content=\"Est. reading time\" \/>\n\t<meta name=\"twitter:data2\" content=\"2 minutes\" \/>\n<script type=\"application\/ld+json\" class=\"yoast-schema-graph\">{\"@context\":\"https:\\\/\\\/schema.org\",\"@graph\":[{\"@type\":\"Article\",\"@id\":\"https:\\\/\\\/blogin.al\\\/?p=42987#article\",\"isPartOf\":{\"@id\":\"https:\\\/\\\/blogin.al\\\/?p=42987\"},\"author\":{\"name\":\"Blogin al\",\"@id\":\"https:\\\/\\\/blogin.al\\\/#\\\/schema\\\/person\\\/abdd56bc912cd511db877b852b115399\"},\"headline\":\"U kritikua ashp\u00ebr p\u00ebr debatin me Julin, Efi i del n\u00eb mbrojtje Egl\u00ebs\",\"datePublished\":\"2024-01-25T10:30:11+00:00\",\"dateModified\":\"2024-01-25T10:30:12+00:00\",\"mainEntityOfPage\":{\"@id\":\"https:\\\/\\\/blogin.al\\\/?p=42987\"},\"wordCount\":287,\"commentCount\":0,\"publisher\":{\"@id\":\"https:\\\/\\\/blogin.al\\\/#organization\"},\"image\":{\"@id\":\"https:\\\/\\\/blogin.al\\\/?p=42987#primaryimage\"},\"thumbnailUrl\":\"https:\\\/\\\/blogin.al\\\/wp-content\\\/uploads\\\/2023\\\/05\\\/20230421_184823-1.jpg\",\"articleSection\":[\"SHOWBIZ\"],\"inLanguage\":\"en-US\",\"potentialAction\":[{\"@type\":\"CommentAction\",\"name\":\"Comment\",\"target\":[\"https:\\\/\\\/blogin.al\\\/?p=42987#respond\"]}]},{\"@type\":\"WebPage\",\"@id\":\"https:\\\/\\\/blogin.al\\\/?p=42987\",\"url\":\"https:\\\/\\\/blogin.al\\\/?p=42987\",\"name\":\"U kritikua ashp\u00ebr p\u00ebr debatin me Julin, Efi i del n\u00eb mbrojtje Egl\u00ebs - blogin.al\",\"isPartOf\":{\"@id\":\"https:\\\/\\\/blogin.al\\\/#website\"},\"primaryImageOfPage\":{\"@id\":\"https:\\\/\\\/blogin.al\\\/?p=42987#primaryimage\"},\"image\":{\"@id\":\"https:\\\/\\\/blogin.al\\\/?p=42987#primaryimage\"},\"thumbnailUrl\":\"https:\\\/\\\/blogin.al\\\/wp-content\\\/uploads\\\/2023\\\/05\\\/20230421_184823-1.jpg\",\"datePublished\":\"2024-01-25T10:30:11+00:00\",\"dateModified\":\"2024-01-25T10:30:12+00:00\",\"breadcrumb\":{\"@id\":\"https:\\\/\\\/blogin.al\\\/?p=42987#breadcrumb\"},\"inLanguage\":\"en-US\",\"potentialAction\":[{\"@type\":\"ReadAction\",\"target\":[\"https:\\\/\\\/blogin.al\\\/?p=42987\"]}]},{\"@type\":\"ImageObject\",\"inLanguage\":\"en-US\",\"@id\":\"https:\\\/\\\/blogin.al\\\/?p=42987#primaryimage\",\"url\":\"https:\\\/\\\/blogin.al\\\/wp-content\\\/uploads\\\/2023\\\/05\\\/20230421_184823-1.jpg\",\"contentUrl\":\"https:\\\/\\\/blogin.al\\\/wp-content\\\/uploads\\\/2023\\\/05\\\/20230421_184823-1.jpg\",\"width\":1440,\"height\":1351},{\"@type\":\"BreadcrumbList\",\"@id\":\"https:\\\/\\\/blogin.al\\\/?p=42987#breadcrumb\",\"itemListElement\":[{\"@type\":\"ListItem\",\"position\":1,\"name\":\"Home\",\"item\":\"https:\\\/\\\/blogin.al\\\/\"},{\"@type\":\"ListItem\",\"position\":2,\"name\":\"U kritikua ashp\u00ebr p\u00ebr debatin me Julin, Efi i del n\u00eb mbrojtje Egl\u00ebs\"}]},{\"@type\":\"WebSite\",\"@id\":\"https:\\\/\\\/blogin.al\\\/#website\",\"url\":\"https:\\\/\\\/blogin.al\\\/\",\"name\":\"blogin.al\",\"description\":\"\",\"publisher\":{\"@id\":\"https:\\\/\\\/blogin.al\\\/#organization\"},\"potentialAction\":[{\"@type\":\"SearchAction\",\"target\":{\"@type\":\"EntryPoint\",\"urlTemplate\":\"https:\\\/\\\/blogin.al\\\/?s={search_term_string}\"},\"query-input\":{\"@type\":\"PropertyValueSpecification\",\"valueRequired\":true,\"valueName\":\"search_term_string\"}}],\"inLanguage\":\"en-US\"},{\"@type\":\"Organization\",\"@id\":\"https:\\\/\\\/blogin.al\\\/#organization\",\"name\":\"BLOGIN.al\",\"url\":\"https:\\\/\\\/blogin.al\\\/\",\"logo\":{\"@type\":\"ImageObject\",\"inLanguage\":\"en-US\",\"@id\":\"https:\\\/\\\/blogin.al\\\/#\\\/schema\\\/logo\\\/image\\\/\",\"url\":\"https:\\\/\\\/blogin.al\\\/wp-content\\\/uploads\\\/2022\\\/05\\\/Untitled-2-01-e1652084456514.png\",\"contentUrl\":\"https:\\\/\\\/blogin.al\\\/wp-content\\\/uploads\\\/2022\\\/05\\\/Untitled-2-01-e1652084456514.png\",\"width\":3723,\"height\":1698,\"caption\":\"BLOGIN.al\"},\"image\":{\"@id\":\"https:\\\/\\\/blogin.al\\\/#\\\/schema\\\/logo\\\/image\\\/\"},\"sameAs\":[\"https:\\\/\\\/instagram.com\\\/blogin.al\\\/\"]},{\"@type\":\"Person\",\"@id\":\"https:\\\/\\\/blogin.al\\\/#\\\/schema\\\/person\\\/abdd56bc912cd511db877b852b115399\",\"name\":\"Blogin al\",\"image\":{\"@type\":\"ImageObject\",\"inLanguage\":\"en-US\",\"@id\":\"https:\\\/\\\/secure.gravatar.com\\\/avatar\\\/60d5661aee6e835fb13dc75d2204cd0c1d61bef2efd137c0083e59ef831e235e?s=96&d=mm&r=g\",\"url\":\"https:\\\/\\\/secure.gravatar.com\\\/avatar\\\/60d5661aee6e835fb13dc75d2204cd0c1d61bef2efd137c0083e59ef831e235e?s=96&d=mm&r=g\",\"contentUrl\":\"https:\\\/\\\/secure.gravatar.com\\\/avatar\\\/60d5661aee6e835fb13dc75d2204cd0c1d61bef2efd137c0083e59ef831e235e?s=96&d=mm&r=g\",\"caption\":\"Blogin al\"},\"sameAs\":[\"https:\\\/\\\/blogin.al\"],\"url\":\"https:\\\/\\\/blogin.al\\\/?author=2\"}]}<\/script>\n<!-- \/ Yoast SEO plugin. -->","yoast_head_json":{"title":"U kritikua ashp\u00ebr p\u00ebr debatin me Julin, Efi i del n\u00eb mbrojtje Egl\u00ebs - blogin.al","robots":{"index":"index","follow":"follow","max-snippet":"max-snippet:-1","max-image-preview":"max-image-preview:large","max-video-preview":"max-video-preview:-1"},"canonical":"https:\/\/blogin.al\/?p=42987","og_locale":"en_US","og_type":"article","og_title":"U kritikua ashp\u00ebr p\u00ebr debatin me Julin, Efi i del n\u00eb mbrojtje Egl\u00ebs - blogin.al","og_description":"Q\u00eb prej fillimit t\u00eb edicionit t\u00eb tret\u00eb t\u00eb spektaklit televiziv \u201cBBVA3\u201d, Egla dhe Juli kan\u00eb qen\u00eb dy nga personazhet e par\u00eb q\u00eb jan\u00eb p\u00ebrplasur me nj\u00ebri-tjetrit dhe shkak p\u00ebr k\u00ebt\u00eb \u00ebsht\u00eb b\u00ebr\u00eb e zhveshura n\u00eb sy t\u00eb banor\u00ebve me t\u00eb brendshme. Ishte Egla ajo q\u00eb iu drejtua Julit, duke i th\u00ebn\u00eb se nuk duhet t\u00eb [&hellip;]","og_url":"https:\/\/blogin.al\/?p=42987","og_site_name":"blogin.al","article_published_time":"2024-01-25T10:30:11+00:00","article_modified_time":"2024-01-25T10:30:12+00:00","og_image":[{"width":1440,"height":1351,"url":"https:\/\/blogin.al\/wp-content\/uploads\/2023\/05\/20230421_184823-1.jpg","type":"image\/jpeg"}],"author":"Blogin al","twitter_card":"summary_large_image","twitter_misc":{"Written by":"Blogin al","Est. reading time":"2 minutes"},"schema":{"@context":"https:\/\/schema.org","@graph":[{"@type":"Article","@id":"https:\/\/blogin.al\/?p=42987#article","isPartOf":{"@id":"https:\/\/blogin.al\/?p=42987"},"author":{"name":"Blogin al","@id":"https:\/\/blogin.al\/#\/schema\/person\/abdd56bc912cd511db877b852b115399"},"headline":"U kritikua ashp\u00ebr p\u00ebr debatin me Julin, Efi i del n\u00eb mbrojtje Egl\u00ebs","datePublished":"2024-01-25T10:30:11+00:00","dateModified":"2024-01-25T10:30:12+00:00","mainEntityOfPage":{"@id":"https:\/\/blogin.al\/?p=42987"},"wordCount":287,"commentCount":0,"publisher":{"@id":"https:\/\/blogin.al\/#organization"},"image":{"@id":"https:\/\/blogin.al\/?p=42987#primaryimage"},"thumbnailUrl":"https:\/\/blogin.al\/wp-content\/uploads\/2023\/05\/20230421_184823-1.jpg","articleSection":["SHOWBIZ"],"inLanguage":"en-US","potentialAction":[{"@type":"CommentAction","name":"Comment","target":["https:\/\/blogin.al\/?p=42987#respond"]}]},{"@type":"WebPage","@id":"https:\/\/blogin.al\/?p=42987","url":"https:\/\/blogin.al\/?p=42987","name":"U kritikua ashp\u00ebr p\u00ebr debatin me Julin, Efi i del n\u00eb mbrojtje Egl\u00ebs - blogin.al","isPartOf":{"@id":"https:\/\/blogin.al\/#website"},"primaryImageOfPage":{"@id":"https:\/\/blogin.al\/?p=42987#primaryimage"},"image":{"@id":"https:\/\/blogin.al\/?p=42987#primaryimage"},"thumbnailUrl":"https:\/\/blogin.al\/wp-content\/uploads\/2023\/05\/20230421_184823-1.jpg","datePublished":"2024-01-25T10:30:11+00:00","dateModified":"2024-01-25T10:30:12+00:00","breadcrumb":{"@id":"https:\/\/blogin.al\/?p=42987#breadcrumb"},"inLanguage":"en-US","potentialAction":[{"@type":"ReadAction","target":["https:\/\/blogin.al\/?p=42987"]}]},{"@type":"ImageObject","inLanguage":"en-US","@id":"https:\/\/blogin.al\/?p=42987#primaryimage","url":"https:\/\/blogin.al\/wp-content\/uploads\/2023\/05\/20230421_184823-1.jpg","contentUrl":"https:\/\/blogin.al\/wp-content\/uploads\/2023\/05\/20230421_184823-1.jpg","width":1440,"height":1351},{"@type":"BreadcrumbList","@id":"https:\/\/blogin.al\/?p=42987#breadcrumb","itemListElement":[{"@type":"ListItem","position":1,"name":"Home","item":"https:\/\/blogin.al\/"},{"@type":"ListItem","position":2,"name":"U kritikua ashp\u00ebr p\u00ebr debatin me Julin, Efi i del n\u00eb mbrojtje Egl\u00ebs"}]},{"@type":"WebSite","@id":"https:\/\/blogin.al\/#website","url":"https:\/\/blogin.al\/","name":"blogin.al","description":"","publisher":{"@id":"https:\/\/blogin.al\/#organization"},"potentialAction":[{"@type":"SearchAction","target":{"@type":"EntryPoint","urlTemplate":"https:\/\/blogin.al\/?s={search_term_string}"},"query-input":{"@type":"PropertyValueSpecification","valueRequired":true,"valueName":"search_term_string"}}],"inLanguage":"en-US"},{"@type":"Organization","@id":"https:\/\/blogin.al\/#organization","name":"BLOGIN.al","url":"https:\/\/blogin.al\/","logo":{"@type":"ImageObject","inLanguage":"en-US","@id":"https:\/\/blogin.al\/#\/schema\/logo\/image\/","url":"https:\/\/blogin.al\/wp-content\/uploads\/2022\/05\/Untitled-2-01-e1652084456514.png","contentUrl":"https:\/\/blogin.al\/wp-content\/uploads\/2022\/05\/Untitled-2-01-e1652084456514.png","width":3723,"height":1698,"caption":"BLOGIN.al"},"image":{"@id":"https:\/\/blogin.al\/#\/schema\/logo\/image\/"},"sameAs":["https:\/\/instagram.com\/blogin.al\/"]},{"@type":"Person","@id":"https:\/\/blogin.al\/#\/schema\/person\/abdd56bc912cd511db877b852b115399","name":"Blogin al","image":{"@type":"ImageObject","inLanguage":"en-US","@id":"https:\/\/secure.gravatar.com\/avatar\/60d5661aee6e835fb13dc75d2204cd0c1d61bef2efd137c0083e59ef831e235e?s=96&d=mm&r=g","url":"https:\/\/secure.gravatar.com\/avatar\/60d5661aee6e835fb13dc75d2204cd0c1d61bef2efd137c0083e59ef831e235e?s=96&d=mm&r=g","contentUrl":"https:\/\/secure.gravatar.com\/avatar\/60d5661aee6e835fb13dc75d2204cd0c1d61bef2efd137c0083e59ef831e235e?s=96&d=mm&r=g","caption":"Blogin al"},"sameAs":["https:\/\/blogin.al"],"url":"https:\/\/blogin.al\/?author=2"}]}},"_links":{"self":[{"href":"https:\/\/blogin.al\/index.php?rest_route=\/wp\/v2\/posts\/42987","targetHints":{"allow":["GET"]}}],"collection":[{"href":"https:\/\/blogin.al\/index.php?rest_route=\/wp\/v2\/posts"}],"about":[{"href":"https:\/\/blogin.al\/index.php?rest_route=\/wp\/v2\/types\/post"}],"author":[{"embeddable":true,"href":"https:\/\/blogin.al\/index.php?rest_route=\/wp\/v2\/users\/2"}],"replies":[{"embeddable":true,"href":"https:\/\/blogin.al\/index.php?rest_route=%2Fwp%2Fv2%2Fcomments&post=42987"}],"version-history":[{"count":1,"href":"https:\/\/blogin.al\/index.php?rest_route=\/wp\/v2\/posts\/42987\/revisions"}],"predecessor-version":[{"id":42988,"href":"https:\/\/blogin.al\/index.php?rest_route=\/wp\/v2\/posts\/42987\/revisions\/42988"}],"wp:featuredmedia":[{"embeddable":true,"href":"https:\/\/blogin.al\/index.php?rest_route=\/wp\/v2\/media\/31170"}],"wp:attachment":[{"href":"https:\/\/blogin.al\/index.php?rest_route=%2Fwp%2Fv2%2Fmedia&parent=42987"}],"wp:term":[{"taxonomy":"category","embeddable":true,"href":"https:\/\/blogin.al\/index.php?rest_route=%2Fwp%2Fv2%2Fcategories&post=42987"},{"taxonomy":"post_tag","embeddable":true,"href":"https:\/\/blogin.al\/index.php?rest_route=%2Fwp%2Fv2%2Ftags&post=42987"}],"curies":[{"name":"wp","href":"https:\/\/api.w.org\/{rel}","templated":true}]}}